{"id":2653,"date":"2022-11-04T12:57:19","date_gmt":"2022-11-04T15:57:19","guid":{"rendered":"https:\/\/pilt.com.ar\/parque-industrial\/?p=2653"},"modified":"2022-11-04T12:57:21","modified_gmt":"2022-11-04T15:57:21","slug":"reconocieron-a-empresas-que-adquirieron-lotes-en-el-pilt","status":"publish","type":"post","link":"https:\/\/pilt.com.ar\/parque-industrial\/reconocieron-a-empresas-que-adquirieron-lotes-en-el-pilt\/","title":{"rendered":"RECONOCIERON A EMPRESAS QUE ADQUIRIERON LOTES EN EL PILT"},"content":{"rendered":"\n<p class=\"has-text-align-center\"><em>Nueve empresas que compraron terrenos en 2022, para ampliar o iniciar actividades, recibieron certificados del Ente.<\/em><\/p>\n\n\n\n<p class=\"has-text-align-justify\">Con la presencia del intendente municipal Abg. Mart\u00edn Gill; el presidente del Parque Industrial, Log\u00edstico y Tecnol\u00f3gico Villa Mar\u00eda (PILT), Ing. Carlos Pizzorno; el gerente de la entidad, Lic. Carlos Montoto Galiano; las escribanas Alcira Spila y Natalia Duran, como as\u00ed tambi\u00e9n miembros del directorio del Ente, se llev\u00f3 a cabo el acto de entrega de certificados a las empresas que adquirieron lotes en 2022.<\/p>\n\n\n\n<p class=\"has-text-align-justify\">En la oportunidad, el titular del PILT destac\u00f3 la pasi\u00f3n que gu\u00eda a los empresarios a realizar sus actividades, manifestando \u201cla fuerza, el querer hacer, el compromiso que muestran con ustedes, sus familias, empleados y con la sociedad\u201d.<\/p>\n\n\n\n<p class=\"has-text-align-justify\">A su vez, expres\u00f3 que el equipo que trabaja en el Parque tiene un objetivo: \u201cQue ustedes puedan venir, que encuentren un lugar para desarrollar sus empresas con todas las comodidades; que igual que sus empresas puedan crecer y perdurar en el tiempo\u201d.<\/p>\n\n\n\n<p class=\"has-text-align-justify\">Posteriormente, hizo uso de la palabra el titular del Departamento Ejecutivo Municipal, quien record\u00f3 los inicios del PILT, a la vez que reiter\u00f3 algo mencionado en otras ocasiones, afirmando que se trata de \u201cuna de las herramientas m\u00e1s virtuosas de la confluencia entre el sector p\u00fablico y privado en Villa Mar\u00eda y tal vez en Argentina\u201d.<\/p>\n\n\n\n<p class=\"has-text-align-justify\">Destac\u00f3 las obras realizadas y como se avanz\u00f3 en la promoci\u00f3n de nuevas empresas a partir de la Nave para Emprendedores. \u201cHoy tenemos el orgullo que uno de sus desarrollos haya ocupado las principales p\u00e1ginas de los diarios nacionales\u201d.<\/p>\n\n\n\n<p class=\"has-text-align-justify\">Asimismo, sostuvo que \u201ccompartimos la alegr\u00eda de este paso, de seguir poblando el Parque Industrial, mientras trabajamos en el proyecto de la ampliaci\u00f3n del loteo y de la infraestructura, sobre el sector que la entidad con sus propios recursos ya capitaliz\u00f3 e incorpor\u00f3\u201d.<\/p>\n\n\n\n<p class=\"has-text-align-justify\">Luego las autoridades presentes entregaron los certificados, que fueron recibidos por las siguientes empresas:<\/p>\n\n\n\n<ul class=\"wp-block-list\"><li><strong>Alpha Qu\u00edmica<\/strong>:<\/li><\/ul>\n\n\n\n<p class=\"has-text-align-justify\">Planta industrial de formulados qu\u00edmicos para la industria alimenticia. Durante el 2022 adquiri\u00f3 su cuarto terreno de 5.200 m2 para ampliar su capacidad productiva, llegando a tener m\u00e1s de 20.000 m2 dentro del PILT.<\/p>\n\n\n\n<ul class=\"wp-block-list\"><li><strong>Argen Mixes Industry S.A.S<\/strong><\/li><\/ul>\n\n\n\n<p class=\"has-text-align-justify\">Producci\u00f3n de pellet de alfalfa para alimentaci\u00f3n de animales, emplazada en un terreno de 13.000 m2.<\/p>\n\n\n\n<ul class=\"wp-block-list\"><li><strong>Bello Export S.R.L<\/strong><\/li><\/ul>\n\n\n\n<p class=\"has-text-align-justify\">Empresa de regalos de dise\u00f1o, especializada en crear objetos de decoraci\u00f3n, bazar, asado, gourmet y mate, personalizables como una alternativa de regalos empresariales.<\/p>\n\n\n\n<ul class=\"wp-block-list\"><li><strong>Cortech Industria S.A.S<\/strong><\/li><\/ul>\n\n\n\n<p class=\"has-text-align-justify\">F\u00e1brica de equipamientos y servicios industriales, ubicada en dos terrenos de 1.000 m2 cada uno.<\/p>\n\n\n\n<ul class=\"wp-block-list\"><li><strong>Hidrocentro Servicios S.R.L<\/strong><\/li><\/ul>\n\n\n\n<p class=\"has-text-align-justify\">Dedicada a la fabricaci\u00f3n y montaje de estaciones de bombeo y bombas de extracci\u00f3n, especializ\u00e1ndose en obras hidr\u00e1ulicas y electromec\u00e1nicas, tales como sistema de redes contra incendio.<\/p>\n\n\n\n<ul class=\"wp-block-list\"><li><strong>Pedro Colombano Muebles S.A<\/strong><\/li><\/ul>\n\n\n\n<p class=\"has-text-align-justify\">Situada en un terreno de 1.000 m2 en el sector metalmec\u00e1nico del PILT, dedicada a la fabricaci\u00f3n de muebles.<\/p>\n\n\n\n<ul class=\"wp-block-list\"><li><strong>Pogliotti y Pogliotti Construcciones S.A <\/strong>(Sitsa Telecomunicaciones)<\/li><\/ul>\n\n\n\n<p class=\"has-text-align-justify\">Ubicada en el sector metalmec\u00e1nico, en tres terrenos de m\u00e1s de 1.000 m2 cada uno, cuya fracci\u00f3n de tierra es destinada a la fabricaci\u00f3n de herrajes para fibra \u00f3ptica, construcci\u00f3n de shelters y redes de telecomunicaciones, entre otros.<\/p>\n\n\n\n<ul class=\"wp-block-list\"><li><strong>Taborda Juan Mat\u00edas y Zanotti Mart\u00edn Antonio<\/strong><\/li><\/ul>\n\n\n\n<p class=\"has-text-align-justify\">F\u00e1brica de equipamientos y servicios industriales. Se erige en un terreno de 1.000 m2, en la zona metalmec\u00e1nica.<\/p>\n\n\n\n<ul class=\"wp-block-list\"><li><strong>Transporte Don Andr\u00e9s<\/strong><\/li><\/ul>\n\n\n\n<p class=\"has-text-align-justify\">Espacio dedicado al mantenimiento de camiones y a la fabricaci\u00f3n de carrocer\u00edas, localizada en la zona metalmec\u00e1nica.<\/p>\n","protected":false},"excerpt":{"rendered":"<p>Nueve empresas que compraron terrenos en 2022, para ampliar o iniciar actividades, recibieron certificados del Ente. Con la presencia del intendente municipal Abg. Mart\u00edn Gill; el presidente del Parque Industrial, Log\u00edstico y Tecnol\u00f3gico Villa Mar\u00eda (PILT), Ing. Carlos Pizzorno; el gerente de la entidad, Lic. Carlos Montoto Galiano; las escribanas Alcira Spila y Natalia Duran, [&hellip;]<\/p>\n","protected":false},"author":3,"featured_media":2654,"comment_status":"open","ping_status":"open","sticky":false,"template":"","format":"standard","meta":{"_jetpack_memberships_contains_paid_content":false,"footnotes":""},"categories":[2],"tags":[],"class_list":["post-2653","post","type-post","status-publish","format-standard","has-post-thumbnail","hentry","category-noticias"],"yoast_head":"<!-- This site is optimized with the Yoast SEO plugin v27.5 - https:\/\/yoast.com\/product\/yoast-seo-wordpress\/ -->\n<title>RECONOCIERON A EMPRESAS QUE ADQUIRIERON LOTES EN EL PILT - PILT.com.ar<\/title>\n<meta name=\"robots\" content=\"index, follow, max-snippet:-1, max-image-preview:large, max-video-preview:-1\" \/>\n<link rel=\"canonical\" href=\"https:\/\/pilt.com.ar\/parque-industrial\/reconocieron-a-empresas-que-adquirieron-lotes-en-el-pilt\/\" \/>\n<meta property=\"og:locale\" content=\"es_ES\" \/>\n<meta property=\"og:type\" content=\"article\" \/>\n<meta property=\"og:title\" content=\"RECONOCIERON A EMPRESAS QUE ADQUIRIERON LOTES EN EL PILT - PILT.com.ar\" \/>\n<meta property=\"og:description\" content=\"Nueve empresas que compraron terrenos en 2022, para ampliar o iniciar actividades, recibieron certificados del Ente. Con la presencia del intendente municipal Abg. Mart\u00edn Gill; el presidente del Parque Industrial, Log\u00edstico y Tecnol\u00f3gico Villa Mar\u00eda (PILT), Ing. Carlos Pizzorno; el gerente de la entidad, Lic. Carlos Montoto Galiano; las escribanas Alcira Spila y Natalia Duran, [&hellip;]\" \/>\n<meta property=\"og:url\" content=\"https:\/\/pilt.com.ar\/parque-industrial\/reconocieron-a-empresas-que-adquirieron-lotes-en-el-pilt\/\" \/>\n<meta property=\"og:site_name\" content=\"PILT.com.ar\" \/>\n<meta property=\"article:published_time\" content=\"2022-11-04T15:57:19+00:00\" \/>\n<meta property=\"article:modified_time\" content=\"2022-11-04T15:57:21+00:00\" \/>\n<meta property=\"og:image\" content=\"https:\/\/i0.wp.com\/pilt.com.ar\/parque-industrial\/wp-content\/uploads\/2022\/11\/WhatsApp-Image-2022-11-03-at-15.42.58.jpeg?fit=1565%2C971&ssl=1\" \/>\n\t<meta property=\"og:image:width\" content=\"1565\" \/>\n\t<meta property=\"og:image:height\" content=\"971\" \/>\n\t<meta property=\"og:image:type\" content=\"image\/jpeg\" \/>\n<meta name=\"author\" content=\"PILT\" \/>\n<meta name=\"twitter:card\" content=\"summary_large_image\" \/>\n<meta name=\"twitter:label1\" content=\"Escrito por\" \/>\n\t<meta name=\"twitter:data1\" content=\"PILT\" \/>\n\t<meta name=\"twitter:label2\" content=\"Tiempo de lectura\" \/>\n\t<meta name=\"twitter:data2\" content=\"3 minutos\" \/>\n<script type=\"application\/ld+json\" class=\"yoast-schema-graph\">{\"@context\":\"https:\\\/\\\/schema.org\",\"@graph\":[{\"@type\":\"Article\",\"@id\":\"https:\\\/\\\/pilt.com.ar\\\/parque-industrial\\\/reconocieron-a-empresas-que-adquirieron-lotes-en-el-pilt\\\/#article\",\"isPartOf\":{\"@id\":\"https:\\\/\\\/pilt.com.ar\\\/parque-industrial\\\/reconocieron-a-empresas-que-adquirieron-lotes-en-el-pilt\\\/\"},\"author\":{\"name\":\"PILT\",\"@id\":\"https:\\\/\\\/pilt.com.ar\\\/parque-industrial\\\/#\\\/schema\\\/person\\\/2dfb9e2464de1c3deef20c25c30a8306\"},\"headline\":\"RECONOCIERON A EMPRESAS QUE ADQUIRIERON LOTES EN EL PILT\",\"datePublished\":\"2022-11-04T15:57:19+00:00\",\"dateModified\":\"2022-11-04T15:57:21+00:00\",\"mainEntityOfPage\":{\"@id\":\"https:\\\/\\\/pilt.com.ar\\\/parque-industrial\\\/reconocieron-a-empresas-que-adquirieron-lotes-en-el-pilt\\\/\"},\"wordCount\":608,\"commentCount\":0,\"image\":{\"@id\":\"https:\\\/\\\/pilt.com.ar\\\/parque-industrial\\\/reconocieron-a-empresas-que-adquirieron-lotes-en-el-pilt\\\/#primaryimage\"},\"thumbnailUrl\":\"https:\\\/\\\/i0.wp.com\\\/pilt.com.ar\\\/parque-industrial\\\/wp-content\\\/uploads\\\/2022\\\/11\\\/WhatsApp-Image-2022-11-03-at-15.42.58.jpeg?fit=1565%2C971&ssl=1\",\"articleSection\":[\"Noticias\"],\"inLanguage\":\"es\",\"potentialAction\":[{\"@type\":\"CommentAction\",\"name\":\"Comment\",\"target\":[\"https:\\\/\\\/pilt.com.ar\\\/parque-industrial\\\/reconocieron-a-empresas-que-adquirieron-lotes-en-el-pilt\\\/#respond\"]}]},{\"@type\":\"WebPage\",\"@id\":\"https:\\\/\\\/pilt.com.ar\\\/parque-industrial\\\/reconocieron-a-empresas-que-adquirieron-lotes-en-el-pilt\\\/\",\"url\":\"https:\\\/\\\/pilt.com.ar\\\/parque-industrial\\\/reconocieron-a-empresas-que-adquirieron-lotes-en-el-pilt\\\/\",\"name\":\"RECONOCIERON A EMPRESAS QUE ADQUIRIERON LOTES EN EL PILT - PILT.com.ar\",\"isPartOf\":{\"@id\":\"https:\\\/\\\/pilt.com.ar\\\/parque-industrial\\\/#website\"},\"primaryImageOfPage\":{\"@id\":\"https:\\\/\\\/pilt.com.ar\\\/parque-industrial\\\/reconocieron-a-empresas-que-adquirieron-lotes-en-el-pilt\\\/#primaryimage\"},\"image\":{\"@id\":\"https:\\\/\\\/pilt.com.ar\\\/parque-industrial\\\/reconocieron-a-empresas-que-adquirieron-lotes-en-el-pilt\\\/#primaryimage\"},\"thumbnailUrl\":\"https:\\\/\\\/i0.wp.com\\\/pilt.com.ar\\\/parque-industrial\\\/wp-content\\\/uploads\\\/2022\\\/11\\\/WhatsApp-Image-2022-11-03-at-15.42.58.jpeg?fit=1565%2C971&ssl=1\",\"datePublished\":\"2022-11-04T15:57:19+00:00\",\"dateModified\":\"2022-11-04T15:57:21+00:00\",\"author\":{\"@id\":\"https:\\\/\\\/pilt.com.ar\\\/parque-industrial\\\/#\\\/schema\\\/person\\\/2dfb9e2464de1c3deef20c25c30a8306\"},\"inLanguage\":\"es\",\"potentialAction\":[{\"@type\":\"ReadAction\",\"target\":[\"https:\\\/\\\/pilt.com.ar\\\/parque-industrial\\\/reconocieron-a-empresas-que-adquirieron-lotes-en-el-pilt\\\/\"]}]},{\"@type\":\"ImageObject\",\"inLanguage\":\"es\",\"@id\":\"https:\\\/\\\/pilt.com.ar\\\/parque-industrial\\\/reconocieron-a-empresas-que-adquirieron-lotes-en-el-pilt\\\/#primaryimage\",\"url\":\"https:\\\/\\\/i0.wp.com\\\/pilt.com.ar\\\/parque-industrial\\\/wp-content\\\/uploads\\\/2022\\\/11\\\/WhatsApp-Image-2022-11-03-at-15.42.58.jpeg?fit=1565%2C971&ssl=1\",\"contentUrl\":\"https:\\\/\\\/i0.wp.com\\\/pilt.com.ar\\\/parque-industrial\\\/wp-content\\\/uploads\\\/2022\\\/11\\\/WhatsApp-Image-2022-11-03-at-15.42.58.jpeg?fit=1565%2C971&ssl=1\",\"width\":1565,\"height\":971},{\"@type\":\"WebSite\",\"@id\":\"https:\\\/\\\/pilt.com.ar\\\/parque-industrial\\\/#website\",\"url\":\"https:\\\/\\\/pilt.com.ar\\\/parque-industrial\\\/\",\"name\":\"PILT.com.ar\",\"description\":\"Parque Industrial, Log\u00edstico y Tecnol\u00f3gico Villa Mar\u00eda\",\"potentialAction\":[{\"@type\":\"SearchAction\",\"target\":{\"@type\":\"EntryPoint\",\"urlTemplate\":\"https:\\\/\\\/pilt.com.ar\\\/parque-industrial\\\/?s={search_term_string}\"},\"query-input\":{\"@type\":\"PropertyValueSpecification\",\"valueRequired\":true,\"valueName\":\"search_term_string\"}}],\"inLanguage\":\"es\"},{\"@type\":\"Person\",\"@id\":\"https:\\\/\\\/pilt.com.ar\\\/parque-industrial\\\/#\\\/schema\\\/person\\\/2dfb9e2464de1c3deef20c25c30a8306\",\"name\":\"PILT\",\"image\":{\"@type\":\"ImageObject\",\"inLanguage\":\"es\",\"@id\":\"https:\\\/\\\/secure.gravatar.com\\\/avatar\\\/5e3734c8d8c8e0b0d45f923c14a14d7b90521d573d02f0d91360a777095ee42b?s=96&d=mm&r=g\",\"url\":\"https:\\\/\\\/secure.gravatar.com\\\/avatar\\\/5e3734c8d8c8e0b0d45f923c14a14d7b90521d573d02f0d91360a777095ee42b?s=96&d=mm&r=g\",\"contentUrl\":\"https:\\\/\\\/secure.gravatar.com\\\/avatar\\\/5e3734c8d8c8e0b0d45f923c14a14d7b90521d573d02f0d91360a777095ee42b?s=96&d=mm&r=g\",\"caption\":\"PILT\"},\"url\":\"https:\\\/\\\/pilt.com.ar\\\/parque-industrial\\\/author\\\/pilt\\\/\"}]}<\/script>\n<!-- \/ Yoast SEO plugin. -->","yoast_head_json":{"title":"RECONOCIERON A EMPRESAS QUE ADQUIRIERON LOTES EN EL PILT - PILT.com.ar","robots":{"index":"index","follow":"follow","max-snippet":"max-snippet:-1","max-image-preview":"max-image-preview:large","max-video-preview":"max-video-preview:-1"},"canonical":"https:\/\/pilt.com.ar\/parque-industrial\/reconocieron-a-empresas-que-adquirieron-lotes-en-el-pilt\/","og_locale":"es_ES","og_type":"article","og_title":"RECONOCIERON A EMPRESAS QUE ADQUIRIERON LOTES EN EL PILT - PILT.com.ar","og_description":"Nueve empresas que compraron terrenos en 2022, para ampliar o iniciar actividades, recibieron certificados del Ente. Con la presencia del intendente municipal Abg. Mart\u00edn Gill; el presidente del Parque Industrial, Log\u00edstico y Tecnol\u00f3gico Villa Mar\u00eda (PILT), Ing. Carlos Pizzorno; el gerente de la entidad, Lic. Carlos Montoto Galiano; las escribanas Alcira Spila y Natalia Duran, [&hellip;]","og_url":"https:\/\/pilt.com.ar\/parque-industrial\/reconocieron-a-empresas-que-adquirieron-lotes-en-el-pilt\/","og_site_name":"PILT.com.ar","article_published_time":"2022-11-04T15:57:19+00:00","article_modified_time":"2022-11-04T15:57:21+00:00","og_image":[{"width":1565,"height":971,"url":"https:\/\/i0.wp.com\/pilt.com.ar\/parque-industrial\/wp-content\/uploads\/2022\/11\/WhatsApp-Image-2022-11-03-at-15.42.58.jpeg?fit=1565%2C971&ssl=1","type":"image\/jpeg"}],"author":"PILT","twitter_card":"summary_large_image","twitter_misc":{"Escrito por":"PILT","Tiempo de lectura":"3 minutos"},"schema":{"@context":"https:\/\/schema.org","@graph":[{"@type":"Article","@id":"https:\/\/pilt.com.ar\/parque-industrial\/reconocieron-a-empresas-que-adquirieron-lotes-en-el-pilt\/#article","isPartOf":{"@id":"https:\/\/pilt.com.ar\/parque-industrial\/reconocieron-a-empresas-que-adquirieron-lotes-en-el-pilt\/"},"author":{"name":"PILT","@id":"https:\/\/pilt.com.ar\/parque-industrial\/#\/schema\/person\/2dfb9e2464de1c3deef20c25c30a8306"},"headline":"RECONOCIERON A EMPRESAS QUE ADQUIRIERON LOTES EN EL PILT","datePublished":"2022-11-04T15:57:19+00:00","dateModified":"2022-11-04T15:57:21+00:00","mainEntityOfPage":{"@id":"https:\/\/pilt.com.ar\/parque-industrial\/reconocieron-a-empresas-que-adquirieron-lotes-en-el-pilt\/"},"wordCount":608,"commentCount":0,"image":{"@id":"https:\/\/pilt.com.ar\/parque-industrial\/reconocieron-a-empresas-que-adquirieron-lotes-en-el-pilt\/#primaryimage"},"thumbnailUrl":"https:\/\/i0.wp.com\/pilt.com.ar\/parque-industrial\/wp-content\/uploads\/2022\/11\/WhatsApp-Image-2022-11-03-at-15.42.58.jpeg?fit=1565%2C971&ssl=1","articleSection":["Noticias"],"inLanguage":"es","potentialAction":[{"@type":"CommentAction","name":"Comment","target":["https:\/\/pilt.com.ar\/parque-industrial\/reconocieron-a-empresas-que-adquirieron-lotes-en-el-pilt\/#respond"]}]},{"@type":"WebPage","@id":"https:\/\/pilt.com.ar\/parque-industrial\/reconocieron-a-empresas-que-adquirieron-lotes-en-el-pilt\/","url":"https:\/\/pilt.com.ar\/parque-industrial\/reconocieron-a-empresas-que-adquirieron-lotes-en-el-pilt\/","name":"RECONOCIERON A EMPRESAS QUE ADQUIRIERON LOTES EN EL PILT - PILT.com.ar","isPartOf":{"@id":"https:\/\/pilt.com.ar\/parque-industrial\/#website"},"primaryImageOfPage":{"@id":"https:\/\/pilt.com.ar\/parque-industrial\/reconocieron-a-empresas-que-adquirieron-lotes-en-el-pilt\/#primaryimage"},"image":{"@id":"https:\/\/pilt.com.ar\/parque-industrial\/reconocieron-a-empresas-que-adquirieron-lotes-en-el-pilt\/#primaryimage"},"thumbnailUrl":"https:\/\/i0.wp.com\/pilt.com.ar\/parque-industrial\/wp-content\/uploads\/2022\/11\/WhatsApp-Image-2022-11-03-at-15.42.58.jpeg?fit=1565%2C971&ssl=1","datePublished":"2022-11-04T15:57:19+00:00","dateModified":"2022-11-04T15:57:21+00:00","author":{"@id":"https:\/\/pilt.com.ar\/parque-industrial\/#\/schema\/person\/2dfb9e2464de1c3deef20c25c30a8306"},"inLanguage":"es","potentialAction":[{"@type":"ReadAction","target":["https:\/\/pilt.com.ar\/parque-industrial\/reconocieron-a-empresas-que-adquirieron-lotes-en-el-pilt\/"]}]},{"@type":"ImageObject","inLanguage":"es","@id":"https:\/\/pilt.com.ar\/parque-industrial\/reconocieron-a-empresas-que-adquirieron-lotes-en-el-pilt\/#primaryimage","url":"https:\/\/i0.wp.com\/pilt.com.ar\/parque-industrial\/wp-content\/uploads\/2022\/11\/WhatsApp-Image-2022-11-03-at-15.42.58.jpeg?fit=1565%2C971&ssl=1","contentUrl":"https:\/\/i0.wp.com\/pilt.com.ar\/parque-industrial\/wp-content\/uploads\/2022\/11\/WhatsApp-Image-2022-11-03-at-15.42.58.jpeg?fit=1565%2C971&ssl=1","width":1565,"height":971},{"@type":"WebSite","@id":"https:\/\/pilt.com.ar\/parque-industrial\/#website","url":"https:\/\/pilt.com.ar\/parque-industrial\/","name":"PILT.com.ar","description":"Parque Industrial, Log\u00edstico y Tecnol\u00f3gico Villa Mar\u00eda","potentialAction":[{"@type":"SearchAction","target":{"@type":"EntryPoint","urlTemplate":"https:\/\/pilt.com.ar\/parque-industrial\/?s={search_term_string}"},"query-input":{"@type":"PropertyValueSpecification","valueRequired":true,"valueName":"search_term_string"}}],"inLanguage":"es"},{"@type":"Person","@id":"https:\/\/pilt.com.ar\/parque-industrial\/#\/schema\/person\/2dfb9e2464de1c3deef20c25c30a8306","name":"PILT","image":{"@type":"ImageObject","inLanguage":"es","@id":"https:\/\/secure.gravatar.com\/avatar\/5e3734c8d8c8e0b0d45f923c14a14d7b90521d573d02f0d91360a777095ee42b?s=96&d=mm&r=g","url":"https:\/\/secure.gravatar.com\/avatar\/5e3734c8d8c8e0b0d45f923c14a14d7b90521d573d02f0d91360a777095ee42b?s=96&d=mm&r=g","contentUrl":"https:\/\/secure.gravatar.com\/avatar\/5e3734c8d8c8e0b0d45f923c14a14d7b90521d573d02f0d91360a777095ee42b?s=96&d=mm&r=g","caption":"PILT"},"url":"https:\/\/pilt.com.ar\/parque-industrial\/author\/pilt\/"}]}},"jetpack_featured_media_url":"https:\/\/i0.wp.com\/pilt.com.ar\/parque-industrial\/wp-content\/uploads\/2022\/11\/WhatsApp-Image-2022-11-03-at-15.42.58.jpeg?fit=1565%2C971&ssl=1","jetpack_sharing_enabled":true,"_links":{"self":[{"href":"https:\/\/pilt.com.ar\/parque-industrial\/wp-json\/wp\/v2\/posts\/2653","targetHints":{"allow":["GET"]}}],"collection":[{"href":"https:\/\/pilt.com.ar\/parque-industrial\/wp-json\/wp\/v2\/posts"}],"about":[{"href":"https:\/\/pilt.com.ar\/parque-industrial\/wp-json\/wp\/v2\/types\/post"}],"author":[{"embeddable":true,"href":"https:\/\/pilt.com.ar\/parque-industrial\/wp-json\/wp\/v2\/users\/3"}],"replies":[{"embeddable":true,"href":"https:\/\/pilt.com.ar\/parque-industrial\/wp-json\/wp\/v2\/comments?post=2653"}],"version-history":[{"count":1,"href":"https:\/\/pilt.com.ar\/parque-industrial\/wp-json\/wp\/v2\/posts\/2653\/revisions"}],"predecessor-version":[{"id":2655,"href":"https:\/\/pilt.com.ar\/parque-industrial\/wp-json\/wp\/v2\/posts\/2653\/revisions\/2655"}],"wp:featuredmedia":[{"embeddable":true,"href":"https:\/\/pilt.com.ar\/parque-industrial\/wp-json\/wp\/v2\/media\/2654"}],"wp:attachment":[{"href":"https:\/\/pilt.com.ar\/parque-industrial\/wp-json\/wp\/v2\/media?parent=2653"}],"wp:term":[{"taxonomy":"category","embeddable":true,"href":"https:\/\/pilt.com.ar\/parque-industrial\/wp-json\/wp\/v2\/categories?post=2653"},{"taxonomy":"post_tag","embeddable":true,"href":"https:\/\/pilt.com.ar\/parque-industrial\/wp-json\/wp\/v2\/tags?post=2653"}],"curies":[{"name":"wp","href":"https:\/\/api.w.org\/{rel}","templated":true}]}}