{"id":2627,"date":"2022-10-28T09:23:25","date_gmt":"2022-10-28T12:23:25","guid":{"rendered":"https:\/\/pilt.com.ar\/parque-industrial\/?p=2627"},"modified":"2022-10-28T09:23:28","modified_gmt":"2022-10-28T12:23:28","slug":"refuncionalizaran-parte-de-la-administracion-del-pilt","status":"publish","type":"post","link":"https:\/\/pilt.com.ar\/parque-industrial\/refuncionalizaran-parte-de-la-administracion-del-pilt\/","title":{"rendered":"REFUNCIONALIZAR\u00c1N PARTE DE LA ADMINISTRACI\u00d3N DEL PILT"},"content":{"rendered":"\n<p class=\"has-text-align-center\"><em>Esta semana iniciaron las obras para ampliar el \u00e1rea destinada a oficinas y gerencia.<\/em><\/p>\n\n\n\n<p class=\"has-text-align-justify\">Comenzaron a ejecutarse obras en el \u00e1rea de Administraci\u00f3n del Parque Industrial, Log\u00edstico y Tecnol\u00f3gico Villa Mar\u00eda, a los fines de adecuar la infraestructura a los requerimientos de las tareas que se llevan a cabo de manera cotidiana.<\/p>\n\n\n\n<p class=\"has-text-align-justify\">En ese sentido, se est\u00e1 llevando a cabo una ampliaci\u00f3n en las oficinas, gerencia y zona destinada a la Aduana, continuando con el estilo arquitect\u00f3nico que presenta el edificio. De tal forma, las obras siguen el mismo sistema constructivo, con cubierta met\u00e1lica y ladrillo block a la vista. Adem\u00e1s, se construir\u00e1 un p\u00f3rtico de ingreso para protecci\u00f3n de aberturas, combinando el dise\u00f1o con el \u00e1rea que se ampliar\u00e1. En el interior, la parte destinada a gerencia contempla un cerramiento de vidrio que aporte privacidad al espacio.<\/p>\n\n\n\n<p class=\"has-text-align-justify\">La ampliaci\u00f3n prevista alcanza unos 95 metros cuadrados, con un presupuesto de $11 millones. Actualmente se trabaja en las fundaciones, estando previsto en los pr\u00f3ximos d\u00edas comenzar con el llenado de cimientos.<\/p>\n\n\n\n<p class=\"has-text-align-justify\">Vale decir que se trata de la primera etapa de un proyecto mayor, que incluye tambi\u00e9n cambios en el frente del edificio, veredas de acceso y parquizaci\u00f3n.&nbsp;<\/p>\n\n\n\n<p class=\"has-text-align-justify\">El profesional encargado del proyecto y direcci\u00f3n t\u00e9cnica de la obra es el arquitecto Ezequiel Temer.<\/p>\n\n\n\n<p><\/p>\n","protected":false},"excerpt":{"rendered":"<p>Esta semana iniciaron las obras para ampliar el \u00e1rea destinada a oficinas y gerencia. Comenzaron a ejecutarse obras en el \u00e1rea de Administraci\u00f3n del Parque Industrial, Log\u00edstico y Tecnol\u00f3gico Villa Mar\u00eda, a los fines de adecuar la infraestructura a los requerimientos de las tareas que se llevan a cabo de manera cotidiana. En ese sentido, [&hellip;]<\/p>\n","protected":false},"author":3,"featured_media":2628,"comment_status":"open","ping_status":"open","sticky":false,"template":"","format":"standard","meta":{"_jetpack_memberships_contains_paid_content":false,"footnotes":""},"categories":[2],"tags":[],"class_list":["post-2627","post","type-post","status-publish","format-standard","has-post-thumbnail","hentry","category-noticias"],"yoast_head":"<!-- This site is optimized with the Yoast SEO plugin v27.5 - https:\/\/yoast.com\/product\/yoast-seo-wordpress\/ -->\n<title>REFUNCIONALIZAR\u00c1N PARTE DE LA ADMINISTRACI\u00d3N DEL PILT - PILT.com.ar<\/title>\n<meta name=\"robots\" content=\"index, follow, max-snippet:-1, max-image-preview:large, max-video-preview:-1\" \/>\n<link rel=\"canonical\" href=\"https:\/\/pilt.com.ar\/parque-industrial\/refuncionalizaran-parte-de-la-administracion-del-pilt\/\" \/>\n<meta property=\"og:locale\" content=\"es_ES\" \/>\n<meta property=\"og:type\" content=\"article\" \/>\n<meta property=\"og:title\" content=\"REFUNCIONALIZAR\u00c1N PARTE DE LA ADMINISTRACI\u00d3N DEL PILT - PILT.com.ar\" \/>\n<meta property=\"og:description\" content=\"Esta semana iniciaron las obras para ampliar el \u00e1rea destinada a oficinas y gerencia. Comenzaron a ejecutarse obras en el \u00e1rea de Administraci\u00f3n del Parque Industrial, Log\u00edstico y Tecnol\u00f3gico Villa Mar\u00eda, a los fines de adecuar la infraestructura a los requerimientos de las tareas que se llevan a cabo de manera cotidiana. En ese sentido, [&hellip;]\" \/>\n<meta property=\"og:url\" content=\"https:\/\/pilt.com.ar\/parque-industrial\/refuncionalizaran-parte-de-la-administracion-del-pilt\/\" \/>\n<meta property=\"og:site_name\" content=\"PILT.com.ar\" \/>\n<meta property=\"article:published_time\" content=\"2022-10-28T12:23:25+00:00\" \/>\n<meta property=\"article:modified_time\" content=\"2022-10-28T12:23:28+00:00\" \/>\n<meta property=\"og:image\" content=\"https:\/\/i0.wp.com\/pilt.com.ar\/parque-industrial\/wp-content\/uploads\/2022\/10\/WhatsApp-Image-2022-10-27-at-13.05.48.jpeg?fit=1280%2C720&ssl=1\" \/>\n\t<meta property=\"og:image:width\" content=\"1280\" \/>\n\t<meta property=\"og:image:height\" content=\"720\" \/>\n\t<meta property=\"og:image:type\" content=\"image\/jpeg\" \/>\n<meta name=\"author\" content=\"PILT\" \/>\n<meta name=\"twitter:card\" content=\"summary_large_image\" \/>\n<meta name=\"twitter:label1\" content=\"Escrito por\" \/>\n\t<meta name=\"twitter:data1\" content=\"PILT\" \/>\n\t<meta name=\"twitter:label2\" content=\"Tiempo de lectura\" \/>\n\t<meta name=\"twitter:data2\" content=\"1 minuto\" \/>\n<script type=\"application\/ld+json\" class=\"yoast-schema-graph\">{\"@context\":\"https:\\\/\\\/schema.org\",\"@graph\":[{\"@type\":\"Article\",\"@id\":\"https:\\\/\\\/pilt.com.ar\\\/parque-industrial\\\/refuncionalizaran-parte-de-la-administracion-del-pilt\\\/#article\",\"isPartOf\":{\"@id\":\"https:\\\/\\\/pilt.com.ar\\\/parque-industrial\\\/refuncionalizaran-parte-de-la-administracion-del-pilt\\\/\"},\"author\":{\"name\":\"PILT\",\"@id\":\"https:\\\/\\\/pilt.com.ar\\\/parque-industrial\\\/#\\\/schema\\\/person\\\/2dfb9e2464de1c3deef20c25c30a8306\"},\"headline\":\"REFUNCIONALIZAR\u00c1N PARTE DE LA ADMINISTRACI\u00d3N DEL PILT\",\"datePublished\":\"2022-10-28T12:23:25+00:00\",\"dateModified\":\"2022-10-28T12:23:28+00:00\",\"mainEntityOfPage\":{\"@id\":\"https:\\\/\\\/pilt.com.ar\\\/parque-industrial\\\/refuncionalizaran-parte-de-la-administracion-del-pilt\\\/\"},\"wordCount\":239,\"commentCount\":0,\"image\":{\"@id\":\"https:\\\/\\\/pilt.com.ar\\\/parque-industrial\\\/refuncionalizaran-parte-de-la-administracion-del-pilt\\\/#primaryimage\"},\"thumbnailUrl\":\"https:\\\/\\\/i0.wp.com\\\/pilt.com.ar\\\/parque-industrial\\\/wp-content\\\/uploads\\\/2022\\\/10\\\/WhatsApp-Image-2022-10-27-at-13.05.48.jpeg?fit=1280%2C720&ssl=1\",\"articleSection\":[\"Noticias\"],\"inLanguage\":\"es\",\"potentialAction\":[{\"@type\":\"CommentAction\",\"name\":\"Comment\",\"target\":[\"https:\\\/\\\/pilt.com.ar\\\/parque-industrial\\\/refuncionalizaran-parte-de-la-administracion-del-pilt\\\/#respond\"]}]},{\"@type\":\"WebPage\",\"@id\":\"https:\\\/\\\/pilt.com.ar\\\/parque-industrial\\\/refuncionalizaran-parte-de-la-administracion-del-pilt\\\/\",\"url\":\"https:\\\/\\\/pilt.com.ar\\\/parque-industrial\\\/refuncionalizaran-parte-de-la-administracion-del-pilt\\\/\",\"name\":\"REFUNCIONALIZAR\u00c1N PARTE DE LA ADMINISTRACI\u00d3N DEL PILT - PILT.com.ar\",\"isPartOf\":{\"@id\":\"https:\\\/\\\/pilt.com.ar\\\/parque-industrial\\\/#website\"},\"primaryImageOfPage\":{\"@id\":\"https:\\\/\\\/pilt.com.ar\\\/parque-industrial\\\/refuncionalizaran-parte-de-la-administracion-del-pilt\\\/#primaryimage\"},\"image\":{\"@id\":\"https:\\\/\\\/pilt.com.ar\\\/parque-industrial\\\/refuncionalizaran-parte-de-la-administracion-del-pilt\\\/#primaryimage\"},\"thumbnailUrl\":\"https:\\\/\\\/i0.wp.com\\\/pilt.com.ar\\\/parque-industrial\\\/wp-content\\\/uploads\\\/2022\\\/10\\\/WhatsApp-Image-2022-10-27-at-13.05.48.jpeg?fit=1280%2C720&ssl=1\",\"datePublished\":\"2022-10-28T12:23:25+00:00\",\"dateModified\":\"2022-10-28T12:23:28+00:00\",\"author\":{\"@id\":\"https:\\\/\\\/pilt.com.ar\\\/parque-industrial\\\/#\\\/schema\\\/person\\\/2dfb9e2464de1c3deef20c25c30a8306\"},\"inLanguage\":\"es\",\"potentialAction\":[{\"@type\":\"ReadAction\",\"target\":[\"https:\\\/\\\/pilt.com.ar\\\/parque-industrial\\\/refuncionalizaran-parte-de-la-administracion-del-pilt\\\/\"]}]},{\"@type\":\"ImageObject\",\"inLanguage\":\"es\",\"@id\":\"https:\\\/\\\/pilt.com.ar\\\/parque-industrial\\\/refuncionalizaran-parte-de-la-administracion-del-pilt\\\/#primaryimage\",\"url\":\"https:\\\/\\\/i0.wp.com\\\/pilt.com.ar\\\/parque-industrial\\\/wp-content\\\/uploads\\\/2022\\\/10\\\/WhatsApp-Image-2022-10-27-at-13.05.48.jpeg?fit=1280%2C720&ssl=1\",\"contentUrl\":\"https:\\\/\\\/i0.wp.com\\\/pilt.com.ar\\\/parque-industrial\\\/wp-content\\\/uploads\\\/2022\\\/10\\\/WhatsApp-Image-2022-10-27-at-13.05.48.jpeg?fit=1280%2C720&ssl=1\",\"width\":1280,\"height\":720},{\"@type\":\"WebSite\",\"@id\":\"https:\\\/\\\/pilt.com.ar\\\/parque-industrial\\\/#website\",\"url\":\"https:\\\/\\\/pilt.com.ar\\\/parque-industrial\\\/\",\"name\":\"PILT.com.ar\",\"description\":\"Parque Industrial, Log\u00edstico y Tecnol\u00f3gico Villa Mar\u00eda\",\"potentialAction\":[{\"@type\":\"SearchAction\",\"target\":{\"@type\":\"EntryPoint\",\"urlTemplate\":\"https:\\\/\\\/pilt.com.ar\\\/parque-industrial\\\/?s={search_term_string}\"},\"query-input\":{\"@type\":\"PropertyValueSpecification\",\"valueRequired\":true,\"valueName\":\"search_term_string\"}}],\"inLanguage\":\"es\"},{\"@type\":\"Person\",\"@id\":\"https:\\\/\\\/pilt.com.ar\\\/parque-industrial\\\/#\\\/schema\\\/person\\\/2dfb9e2464de1c3deef20c25c30a8306\",\"name\":\"PILT\",\"image\":{\"@type\":\"ImageObject\",\"inLanguage\":\"es\",\"@id\":\"https:\\\/\\\/secure.gravatar.com\\\/avatar\\\/5e3734c8d8c8e0b0d45f923c14a14d7b90521d573d02f0d91360a777095ee42b?s=96&d=mm&r=g\",\"url\":\"https:\\\/\\\/secure.gravatar.com\\\/avatar\\\/5e3734c8d8c8e0b0d45f923c14a14d7b90521d573d02f0d91360a777095ee42b?s=96&d=mm&r=g\",\"contentUrl\":\"https:\\\/\\\/secure.gravatar.com\\\/avatar\\\/5e3734c8d8c8e0b0d45f923c14a14d7b90521d573d02f0d91360a777095ee42b?s=96&d=mm&r=g\",\"caption\":\"PILT\"},\"url\":\"https:\\\/\\\/pilt.com.ar\\\/parque-industrial\\\/author\\\/pilt\\\/\"}]}<\/script>\n<!-- \/ Yoast SEO plugin. -->","yoast_head_json":{"title":"REFUNCIONALIZAR\u00c1N PARTE DE LA ADMINISTRACI\u00d3N DEL PILT - PILT.com.ar","robots":{"index":"index","follow":"follow","max-snippet":"max-snippet:-1","max-image-preview":"max-image-preview:large","max-video-preview":"max-video-preview:-1"},"canonical":"https:\/\/pilt.com.ar\/parque-industrial\/refuncionalizaran-parte-de-la-administracion-del-pilt\/","og_locale":"es_ES","og_type":"article","og_title":"REFUNCIONALIZAR\u00c1N PARTE DE LA ADMINISTRACI\u00d3N DEL PILT - PILT.com.ar","og_description":"Esta semana iniciaron las obras para ampliar el \u00e1rea destinada a oficinas y gerencia. Comenzaron a ejecutarse obras en el \u00e1rea de Administraci\u00f3n del Parque Industrial, Log\u00edstico y Tecnol\u00f3gico Villa Mar\u00eda, a los fines de adecuar la infraestructura a los requerimientos de las tareas que se llevan a cabo de manera cotidiana. En ese sentido, [&hellip;]","og_url":"https:\/\/pilt.com.ar\/parque-industrial\/refuncionalizaran-parte-de-la-administracion-del-pilt\/","og_site_name":"PILT.com.ar","article_published_time":"2022-10-28T12:23:25+00:00","article_modified_time":"2022-10-28T12:23:28+00:00","og_image":[{"width":1280,"height":720,"url":"https:\/\/i0.wp.com\/pilt.com.ar\/parque-industrial\/wp-content\/uploads\/2022\/10\/WhatsApp-Image-2022-10-27-at-13.05.48.jpeg?fit=1280%2C720&ssl=1","type":"image\/jpeg"}],"author":"PILT","twitter_card":"summary_large_image","twitter_misc":{"Escrito por":"PILT","Tiempo de lectura":"1 minuto"},"schema":{"@context":"https:\/\/schema.org","@graph":[{"@type":"Article","@id":"https:\/\/pilt.com.ar\/parque-industrial\/refuncionalizaran-parte-de-la-administracion-del-pilt\/#article","isPartOf":{"@id":"https:\/\/pilt.com.ar\/parque-industrial\/refuncionalizaran-parte-de-la-administracion-del-pilt\/"},"author":{"name":"PILT","@id":"https:\/\/pilt.com.ar\/parque-industrial\/#\/schema\/person\/2dfb9e2464de1c3deef20c25c30a8306"},"headline":"REFUNCIONALIZAR\u00c1N PARTE DE LA ADMINISTRACI\u00d3N DEL PILT","datePublished":"2022-10-28T12:23:25+00:00","dateModified":"2022-10-28T12:23:28+00:00","mainEntityOfPage":{"@id":"https:\/\/pilt.com.ar\/parque-industrial\/refuncionalizaran-parte-de-la-administracion-del-pilt\/"},"wordCount":239,"commentCount":0,"image":{"@id":"https:\/\/pilt.com.ar\/parque-industrial\/refuncionalizaran-parte-de-la-administracion-del-pilt\/#primaryimage"},"thumbnailUrl":"https:\/\/i0.wp.com\/pilt.com.ar\/parque-industrial\/wp-content\/uploads\/2022\/10\/WhatsApp-Image-2022-10-27-at-13.05.48.jpeg?fit=1280%2C720&ssl=1","articleSection":["Noticias"],"inLanguage":"es","potentialAction":[{"@type":"CommentAction","name":"Comment","target":["https:\/\/pilt.com.ar\/parque-industrial\/refuncionalizaran-parte-de-la-administracion-del-pilt\/#respond"]}]},{"@type":"WebPage","@id":"https:\/\/pilt.com.ar\/parque-industrial\/refuncionalizaran-parte-de-la-administracion-del-pilt\/","url":"https:\/\/pilt.com.ar\/parque-industrial\/refuncionalizaran-parte-de-la-administracion-del-pilt\/","name":"REFUNCIONALIZAR\u00c1N PARTE DE LA ADMINISTRACI\u00d3N DEL PILT - PILT.com.ar","isPartOf":{"@id":"https:\/\/pilt.com.ar\/parque-industrial\/#website"},"primaryImageOfPage":{"@id":"https:\/\/pilt.com.ar\/parque-industrial\/refuncionalizaran-parte-de-la-administracion-del-pilt\/#primaryimage"},"image":{"@id":"https:\/\/pilt.com.ar\/parque-industrial\/refuncionalizaran-parte-de-la-administracion-del-pilt\/#primaryimage"},"thumbnailUrl":"https:\/\/i0.wp.com\/pilt.com.ar\/parque-industrial\/wp-content\/uploads\/2022\/10\/WhatsApp-Image-2022-10-27-at-13.05.48.jpeg?fit=1280%2C720&ssl=1","datePublished":"2022-10-28T12:23:25+00:00","dateModified":"2022-10-28T12:23:28+00:00","author":{"@id":"https:\/\/pilt.com.ar\/parque-industrial\/#\/schema\/person\/2dfb9e2464de1c3deef20c25c30a8306"},"inLanguage":"es","potentialAction":[{"@type":"ReadAction","target":["https:\/\/pilt.com.ar\/parque-industrial\/refuncionalizaran-parte-de-la-administracion-del-pilt\/"]}]},{"@type":"ImageObject","inLanguage":"es","@id":"https:\/\/pilt.com.ar\/parque-industrial\/refuncionalizaran-parte-de-la-administracion-del-pilt\/#primaryimage","url":"https:\/\/i0.wp.com\/pilt.com.ar\/parque-industrial\/wp-content\/uploads\/2022\/10\/WhatsApp-Image-2022-10-27-at-13.05.48.jpeg?fit=1280%2C720&ssl=1","contentUrl":"https:\/\/i0.wp.com\/pilt.com.ar\/parque-industrial\/wp-content\/uploads\/2022\/10\/WhatsApp-Image-2022-10-27-at-13.05.48.jpeg?fit=1280%2C720&ssl=1","width":1280,"height":720},{"@type":"WebSite","@id":"https:\/\/pilt.com.ar\/parque-industrial\/#website","url":"https:\/\/pilt.com.ar\/parque-industrial\/","name":"PILT.com.ar","description":"Parque Industrial, Log\u00edstico y Tecnol\u00f3gico Villa Mar\u00eda","potentialAction":[{"@type":"SearchAction","target":{"@type":"EntryPoint","urlTemplate":"https:\/\/pilt.com.ar\/parque-industrial\/?s={search_term_string}"},"query-input":{"@type":"PropertyValueSpecification","valueRequired":true,"valueName":"search_term_string"}}],"inLanguage":"es"},{"@type":"Person","@id":"https:\/\/pilt.com.ar\/parque-industrial\/#\/schema\/person\/2dfb9e2464de1c3deef20c25c30a8306","name":"PILT","image":{"@type":"ImageObject","inLanguage":"es","@id":"https:\/\/secure.gravatar.com\/avatar\/5e3734c8d8c8e0b0d45f923c14a14d7b90521d573d02f0d91360a777095ee42b?s=96&d=mm&r=g","url":"https:\/\/secure.gravatar.com\/avatar\/5e3734c8d8c8e0b0d45f923c14a14d7b90521d573d02f0d91360a777095ee42b?s=96&d=mm&r=g","contentUrl":"https:\/\/secure.gravatar.com\/avatar\/5e3734c8d8c8e0b0d45f923c14a14d7b90521d573d02f0d91360a777095ee42b?s=96&d=mm&r=g","caption":"PILT"},"url":"https:\/\/pilt.com.ar\/parque-industrial\/author\/pilt\/"}]}},"jetpack_featured_media_url":"https:\/\/i0.wp.com\/pilt.com.ar\/parque-industrial\/wp-content\/uploads\/2022\/10\/WhatsApp-Image-2022-10-27-at-13.05.48.jpeg?fit=1280%2C720&ssl=1","jetpack_sharing_enabled":true,"_links":{"self":[{"href":"https:\/\/pilt.com.ar\/parque-industrial\/wp-json\/wp\/v2\/posts\/2627","targetHints":{"allow":["GET"]}}],"collection":[{"href":"https:\/\/pilt.com.ar\/parque-industrial\/wp-json\/wp\/v2\/posts"}],"about":[{"href":"https:\/\/pilt.com.ar\/parque-industrial\/wp-json\/wp\/v2\/types\/post"}],"author":[{"embeddable":true,"href":"https:\/\/pilt.com.ar\/parque-industrial\/wp-json\/wp\/v2\/users\/3"}],"replies":[{"embeddable":true,"href":"https:\/\/pilt.com.ar\/parque-industrial\/wp-json\/wp\/v2\/comments?post=2627"}],"version-history":[{"count":1,"href":"https:\/\/pilt.com.ar\/parque-industrial\/wp-json\/wp\/v2\/posts\/2627\/revisions"}],"predecessor-version":[{"id":2629,"href":"https:\/\/pilt.com.ar\/parque-industrial\/wp-json\/wp\/v2\/posts\/2627\/revisions\/2629"}],"wp:featuredmedia":[{"embeddable":true,"href":"https:\/\/pilt.com.ar\/parque-industrial\/wp-json\/wp\/v2\/media\/2628"}],"wp:attachment":[{"href":"https:\/\/pilt.com.ar\/parque-industrial\/wp-json\/wp\/v2\/media?parent=2627"}],"wp:term":[{"taxonomy":"category","embeddable":true,"href":"https:\/\/pilt.com.ar\/parque-industrial\/wp-json\/wp\/v2\/categories?post=2627"},{"taxonomy":"post_tag","embeddable":true,"href":"https:\/\/pilt.com.ar\/parque-industrial\/wp-json\/wp\/v2\/tags?post=2627"}],"curies":[{"name":"wp","href":"https:\/\/api.w.org\/{rel}","templated":true}]}}