{"id":2602,"date":"2022-10-21T09:46:22","date_gmt":"2022-10-21T12:46:22","guid":{"rendered":"https:\/\/pilt.com.ar\/parque-industrial\/?p=2602"},"modified":"2022-10-21T09:46:22","modified_gmt":"2022-10-21T12:46:22","slug":"charla-sobre-economia-en-el-pilt-2","status":"publish","type":"post","link":"https:\/\/pilt.com.ar\/parque-industrial\/charla-sobre-economia-en-el-pilt-2\/","title":{"rendered":"CHARLA SOBRE ECONOM\u00cdA EN EL PILT"},"content":{"rendered":"\n<p class=\"has-text-align-center\"><em>Profesionales de la empresa Dracma analizaron la coyuntura y tendencias del escenario local e internacional.<\/em><\/p>\n\n\n\n<p class=\"has-text-align-justify\">En el sal\u00f3n de usos m\u00faltiples del Parque Industrial, Log\u00edstico y Tecnol\u00f3gico de Villa Mar\u00eda (PILT) se concret\u00f3 una charla en donde se analizaron distintas variables para entender el escenario econ\u00f3mico y financiero actual, sus amenazas y oportunidades.<\/p>\n\n\n\n<p class=\"has-text-align-justify\">Bajo el t\u00edtulo \u201cEconom\u00eda post mundial, \u00bfpateamos o atajamos?\u201d, profesionales de la empresa de servicios financieros Dracma comparti\u00f3 informaci\u00f3n con un nutrido grupo de empresarios de la entidad. En la oportunidad estuvieron Agust\u00edn Arregui, jefe de Estrategia de Dracma; Mat\u00edas Fornasari, asesor financiero y Luis Turletti, productor.<\/p>\n\n\n\n<p class=\"has-text-align-justify\">El encargado de desglosar el contexto fue Arregui, quien se enfoc\u00f3 en la situaci\u00f3n financiera mundial, afirmando que \u201clos mercados est\u00e1n complicados este a\u00f1o y explicamos como est\u00e1n en t\u00e9rminos hist\u00f3ricos. Estamos en una \u00e9poca de transici\u00f3n, de mercados globales bajistas en tasa de inter\u00e9s; nosotros creemos que se va a transitar un camino de tasas m\u00e1s alta hacia la pr\u00f3xima d\u00e9cada y tambi\u00e9n de inflaci\u00f3n global m\u00e1s elevada\u201d. Esos cambios tendr\u00e1n gran implicancia para la econom\u00eda global, no solo del primer mundo.<\/p>\n\n\n\n<p class=\"has-text-align-justify\">\u201cEn t\u00e9rminos locales venimos pasando por situaciones de stress en varios puntos financieros y econ\u00f3micos y nos enfocamos en mostrar por donde pueden venir ciertos problemas. Estamos en un macro desequilibrio permanente, donde los parches hacen que las soluciones sean cada vez m\u00e1s cortas y duren menos\u201d, se\u00f1al\u00f3.<\/p>\n\n\n\n<p class=\"has-text-align-justify\">En ese aspecto, agreg\u00f3 que el \u201cagravamiento que provocan esas soluciones hace que la potencialidad de da\u00f1o hacia el futuro sea cada vez m\u00e1s grande, por ejemplo, el d\u00f3lar soja. Eso nos va a afectar a todos, sea cual sea el desenlace, porque los que producimos, trabajamos, generamos, vamos a ser los que paguemos los costos del ajuste, reacomodamiento o como se lo quiera llamar\u201d.<\/p>\n\n\n\n<p class=\"has-text-align-justify\">En lo que respecta a oportunidades, Arregui indic\u00f3 que a nivel local existe un atraso en los tipos de cambio paralelos.<\/p>\n\n\n\n<p class=\"has-text-align-justify\">\u201cPara darse una idea, de enero 2021 hasta ahora los precios subieron 150% y los d\u00f3lares paralelos lo hicieron entre 98 y 101 %. Hay mucho atraso en esa variable y creemos que con el nivel de emisi\u00f3n que hubo, ese atraso tanto en t\u00e9rminos reales como nominales deber\u00eda intentar ajustarse en alg\u00fan momento\u201d, afirm\u00f3.<\/p>\n","protected":false},"excerpt":{"rendered":"<p>Profesionales de la empresa Dracma analizaron la coyuntura y tendencias del escenario local e internacional. En el sal\u00f3n de usos m\u00faltiples del Parque Industrial, Log\u00edstico y Tecnol\u00f3gico de Villa Mar\u00eda (PILT) se concret\u00f3 una charla en donde se analizaron distintas variables para entender el escenario econ\u00f3mico y financiero actual, sus amenazas y oportunidades. Bajo el [&hellip;]<\/p>\n","protected":false},"author":3,"featured_media":2604,"comment_status":"open","ping_status":"open","sticky":false,"template":"","format":"standard","meta":{"_jetpack_memberships_contains_paid_content":false,"footnotes":""},"categories":[2],"tags":[],"class_list":["post-2602","post","type-post","status-publish","format-standard","has-post-thumbnail","hentry","category-noticias"],"yoast_head":"<!-- This site is optimized with the Yoast SEO plugin v27.5 - https:\/\/yoast.com\/product\/yoast-seo-wordpress\/ -->\n<title>CHARLA SOBRE ECONOM\u00cdA EN EL PILT - PILT.com.ar<\/title>\n<meta name=\"robots\" content=\"index, follow, max-snippet:-1, max-image-preview:large, max-video-preview:-1\" \/>\n<link rel=\"canonical\" href=\"https:\/\/pilt.com.ar\/parque-industrial\/charla-sobre-economia-en-el-pilt-2\/\" \/>\n<meta property=\"og:locale\" content=\"es_ES\" \/>\n<meta property=\"og:type\" content=\"article\" \/>\n<meta property=\"og:title\" content=\"CHARLA SOBRE ECONOM\u00cdA EN EL PILT - PILT.com.ar\" \/>\n<meta property=\"og:description\" content=\"Profesionales de la empresa Dracma analizaron la coyuntura y tendencias del escenario local e internacional. En el sal\u00f3n de usos m\u00faltiples del Parque Industrial, Log\u00edstico y Tecnol\u00f3gico de Villa Mar\u00eda (PILT) se concret\u00f3 una charla en donde se analizaron distintas variables para entender el escenario econ\u00f3mico y financiero actual, sus amenazas y oportunidades. Bajo el [&hellip;]\" \/>\n<meta property=\"og:url\" content=\"https:\/\/pilt.com.ar\/parque-industrial\/charla-sobre-economia-en-el-pilt-2\/\" \/>\n<meta property=\"og:site_name\" content=\"PILT.com.ar\" \/>\n<meta property=\"article:published_time\" content=\"2022-10-21T12:46:22+00:00\" \/>\n<meta property=\"og:image\" content=\"https:\/\/i0.wp.com\/pilt.com.ar\/parque-industrial\/wp-content\/uploads\/2022\/10\/WhatsApp-Image-2022-10-20-at-15.04.07.jpeg?fit=1600%2C1200&ssl=1\" \/>\n\t<meta property=\"og:image:width\" content=\"1600\" \/>\n\t<meta property=\"og:image:height\" content=\"1200\" \/>\n\t<meta property=\"og:image:type\" content=\"image\/jpeg\" \/>\n<meta name=\"author\" content=\"PILT\" \/>\n<meta name=\"twitter:card\" content=\"summary_large_image\" \/>\n<meta name=\"twitter:label1\" content=\"Escrito por\" \/>\n\t<meta name=\"twitter:data1\" content=\"PILT\" \/>\n\t<meta name=\"twitter:label2\" content=\"Tiempo de lectura\" \/>\n\t<meta name=\"twitter:data2\" content=\"2 minutos\" \/>\n<script type=\"application\/ld+json\" class=\"yoast-schema-graph\">{\"@context\":\"https:\\\/\\\/schema.org\",\"@graph\":[{\"@type\":\"Article\",\"@id\":\"https:\\\/\\\/pilt.com.ar\\\/parque-industrial\\\/charla-sobre-economia-en-el-pilt-2\\\/#article\",\"isPartOf\":{\"@id\":\"https:\\\/\\\/pilt.com.ar\\\/parque-industrial\\\/charla-sobre-economia-en-el-pilt-2\\\/\"},\"author\":{\"name\":\"PILT\",\"@id\":\"https:\\\/\\\/pilt.com.ar\\\/parque-industrial\\\/#\\\/schema\\\/person\\\/2dfb9e2464de1c3deef20c25c30a8306\"},\"headline\":\"CHARLA SOBRE ECONOM\u00cdA EN EL PILT\",\"datePublished\":\"2022-10-21T12:46:22+00:00\",\"mainEntityOfPage\":{\"@id\":\"https:\\\/\\\/pilt.com.ar\\\/parque-industrial\\\/charla-sobre-economia-en-el-pilt-2\\\/\"},\"wordCount\":413,\"commentCount\":0,\"image\":{\"@id\":\"https:\\\/\\\/pilt.com.ar\\\/parque-industrial\\\/charla-sobre-economia-en-el-pilt-2\\\/#primaryimage\"},\"thumbnailUrl\":\"https:\\\/\\\/i0.wp.com\\\/pilt.com.ar\\\/parque-industrial\\\/wp-content\\\/uploads\\\/2022\\\/10\\\/WhatsApp-Image-2022-10-20-at-15.04.07.jpeg?fit=1600%2C1200&ssl=1\",\"articleSection\":[\"Noticias\"],\"inLanguage\":\"es\",\"potentialAction\":[{\"@type\":\"CommentAction\",\"name\":\"Comment\",\"target\":[\"https:\\\/\\\/pilt.com.ar\\\/parque-industrial\\\/charla-sobre-economia-en-el-pilt-2\\\/#respond\"]}]},{\"@type\":\"WebPage\",\"@id\":\"https:\\\/\\\/pilt.com.ar\\\/parque-industrial\\\/charla-sobre-economia-en-el-pilt-2\\\/\",\"url\":\"https:\\\/\\\/pilt.com.ar\\\/parque-industrial\\\/charla-sobre-economia-en-el-pilt-2\\\/\",\"name\":\"CHARLA SOBRE ECONOM\u00cdA EN EL PILT - PILT.com.ar\",\"isPartOf\":{\"@id\":\"https:\\\/\\\/pilt.com.ar\\\/parque-industrial\\\/#website\"},\"primaryImageOfPage\":{\"@id\":\"https:\\\/\\\/pilt.com.ar\\\/parque-industrial\\\/charla-sobre-economia-en-el-pilt-2\\\/#primaryimage\"},\"image\":{\"@id\":\"https:\\\/\\\/pilt.com.ar\\\/parque-industrial\\\/charla-sobre-economia-en-el-pilt-2\\\/#primaryimage\"},\"thumbnailUrl\":\"https:\\\/\\\/i0.wp.com\\\/pilt.com.ar\\\/parque-industrial\\\/wp-content\\\/uploads\\\/2022\\\/10\\\/WhatsApp-Image-2022-10-20-at-15.04.07.jpeg?fit=1600%2C1200&ssl=1\",\"datePublished\":\"2022-10-21T12:46:22+00:00\",\"author\":{\"@id\":\"https:\\\/\\\/pilt.com.ar\\\/parque-industrial\\\/#\\\/schema\\\/person\\\/2dfb9e2464de1c3deef20c25c30a8306\"},\"inLanguage\":\"es\",\"potentialAction\":[{\"@type\":\"ReadAction\",\"target\":[\"https:\\\/\\\/pilt.com.ar\\\/parque-industrial\\\/charla-sobre-economia-en-el-pilt-2\\\/\"]}]},{\"@type\":\"ImageObject\",\"inLanguage\":\"es\",\"@id\":\"https:\\\/\\\/pilt.com.ar\\\/parque-industrial\\\/charla-sobre-economia-en-el-pilt-2\\\/#primaryimage\",\"url\":\"https:\\\/\\\/i0.wp.com\\\/pilt.com.ar\\\/parque-industrial\\\/wp-content\\\/uploads\\\/2022\\\/10\\\/WhatsApp-Image-2022-10-20-at-15.04.07.jpeg?fit=1600%2C1200&ssl=1\",\"contentUrl\":\"https:\\\/\\\/i0.wp.com\\\/pilt.com.ar\\\/parque-industrial\\\/wp-content\\\/uploads\\\/2022\\\/10\\\/WhatsApp-Image-2022-10-20-at-15.04.07.jpeg?fit=1600%2C1200&ssl=1\",\"width\":1600,\"height\":1200},{\"@type\":\"WebSite\",\"@id\":\"https:\\\/\\\/pilt.com.ar\\\/parque-industrial\\\/#website\",\"url\":\"https:\\\/\\\/pilt.com.ar\\\/parque-industrial\\\/\",\"name\":\"PILT.com.ar\",\"description\":\"Parque Industrial, Log\u00edstico y Tecnol\u00f3gico Villa Mar\u00eda\",\"potentialAction\":[{\"@type\":\"SearchAction\",\"target\":{\"@type\":\"EntryPoint\",\"urlTemplate\":\"https:\\\/\\\/pilt.com.ar\\\/parque-industrial\\\/?s={search_term_string}\"},\"query-input\":{\"@type\":\"PropertyValueSpecification\",\"valueRequired\":true,\"valueName\":\"search_term_string\"}}],\"inLanguage\":\"es\"},{\"@type\":\"Person\",\"@id\":\"https:\\\/\\\/pilt.com.ar\\\/parque-industrial\\\/#\\\/schema\\\/person\\\/2dfb9e2464de1c3deef20c25c30a8306\",\"name\":\"PILT\",\"image\":{\"@type\":\"ImageObject\",\"inLanguage\":\"es\",\"@id\":\"https:\\\/\\\/secure.gravatar.com\\\/avatar\\\/5e3734c8d8c8e0b0d45f923c14a14d7b90521d573d02f0d91360a777095ee42b?s=96&d=mm&r=g\",\"url\":\"https:\\\/\\\/secure.gravatar.com\\\/avatar\\\/5e3734c8d8c8e0b0d45f923c14a14d7b90521d573d02f0d91360a777095ee42b?s=96&d=mm&r=g\",\"contentUrl\":\"https:\\\/\\\/secure.gravatar.com\\\/avatar\\\/5e3734c8d8c8e0b0d45f923c14a14d7b90521d573d02f0d91360a777095ee42b?s=96&d=mm&r=g\",\"caption\":\"PILT\"},\"url\":\"https:\\\/\\\/pilt.com.ar\\\/parque-industrial\\\/author\\\/pilt\\\/\"}]}<\/script>\n<!-- \/ Yoast SEO plugin. -->","yoast_head_json":{"title":"CHARLA SOBRE ECONOM\u00cdA EN EL PILT - PILT.com.ar","robots":{"index":"index","follow":"follow","max-snippet":"max-snippet:-1","max-image-preview":"max-image-preview:large","max-video-preview":"max-video-preview:-1"},"canonical":"https:\/\/pilt.com.ar\/parque-industrial\/charla-sobre-economia-en-el-pilt-2\/","og_locale":"es_ES","og_type":"article","og_title":"CHARLA SOBRE ECONOM\u00cdA EN EL PILT - PILT.com.ar","og_description":"Profesionales de la empresa Dracma analizaron la coyuntura y tendencias del escenario local e internacional. En el sal\u00f3n de usos m\u00faltiples del Parque Industrial, Log\u00edstico y Tecnol\u00f3gico de Villa Mar\u00eda (PILT) se concret\u00f3 una charla en donde se analizaron distintas variables para entender el escenario econ\u00f3mico y financiero actual, sus amenazas y oportunidades. Bajo el [&hellip;]","og_url":"https:\/\/pilt.com.ar\/parque-industrial\/charla-sobre-economia-en-el-pilt-2\/","og_site_name":"PILT.com.ar","article_published_time":"2022-10-21T12:46:22+00:00","og_image":[{"width":1600,"height":1200,"url":"https:\/\/i0.wp.com\/pilt.com.ar\/parque-industrial\/wp-content\/uploads\/2022\/10\/WhatsApp-Image-2022-10-20-at-15.04.07.jpeg?fit=1600%2C1200&ssl=1","type":"image\/jpeg"}],"author":"PILT","twitter_card":"summary_large_image","twitter_misc":{"Escrito por":"PILT","Tiempo de lectura":"2 minutos"},"schema":{"@context":"https:\/\/schema.org","@graph":[{"@type":"Article","@id":"https:\/\/pilt.com.ar\/parque-industrial\/charla-sobre-economia-en-el-pilt-2\/#article","isPartOf":{"@id":"https:\/\/pilt.com.ar\/parque-industrial\/charla-sobre-economia-en-el-pilt-2\/"},"author":{"name":"PILT","@id":"https:\/\/pilt.com.ar\/parque-industrial\/#\/schema\/person\/2dfb9e2464de1c3deef20c25c30a8306"},"headline":"CHARLA SOBRE ECONOM\u00cdA EN EL PILT","datePublished":"2022-10-21T12:46:22+00:00","mainEntityOfPage":{"@id":"https:\/\/pilt.com.ar\/parque-industrial\/charla-sobre-economia-en-el-pilt-2\/"},"wordCount":413,"commentCount":0,"image":{"@id":"https:\/\/pilt.com.ar\/parque-industrial\/charla-sobre-economia-en-el-pilt-2\/#primaryimage"},"thumbnailUrl":"https:\/\/i0.wp.com\/pilt.com.ar\/parque-industrial\/wp-content\/uploads\/2022\/10\/WhatsApp-Image-2022-10-20-at-15.04.07.jpeg?fit=1600%2C1200&ssl=1","articleSection":["Noticias"],"inLanguage":"es","potentialAction":[{"@type":"CommentAction","name":"Comment","target":["https:\/\/pilt.com.ar\/parque-industrial\/charla-sobre-economia-en-el-pilt-2\/#respond"]}]},{"@type":"WebPage","@id":"https:\/\/pilt.com.ar\/parque-industrial\/charla-sobre-economia-en-el-pilt-2\/","url":"https:\/\/pilt.com.ar\/parque-industrial\/charla-sobre-economia-en-el-pilt-2\/","name":"CHARLA SOBRE ECONOM\u00cdA EN EL PILT - PILT.com.ar","isPartOf":{"@id":"https:\/\/pilt.com.ar\/parque-industrial\/#website"},"primaryImageOfPage":{"@id":"https:\/\/pilt.com.ar\/parque-industrial\/charla-sobre-economia-en-el-pilt-2\/#primaryimage"},"image":{"@id":"https:\/\/pilt.com.ar\/parque-industrial\/charla-sobre-economia-en-el-pilt-2\/#primaryimage"},"thumbnailUrl":"https:\/\/i0.wp.com\/pilt.com.ar\/parque-industrial\/wp-content\/uploads\/2022\/10\/WhatsApp-Image-2022-10-20-at-15.04.07.jpeg?fit=1600%2C1200&ssl=1","datePublished":"2022-10-21T12:46:22+00:00","author":{"@id":"https:\/\/pilt.com.ar\/parque-industrial\/#\/schema\/person\/2dfb9e2464de1c3deef20c25c30a8306"},"inLanguage":"es","potentialAction":[{"@type":"ReadAction","target":["https:\/\/pilt.com.ar\/parque-industrial\/charla-sobre-economia-en-el-pilt-2\/"]}]},{"@type":"ImageObject","inLanguage":"es","@id":"https:\/\/pilt.com.ar\/parque-industrial\/charla-sobre-economia-en-el-pilt-2\/#primaryimage","url":"https:\/\/i0.wp.com\/pilt.com.ar\/parque-industrial\/wp-content\/uploads\/2022\/10\/WhatsApp-Image-2022-10-20-at-15.04.07.jpeg?fit=1600%2C1200&ssl=1","contentUrl":"https:\/\/i0.wp.com\/pilt.com.ar\/parque-industrial\/wp-content\/uploads\/2022\/10\/WhatsApp-Image-2022-10-20-at-15.04.07.jpeg?fit=1600%2C1200&ssl=1","width":1600,"height":1200},{"@type":"WebSite","@id":"https:\/\/pilt.com.ar\/parque-industrial\/#website","url":"https:\/\/pilt.com.ar\/parque-industrial\/","name":"PILT.com.ar","description":"Parque Industrial, Log\u00edstico y Tecnol\u00f3gico Villa Mar\u00eda","potentialAction":[{"@type":"SearchAction","target":{"@type":"EntryPoint","urlTemplate":"https:\/\/pilt.com.ar\/parque-industrial\/?s={search_term_string}"},"query-input":{"@type":"PropertyValueSpecification","valueRequired":true,"valueName":"search_term_string"}}],"inLanguage":"es"},{"@type":"Person","@id":"https:\/\/pilt.com.ar\/parque-industrial\/#\/schema\/person\/2dfb9e2464de1c3deef20c25c30a8306","name":"PILT","image":{"@type":"ImageObject","inLanguage":"es","@id":"https:\/\/secure.gravatar.com\/avatar\/5e3734c8d8c8e0b0d45f923c14a14d7b90521d573d02f0d91360a777095ee42b?s=96&d=mm&r=g","url":"https:\/\/secure.gravatar.com\/avatar\/5e3734c8d8c8e0b0d45f923c14a14d7b90521d573d02f0d91360a777095ee42b?s=96&d=mm&r=g","contentUrl":"https:\/\/secure.gravatar.com\/avatar\/5e3734c8d8c8e0b0d45f923c14a14d7b90521d573d02f0d91360a777095ee42b?s=96&d=mm&r=g","caption":"PILT"},"url":"https:\/\/pilt.com.ar\/parque-industrial\/author\/pilt\/"}]}},"jetpack_featured_media_url":"https:\/\/i0.wp.com\/pilt.com.ar\/parque-industrial\/wp-content\/uploads\/2022\/10\/WhatsApp-Image-2022-10-20-at-15.04.07.jpeg?fit=1600%2C1200&ssl=1","jetpack_sharing_enabled":true,"_links":{"self":[{"href":"https:\/\/pilt.com.ar\/parque-industrial\/wp-json\/wp\/v2\/posts\/2602","targetHints":{"allow":["GET"]}}],"collection":[{"href":"https:\/\/pilt.com.ar\/parque-industrial\/wp-json\/wp\/v2\/posts"}],"about":[{"href":"https:\/\/pilt.com.ar\/parque-industrial\/wp-json\/wp\/v2\/types\/post"}],"author":[{"embeddable":true,"href":"https:\/\/pilt.com.ar\/parque-industrial\/wp-json\/wp\/v2\/users\/3"}],"replies":[{"embeddable":true,"href":"https:\/\/pilt.com.ar\/parque-industrial\/wp-json\/wp\/v2\/comments?post=2602"}],"version-history":[{"count":1,"href":"https:\/\/pilt.com.ar\/parque-industrial\/wp-json\/wp\/v2\/posts\/2602\/revisions"}],"predecessor-version":[{"id":2605,"href":"https:\/\/pilt.com.ar\/parque-industrial\/wp-json\/wp\/v2\/posts\/2602\/revisions\/2605"}],"wp:featuredmedia":[{"embeddable":true,"href":"https:\/\/pilt.com.ar\/parque-industrial\/wp-json\/wp\/v2\/media\/2604"}],"wp:attachment":[{"href":"https:\/\/pilt.com.ar\/parque-industrial\/wp-json\/wp\/v2\/media?parent=2602"}],"wp:term":[{"taxonomy":"category","embeddable":true,"href":"https:\/\/pilt.com.ar\/parque-industrial\/wp-json\/wp\/v2\/categories?post=2602"},{"taxonomy":"post_tag","embeddable":true,"href":"https:\/\/pilt.com.ar\/parque-industrial\/wp-json\/wp\/v2\/tags?post=2602"}],"curies":[{"name":"wp","href":"https:\/\/api.w.org\/{rel}","templated":true}]}}