{"id":2599,"date":"2022-10-14T10:11:54","date_gmt":"2022-10-14T13:11:54","guid":{"rendered":"https:\/\/pilt.com.ar\/parque-industrial\/?p=2599"},"modified":"2022-10-14T10:11:55","modified_gmt":"2022-10-14T13:11:55","slug":"nuevo-lote-vendido-en-el-pilt","status":"publish","type":"post","link":"https:\/\/pilt.com.ar\/parque-industrial\/nuevo-lote-vendido-en-el-pilt\/","title":{"rendered":"NUEVO LOTE VENDIDO EN EL PILT"},"content":{"rendered":"\n<p class=\"has-text-align-center\"><em>Es de 1200 metros cuadrados y lo compr\u00f3 una firma que actualmente est\u00e1 construyendo una planta en el predio.<\/em><\/p>\n\n\n\n<p class=\"has-text-align-justify\">Cortech Industria adquiri\u00f3 d\u00edas atr\u00e1s un nuevo lote en el Parque Industrial, Log\u00edstico y Tecnol\u00f3gico Villa Mar\u00eda (PILT), contiguo al que posee la firma desde fines del a\u00f1o pasado. Se trata de un terreno de 1200 m2 que tendr\u00e1 como destino una planta para fabricar componentes industriales.<\/p>\n\n\n\n<p class=\"has-text-align-justify\">Seg\u00fan indic\u00f3 Mat\u00edas Taborda, titular de empresa, en 20 d\u00edas finaliza la primera etapa constructiva en el lote comprado anteriormente, en donde se est\u00e1 ejecutando un galp\u00f3n de 700 m2. All\u00ed producir\u00e1n equipamiento y montar\u00e1n una base t\u00e9cnica para brindar servicios a industrias de Villa Mar\u00eda y la zona.<\/p>\n\n\n\n<p class=\"has-text-align-justify\">Cabe se\u00f1alar que la firma realiza diversos servicios a industrias, entre ellos electricidad, iluminaci\u00f3n y montaje de plantas; y adem\u00e1s fabrica motores monof\u00e1sicos y trif\u00e1sicos, con ventiladores y extractores, desde 0,25 a 15 HP de potencia.<\/p>\n\n\n\n<p class=\"has-text-align-justify\">Asimismo, vale mencionar que Taborda, en sociedad con Martin Zanotti, tambi\u00e9n lleva adelante otro proyecto en un terreno adquirido a mediados del corriente a\u00f1o en el PITL. En ese lote, de m\u00e1s de 1000 m2, se construye una nave de 620 m2 de superficie por 7 metros de altura.<\/p>\n","protected":false},"excerpt":{"rendered":"<p>Es de 1200 metros cuadrados y lo compr\u00f3 una firma que actualmente est\u00e1 construyendo una planta en el predio. Cortech Industria adquiri\u00f3 d\u00edas atr\u00e1s un nuevo lote en el Parque Industrial, Log\u00edstico y Tecnol\u00f3gico Villa Mar\u00eda (PILT), contiguo al que posee la firma desde fines del a\u00f1o pasado. Se trata de un terreno de 1200 [&hellip;]<\/p>\n","protected":false},"author":3,"featured_media":2600,"comment_status":"open","ping_status":"open","sticky":false,"template":"","format":"standard","meta":{"_jetpack_memberships_contains_paid_content":false,"footnotes":""},"categories":[2],"tags":[],"class_list":["post-2599","post","type-post","status-publish","format-standard","has-post-thumbnail","hentry","category-noticias"],"yoast_head":"<!-- This site is optimized with the Yoast SEO plugin v27.5 - https:\/\/yoast.com\/product\/yoast-seo-wordpress\/ -->\n<title>NUEVO LOTE VENDIDO EN EL PILT - PILT.com.ar<\/title>\n<meta name=\"robots\" content=\"index, follow, max-snippet:-1, max-image-preview:large, max-video-preview:-1\" \/>\n<link rel=\"canonical\" href=\"https:\/\/pilt.com.ar\/parque-industrial\/nuevo-lote-vendido-en-el-pilt\/\" \/>\n<meta property=\"og:locale\" content=\"es_ES\" \/>\n<meta property=\"og:type\" content=\"article\" \/>\n<meta property=\"og:title\" content=\"NUEVO LOTE VENDIDO EN EL PILT - PILT.com.ar\" \/>\n<meta property=\"og:description\" content=\"Es de 1200 metros cuadrados y lo compr\u00f3 una firma que actualmente est\u00e1 construyendo una planta en el predio. Cortech Industria adquiri\u00f3 d\u00edas atr\u00e1s un nuevo lote en el Parque Industrial, Log\u00edstico y Tecnol\u00f3gico Villa Mar\u00eda (PILT), contiguo al que posee la firma desde fines del a\u00f1o pasado. Se trata de un terreno de 1200 [&hellip;]\" \/>\n<meta property=\"og:url\" content=\"https:\/\/pilt.com.ar\/parque-industrial\/nuevo-lote-vendido-en-el-pilt\/\" \/>\n<meta property=\"og:site_name\" content=\"PILT.com.ar\" \/>\n<meta property=\"article:published_time\" content=\"2022-10-14T13:11:54+00:00\" \/>\n<meta property=\"article:modified_time\" content=\"2022-10-14T13:11:55+00:00\" \/>\n<meta property=\"og:image\" content=\"https:\/\/i0.wp.com\/pilt.com.ar\/parque-industrial\/wp-content\/uploads\/2022\/10\/WhatsApp-Image-2022-10-14-at-08.55.41.jpeg?fit=1127%2C746&ssl=1\" \/>\n\t<meta property=\"og:image:width\" content=\"1127\" \/>\n\t<meta property=\"og:image:height\" content=\"746\" \/>\n\t<meta property=\"og:image:type\" content=\"image\/jpeg\" \/>\n<meta name=\"author\" content=\"PILT\" \/>\n<meta name=\"twitter:card\" content=\"summary_large_image\" \/>\n<meta name=\"twitter:label1\" content=\"Escrito por\" \/>\n\t<meta name=\"twitter:data1\" content=\"PILT\" \/>\n\t<meta name=\"twitter:label2\" content=\"Tiempo de lectura\" \/>\n\t<meta name=\"twitter:data2\" content=\"1 minuto\" \/>\n<script type=\"application\/ld+json\" class=\"yoast-schema-graph\">{\"@context\":\"https:\\\/\\\/schema.org\",\"@graph\":[{\"@type\":\"Article\",\"@id\":\"https:\\\/\\\/pilt.com.ar\\\/parque-industrial\\\/nuevo-lote-vendido-en-el-pilt\\\/#article\",\"isPartOf\":{\"@id\":\"https:\\\/\\\/pilt.com.ar\\\/parque-industrial\\\/nuevo-lote-vendido-en-el-pilt\\\/\"},\"author\":{\"name\":\"PILT\",\"@id\":\"https:\\\/\\\/pilt.com.ar\\\/parque-industrial\\\/#\\\/schema\\\/person\\\/2dfb9e2464de1c3deef20c25c30a8306\"},\"headline\":\"NUEVO LOTE VENDIDO EN EL PILT\",\"datePublished\":\"2022-10-14T13:11:54+00:00\",\"dateModified\":\"2022-10-14T13:11:55+00:00\",\"mainEntityOfPage\":{\"@id\":\"https:\\\/\\\/pilt.com.ar\\\/parque-industrial\\\/nuevo-lote-vendido-en-el-pilt\\\/\"},\"wordCount\":219,\"commentCount\":0,\"image\":{\"@id\":\"https:\\\/\\\/pilt.com.ar\\\/parque-industrial\\\/nuevo-lote-vendido-en-el-pilt\\\/#primaryimage\"},\"thumbnailUrl\":\"https:\\\/\\\/i0.wp.com\\\/pilt.com.ar\\\/parque-industrial\\\/wp-content\\\/uploads\\\/2022\\\/10\\\/WhatsApp-Image-2022-10-14-at-08.55.41.jpeg?fit=1127%2C746&ssl=1\",\"articleSection\":[\"Noticias\"],\"inLanguage\":\"es\",\"potentialAction\":[{\"@type\":\"CommentAction\",\"name\":\"Comment\",\"target\":[\"https:\\\/\\\/pilt.com.ar\\\/parque-industrial\\\/nuevo-lote-vendido-en-el-pilt\\\/#respond\"]}]},{\"@type\":\"WebPage\",\"@id\":\"https:\\\/\\\/pilt.com.ar\\\/parque-industrial\\\/nuevo-lote-vendido-en-el-pilt\\\/\",\"url\":\"https:\\\/\\\/pilt.com.ar\\\/parque-industrial\\\/nuevo-lote-vendido-en-el-pilt\\\/\",\"name\":\"NUEVO LOTE VENDIDO EN EL PILT - PILT.com.ar\",\"isPartOf\":{\"@id\":\"https:\\\/\\\/pilt.com.ar\\\/parque-industrial\\\/#website\"},\"primaryImageOfPage\":{\"@id\":\"https:\\\/\\\/pilt.com.ar\\\/parque-industrial\\\/nuevo-lote-vendido-en-el-pilt\\\/#primaryimage\"},\"image\":{\"@id\":\"https:\\\/\\\/pilt.com.ar\\\/parque-industrial\\\/nuevo-lote-vendido-en-el-pilt\\\/#primaryimage\"},\"thumbnailUrl\":\"https:\\\/\\\/i0.wp.com\\\/pilt.com.ar\\\/parque-industrial\\\/wp-content\\\/uploads\\\/2022\\\/10\\\/WhatsApp-Image-2022-10-14-at-08.55.41.jpeg?fit=1127%2C746&ssl=1\",\"datePublished\":\"2022-10-14T13:11:54+00:00\",\"dateModified\":\"2022-10-14T13:11:55+00:00\",\"author\":{\"@id\":\"https:\\\/\\\/pilt.com.ar\\\/parque-industrial\\\/#\\\/schema\\\/person\\\/2dfb9e2464de1c3deef20c25c30a8306\"},\"inLanguage\":\"es\",\"potentialAction\":[{\"@type\":\"ReadAction\",\"target\":[\"https:\\\/\\\/pilt.com.ar\\\/parque-industrial\\\/nuevo-lote-vendido-en-el-pilt\\\/\"]}]},{\"@type\":\"ImageObject\",\"inLanguage\":\"es\",\"@id\":\"https:\\\/\\\/pilt.com.ar\\\/parque-industrial\\\/nuevo-lote-vendido-en-el-pilt\\\/#primaryimage\",\"url\":\"https:\\\/\\\/i0.wp.com\\\/pilt.com.ar\\\/parque-industrial\\\/wp-content\\\/uploads\\\/2022\\\/10\\\/WhatsApp-Image-2022-10-14-at-08.55.41.jpeg?fit=1127%2C746&ssl=1\",\"contentUrl\":\"https:\\\/\\\/i0.wp.com\\\/pilt.com.ar\\\/parque-industrial\\\/wp-content\\\/uploads\\\/2022\\\/10\\\/WhatsApp-Image-2022-10-14-at-08.55.41.jpeg?fit=1127%2C746&ssl=1\",\"width\":1127,\"height\":746},{\"@type\":\"WebSite\",\"@id\":\"https:\\\/\\\/pilt.com.ar\\\/parque-industrial\\\/#website\",\"url\":\"https:\\\/\\\/pilt.com.ar\\\/parque-industrial\\\/\",\"name\":\"PILT.com.ar\",\"description\":\"Parque Industrial, Log\u00edstico y Tecnol\u00f3gico Villa Mar\u00eda\",\"potentialAction\":[{\"@type\":\"SearchAction\",\"target\":{\"@type\":\"EntryPoint\",\"urlTemplate\":\"https:\\\/\\\/pilt.com.ar\\\/parque-industrial\\\/?s={search_term_string}\"},\"query-input\":{\"@type\":\"PropertyValueSpecification\",\"valueRequired\":true,\"valueName\":\"search_term_string\"}}],\"inLanguage\":\"es\"},{\"@type\":\"Person\",\"@id\":\"https:\\\/\\\/pilt.com.ar\\\/parque-industrial\\\/#\\\/schema\\\/person\\\/2dfb9e2464de1c3deef20c25c30a8306\",\"name\":\"PILT\",\"image\":{\"@type\":\"ImageObject\",\"inLanguage\":\"es\",\"@id\":\"https:\\\/\\\/secure.gravatar.com\\\/avatar\\\/5e3734c8d8c8e0b0d45f923c14a14d7b90521d573d02f0d91360a777095ee42b?s=96&d=mm&r=g\",\"url\":\"https:\\\/\\\/secure.gravatar.com\\\/avatar\\\/5e3734c8d8c8e0b0d45f923c14a14d7b90521d573d02f0d91360a777095ee42b?s=96&d=mm&r=g\",\"contentUrl\":\"https:\\\/\\\/secure.gravatar.com\\\/avatar\\\/5e3734c8d8c8e0b0d45f923c14a14d7b90521d573d02f0d91360a777095ee42b?s=96&d=mm&r=g\",\"caption\":\"PILT\"},\"url\":\"https:\\\/\\\/pilt.com.ar\\\/parque-industrial\\\/author\\\/pilt\\\/\"}]}<\/script>\n<!-- \/ Yoast SEO plugin. -->","yoast_head_json":{"title":"NUEVO LOTE VENDIDO EN EL PILT - PILT.com.ar","robots":{"index":"index","follow":"follow","max-snippet":"max-snippet:-1","max-image-preview":"max-image-preview:large","max-video-preview":"max-video-preview:-1"},"canonical":"https:\/\/pilt.com.ar\/parque-industrial\/nuevo-lote-vendido-en-el-pilt\/","og_locale":"es_ES","og_type":"article","og_title":"NUEVO LOTE VENDIDO EN EL PILT - PILT.com.ar","og_description":"Es de 1200 metros cuadrados y lo compr\u00f3 una firma que actualmente est\u00e1 construyendo una planta en el predio. Cortech Industria adquiri\u00f3 d\u00edas atr\u00e1s un nuevo lote en el Parque Industrial, Log\u00edstico y Tecnol\u00f3gico Villa Mar\u00eda (PILT), contiguo al que posee la firma desde fines del a\u00f1o pasado. Se trata de un terreno de 1200 [&hellip;]","og_url":"https:\/\/pilt.com.ar\/parque-industrial\/nuevo-lote-vendido-en-el-pilt\/","og_site_name":"PILT.com.ar","article_published_time":"2022-10-14T13:11:54+00:00","article_modified_time":"2022-10-14T13:11:55+00:00","og_image":[{"width":1127,"height":746,"url":"https:\/\/i0.wp.com\/pilt.com.ar\/parque-industrial\/wp-content\/uploads\/2022\/10\/WhatsApp-Image-2022-10-14-at-08.55.41.jpeg?fit=1127%2C746&ssl=1","type":"image\/jpeg"}],"author":"PILT","twitter_card":"summary_large_image","twitter_misc":{"Escrito por":"PILT","Tiempo de lectura":"1 minuto"},"schema":{"@context":"https:\/\/schema.org","@graph":[{"@type":"Article","@id":"https:\/\/pilt.com.ar\/parque-industrial\/nuevo-lote-vendido-en-el-pilt\/#article","isPartOf":{"@id":"https:\/\/pilt.com.ar\/parque-industrial\/nuevo-lote-vendido-en-el-pilt\/"},"author":{"name":"PILT","@id":"https:\/\/pilt.com.ar\/parque-industrial\/#\/schema\/person\/2dfb9e2464de1c3deef20c25c30a8306"},"headline":"NUEVO LOTE VENDIDO EN EL PILT","datePublished":"2022-10-14T13:11:54+00:00","dateModified":"2022-10-14T13:11:55+00:00","mainEntityOfPage":{"@id":"https:\/\/pilt.com.ar\/parque-industrial\/nuevo-lote-vendido-en-el-pilt\/"},"wordCount":219,"commentCount":0,"image":{"@id":"https:\/\/pilt.com.ar\/parque-industrial\/nuevo-lote-vendido-en-el-pilt\/#primaryimage"},"thumbnailUrl":"https:\/\/i0.wp.com\/pilt.com.ar\/parque-industrial\/wp-content\/uploads\/2022\/10\/WhatsApp-Image-2022-10-14-at-08.55.41.jpeg?fit=1127%2C746&ssl=1","articleSection":["Noticias"],"inLanguage":"es","potentialAction":[{"@type":"CommentAction","name":"Comment","target":["https:\/\/pilt.com.ar\/parque-industrial\/nuevo-lote-vendido-en-el-pilt\/#respond"]}]},{"@type":"WebPage","@id":"https:\/\/pilt.com.ar\/parque-industrial\/nuevo-lote-vendido-en-el-pilt\/","url":"https:\/\/pilt.com.ar\/parque-industrial\/nuevo-lote-vendido-en-el-pilt\/","name":"NUEVO LOTE VENDIDO EN EL PILT - PILT.com.ar","isPartOf":{"@id":"https:\/\/pilt.com.ar\/parque-industrial\/#website"},"primaryImageOfPage":{"@id":"https:\/\/pilt.com.ar\/parque-industrial\/nuevo-lote-vendido-en-el-pilt\/#primaryimage"},"image":{"@id":"https:\/\/pilt.com.ar\/parque-industrial\/nuevo-lote-vendido-en-el-pilt\/#primaryimage"},"thumbnailUrl":"https:\/\/i0.wp.com\/pilt.com.ar\/parque-industrial\/wp-content\/uploads\/2022\/10\/WhatsApp-Image-2022-10-14-at-08.55.41.jpeg?fit=1127%2C746&ssl=1","datePublished":"2022-10-14T13:11:54+00:00","dateModified":"2022-10-14T13:11:55+00:00","author":{"@id":"https:\/\/pilt.com.ar\/parque-industrial\/#\/schema\/person\/2dfb9e2464de1c3deef20c25c30a8306"},"inLanguage":"es","potentialAction":[{"@type":"ReadAction","target":["https:\/\/pilt.com.ar\/parque-industrial\/nuevo-lote-vendido-en-el-pilt\/"]}]},{"@type":"ImageObject","inLanguage":"es","@id":"https:\/\/pilt.com.ar\/parque-industrial\/nuevo-lote-vendido-en-el-pilt\/#primaryimage","url":"https:\/\/i0.wp.com\/pilt.com.ar\/parque-industrial\/wp-content\/uploads\/2022\/10\/WhatsApp-Image-2022-10-14-at-08.55.41.jpeg?fit=1127%2C746&ssl=1","contentUrl":"https:\/\/i0.wp.com\/pilt.com.ar\/parque-industrial\/wp-content\/uploads\/2022\/10\/WhatsApp-Image-2022-10-14-at-08.55.41.jpeg?fit=1127%2C746&ssl=1","width":1127,"height":746},{"@type":"WebSite","@id":"https:\/\/pilt.com.ar\/parque-industrial\/#website","url":"https:\/\/pilt.com.ar\/parque-industrial\/","name":"PILT.com.ar","description":"Parque Industrial, Log\u00edstico y Tecnol\u00f3gico Villa Mar\u00eda","potentialAction":[{"@type":"SearchAction","target":{"@type":"EntryPoint","urlTemplate":"https:\/\/pilt.com.ar\/parque-industrial\/?s={search_term_string}"},"query-input":{"@type":"PropertyValueSpecification","valueRequired":true,"valueName":"search_term_string"}}],"inLanguage":"es"},{"@type":"Person","@id":"https:\/\/pilt.com.ar\/parque-industrial\/#\/schema\/person\/2dfb9e2464de1c3deef20c25c30a8306","name":"PILT","image":{"@type":"ImageObject","inLanguage":"es","@id":"https:\/\/secure.gravatar.com\/avatar\/5e3734c8d8c8e0b0d45f923c14a14d7b90521d573d02f0d91360a777095ee42b?s=96&d=mm&r=g","url":"https:\/\/secure.gravatar.com\/avatar\/5e3734c8d8c8e0b0d45f923c14a14d7b90521d573d02f0d91360a777095ee42b?s=96&d=mm&r=g","contentUrl":"https:\/\/secure.gravatar.com\/avatar\/5e3734c8d8c8e0b0d45f923c14a14d7b90521d573d02f0d91360a777095ee42b?s=96&d=mm&r=g","caption":"PILT"},"url":"https:\/\/pilt.com.ar\/parque-industrial\/author\/pilt\/"}]}},"jetpack_featured_media_url":"https:\/\/i0.wp.com\/pilt.com.ar\/parque-industrial\/wp-content\/uploads\/2022\/10\/WhatsApp-Image-2022-10-14-at-08.55.41.jpeg?fit=1127%2C746&ssl=1","jetpack_sharing_enabled":true,"_links":{"self":[{"href":"https:\/\/pilt.com.ar\/parque-industrial\/wp-json\/wp\/v2\/posts\/2599","targetHints":{"allow":["GET"]}}],"collection":[{"href":"https:\/\/pilt.com.ar\/parque-industrial\/wp-json\/wp\/v2\/posts"}],"about":[{"href":"https:\/\/pilt.com.ar\/parque-industrial\/wp-json\/wp\/v2\/types\/post"}],"author":[{"embeddable":true,"href":"https:\/\/pilt.com.ar\/parque-industrial\/wp-json\/wp\/v2\/users\/3"}],"replies":[{"embeddable":true,"href":"https:\/\/pilt.com.ar\/parque-industrial\/wp-json\/wp\/v2\/comments?post=2599"}],"version-history":[{"count":1,"href":"https:\/\/pilt.com.ar\/parque-industrial\/wp-json\/wp\/v2\/posts\/2599\/revisions"}],"predecessor-version":[{"id":2601,"href":"https:\/\/pilt.com.ar\/parque-industrial\/wp-json\/wp\/v2\/posts\/2599\/revisions\/2601"}],"wp:featuredmedia":[{"embeddable":true,"href":"https:\/\/pilt.com.ar\/parque-industrial\/wp-json\/wp\/v2\/media\/2600"}],"wp:attachment":[{"href":"https:\/\/pilt.com.ar\/parque-industrial\/wp-json\/wp\/v2\/media?parent=2599"}],"wp:term":[{"taxonomy":"category","embeddable":true,"href":"https:\/\/pilt.com.ar\/parque-industrial\/wp-json\/wp\/v2\/categories?post=2599"},{"taxonomy":"post_tag","embeddable":true,"href":"https:\/\/pilt.com.ar\/parque-industrial\/wp-json\/wp\/v2\/tags?post=2599"}],"curies":[{"name":"wp","href":"https:\/\/api.w.org\/{rel}","templated":true}]}}