{"id":2576,"date":"2022-09-29T15:49:35","date_gmt":"2022-09-29T18:49:35","guid":{"rendered":"https:\/\/pilt.com.ar\/parque-industrial\/?p=2576"},"modified":"2022-09-29T15:49:35","modified_gmt":"2022-09-29T18:49:35","slug":"estudiantes-del-centro-educativo-trinitario-visitaron-el-pilt","status":"publish","type":"post","link":"https:\/\/pilt.com.ar\/parque-industrial\/estudiantes-del-centro-educativo-trinitario-visitaron-el-pilt\/","title":{"rendered":"ESTUDIANTES DEL CENTRO EDUCATIVO TRINITARIO VISITARON EL PILT"},"content":{"rendered":"\n<p class=\"has-text-align-center\"><em>Fueron recibidos por el gerente, Carlos Montoto Galiano. Tambi\u00e9n estuvieron en una planta industrial.<\/em><\/p>\n\n\n\n<p class=\"has-text-align-justify\">Un grupo de estudiantes de quinta divisi\u00f3n del Nivel Secundario del Ciclo Orientado en Econom\u00eda y Administraci\u00f3n del Centro Educativo Trinitario estuvo en el Parque Industrial, Log\u00edstico y Tecnol\u00f3gico Villa Mar\u00eda (PILT), con la finalidad de conocer las distintas tareas que se llevan adelante en la entidad.<\/p>\n\n\n\n<p class=\"has-text-align-justify\">En la oportunidad, el gerente Carlos Montoto Galiano, los recibi\u00f3 en el sal\u00f3n de usos m\u00faltiples, explic\u00e1ndoles las caracter\u00edsticas del PILT. En ese sentido, se explay\u00f3 sobre los distintos sectores en los que est\u00e1 dividido el predio, los servicios que ofrece para las empresas que eligen localizarse y los trabajos que realiza la Administraci\u00f3n del Ente. Asimismo, marc\u00f3 las caracter\u00edsticas del Programa Nave para Emprendedores, que lleva adelante la organizaci\u00f3n y que tiene como finalidad potenciar a proyectos de alto potencial, a partir de ofrecer un espacio con todas las comodidades para su desarrollo y con un costo de alquiler sensiblemente menor al de mercado.<\/p>\n\n\n\n<p class=\"has-text-align-justify\">Los estudiantes, que concurrieron acompa\u00f1ados por las profesoras Fabiana Beassoni y Rosario Ricci, como as\u00ed tambi\u00e9n por la psicopedagoga Jorgelina Cafaratti, se trasladaron luego a la planta industrial de la empresa P di Prego. All\u00ed fueron recibidos por las autoridades de la firma, quienes les explicaron los distintos procesos que se llevan adelante para la producci\u00f3n de helados.<\/p>\n\n\n\n<p class=\"has-text-align-justify\">Cabe mencionar que la pr\u00f3xima semana otros grupos de estudiantes de la instituci\u00f3n educativa concurrir\u00e1n al Ente.<\/p>\n","protected":false},"excerpt":{"rendered":"<p>Fueron recibidos por el gerente, Carlos Montoto Galiano. Tambi\u00e9n estuvieron en una planta industrial. Un grupo de estudiantes de quinta divisi\u00f3n del Nivel Secundario del Ciclo Orientado en Econom\u00eda y Administraci\u00f3n del Centro Educativo Trinitario estuvo en el Parque Industrial, Log\u00edstico y Tecnol\u00f3gico Villa Mar\u00eda (PILT), con la finalidad de conocer las distintas tareas que [&hellip;]<\/p>\n","protected":false},"author":3,"featured_media":2577,"comment_status":"open","ping_status":"open","sticky":false,"template":"","format":"standard","meta":{"_jetpack_memberships_contains_paid_content":false,"footnotes":""},"categories":[2],"tags":[],"class_list":["post-2576","post","type-post","status-publish","format-standard","has-post-thumbnail","hentry","category-noticias"],"yoast_head":"<!-- This site is optimized with the Yoast SEO plugin v27.5 - https:\/\/yoast.com\/product\/yoast-seo-wordpress\/ -->\n<title>ESTUDIANTES DEL CENTRO EDUCATIVO TRINITARIO VISITARON EL PILT - PILT.com.ar<\/title>\n<meta name=\"robots\" content=\"index, follow, max-snippet:-1, max-image-preview:large, max-video-preview:-1\" \/>\n<link rel=\"canonical\" href=\"https:\/\/pilt.com.ar\/parque-industrial\/estudiantes-del-centro-educativo-trinitario-visitaron-el-pilt\/\" \/>\n<meta property=\"og:locale\" content=\"es_ES\" \/>\n<meta property=\"og:type\" content=\"article\" \/>\n<meta property=\"og:title\" content=\"ESTUDIANTES DEL CENTRO EDUCATIVO TRINITARIO VISITARON EL PILT - PILT.com.ar\" \/>\n<meta property=\"og:description\" content=\"Fueron recibidos por el gerente, Carlos Montoto Galiano. Tambi\u00e9n estuvieron en una planta industrial. Un grupo de estudiantes de quinta divisi\u00f3n del Nivel Secundario del Ciclo Orientado en Econom\u00eda y Administraci\u00f3n del Centro Educativo Trinitario estuvo en el Parque Industrial, Log\u00edstico y Tecnol\u00f3gico Villa Mar\u00eda (PILT), con la finalidad de conocer las distintas tareas que [&hellip;]\" \/>\n<meta property=\"og:url\" content=\"https:\/\/pilt.com.ar\/parque-industrial\/estudiantes-del-centro-educativo-trinitario-visitaron-el-pilt\/\" \/>\n<meta property=\"og:site_name\" content=\"PILT.com.ar\" \/>\n<meta property=\"article:published_time\" content=\"2022-09-29T18:49:35+00:00\" \/>\n<meta property=\"og:image\" content=\"https:\/\/i0.wp.com\/pilt.com.ar\/parque-industrial\/wp-content\/uploads\/2022\/09\/WhatsApp-Image-2022-09-29-at-15.42.20.jpeg?fit=1280%2C829&ssl=1\" \/>\n\t<meta property=\"og:image:width\" content=\"1280\" \/>\n\t<meta property=\"og:image:height\" content=\"829\" \/>\n\t<meta property=\"og:image:type\" content=\"image\/jpeg\" \/>\n<meta name=\"author\" content=\"PILT\" \/>\n<meta name=\"twitter:card\" content=\"summary_large_image\" \/>\n<meta name=\"twitter:label1\" content=\"Escrito por\" \/>\n\t<meta name=\"twitter:data1\" content=\"PILT\" \/>\n\t<meta name=\"twitter:label2\" content=\"Tiempo de lectura\" \/>\n\t<meta name=\"twitter:data2\" content=\"2 minutos\" \/>\n<script type=\"application\/ld+json\" class=\"yoast-schema-graph\">{\"@context\":\"https:\\\/\\\/schema.org\",\"@graph\":[{\"@type\":\"Article\",\"@id\":\"https:\\\/\\\/pilt.com.ar\\\/parque-industrial\\\/estudiantes-del-centro-educativo-trinitario-visitaron-el-pilt\\\/#article\",\"isPartOf\":{\"@id\":\"https:\\\/\\\/pilt.com.ar\\\/parque-industrial\\\/estudiantes-del-centro-educativo-trinitario-visitaron-el-pilt\\\/\"},\"author\":{\"name\":\"PILT\",\"@id\":\"https:\\\/\\\/pilt.com.ar\\\/parque-industrial\\\/#\\\/schema\\\/person\\\/2dfb9e2464de1c3deef20c25c30a8306\"},\"headline\":\"ESTUDIANTES DEL CENTRO EDUCATIVO TRINITARIO VISITARON EL PILT\",\"datePublished\":\"2022-09-29T18:49:35+00:00\",\"mainEntityOfPage\":{\"@id\":\"https:\\\/\\\/pilt.com.ar\\\/parque-industrial\\\/estudiantes-del-centro-educativo-trinitario-visitaron-el-pilt\\\/\"},\"wordCount\":269,\"commentCount\":0,\"image\":{\"@id\":\"https:\\\/\\\/pilt.com.ar\\\/parque-industrial\\\/estudiantes-del-centro-educativo-trinitario-visitaron-el-pilt\\\/#primaryimage\"},\"thumbnailUrl\":\"https:\\\/\\\/i0.wp.com\\\/pilt.com.ar\\\/parque-industrial\\\/wp-content\\\/uploads\\\/2022\\\/09\\\/WhatsApp-Image-2022-09-29-at-15.42.20.jpeg?fit=1280%2C829&ssl=1\",\"articleSection\":[\"Noticias\"],\"inLanguage\":\"es\",\"potentialAction\":[{\"@type\":\"CommentAction\",\"name\":\"Comment\",\"target\":[\"https:\\\/\\\/pilt.com.ar\\\/parque-industrial\\\/estudiantes-del-centro-educativo-trinitario-visitaron-el-pilt\\\/#respond\"]}]},{\"@type\":\"WebPage\",\"@id\":\"https:\\\/\\\/pilt.com.ar\\\/parque-industrial\\\/estudiantes-del-centro-educativo-trinitario-visitaron-el-pilt\\\/\",\"url\":\"https:\\\/\\\/pilt.com.ar\\\/parque-industrial\\\/estudiantes-del-centro-educativo-trinitario-visitaron-el-pilt\\\/\",\"name\":\"ESTUDIANTES DEL CENTRO EDUCATIVO TRINITARIO VISITARON EL PILT - PILT.com.ar\",\"isPartOf\":{\"@id\":\"https:\\\/\\\/pilt.com.ar\\\/parque-industrial\\\/#website\"},\"primaryImageOfPage\":{\"@id\":\"https:\\\/\\\/pilt.com.ar\\\/parque-industrial\\\/estudiantes-del-centro-educativo-trinitario-visitaron-el-pilt\\\/#primaryimage\"},\"image\":{\"@id\":\"https:\\\/\\\/pilt.com.ar\\\/parque-industrial\\\/estudiantes-del-centro-educativo-trinitario-visitaron-el-pilt\\\/#primaryimage\"},\"thumbnailUrl\":\"https:\\\/\\\/i0.wp.com\\\/pilt.com.ar\\\/parque-industrial\\\/wp-content\\\/uploads\\\/2022\\\/09\\\/WhatsApp-Image-2022-09-29-at-15.42.20.jpeg?fit=1280%2C829&ssl=1\",\"datePublished\":\"2022-09-29T18:49:35+00:00\",\"author\":{\"@id\":\"https:\\\/\\\/pilt.com.ar\\\/parque-industrial\\\/#\\\/schema\\\/person\\\/2dfb9e2464de1c3deef20c25c30a8306\"},\"inLanguage\":\"es\",\"potentialAction\":[{\"@type\":\"ReadAction\",\"target\":[\"https:\\\/\\\/pilt.com.ar\\\/parque-industrial\\\/estudiantes-del-centro-educativo-trinitario-visitaron-el-pilt\\\/\"]}]},{\"@type\":\"ImageObject\",\"inLanguage\":\"es\",\"@id\":\"https:\\\/\\\/pilt.com.ar\\\/parque-industrial\\\/estudiantes-del-centro-educativo-trinitario-visitaron-el-pilt\\\/#primaryimage\",\"url\":\"https:\\\/\\\/i0.wp.com\\\/pilt.com.ar\\\/parque-industrial\\\/wp-content\\\/uploads\\\/2022\\\/09\\\/WhatsApp-Image-2022-09-29-at-15.42.20.jpeg?fit=1280%2C829&ssl=1\",\"contentUrl\":\"https:\\\/\\\/i0.wp.com\\\/pilt.com.ar\\\/parque-industrial\\\/wp-content\\\/uploads\\\/2022\\\/09\\\/WhatsApp-Image-2022-09-29-at-15.42.20.jpeg?fit=1280%2C829&ssl=1\",\"width\":1280,\"height\":829},{\"@type\":\"WebSite\",\"@id\":\"https:\\\/\\\/pilt.com.ar\\\/parque-industrial\\\/#website\",\"url\":\"https:\\\/\\\/pilt.com.ar\\\/parque-industrial\\\/\",\"name\":\"PILT.com.ar\",\"description\":\"Parque Industrial, Log\u00edstico y Tecnol\u00f3gico Villa Mar\u00eda\",\"potentialAction\":[{\"@type\":\"SearchAction\",\"target\":{\"@type\":\"EntryPoint\",\"urlTemplate\":\"https:\\\/\\\/pilt.com.ar\\\/parque-industrial\\\/?s={search_term_string}\"},\"query-input\":{\"@type\":\"PropertyValueSpecification\",\"valueRequired\":true,\"valueName\":\"search_term_string\"}}],\"inLanguage\":\"es\"},{\"@type\":\"Person\",\"@id\":\"https:\\\/\\\/pilt.com.ar\\\/parque-industrial\\\/#\\\/schema\\\/person\\\/2dfb9e2464de1c3deef20c25c30a8306\",\"name\":\"PILT\",\"image\":{\"@type\":\"ImageObject\",\"inLanguage\":\"es\",\"@id\":\"https:\\\/\\\/secure.gravatar.com\\\/avatar\\\/5e3734c8d8c8e0b0d45f923c14a14d7b90521d573d02f0d91360a777095ee42b?s=96&d=mm&r=g\",\"url\":\"https:\\\/\\\/secure.gravatar.com\\\/avatar\\\/5e3734c8d8c8e0b0d45f923c14a14d7b90521d573d02f0d91360a777095ee42b?s=96&d=mm&r=g\",\"contentUrl\":\"https:\\\/\\\/secure.gravatar.com\\\/avatar\\\/5e3734c8d8c8e0b0d45f923c14a14d7b90521d573d02f0d91360a777095ee42b?s=96&d=mm&r=g\",\"caption\":\"PILT\"},\"url\":\"https:\\\/\\\/pilt.com.ar\\\/parque-industrial\\\/author\\\/pilt\\\/\"}]}<\/script>\n<!-- \/ Yoast SEO plugin. -->","yoast_head_json":{"title":"ESTUDIANTES DEL CENTRO EDUCATIVO TRINITARIO VISITARON EL PILT - PILT.com.ar","robots":{"index":"index","follow":"follow","max-snippet":"max-snippet:-1","max-image-preview":"max-image-preview:large","max-video-preview":"max-video-preview:-1"},"canonical":"https:\/\/pilt.com.ar\/parque-industrial\/estudiantes-del-centro-educativo-trinitario-visitaron-el-pilt\/","og_locale":"es_ES","og_type":"article","og_title":"ESTUDIANTES DEL CENTRO EDUCATIVO TRINITARIO VISITARON EL PILT - PILT.com.ar","og_description":"Fueron recibidos por el gerente, Carlos Montoto Galiano. Tambi\u00e9n estuvieron en una planta industrial. Un grupo de estudiantes de quinta divisi\u00f3n del Nivel Secundario del Ciclo Orientado en Econom\u00eda y Administraci\u00f3n del Centro Educativo Trinitario estuvo en el Parque Industrial, Log\u00edstico y Tecnol\u00f3gico Villa Mar\u00eda (PILT), con la finalidad de conocer las distintas tareas que [&hellip;]","og_url":"https:\/\/pilt.com.ar\/parque-industrial\/estudiantes-del-centro-educativo-trinitario-visitaron-el-pilt\/","og_site_name":"PILT.com.ar","article_published_time":"2022-09-29T18:49:35+00:00","og_image":[{"width":1280,"height":829,"url":"https:\/\/i0.wp.com\/pilt.com.ar\/parque-industrial\/wp-content\/uploads\/2022\/09\/WhatsApp-Image-2022-09-29-at-15.42.20.jpeg?fit=1280%2C829&ssl=1","type":"image\/jpeg"}],"author":"PILT","twitter_card":"summary_large_image","twitter_misc":{"Escrito por":"PILT","Tiempo de lectura":"2 minutos"},"schema":{"@context":"https:\/\/schema.org","@graph":[{"@type":"Article","@id":"https:\/\/pilt.com.ar\/parque-industrial\/estudiantes-del-centro-educativo-trinitario-visitaron-el-pilt\/#article","isPartOf":{"@id":"https:\/\/pilt.com.ar\/parque-industrial\/estudiantes-del-centro-educativo-trinitario-visitaron-el-pilt\/"},"author":{"name":"PILT","@id":"https:\/\/pilt.com.ar\/parque-industrial\/#\/schema\/person\/2dfb9e2464de1c3deef20c25c30a8306"},"headline":"ESTUDIANTES DEL CENTRO EDUCATIVO TRINITARIO VISITARON EL PILT","datePublished":"2022-09-29T18:49:35+00:00","mainEntityOfPage":{"@id":"https:\/\/pilt.com.ar\/parque-industrial\/estudiantes-del-centro-educativo-trinitario-visitaron-el-pilt\/"},"wordCount":269,"commentCount":0,"image":{"@id":"https:\/\/pilt.com.ar\/parque-industrial\/estudiantes-del-centro-educativo-trinitario-visitaron-el-pilt\/#primaryimage"},"thumbnailUrl":"https:\/\/i0.wp.com\/pilt.com.ar\/parque-industrial\/wp-content\/uploads\/2022\/09\/WhatsApp-Image-2022-09-29-at-15.42.20.jpeg?fit=1280%2C829&ssl=1","articleSection":["Noticias"],"inLanguage":"es","potentialAction":[{"@type":"CommentAction","name":"Comment","target":["https:\/\/pilt.com.ar\/parque-industrial\/estudiantes-del-centro-educativo-trinitario-visitaron-el-pilt\/#respond"]}]},{"@type":"WebPage","@id":"https:\/\/pilt.com.ar\/parque-industrial\/estudiantes-del-centro-educativo-trinitario-visitaron-el-pilt\/","url":"https:\/\/pilt.com.ar\/parque-industrial\/estudiantes-del-centro-educativo-trinitario-visitaron-el-pilt\/","name":"ESTUDIANTES DEL CENTRO EDUCATIVO TRINITARIO VISITARON EL PILT - PILT.com.ar","isPartOf":{"@id":"https:\/\/pilt.com.ar\/parque-industrial\/#website"},"primaryImageOfPage":{"@id":"https:\/\/pilt.com.ar\/parque-industrial\/estudiantes-del-centro-educativo-trinitario-visitaron-el-pilt\/#primaryimage"},"image":{"@id":"https:\/\/pilt.com.ar\/parque-industrial\/estudiantes-del-centro-educativo-trinitario-visitaron-el-pilt\/#primaryimage"},"thumbnailUrl":"https:\/\/i0.wp.com\/pilt.com.ar\/parque-industrial\/wp-content\/uploads\/2022\/09\/WhatsApp-Image-2022-09-29-at-15.42.20.jpeg?fit=1280%2C829&ssl=1","datePublished":"2022-09-29T18:49:35+00:00","author":{"@id":"https:\/\/pilt.com.ar\/parque-industrial\/#\/schema\/person\/2dfb9e2464de1c3deef20c25c30a8306"},"inLanguage":"es","potentialAction":[{"@type":"ReadAction","target":["https:\/\/pilt.com.ar\/parque-industrial\/estudiantes-del-centro-educativo-trinitario-visitaron-el-pilt\/"]}]},{"@type":"ImageObject","inLanguage":"es","@id":"https:\/\/pilt.com.ar\/parque-industrial\/estudiantes-del-centro-educativo-trinitario-visitaron-el-pilt\/#primaryimage","url":"https:\/\/i0.wp.com\/pilt.com.ar\/parque-industrial\/wp-content\/uploads\/2022\/09\/WhatsApp-Image-2022-09-29-at-15.42.20.jpeg?fit=1280%2C829&ssl=1","contentUrl":"https:\/\/i0.wp.com\/pilt.com.ar\/parque-industrial\/wp-content\/uploads\/2022\/09\/WhatsApp-Image-2022-09-29-at-15.42.20.jpeg?fit=1280%2C829&ssl=1","width":1280,"height":829},{"@type":"WebSite","@id":"https:\/\/pilt.com.ar\/parque-industrial\/#website","url":"https:\/\/pilt.com.ar\/parque-industrial\/","name":"PILT.com.ar","description":"Parque Industrial, Log\u00edstico y Tecnol\u00f3gico Villa Mar\u00eda","potentialAction":[{"@type":"SearchAction","target":{"@type":"EntryPoint","urlTemplate":"https:\/\/pilt.com.ar\/parque-industrial\/?s={search_term_string}"},"query-input":{"@type":"PropertyValueSpecification","valueRequired":true,"valueName":"search_term_string"}}],"inLanguage":"es"},{"@type":"Person","@id":"https:\/\/pilt.com.ar\/parque-industrial\/#\/schema\/person\/2dfb9e2464de1c3deef20c25c30a8306","name":"PILT","image":{"@type":"ImageObject","inLanguage":"es","@id":"https:\/\/secure.gravatar.com\/avatar\/5e3734c8d8c8e0b0d45f923c14a14d7b90521d573d02f0d91360a777095ee42b?s=96&d=mm&r=g","url":"https:\/\/secure.gravatar.com\/avatar\/5e3734c8d8c8e0b0d45f923c14a14d7b90521d573d02f0d91360a777095ee42b?s=96&d=mm&r=g","contentUrl":"https:\/\/secure.gravatar.com\/avatar\/5e3734c8d8c8e0b0d45f923c14a14d7b90521d573d02f0d91360a777095ee42b?s=96&d=mm&r=g","caption":"PILT"},"url":"https:\/\/pilt.com.ar\/parque-industrial\/author\/pilt\/"}]}},"jetpack_featured_media_url":"https:\/\/i0.wp.com\/pilt.com.ar\/parque-industrial\/wp-content\/uploads\/2022\/09\/WhatsApp-Image-2022-09-29-at-15.42.20.jpeg?fit=1280%2C829&ssl=1","jetpack_sharing_enabled":true,"_links":{"self":[{"href":"https:\/\/pilt.com.ar\/parque-industrial\/wp-json\/wp\/v2\/posts\/2576","targetHints":{"allow":["GET"]}}],"collection":[{"href":"https:\/\/pilt.com.ar\/parque-industrial\/wp-json\/wp\/v2\/posts"}],"about":[{"href":"https:\/\/pilt.com.ar\/parque-industrial\/wp-json\/wp\/v2\/types\/post"}],"author":[{"embeddable":true,"href":"https:\/\/pilt.com.ar\/parque-industrial\/wp-json\/wp\/v2\/users\/3"}],"replies":[{"embeddable":true,"href":"https:\/\/pilt.com.ar\/parque-industrial\/wp-json\/wp\/v2\/comments?post=2576"}],"version-history":[{"count":1,"href":"https:\/\/pilt.com.ar\/parque-industrial\/wp-json\/wp\/v2\/posts\/2576\/revisions"}],"predecessor-version":[{"id":2578,"href":"https:\/\/pilt.com.ar\/parque-industrial\/wp-json\/wp\/v2\/posts\/2576\/revisions\/2578"}],"wp:featuredmedia":[{"embeddable":true,"href":"https:\/\/pilt.com.ar\/parque-industrial\/wp-json\/wp\/v2\/media\/2577"}],"wp:attachment":[{"href":"https:\/\/pilt.com.ar\/parque-industrial\/wp-json\/wp\/v2\/media?parent=2576"}],"wp:term":[{"taxonomy":"category","embeddable":true,"href":"https:\/\/pilt.com.ar\/parque-industrial\/wp-json\/wp\/v2\/categories?post=2576"},{"taxonomy":"post_tag","embeddable":true,"href":"https:\/\/pilt.com.ar\/parque-industrial\/wp-json\/wp\/v2\/tags?post=2576"}],"curies":[{"name":"wp","href":"https:\/\/api.w.org\/{rel}","templated":true}]}}