{"id":2573,"date":"2022-09-28T09:33:22","date_gmt":"2022-09-28T12:33:22","guid":{"rendered":"https:\/\/pilt.com.ar\/parque-industrial\/?p=2573"},"modified":"2022-09-28T09:33:23","modified_gmt":"2022-09-28T12:33:23","slug":"el-pilt-adquirira-una-ambulancia-de-alta-complejidad-para-el-futuro-caps","status":"publish","type":"post","link":"https:\/\/pilt.com.ar\/parque-industrial\/el-pilt-adquirira-una-ambulancia-de-alta-complejidad-para-el-futuro-caps\/","title":{"rendered":"EL PILT ADQUIRIR\u00c1 UNA AMBULANCIA DE ALTA COMPLEJIDAD PARA EL FUTURO CAPS"},"content":{"rendered":"\n<p class=\"has-text-align-center\"><em>La entidad, en conjunto con el Gobierno local, desarrollar\u00e1 ese espacio que servir\u00e1 a los miembros del Parque y vecinos.<\/em><\/p>\n\n\n\n<p class=\"has-text-align-justify\">En un proyecto realmente novedoso, el Parque Industrial, Log\u00edstico y Tecnol\u00f3gico Villa Mar\u00eda (PILT) montar\u00e1 en conjunto con la Municipalidad un Centro de Atenci\u00f3n Primaria de Salud (CAPS) en el predio, que brindar\u00e1 servicios para los miembros de la entidad y vecinos de barrios cercanos. El convenio se suscribi\u00f3 d\u00edas pasados en la sede del Gobierno comunal y cont\u00f3 con la presencia del intendente Mart\u00edn Gill.<\/p>\n\n\n\n<p class=\"has-text-align-justify\">Al t\u00e9rmino del acto el presidente del PILT, ing. Carlos Pizzorno, se\u00f1al\u00f3 que el acuerdo establece que el municipio \u201cse har\u00e1 cargo de un m\u00e9dico, una enfermera, y un param\u00e9dico que estar\u00e1n presentes en el Parque en los horarios habituales de trabajo de las empresas. La entidad a su vez montar\u00e1 una construcci\u00f3n con un consultorio m\u00e9dico, sala de espera y shock room. Tambi\u00e9n vamos a poner a disposici\u00f3n una ambulancia no solo para la gente que desarrolla actividades en el Parque, sino tambi\u00e9n de los vecinos de nuestro sector\u201d.<\/p>\n\n\n\n<p class=\"has-text-align-justify\">A la vez, el directivo sostuvo que la iniciativa dar\u00e1 gran tranquilidad a quienes llevan adelante tareas en el PILT porque \u201cen donde se trabaja con equipamiento pesado, energ\u00eda el\u00e9ctrica, con m\u00e1quinas de potencia, sabemos que los accidentes -aunque respondan a una causa humana- existen; as\u00ed que tener la posibilidad de una atenci\u00f3n m\u00e9dica de urgencia y de calidad es una ventaja muy grande y una enorme tranquilidad\u201d.<\/p>\n\n\n\n<p class=\"has-text-align-justify\">Es importante resaltar que la ambulancia que adquirir\u00e1 el PILT estar\u00e1 equipada con UTI (unidad de terapia intensiva), y representa una inversi\u00f3n cercana a los 14 millones de pesos, entre veh\u00edculo y equipamiento.<\/p>\n\n\n\n<p class=\"has-text-align-justify\">Por otra parte, en el marco del Foro Nacional de Ciudades ODS (Objetivos de Desarrollo Sostenible), que se concreta en la ciudad, durante la tarde de ayer hubo un encuentro en el sal\u00f3n de usos m\u00faltiples de la entidad. All\u00ed se analizaron experiencias ODS para el mundo empresario, con la puesta en valor de las acciones llevadas a cabo por las empresas Capilla del Se\u00f1or y Autex.<\/p>\n\n\n\n<p class=\"has-text-align-justify\">El encuentro tuvo la participaci\u00f3n del intendente municipal, Mart\u00edn Gill; el secretario de Planeamiento, Relaciones Institucionales y V\u00ednculos Comunitarios, Otto Wester; el gerente del PILT, Carlos Montoto Galiano, y funcionarios nacionales vinculados a dicha \u00e1rea.<\/p>\n","protected":false},"excerpt":{"rendered":"<p>La entidad, en conjunto con el Gobierno local, desarrollar\u00e1 ese espacio que servir\u00e1 a los miembros del Parque y vecinos. En un proyecto realmente novedoso, el Parque Industrial, Log\u00edstico y Tecnol\u00f3gico Villa Mar\u00eda (PILT) montar\u00e1 en conjunto con la Municipalidad un Centro de Atenci\u00f3n Primaria de Salud (CAPS) en el predio, que brindar\u00e1 servicios para [&hellip;]<\/p>\n","protected":false},"author":3,"featured_media":2574,"comment_status":"open","ping_status":"open","sticky":false,"template":"","format":"standard","meta":{"_jetpack_memberships_contains_paid_content":false,"footnotes":""},"categories":[2],"tags":[],"class_list":["post-2573","post","type-post","status-publish","format-standard","has-post-thumbnail","hentry","category-noticias"],"yoast_head":"<!-- This site is optimized with the Yoast SEO plugin v27.5 - https:\/\/yoast.com\/product\/yoast-seo-wordpress\/ -->\n<title>EL PILT ADQUIRIR\u00c1 UNA AMBULANCIA DE ALTA COMPLEJIDAD PARA EL FUTURO CAPS - PILT.com.ar<\/title>\n<meta name=\"robots\" content=\"index, follow, max-snippet:-1, max-image-preview:large, max-video-preview:-1\" \/>\n<link rel=\"canonical\" href=\"https:\/\/pilt.com.ar\/parque-industrial\/el-pilt-adquirira-una-ambulancia-de-alta-complejidad-para-el-futuro-caps\/\" \/>\n<meta property=\"og:locale\" content=\"es_ES\" \/>\n<meta property=\"og:type\" content=\"article\" \/>\n<meta property=\"og:title\" content=\"EL PILT ADQUIRIR\u00c1 UNA AMBULANCIA DE ALTA COMPLEJIDAD PARA EL FUTURO CAPS - PILT.com.ar\" \/>\n<meta property=\"og:description\" content=\"La entidad, en conjunto con el Gobierno local, desarrollar\u00e1 ese espacio que servir\u00e1 a los miembros del Parque y vecinos. En un proyecto realmente novedoso, el Parque Industrial, Log\u00edstico y Tecnol\u00f3gico Villa Mar\u00eda (PILT) montar\u00e1 en conjunto con la Municipalidad un Centro de Atenci\u00f3n Primaria de Salud (CAPS) en el predio, que brindar\u00e1 servicios para [&hellip;]\" \/>\n<meta property=\"og:url\" content=\"https:\/\/pilt.com.ar\/parque-industrial\/el-pilt-adquirira-una-ambulancia-de-alta-complejidad-para-el-futuro-caps\/\" \/>\n<meta property=\"og:site_name\" content=\"PILT.com.ar\" \/>\n<meta property=\"article:published_time\" content=\"2022-09-28T12:33:22+00:00\" \/>\n<meta property=\"article:modified_time\" content=\"2022-09-28T12:33:23+00:00\" \/>\n<meta property=\"og:image\" content=\"https:\/\/i0.wp.com\/pilt.com.ar\/parque-industrial\/wp-content\/uploads\/2022\/09\/WhatsApp-Image-2022-09-28-at-09.20.47.jpeg?fit=809%2C656&ssl=1\" \/>\n\t<meta property=\"og:image:width\" content=\"809\" \/>\n\t<meta property=\"og:image:height\" content=\"656\" \/>\n\t<meta property=\"og:image:type\" content=\"image\/jpeg\" \/>\n<meta name=\"author\" content=\"PILT\" \/>\n<meta name=\"twitter:card\" content=\"summary_large_image\" \/>\n<meta name=\"twitter:label1\" content=\"Escrito por\" \/>\n\t<meta name=\"twitter:data1\" content=\"PILT\" \/>\n\t<meta name=\"twitter:label2\" content=\"Tiempo de lectura\" \/>\n\t<meta name=\"twitter:data2\" content=\"2 minutos\" \/>\n<script type=\"application\/ld+json\" class=\"yoast-schema-graph\">{\"@context\":\"https:\\\/\\\/schema.org\",\"@graph\":[{\"@type\":\"Article\",\"@id\":\"https:\\\/\\\/pilt.com.ar\\\/parque-industrial\\\/el-pilt-adquirira-una-ambulancia-de-alta-complejidad-para-el-futuro-caps\\\/#article\",\"isPartOf\":{\"@id\":\"https:\\\/\\\/pilt.com.ar\\\/parque-industrial\\\/el-pilt-adquirira-una-ambulancia-de-alta-complejidad-para-el-futuro-caps\\\/\"},\"author\":{\"name\":\"PILT\",\"@id\":\"https:\\\/\\\/pilt.com.ar\\\/parque-industrial\\\/#\\\/schema\\\/person\\\/2dfb9e2464de1c3deef20c25c30a8306\"},\"headline\":\"EL PILT ADQUIRIR\u00c1 UNA AMBULANCIA DE ALTA COMPLEJIDAD PARA EL FUTURO CAPS\",\"datePublished\":\"2022-09-28T12:33:22+00:00\",\"dateModified\":\"2022-09-28T12:33:23+00:00\",\"mainEntityOfPage\":{\"@id\":\"https:\\\/\\\/pilt.com.ar\\\/parque-industrial\\\/el-pilt-adquirira-una-ambulancia-de-alta-complejidad-para-el-futuro-caps\\\/\"},\"wordCount\":419,\"commentCount\":0,\"image\":{\"@id\":\"https:\\\/\\\/pilt.com.ar\\\/parque-industrial\\\/el-pilt-adquirira-una-ambulancia-de-alta-complejidad-para-el-futuro-caps\\\/#primaryimage\"},\"thumbnailUrl\":\"https:\\\/\\\/i0.wp.com\\\/pilt.com.ar\\\/parque-industrial\\\/wp-content\\\/uploads\\\/2022\\\/09\\\/WhatsApp-Image-2022-09-28-at-09.20.47.jpeg?fit=809%2C656&ssl=1\",\"articleSection\":[\"Noticias\"],\"inLanguage\":\"es\",\"potentialAction\":[{\"@type\":\"CommentAction\",\"name\":\"Comment\",\"target\":[\"https:\\\/\\\/pilt.com.ar\\\/parque-industrial\\\/el-pilt-adquirira-una-ambulancia-de-alta-complejidad-para-el-futuro-caps\\\/#respond\"]}]},{\"@type\":\"WebPage\",\"@id\":\"https:\\\/\\\/pilt.com.ar\\\/parque-industrial\\\/el-pilt-adquirira-una-ambulancia-de-alta-complejidad-para-el-futuro-caps\\\/\",\"url\":\"https:\\\/\\\/pilt.com.ar\\\/parque-industrial\\\/el-pilt-adquirira-una-ambulancia-de-alta-complejidad-para-el-futuro-caps\\\/\",\"name\":\"EL PILT ADQUIRIR\u00c1 UNA AMBULANCIA DE ALTA COMPLEJIDAD PARA EL FUTURO CAPS - PILT.com.ar\",\"isPartOf\":{\"@id\":\"https:\\\/\\\/pilt.com.ar\\\/parque-industrial\\\/#website\"},\"primaryImageOfPage\":{\"@id\":\"https:\\\/\\\/pilt.com.ar\\\/parque-industrial\\\/el-pilt-adquirira-una-ambulancia-de-alta-complejidad-para-el-futuro-caps\\\/#primaryimage\"},\"image\":{\"@id\":\"https:\\\/\\\/pilt.com.ar\\\/parque-industrial\\\/el-pilt-adquirira-una-ambulancia-de-alta-complejidad-para-el-futuro-caps\\\/#primaryimage\"},\"thumbnailUrl\":\"https:\\\/\\\/i0.wp.com\\\/pilt.com.ar\\\/parque-industrial\\\/wp-content\\\/uploads\\\/2022\\\/09\\\/WhatsApp-Image-2022-09-28-at-09.20.47.jpeg?fit=809%2C656&ssl=1\",\"datePublished\":\"2022-09-28T12:33:22+00:00\",\"dateModified\":\"2022-09-28T12:33:23+00:00\",\"author\":{\"@id\":\"https:\\\/\\\/pilt.com.ar\\\/parque-industrial\\\/#\\\/schema\\\/person\\\/2dfb9e2464de1c3deef20c25c30a8306\"},\"inLanguage\":\"es\",\"potentialAction\":[{\"@type\":\"ReadAction\",\"target\":[\"https:\\\/\\\/pilt.com.ar\\\/parque-industrial\\\/el-pilt-adquirira-una-ambulancia-de-alta-complejidad-para-el-futuro-caps\\\/\"]}]},{\"@type\":\"ImageObject\",\"inLanguage\":\"es\",\"@id\":\"https:\\\/\\\/pilt.com.ar\\\/parque-industrial\\\/el-pilt-adquirira-una-ambulancia-de-alta-complejidad-para-el-futuro-caps\\\/#primaryimage\",\"url\":\"https:\\\/\\\/i0.wp.com\\\/pilt.com.ar\\\/parque-industrial\\\/wp-content\\\/uploads\\\/2022\\\/09\\\/WhatsApp-Image-2022-09-28-at-09.20.47.jpeg?fit=809%2C656&ssl=1\",\"contentUrl\":\"https:\\\/\\\/i0.wp.com\\\/pilt.com.ar\\\/parque-industrial\\\/wp-content\\\/uploads\\\/2022\\\/09\\\/WhatsApp-Image-2022-09-28-at-09.20.47.jpeg?fit=809%2C656&ssl=1\",\"width\":809,\"height\":656},{\"@type\":\"WebSite\",\"@id\":\"https:\\\/\\\/pilt.com.ar\\\/parque-industrial\\\/#website\",\"url\":\"https:\\\/\\\/pilt.com.ar\\\/parque-industrial\\\/\",\"name\":\"PILT.com.ar\",\"description\":\"Parque Industrial, Log\u00edstico y Tecnol\u00f3gico Villa Mar\u00eda\",\"potentialAction\":[{\"@type\":\"SearchAction\",\"target\":{\"@type\":\"EntryPoint\",\"urlTemplate\":\"https:\\\/\\\/pilt.com.ar\\\/parque-industrial\\\/?s={search_term_string}\"},\"query-input\":{\"@type\":\"PropertyValueSpecification\",\"valueRequired\":true,\"valueName\":\"search_term_string\"}}],\"inLanguage\":\"es\"},{\"@type\":\"Person\",\"@id\":\"https:\\\/\\\/pilt.com.ar\\\/parque-industrial\\\/#\\\/schema\\\/person\\\/2dfb9e2464de1c3deef20c25c30a8306\",\"name\":\"PILT\",\"image\":{\"@type\":\"ImageObject\",\"inLanguage\":\"es\",\"@id\":\"https:\\\/\\\/secure.gravatar.com\\\/avatar\\\/5e3734c8d8c8e0b0d45f923c14a14d7b90521d573d02f0d91360a777095ee42b?s=96&d=mm&r=g\",\"url\":\"https:\\\/\\\/secure.gravatar.com\\\/avatar\\\/5e3734c8d8c8e0b0d45f923c14a14d7b90521d573d02f0d91360a777095ee42b?s=96&d=mm&r=g\",\"contentUrl\":\"https:\\\/\\\/secure.gravatar.com\\\/avatar\\\/5e3734c8d8c8e0b0d45f923c14a14d7b90521d573d02f0d91360a777095ee42b?s=96&d=mm&r=g\",\"caption\":\"PILT\"},\"url\":\"https:\\\/\\\/pilt.com.ar\\\/parque-industrial\\\/author\\\/pilt\\\/\"}]}<\/script>\n<!-- \/ Yoast SEO plugin. -->","yoast_head_json":{"title":"EL PILT ADQUIRIR\u00c1 UNA AMBULANCIA DE ALTA COMPLEJIDAD PARA EL FUTURO CAPS - PILT.com.ar","robots":{"index":"index","follow":"follow","max-snippet":"max-snippet:-1","max-image-preview":"max-image-preview:large","max-video-preview":"max-video-preview:-1"},"canonical":"https:\/\/pilt.com.ar\/parque-industrial\/el-pilt-adquirira-una-ambulancia-de-alta-complejidad-para-el-futuro-caps\/","og_locale":"es_ES","og_type":"article","og_title":"EL PILT ADQUIRIR\u00c1 UNA AMBULANCIA DE ALTA COMPLEJIDAD PARA EL FUTURO CAPS - PILT.com.ar","og_description":"La entidad, en conjunto con el Gobierno local, desarrollar\u00e1 ese espacio que servir\u00e1 a los miembros del Parque y vecinos. En un proyecto realmente novedoso, el Parque Industrial, Log\u00edstico y Tecnol\u00f3gico Villa Mar\u00eda (PILT) montar\u00e1 en conjunto con la Municipalidad un Centro de Atenci\u00f3n Primaria de Salud (CAPS) en el predio, que brindar\u00e1 servicios para [&hellip;]","og_url":"https:\/\/pilt.com.ar\/parque-industrial\/el-pilt-adquirira-una-ambulancia-de-alta-complejidad-para-el-futuro-caps\/","og_site_name":"PILT.com.ar","article_published_time":"2022-09-28T12:33:22+00:00","article_modified_time":"2022-09-28T12:33:23+00:00","og_image":[{"width":809,"height":656,"url":"https:\/\/i0.wp.com\/pilt.com.ar\/parque-industrial\/wp-content\/uploads\/2022\/09\/WhatsApp-Image-2022-09-28-at-09.20.47.jpeg?fit=809%2C656&ssl=1","type":"image\/jpeg"}],"author":"PILT","twitter_card":"summary_large_image","twitter_misc":{"Escrito por":"PILT","Tiempo de lectura":"2 minutos"},"schema":{"@context":"https:\/\/schema.org","@graph":[{"@type":"Article","@id":"https:\/\/pilt.com.ar\/parque-industrial\/el-pilt-adquirira-una-ambulancia-de-alta-complejidad-para-el-futuro-caps\/#article","isPartOf":{"@id":"https:\/\/pilt.com.ar\/parque-industrial\/el-pilt-adquirira-una-ambulancia-de-alta-complejidad-para-el-futuro-caps\/"},"author":{"name":"PILT","@id":"https:\/\/pilt.com.ar\/parque-industrial\/#\/schema\/person\/2dfb9e2464de1c3deef20c25c30a8306"},"headline":"EL PILT ADQUIRIR\u00c1 UNA AMBULANCIA DE ALTA COMPLEJIDAD PARA EL FUTURO CAPS","datePublished":"2022-09-28T12:33:22+00:00","dateModified":"2022-09-28T12:33:23+00:00","mainEntityOfPage":{"@id":"https:\/\/pilt.com.ar\/parque-industrial\/el-pilt-adquirira-una-ambulancia-de-alta-complejidad-para-el-futuro-caps\/"},"wordCount":419,"commentCount":0,"image":{"@id":"https:\/\/pilt.com.ar\/parque-industrial\/el-pilt-adquirira-una-ambulancia-de-alta-complejidad-para-el-futuro-caps\/#primaryimage"},"thumbnailUrl":"https:\/\/i0.wp.com\/pilt.com.ar\/parque-industrial\/wp-content\/uploads\/2022\/09\/WhatsApp-Image-2022-09-28-at-09.20.47.jpeg?fit=809%2C656&ssl=1","articleSection":["Noticias"],"inLanguage":"es","potentialAction":[{"@type":"CommentAction","name":"Comment","target":["https:\/\/pilt.com.ar\/parque-industrial\/el-pilt-adquirira-una-ambulancia-de-alta-complejidad-para-el-futuro-caps\/#respond"]}]},{"@type":"WebPage","@id":"https:\/\/pilt.com.ar\/parque-industrial\/el-pilt-adquirira-una-ambulancia-de-alta-complejidad-para-el-futuro-caps\/","url":"https:\/\/pilt.com.ar\/parque-industrial\/el-pilt-adquirira-una-ambulancia-de-alta-complejidad-para-el-futuro-caps\/","name":"EL PILT ADQUIRIR\u00c1 UNA AMBULANCIA DE ALTA COMPLEJIDAD PARA EL FUTURO CAPS - PILT.com.ar","isPartOf":{"@id":"https:\/\/pilt.com.ar\/parque-industrial\/#website"},"primaryImageOfPage":{"@id":"https:\/\/pilt.com.ar\/parque-industrial\/el-pilt-adquirira-una-ambulancia-de-alta-complejidad-para-el-futuro-caps\/#primaryimage"},"image":{"@id":"https:\/\/pilt.com.ar\/parque-industrial\/el-pilt-adquirira-una-ambulancia-de-alta-complejidad-para-el-futuro-caps\/#primaryimage"},"thumbnailUrl":"https:\/\/i0.wp.com\/pilt.com.ar\/parque-industrial\/wp-content\/uploads\/2022\/09\/WhatsApp-Image-2022-09-28-at-09.20.47.jpeg?fit=809%2C656&ssl=1","datePublished":"2022-09-28T12:33:22+00:00","dateModified":"2022-09-28T12:33:23+00:00","author":{"@id":"https:\/\/pilt.com.ar\/parque-industrial\/#\/schema\/person\/2dfb9e2464de1c3deef20c25c30a8306"},"inLanguage":"es","potentialAction":[{"@type":"ReadAction","target":["https:\/\/pilt.com.ar\/parque-industrial\/el-pilt-adquirira-una-ambulancia-de-alta-complejidad-para-el-futuro-caps\/"]}]},{"@type":"ImageObject","inLanguage":"es","@id":"https:\/\/pilt.com.ar\/parque-industrial\/el-pilt-adquirira-una-ambulancia-de-alta-complejidad-para-el-futuro-caps\/#primaryimage","url":"https:\/\/i0.wp.com\/pilt.com.ar\/parque-industrial\/wp-content\/uploads\/2022\/09\/WhatsApp-Image-2022-09-28-at-09.20.47.jpeg?fit=809%2C656&ssl=1","contentUrl":"https:\/\/i0.wp.com\/pilt.com.ar\/parque-industrial\/wp-content\/uploads\/2022\/09\/WhatsApp-Image-2022-09-28-at-09.20.47.jpeg?fit=809%2C656&ssl=1","width":809,"height":656},{"@type":"WebSite","@id":"https:\/\/pilt.com.ar\/parque-industrial\/#website","url":"https:\/\/pilt.com.ar\/parque-industrial\/","name":"PILT.com.ar","description":"Parque Industrial, Log\u00edstico y Tecnol\u00f3gico Villa Mar\u00eda","potentialAction":[{"@type":"SearchAction","target":{"@type":"EntryPoint","urlTemplate":"https:\/\/pilt.com.ar\/parque-industrial\/?s={search_term_string}"},"query-input":{"@type":"PropertyValueSpecification","valueRequired":true,"valueName":"search_term_string"}}],"inLanguage":"es"},{"@type":"Person","@id":"https:\/\/pilt.com.ar\/parque-industrial\/#\/schema\/person\/2dfb9e2464de1c3deef20c25c30a8306","name":"PILT","image":{"@type":"ImageObject","inLanguage":"es","@id":"https:\/\/secure.gravatar.com\/avatar\/5e3734c8d8c8e0b0d45f923c14a14d7b90521d573d02f0d91360a777095ee42b?s=96&d=mm&r=g","url":"https:\/\/secure.gravatar.com\/avatar\/5e3734c8d8c8e0b0d45f923c14a14d7b90521d573d02f0d91360a777095ee42b?s=96&d=mm&r=g","contentUrl":"https:\/\/secure.gravatar.com\/avatar\/5e3734c8d8c8e0b0d45f923c14a14d7b90521d573d02f0d91360a777095ee42b?s=96&d=mm&r=g","caption":"PILT"},"url":"https:\/\/pilt.com.ar\/parque-industrial\/author\/pilt\/"}]}},"jetpack_featured_media_url":"https:\/\/i0.wp.com\/pilt.com.ar\/parque-industrial\/wp-content\/uploads\/2022\/09\/WhatsApp-Image-2022-09-28-at-09.20.47.jpeg?fit=809%2C656&ssl=1","jetpack_sharing_enabled":true,"_links":{"self":[{"href":"https:\/\/pilt.com.ar\/parque-industrial\/wp-json\/wp\/v2\/posts\/2573","targetHints":{"allow":["GET"]}}],"collection":[{"href":"https:\/\/pilt.com.ar\/parque-industrial\/wp-json\/wp\/v2\/posts"}],"about":[{"href":"https:\/\/pilt.com.ar\/parque-industrial\/wp-json\/wp\/v2\/types\/post"}],"author":[{"embeddable":true,"href":"https:\/\/pilt.com.ar\/parque-industrial\/wp-json\/wp\/v2\/users\/3"}],"replies":[{"embeddable":true,"href":"https:\/\/pilt.com.ar\/parque-industrial\/wp-json\/wp\/v2\/comments?post=2573"}],"version-history":[{"count":1,"href":"https:\/\/pilt.com.ar\/parque-industrial\/wp-json\/wp\/v2\/posts\/2573\/revisions"}],"predecessor-version":[{"id":2575,"href":"https:\/\/pilt.com.ar\/parque-industrial\/wp-json\/wp\/v2\/posts\/2573\/revisions\/2575"}],"wp:featuredmedia":[{"embeddable":true,"href":"https:\/\/pilt.com.ar\/parque-industrial\/wp-json\/wp\/v2\/media\/2574"}],"wp:attachment":[{"href":"https:\/\/pilt.com.ar\/parque-industrial\/wp-json\/wp\/v2\/media?parent=2573"}],"wp:term":[{"taxonomy":"category","embeddable":true,"href":"https:\/\/pilt.com.ar\/parque-industrial\/wp-json\/wp\/v2\/categories?post=2573"},{"taxonomy":"post_tag","embeddable":true,"href":"https:\/\/pilt.com.ar\/parque-industrial\/wp-json\/wp\/v2\/tags?post=2573"}],"curies":[{"name":"wp","href":"https:\/\/api.w.org\/{rel}","templated":true}]}}