{"id":2533,"date":"2022-09-09T12:47:00","date_gmt":"2022-09-09T15:47:00","guid":{"rendered":"https:\/\/pilt.com.ar\/parque-industrial\/?p=2533"},"modified":"2022-09-13T12:40:49","modified_gmt":"2022-09-13T15:40:49","slug":"el-pilt-adquirio-recientemente-un-tractor","status":"publish","type":"post","link":"https:\/\/pilt.com.ar\/parque-industrial\/el-pilt-adquirio-recientemente-un-tractor\/","title":{"rendered":"EL PILT ADQUIRI\u00d3 RECIENTEMENTE UN TRACTOR"},"content":{"rendered":"\n<p class=\"has-text-align-center\"><em>La nueva maquinaria se suma al resto del equipamiento que el Ente fue adquiriendo para el mantenimiento del predio.<\/em><\/p>\n\n\n\n<p class=\"has-text-align-justify\">Con una importante inversi\u00f3n, cercana a los $ 8 millones, el Parque Industrial, Log\u00edstico y Tecnol\u00f3gico Villa Mar\u00eda (PILT) compr\u00f3 un tractor marca Pauny, que se a\u00f1ade al equipamiento adquirido anteriormente para el mantenimiento del predio. El mismo ser\u00e1 entregado por la firma en aproximadamente 90 d\u00edas.<\/p>\n\n\n\n<p class=\"has-text-align-justify\">Vale recordar que tiempo atr\u00e1s el Directorio del Ente hab\u00eda resuelto relocalizar el \u00c1rea de Mantenimiento, para lo cual dispuso de un contendor divido en dos ambientes; uno para uso de los operarios, con oficina y ba\u00f1o; y otro para resguardo de la maquinaria m\u00e1s sensible.<\/p>\n\n\n\n<p class=\"has-text-align-justify\">A la vez, para los equipos de mayores dimensiones y rusticidad, como tractores o carros, se adecu\u00f3 oportunamente un espacio cercado y techado, dotando a toda la zona de monitoreo con c\u00e1maras de seguridad.<\/p>\n\n\n\n<p class=\"has-text-align-justify\">Para llevar adelante las tareas, el PILT cuenta con un importante parque de maquinaria. Se destaca un tractor Hanomag para desmalezamiento; tractor Poulan para cortar el c\u00e9sped; tr\u00e1iler para traslado de materiales; 4 desmalezadoras motoguada\u00f1a Echo; motosierra; soplador; equipo soldador; carro para limpieza general, entre otros implementos.<\/p>\n\n\n\n<p><strong>Caracter\u00edsticas<\/strong><\/p>\n\n\n\n<p class=\"has-text-align-justify\">El tractor Pauny 180 C es de tipo convencional, posee tracci\u00f3n simple y presenta una amplia funcionalidad. El motor es MWM International MS 4.1, de 83 HP, con una cilindrada de 4070 cm3. La transmisi\u00f3n cuenta con caja de cambios de 12 velocidades de avance y 12 de retroceso, con tres palancas de accionamiento manual. Por solidez y versatilidad, se adaptar\u00e1 a todas las tareas que deber\u00e1 realizar en el Parque.&nbsp;&nbsp;<\/p>\n","protected":false},"excerpt":{"rendered":"<p>La nueva maquinaria se suma al resto del equipamiento que el Ente fue adquiriendo para el mantenimiento del predio. Con una importante inversi\u00f3n, cercana a los $ 8 millones, el Parque Industrial, Log\u00edstico y Tecnol\u00f3gico Villa Mar\u00eda (PILT) compr\u00f3 un tractor marca Pauny, que se a\u00f1ade al equipamiento adquirido anteriormente para el mantenimiento del predio. [&hellip;]<\/p>\n","protected":false},"author":3,"featured_media":2534,"comment_status":"open","ping_status":"open","sticky":false,"template":"","format":"standard","meta":{"_jetpack_memberships_contains_paid_content":false,"footnotes":""},"categories":[2],"tags":[],"class_list":["post-2533","post","type-post","status-publish","format-standard","has-post-thumbnail","hentry","category-noticias"],"yoast_head":"<!-- This site is optimized with the Yoast SEO plugin v27.5 - https:\/\/yoast.com\/product\/yoast-seo-wordpress\/ -->\n<title>EL PILT ADQUIRI\u00d3 RECIENTEMENTE UN TRACTOR - PILT.com.ar<\/title>\n<meta name=\"robots\" content=\"index, follow, max-snippet:-1, max-image-preview:large, max-video-preview:-1\" \/>\n<link rel=\"canonical\" href=\"https:\/\/pilt.com.ar\/parque-industrial\/el-pilt-adquirio-recientemente-un-tractor\/\" \/>\n<meta property=\"og:locale\" content=\"es_ES\" \/>\n<meta property=\"og:type\" content=\"article\" \/>\n<meta property=\"og:title\" content=\"EL PILT ADQUIRI\u00d3 RECIENTEMENTE UN TRACTOR - PILT.com.ar\" \/>\n<meta property=\"og:description\" content=\"La nueva maquinaria se suma al resto del equipamiento que el Ente fue adquiriendo para el mantenimiento del predio. Con una importante inversi\u00f3n, cercana a los $ 8 millones, el Parque Industrial, Log\u00edstico y Tecnol\u00f3gico Villa Mar\u00eda (PILT) compr\u00f3 un tractor marca Pauny, que se a\u00f1ade al equipamiento adquirido anteriormente para el mantenimiento del predio. [&hellip;]\" \/>\n<meta property=\"og:url\" content=\"https:\/\/pilt.com.ar\/parque-industrial\/el-pilt-adquirio-recientemente-un-tractor\/\" \/>\n<meta property=\"og:site_name\" content=\"PILT.com.ar\" \/>\n<meta property=\"article:published_time\" content=\"2022-09-09T15:47:00+00:00\" \/>\n<meta property=\"article:modified_time\" content=\"2022-09-13T15:40:49+00:00\" \/>\n<meta property=\"og:image\" content=\"https:\/\/i0.wp.com\/pilt.com.ar\/parque-industrial\/wp-content\/uploads\/2022\/09\/WhatsApp-Image-2022-09-08-at-16.55.22-e1663083642478.jpeg?fit=500%2C382&ssl=1\" \/>\n\t<meta property=\"og:image:width\" content=\"500\" \/>\n\t<meta property=\"og:image:height\" content=\"382\" \/>\n\t<meta property=\"og:image:type\" content=\"image\/jpeg\" \/>\n<meta name=\"author\" content=\"PILT\" \/>\n<meta name=\"twitter:card\" content=\"summary_large_image\" \/>\n<meta name=\"twitter:label1\" content=\"Escrito por\" \/>\n\t<meta name=\"twitter:data1\" content=\"PILT\" \/>\n\t<meta name=\"twitter:label2\" content=\"Tiempo de lectura\" \/>\n\t<meta name=\"twitter:data2\" content=\"2 minutos\" \/>\n<script type=\"application\/ld+json\" class=\"yoast-schema-graph\">{\"@context\":\"https:\\\/\\\/schema.org\",\"@graph\":[{\"@type\":\"Article\",\"@id\":\"https:\\\/\\\/pilt.com.ar\\\/parque-industrial\\\/el-pilt-adquirio-recientemente-un-tractor\\\/#article\",\"isPartOf\":{\"@id\":\"https:\\\/\\\/pilt.com.ar\\\/parque-industrial\\\/el-pilt-adquirio-recientemente-un-tractor\\\/\"},\"author\":{\"name\":\"PILT\",\"@id\":\"https:\\\/\\\/pilt.com.ar\\\/parque-industrial\\\/#\\\/schema\\\/person\\\/2dfb9e2464de1c3deef20c25c30a8306\"},\"headline\":\"EL PILT ADQUIRI\u00d3 RECIENTEMENTE UN TRACTOR\",\"datePublished\":\"2022-09-09T15:47:00+00:00\",\"dateModified\":\"2022-09-13T15:40:49+00:00\",\"mainEntityOfPage\":{\"@id\":\"https:\\\/\\\/pilt.com.ar\\\/parque-industrial\\\/el-pilt-adquirio-recientemente-un-tractor\\\/\"},\"wordCount\":280,\"commentCount\":0,\"image\":{\"@id\":\"https:\\\/\\\/pilt.com.ar\\\/parque-industrial\\\/el-pilt-adquirio-recientemente-un-tractor\\\/#primaryimage\"},\"thumbnailUrl\":\"https:\\\/\\\/i0.wp.com\\\/pilt.com.ar\\\/parque-industrial\\\/wp-content\\\/uploads\\\/2022\\\/09\\\/WhatsApp-Image-2022-09-08-at-16.55.22-e1663083642478.jpeg?fit=500%2C382&ssl=1\",\"articleSection\":[\"Noticias\"],\"inLanguage\":\"es\",\"potentialAction\":[{\"@type\":\"CommentAction\",\"name\":\"Comment\",\"target\":[\"https:\\\/\\\/pilt.com.ar\\\/parque-industrial\\\/el-pilt-adquirio-recientemente-un-tractor\\\/#respond\"]}]},{\"@type\":\"WebPage\",\"@id\":\"https:\\\/\\\/pilt.com.ar\\\/parque-industrial\\\/el-pilt-adquirio-recientemente-un-tractor\\\/\",\"url\":\"https:\\\/\\\/pilt.com.ar\\\/parque-industrial\\\/el-pilt-adquirio-recientemente-un-tractor\\\/\",\"name\":\"EL PILT ADQUIRI\u00d3 RECIENTEMENTE UN TRACTOR - PILT.com.ar\",\"isPartOf\":{\"@id\":\"https:\\\/\\\/pilt.com.ar\\\/parque-industrial\\\/#website\"},\"primaryImageOfPage\":{\"@id\":\"https:\\\/\\\/pilt.com.ar\\\/parque-industrial\\\/el-pilt-adquirio-recientemente-un-tractor\\\/#primaryimage\"},\"image\":{\"@id\":\"https:\\\/\\\/pilt.com.ar\\\/parque-industrial\\\/el-pilt-adquirio-recientemente-un-tractor\\\/#primaryimage\"},\"thumbnailUrl\":\"https:\\\/\\\/i0.wp.com\\\/pilt.com.ar\\\/parque-industrial\\\/wp-content\\\/uploads\\\/2022\\\/09\\\/WhatsApp-Image-2022-09-08-at-16.55.22-e1663083642478.jpeg?fit=500%2C382&ssl=1\",\"datePublished\":\"2022-09-09T15:47:00+00:00\",\"dateModified\":\"2022-09-13T15:40:49+00:00\",\"author\":{\"@id\":\"https:\\\/\\\/pilt.com.ar\\\/parque-industrial\\\/#\\\/schema\\\/person\\\/2dfb9e2464de1c3deef20c25c30a8306\"},\"inLanguage\":\"es\",\"potentialAction\":[{\"@type\":\"ReadAction\",\"target\":[\"https:\\\/\\\/pilt.com.ar\\\/parque-industrial\\\/el-pilt-adquirio-recientemente-un-tractor\\\/\"]}]},{\"@type\":\"ImageObject\",\"inLanguage\":\"es\",\"@id\":\"https:\\\/\\\/pilt.com.ar\\\/parque-industrial\\\/el-pilt-adquirio-recientemente-un-tractor\\\/#primaryimage\",\"url\":\"https:\\\/\\\/i0.wp.com\\\/pilt.com.ar\\\/parque-industrial\\\/wp-content\\\/uploads\\\/2022\\\/09\\\/WhatsApp-Image-2022-09-08-at-16.55.22-e1663083642478.jpeg?fit=500%2C382&ssl=1\",\"contentUrl\":\"https:\\\/\\\/i0.wp.com\\\/pilt.com.ar\\\/parque-industrial\\\/wp-content\\\/uploads\\\/2022\\\/09\\\/WhatsApp-Image-2022-09-08-at-16.55.22-e1663083642478.jpeg?fit=500%2C382&ssl=1\",\"width\":500,\"height\":382},{\"@type\":\"WebSite\",\"@id\":\"https:\\\/\\\/pilt.com.ar\\\/parque-industrial\\\/#website\",\"url\":\"https:\\\/\\\/pilt.com.ar\\\/parque-industrial\\\/\",\"name\":\"PILT.com.ar\",\"description\":\"Parque Industrial, Log\u00edstico y Tecnol\u00f3gico Villa Mar\u00eda\",\"potentialAction\":[{\"@type\":\"SearchAction\",\"target\":{\"@type\":\"EntryPoint\",\"urlTemplate\":\"https:\\\/\\\/pilt.com.ar\\\/parque-industrial\\\/?s={search_term_string}\"},\"query-input\":{\"@type\":\"PropertyValueSpecification\",\"valueRequired\":true,\"valueName\":\"search_term_string\"}}],\"inLanguage\":\"es\"},{\"@type\":\"Person\",\"@id\":\"https:\\\/\\\/pilt.com.ar\\\/parque-industrial\\\/#\\\/schema\\\/person\\\/2dfb9e2464de1c3deef20c25c30a8306\",\"name\":\"PILT\",\"image\":{\"@type\":\"ImageObject\",\"inLanguage\":\"es\",\"@id\":\"https:\\\/\\\/secure.gravatar.com\\\/avatar\\\/5e3734c8d8c8e0b0d45f923c14a14d7b90521d573d02f0d91360a777095ee42b?s=96&d=mm&r=g\",\"url\":\"https:\\\/\\\/secure.gravatar.com\\\/avatar\\\/5e3734c8d8c8e0b0d45f923c14a14d7b90521d573d02f0d91360a777095ee42b?s=96&d=mm&r=g\",\"contentUrl\":\"https:\\\/\\\/secure.gravatar.com\\\/avatar\\\/5e3734c8d8c8e0b0d45f923c14a14d7b90521d573d02f0d91360a777095ee42b?s=96&d=mm&r=g\",\"caption\":\"PILT\"},\"url\":\"https:\\\/\\\/pilt.com.ar\\\/parque-industrial\\\/author\\\/pilt\\\/\"}]}<\/script>\n<!-- \/ Yoast SEO plugin. -->","yoast_head_json":{"title":"EL PILT ADQUIRI\u00d3 RECIENTEMENTE UN TRACTOR - PILT.com.ar","robots":{"index":"index","follow":"follow","max-snippet":"max-snippet:-1","max-image-preview":"max-image-preview:large","max-video-preview":"max-video-preview:-1"},"canonical":"https:\/\/pilt.com.ar\/parque-industrial\/el-pilt-adquirio-recientemente-un-tractor\/","og_locale":"es_ES","og_type":"article","og_title":"EL PILT ADQUIRI\u00d3 RECIENTEMENTE UN TRACTOR - PILT.com.ar","og_description":"La nueva maquinaria se suma al resto del equipamiento que el Ente fue adquiriendo para el mantenimiento del predio. Con una importante inversi\u00f3n, cercana a los $ 8 millones, el Parque Industrial, Log\u00edstico y Tecnol\u00f3gico Villa Mar\u00eda (PILT) compr\u00f3 un tractor marca Pauny, que se a\u00f1ade al equipamiento adquirido anteriormente para el mantenimiento del predio. [&hellip;]","og_url":"https:\/\/pilt.com.ar\/parque-industrial\/el-pilt-adquirio-recientemente-un-tractor\/","og_site_name":"PILT.com.ar","article_published_time":"2022-09-09T15:47:00+00:00","article_modified_time":"2022-09-13T15:40:49+00:00","og_image":[{"width":500,"height":382,"url":"https:\/\/i0.wp.com\/pilt.com.ar\/parque-industrial\/wp-content\/uploads\/2022\/09\/WhatsApp-Image-2022-09-08-at-16.55.22-e1663083642478.jpeg?fit=500%2C382&ssl=1","type":"image\/jpeg"}],"author":"PILT","twitter_card":"summary_large_image","twitter_misc":{"Escrito por":"PILT","Tiempo de lectura":"2 minutos"},"schema":{"@context":"https:\/\/schema.org","@graph":[{"@type":"Article","@id":"https:\/\/pilt.com.ar\/parque-industrial\/el-pilt-adquirio-recientemente-un-tractor\/#article","isPartOf":{"@id":"https:\/\/pilt.com.ar\/parque-industrial\/el-pilt-adquirio-recientemente-un-tractor\/"},"author":{"name":"PILT","@id":"https:\/\/pilt.com.ar\/parque-industrial\/#\/schema\/person\/2dfb9e2464de1c3deef20c25c30a8306"},"headline":"EL PILT ADQUIRI\u00d3 RECIENTEMENTE UN TRACTOR","datePublished":"2022-09-09T15:47:00+00:00","dateModified":"2022-09-13T15:40:49+00:00","mainEntityOfPage":{"@id":"https:\/\/pilt.com.ar\/parque-industrial\/el-pilt-adquirio-recientemente-un-tractor\/"},"wordCount":280,"commentCount":0,"image":{"@id":"https:\/\/pilt.com.ar\/parque-industrial\/el-pilt-adquirio-recientemente-un-tractor\/#primaryimage"},"thumbnailUrl":"https:\/\/i0.wp.com\/pilt.com.ar\/parque-industrial\/wp-content\/uploads\/2022\/09\/WhatsApp-Image-2022-09-08-at-16.55.22-e1663083642478.jpeg?fit=500%2C382&ssl=1","articleSection":["Noticias"],"inLanguage":"es","potentialAction":[{"@type":"CommentAction","name":"Comment","target":["https:\/\/pilt.com.ar\/parque-industrial\/el-pilt-adquirio-recientemente-un-tractor\/#respond"]}]},{"@type":"WebPage","@id":"https:\/\/pilt.com.ar\/parque-industrial\/el-pilt-adquirio-recientemente-un-tractor\/","url":"https:\/\/pilt.com.ar\/parque-industrial\/el-pilt-adquirio-recientemente-un-tractor\/","name":"EL PILT ADQUIRI\u00d3 RECIENTEMENTE UN TRACTOR - PILT.com.ar","isPartOf":{"@id":"https:\/\/pilt.com.ar\/parque-industrial\/#website"},"primaryImageOfPage":{"@id":"https:\/\/pilt.com.ar\/parque-industrial\/el-pilt-adquirio-recientemente-un-tractor\/#primaryimage"},"image":{"@id":"https:\/\/pilt.com.ar\/parque-industrial\/el-pilt-adquirio-recientemente-un-tractor\/#primaryimage"},"thumbnailUrl":"https:\/\/i0.wp.com\/pilt.com.ar\/parque-industrial\/wp-content\/uploads\/2022\/09\/WhatsApp-Image-2022-09-08-at-16.55.22-e1663083642478.jpeg?fit=500%2C382&ssl=1","datePublished":"2022-09-09T15:47:00+00:00","dateModified":"2022-09-13T15:40:49+00:00","author":{"@id":"https:\/\/pilt.com.ar\/parque-industrial\/#\/schema\/person\/2dfb9e2464de1c3deef20c25c30a8306"},"inLanguage":"es","potentialAction":[{"@type":"ReadAction","target":["https:\/\/pilt.com.ar\/parque-industrial\/el-pilt-adquirio-recientemente-un-tractor\/"]}]},{"@type":"ImageObject","inLanguage":"es","@id":"https:\/\/pilt.com.ar\/parque-industrial\/el-pilt-adquirio-recientemente-un-tractor\/#primaryimage","url":"https:\/\/i0.wp.com\/pilt.com.ar\/parque-industrial\/wp-content\/uploads\/2022\/09\/WhatsApp-Image-2022-09-08-at-16.55.22-e1663083642478.jpeg?fit=500%2C382&ssl=1","contentUrl":"https:\/\/i0.wp.com\/pilt.com.ar\/parque-industrial\/wp-content\/uploads\/2022\/09\/WhatsApp-Image-2022-09-08-at-16.55.22-e1663083642478.jpeg?fit=500%2C382&ssl=1","width":500,"height":382},{"@type":"WebSite","@id":"https:\/\/pilt.com.ar\/parque-industrial\/#website","url":"https:\/\/pilt.com.ar\/parque-industrial\/","name":"PILT.com.ar","description":"Parque Industrial, Log\u00edstico y Tecnol\u00f3gico Villa Mar\u00eda","potentialAction":[{"@type":"SearchAction","target":{"@type":"EntryPoint","urlTemplate":"https:\/\/pilt.com.ar\/parque-industrial\/?s={search_term_string}"},"query-input":{"@type":"PropertyValueSpecification","valueRequired":true,"valueName":"search_term_string"}}],"inLanguage":"es"},{"@type":"Person","@id":"https:\/\/pilt.com.ar\/parque-industrial\/#\/schema\/person\/2dfb9e2464de1c3deef20c25c30a8306","name":"PILT","image":{"@type":"ImageObject","inLanguage":"es","@id":"https:\/\/secure.gravatar.com\/avatar\/5e3734c8d8c8e0b0d45f923c14a14d7b90521d573d02f0d91360a777095ee42b?s=96&d=mm&r=g","url":"https:\/\/secure.gravatar.com\/avatar\/5e3734c8d8c8e0b0d45f923c14a14d7b90521d573d02f0d91360a777095ee42b?s=96&d=mm&r=g","contentUrl":"https:\/\/secure.gravatar.com\/avatar\/5e3734c8d8c8e0b0d45f923c14a14d7b90521d573d02f0d91360a777095ee42b?s=96&d=mm&r=g","caption":"PILT"},"url":"https:\/\/pilt.com.ar\/parque-industrial\/author\/pilt\/"}]}},"jetpack_featured_media_url":"https:\/\/i0.wp.com\/pilt.com.ar\/parque-industrial\/wp-content\/uploads\/2022\/09\/WhatsApp-Image-2022-09-08-at-16.55.22-e1663083642478.jpeg?fit=500%2C382&ssl=1","jetpack_sharing_enabled":true,"_links":{"self":[{"href":"https:\/\/pilt.com.ar\/parque-industrial\/wp-json\/wp\/v2\/posts\/2533","targetHints":{"allow":["GET"]}}],"collection":[{"href":"https:\/\/pilt.com.ar\/parque-industrial\/wp-json\/wp\/v2\/posts"}],"about":[{"href":"https:\/\/pilt.com.ar\/parque-industrial\/wp-json\/wp\/v2\/types\/post"}],"author":[{"embeddable":true,"href":"https:\/\/pilt.com.ar\/parque-industrial\/wp-json\/wp\/v2\/users\/3"}],"replies":[{"embeddable":true,"href":"https:\/\/pilt.com.ar\/parque-industrial\/wp-json\/wp\/v2\/comments?post=2533"}],"version-history":[{"count":1,"href":"https:\/\/pilt.com.ar\/parque-industrial\/wp-json\/wp\/v2\/posts\/2533\/revisions"}],"predecessor-version":[{"id":2535,"href":"https:\/\/pilt.com.ar\/parque-industrial\/wp-json\/wp\/v2\/posts\/2533\/revisions\/2535"}],"wp:featuredmedia":[{"embeddable":true,"href":"https:\/\/pilt.com.ar\/parque-industrial\/wp-json\/wp\/v2\/media\/2534"}],"wp:attachment":[{"href":"https:\/\/pilt.com.ar\/parque-industrial\/wp-json\/wp\/v2\/media?parent=2533"}],"wp:term":[{"taxonomy":"category","embeddable":true,"href":"https:\/\/pilt.com.ar\/parque-industrial\/wp-json\/wp\/v2\/categories?post=2533"},{"taxonomy":"post_tag","embeddable":true,"href":"https:\/\/pilt.com.ar\/parque-industrial\/wp-json\/wp\/v2\/tags?post=2533"}],"curies":[{"name":"wp","href":"https:\/\/api.w.org\/{rel}","templated":true}]}}