{"id":2520,"date":"2022-09-01T15:52:25","date_gmt":"2022-09-01T18:52:25","guid":{"rendered":"https:\/\/pilt.com.ar\/parque-industrial\/?p=2520"},"modified":"2022-09-01T15:52:25","modified_gmt":"2022-09-01T18:52:25","slug":"distintas-actividades-tuvieron-lugar-en-el-pilt","status":"publish","type":"post","link":"https:\/\/pilt.com.ar\/parque-industrial\/distintas-actividades-tuvieron-lugar-en-el-pilt\/","title":{"rendered":"DISTINTAS ACTIVIDADES TUVIERON LUGAR EN EL PILT"},"content":{"rendered":"\n<p class=\"has-text-align-center\"><em>Emprendedores y estudiantes de la escuela media estuvieron en el Parque para interiorizarse sobre los trabajos que se realizan y las ventajas que ofrece a las organizaciones productivas.<\/em><\/p>\n\n\n\n<p class=\"has-text-align-justify\">Emprendedores nucleados en las incubadoras de la Asociaci\u00f3n de Empresarios Regi\u00f3n Centro Argentino (Aerca) y la Universidad Nacional de Villa Mar\u00eda (UNVM), se trasladaron al Parque Industrial, Log\u00edstico y Tecnol\u00f3gico Villa Mar\u00eda (PILT), para tomar contacto directo con las actividades que all\u00ed se concretan, los beneficios que supone la radicaci\u00f3n en el predio, como as\u00ed tambi\u00e9n vincularse con empresas que forman parte del Programa Nave para Emprendedores.<\/p>\n\n\n\n<p class=\"has-text-align-justify\">Cabe decir que el Programa ofrece un espacio f\u00edsico a nuevas iniciativas para su radicaci\u00f3n, brindando un espacio f\u00edsico con todos los servicios necesarios y a un costo inferior al de mercado.<\/p>\n\n\n\n<p class=\"has-text-align-justify\">En ese sentido, fueron recibidos en dos firmas que han mostrado un r\u00e1pido crecimiento desde que se instalaron en la Nave: DyFma e Industrias Magno. Vale mencionar que la primera se dedica a la fabricaci\u00f3n de equipos para cosecha y poscosecha de frutos secos, especialmente nueces, almendras y casta\u00f1as; mientras que la segunda produce distintos equipamientos para el sector lechero, destac\u00e1ndose el e-Milk, maquinaria innovadora que permite distribuir y pasteurizar leche para alimentaci\u00f3n de terneros de manera m\u00e1s sencilla y en menor tiempo.<\/p>\n\n\n\n<p class=\"has-text-align-justify\">Marcelo Primo y Diego Audano, respectivamente, fueron los encargados de acoger a los emprendedores. Ambos comentaron las ventajas y beneficios que representa contar con un lugar en la Nave, y c\u00f3mo los ayudo a sentar bases s\u00f3lidas en sus desarrollos. Incluso mencionaron que analizan la posibilidad de ampliar sus proyectos, comprando un terreno dentro del predio, que es uno de los objetivos del Programa.<\/p>\n\n\n\n<p class=\"has-text-align-justify\">Por otra parte, tambi\u00e9n durante la semana visitaron el PILT estudiantes de 5\u00b0 y 6\u00b0 a\u00f1o del Complejo Educativo El Caminante. Carlos Montoto Galiano, gerente de la entidad, explicit\u00f3 las tareas que llevan adelante de manera cotidiana. Los estudiantes concurrieron acompa\u00f1ados por los docentes Fernando Le\u00f3n, Cecilia Villafa\u00f1e y Mercedes Caballero.<\/p>\n","protected":false},"excerpt":{"rendered":"<p>Emprendedores y estudiantes de la escuela media estuvieron en el Parque para interiorizarse sobre los trabajos que se realizan y las ventajas que ofrece a las organizaciones productivas. Emprendedores nucleados en las incubadoras de la Asociaci\u00f3n de Empresarios Regi\u00f3n Centro Argentino (Aerca) y la Universidad Nacional de Villa Mar\u00eda (UNVM), se trasladaron al Parque Industrial, [&hellip;]<\/p>\n","protected":false},"author":3,"featured_media":2521,"comment_status":"open","ping_status":"open","sticky":false,"template":"","format":"standard","meta":{"_jetpack_memberships_contains_paid_content":false,"footnotes":""},"categories":[2],"tags":[],"class_list":["post-2520","post","type-post","status-publish","format-standard","has-post-thumbnail","hentry","category-noticias"],"yoast_head":"<!-- This site is optimized with the Yoast SEO plugin v27.5 - https:\/\/yoast.com\/product\/yoast-seo-wordpress\/ -->\n<title>DISTINTAS ACTIVIDADES TUVIERON LUGAR EN EL PILT - PILT.com.ar<\/title>\n<meta name=\"robots\" content=\"index, follow, max-snippet:-1, max-image-preview:large, max-video-preview:-1\" \/>\n<link rel=\"canonical\" href=\"https:\/\/pilt.com.ar\/parque-industrial\/distintas-actividades-tuvieron-lugar-en-el-pilt\/\" \/>\n<meta property=\"og:locale\" content=\"es_ES\" \/>\n<meta property=\"og:type\" content=\"article\" \/>\n<meta property=\"og:title\" content=\"DISTINTAS ACTIVIDADES TUVIERON LUGAR EN EL PILT - PILT.com.ar\" \/>\n<meta property=\"og:description\" content=\"Emprendedores y estudiantes de la escuela media estuvieron en el Parque para interiorizarse sobre los trabajos que se realizan y las ventajas que ofrece a las organizaciones productivas. Emprendedores nucleados en las incubadoras de la Asociaci\u00f3n de Empresarios Regi\u00f3n Centro Argentino (Aerca) y la Universidad Nacional de Villa Mar\u00eda (UNVM), se trasladaron al Parque Industrial, [&hellip;]\" \/>\n<meta property=\"og:url\" content=\"https:\/\/pilt.com.ar\/parque-industrial\/distintas-actividades-tuvieron-lugar-en-el-pilt\/\" \/>\n<meta property=\"og:site_name\" content=\"PILT.com.ar\" \/>\n<meta property=\"article:published_time\" content=\"2022-09-01T18:52:25+00:00\" \/>\n<meta property=\"og:image\" content=\"https:\/\/i0.wp.com\/pilt.com.ar\/parque-industrial\/wp-content\/uploads\/2022\/09\/WhatsApp-Image-2022-08-31-at-15.16.52.jpeg?fit=1600%2C1200&ssl=1\" \/>\n\t<meta property=\"og:image:width\" content=\"1600\" \/>\n\t<meta property=\"og:image:height\" content=\"1200\" \/>\n\t<meta property=\"og:image:type\" content=\"image\/jpeg\" \/>\n<meta name=\"author\" content=\"PILT\" \/>\n<meta name=\"twitter:card\" content=\"summary_large_image\" \/>\n<meta name=\"twitter:label1\" content=\"Escrito por\" \/>\n\t<meta name=\"twitter:data1\" content=\"PILT\" \/>\n\t<meta name=\"twitter:label2\" content=\"Tiempo de lectura\" \/>\n\t<meta name=\"twitter:data2\" content=\"2 minutos\" \/>\n<script type=\"application\/ld+json\" class=\"yoast-schema-graph\">{\"@context\":\"https:\\\/\\\/schema.org\",\"@graph\":[{\"@type\":\"Article\",\"@id\":\"https:\\\/\\\/pilt.com.ar\\\/parque-industrial\\\/distintas-actividades-tuvieron-lugar-en-el-pilt\\\/#article\",\"isPartOf\":{\"@id\":\"https:\\\/\\\/pilt.com.ar\\\/parque-industrial\\\/distintas-actividades-tuvieron-lugar-en-el-pilt\\\/\"},\"author\":{\"name\":\"PILT\",\"@id\":\"https:\\\/\\\/pilt.com.ar\\\/parque-industrial\\\/#\\\/schema\\\/person\\\/2dfb9e2464de1c3deef20c25c30a8306\"},\"headline\":\"DISTINTAS ACTIVIDADES TUVIERON LUGAR EN EL PILT\",\"datePublished\":\"2022-09-01T18:52:25+00:00\",\"mainEntityOfPage\":{\"@id\":\"https:\\\/\\\/pilt.com.ar\\\/parque-industrial\\\/distintas-actividades-tuvieron-lugar-en-el-pilt\\\/\"},\"wordCount\":354,\"commentCount\":0,\"image\":{\"@id\":\"https:\\\/\\\/pilt.com.ar\\\/parque-industrial\\\/distintas-actividades-tuvieron-lugar-en-el-pilt\\\/#primaryimage\"},\"thumbnailUrl\":\"https:\\\/\\\/i0.wp.com\\\/pilt.com.ar\\\/parque-industrial\\\/wp-content\\\/uploads\\\/2022\\\/09\\\/WhatsApp-Image-2022-08-31-at-15.16.52.jpeg?fit=1600%2C1200&ssl=1\",\"articleSection\":[\"Noticias\"],\"inLanguage\":\"es\",\"potentialAction\":[{\"@type\":\"CommentAction\",\"name\":\"Comment\",\"target\":[\"https:\\\/\\\/pilt.com.ar\\\/parque-industrial\\\/distintas-actividades-tuvieron-lugar-en-el-pilt\\\/#respond\"]}]},{\"@type\":\"WebPage\",\"@id\":\"https:\\\/\\\/pilt.com.ar\\\/parque-industrial\\\/distintas-actividades-tuvieron-lugar-en-el-pilt\\\/\",\"url\":\"https:\\\/\\\/pilt.com.ar\\\/parque-industrial\\\/distintas-actividades-tuvieron-lugar-en-el-pilt\\\/\",\"name\":\"DISTINTAS ACTIVIDADES TUVIERON LUGAR EN EL PILT - PILT.com.ar\",\"isPartOf\":{\"@id\":\"https:\\\/\\\/pilt.com.ar\\\/parque-industrial\\\/#website\"},\"primaryImageOfPage\":{\"@id\":\"https:\\\/\\\/pilt.com.ar\\\/parque-industrial\\\/distintas-actividades-tuvieron-lugar-en-el-pilt\\\/#primaryimage\"},\"image\":{\"@id\":\"https:\\\/\\\/pilt.com.ar\\\/parque-industrial\\\/distintas-actividades-tuvieron-lugar-en-el-pilt\\\/#primaryimage\"},\"thumbnailUrl\":\"https:\\\/\\\/i0.wp.com\\\/pilt.com.ar\\\/parque-industrial\\\/wp-content\\\/uploads\\\/2022\\\/09\\\/WhatsApp-Image-2022-08-31-at-15.16.52.jpeg?fit=1600%2C1200&ssl=1\",\"datePublished\":\"2022-09-01T18:52:25+00:00\",\"author\":{\"@id\":\"https:\\\/\\\/pilt.com.ar\\\/parque-industrial\\\/#\\\/schema\\\/person\\\/2dfb9e2464de1c3deef20c25c30a8306\"},\"inLanguage\":\"es\",\"potentialAction\":[{\"@type\":\"ReadAction\",\"target\":[\"https:\\\/\\\/pilt.com.ar\\\/parque-industrial\\\/distintas-actividades-tuvieron-lugar-en-el-pilt\\\/\"]}]},{\"@type\":\"ImageObject\",\"inLanguage\":\"es\",\"@id\":\"https:\\\/\\\/pilt.com.ar\\\/parque-industrial\\\/distintas-actividades-tuvieron-lugar-en-el-pilt\\\/#primaryimage\",\"url\":\"https:\\\/\\\/i0.wp.com\\\/pilt.com.ar\\\/parque-industrial\\\/wp-content\\\/uploads\\\/2022\\\/09\\\/WhatsApp-Image-2022-08-31-at-15.16.52.jpeg?fit=1600%2C1200&ssl=1\",\"contentUrl\":\"https:\\\/\\\/i0.wp.com\\\/pilt.com.ar\\\/parque-industrial\\\/wp-content\\\/uploads\\\/2022\\\/09\\\/WhatsApp-Image-2022-08-31-at-15.16.52.jpeg?fit=1600%2C1200&ssl=1\",\"width\":1600,\"height\":1200},{\"@type\":\"WebSite\",\"@id\":\"https:\\\/\\\/pilt.com.ar\\\/parque-industrial\\\/#website\",\"url\":\"https:\\\/\\\/pilt.com.ar\\\/parque-industrial\\\/\",\"name\":\"PILT.com.ar\",\"description\":\"Parque Industrial, Log\u00edstico y Tecnol\u00f3gico Villa Mar\u00eda\",\"potentialAction\":[{\"@type\":\"SearchAction\",\"target\":{\"@type\":\"EntryPoint\",\"urlTemplate\":\"https:\\\/\\\/pilt.com.ar\\\/parque-industrial\\\/?s={search_term_string}\"},\"query-input\":{\"@type\":\"PropertyValueSpecification\",\"valueRequired\":true,\"valueName\":\"search_term_string\"}}],\"inLanguage\":\"es\"},{\"@type\":\"Person\",\"@id\":\"https:\\\/\\\/pilt.com.ar\\\/parque-industrial\\\/#\\\/schema\\\/person\\\/2dfb9e2464de1c3deef20c25c30a8306\",\"name\":\"PILT\",\"image\":{\"@type\":\"ImageObject\",\"inLanguage\":\"es\",\"@id\":\"https:\\\/\\\/secure.gravatar.com\\\/avatar\\\/5e3734c8d8c8e0b0d45f923c14a14d7b90521d573d02f0d91360a777095ee42b?s=96&d=mm&r=g\",\"url\":\"https:\\\/\\\/secure.gravatar.com\\\/avatar\\\/5e3734c8d8c8e0b0d45f923c14a14d7b90521d573d02f0d91360a777095ee42b?s=96&d=mm&r=g\",\"contentUrl\":\"https:\\\/\\\/secure.gravatar.com\\\/avatar\\\/5e3734c8d8c8e0b0d45f923c14a14d7b90521d573d02f0d91360a777095ee42b?s=96&d=mm&r=g\",\"caption\":\"PILT\"},\"url\":\"https:\\\/\\\/pilt.com.ar\\\/parque-industrial\\\/author\\\/pilt\\\/\"}]}<\/script>\n<!-- \/ Yoast SEO plugin. -->","yoast_head_json":{"title":"DISTINTAS ACTIVIDADES TUVIERON LUGAR EN EL PILT - PILT.com.ar","robots":{"index":"index","follow":"follow","max-snippet":"max-snippet:-1","max-image-preview":"max-image-preview:large","max-video-preview":"max-video-preview:-1"},"canonical":"https:\/\/pilt.com.ar\/parque-industrial\/distintas-actividades-tuvieron-lugar-en-el-pilt\/","og_locale":"es_ES","og_type":"article","og_title":"DISTINTAS ACTIVIDADES TUVIERON LUGAR EN EL PILT - PILT.com.ar","og_description":"Emprendedores y estudiantes de la escuela media estuvieron en el Parque para interiorizarse sobre los trabajos que se realizan y las ventajas que ofrece a las organizaciones productivas. Emprendedores nucleados en las incubadoras de la Asociaci\u00f3n de Empresarios Regi\u00f3n Centro Argentino (Aerca) y la Universidad Nacional de Villa Mar\u00eda (UNVM), se trasladaron al Parque Industrial, [&hellip;]","og_url":"https:\/\/pilt.com.ar\/parque-industrial\/distintas-actividades-tuvieron-lugar-en-el-pilt\/","og_site_name":"PILT.com.ar","article_published_time":"2022-09-01T18:52:25+00:00","og_image":[{"width":1600,"height":1200,"url":"https:\/\/i0.wp.com\/pilt.com.ar\/parque-industrial\/wp-content\/uploads\/2022\/09\/WhatsApp-Image-2022-08-31-at-15.16.52.jpeg?fit=1600%2C1200&ssl=1","type":"image\/jpeg"}],"author":"PILT","twitter_card":"summary_large_image","twitter_misc":{"Escrito por":"PILT","Tiempo de lectura":"2 minutos"},"schema":{"@context":"https:\/\/schema.org","@graph":[{"@type":"Article","@id":"https:\/\/pilt.com.ar\/parque-industrial\/distintas-actividades-tuvieron-lugar-en-el-pilt\/#article","isPartOf":{"@id":"https:\/\/pilt.com.ar\/parque-industrial\/distintas-actividades-tuvieron-lugar-en-el-pilt\/"},"author":{"name":"PILT","@id":"https:\/\/pilt.com.ar\/parque-industrial\/#\/schema\/person\/2dfb9e2464de1c3deef20c25c30a8306"},"headline":"DISTINTAS ACTIVIDADES TUVIERON LUGAR EN EL PILT","datePublished":"2022-09-01T18:52:25+00:00","mainEntityOfPage":{"@id":"https:\/\/pilt.com.ar\/parque-industrial\/distintas-actividades-tuvieron-lugar-en-el-pilt\/"},"wordCount":354,"commentCount":0,"image":{"@id":"https:\/\/pilt.com.ar\/parque-industrial\/distintas-actividades-tuvieron-lugar-en-el-pilt\/#primaryimage"},"thumbnailUrl":"https:\/\/i0.wp.com\/pilt.com.ar\/parque-industrial\/wp-content\/uploads\/2022\/09\/WhatsApp-Image-2022-08-31-at-15.16.52.jpeg?fit=1600%2C1200&ssl=1","articleSection":["Noticias"],"inLanguage":"es","potentialAction":[{"@type":"CommentAction","name":"Comment","target":["https:\/\/pilt.com.ar\/parque-industrial\/distintas-actividades-tuvieron-lugar-en-el-pilt\/#respond"]}]},{"@type":"WebPage","@id":"https:\/\/pilt.com.ar\/parque-industrial\/distintas-actividades-tuvieron-lugar-en-el-pilt\/","url":"https:\/\/pilt.com.ar\/parque-industrial\/distintas-actividades-tuvieron-lugar-en-el-pilt\/","name":"DISTINTAS ACTIVIDADES TUVIERON LUGAR EN EL PILT - PILT.com.ar","isPartOf":{"@id":"https:\/\/pilt.com.ar\/parque-industrial\/#website"},"primaryImageOfPage":{"@id":"https:\/\/pilt.com.ar\/parque-industrial\/distintas-actividades-tuvieron-lugar-en-el-pilt\/#primaryimage"},"image":{"@id":"https:\/\/pilt.com.ar\/parque-industrial\/distintas-actividades-tuvieron-lugar-en-el-pilt\/#primaryimage"},"thumbnailUrl":"https:\/\/i0.wp.com\/pilt.com.ar\/parque-industrial\/wp-content\/uploads\/2022\/09\/WhatsApp-Image-2022-08-31-at-15.16.52.jpeg?fit=1600%2C1200&ssl=1","datePublished":"2022-09-01T18:52:25+00:00","author":{"@id":"https:\/\/pilt.com.ar\/parque-industrial\/#\/schema\/person\/2dfb9e2464de1c3deef20c25c30a8306"},"inLanguage":"es","potentialAction":[{"@type":"ReadAction","target":["https:\/\/pilt.com.ar\/parque-industrial\/distintas-actividades-tuvieron-lugar-en-el-pilt\/"]}]},{"@type":"ImageObject","inLanguage":"es","@id":"https:\/\/pilt.com.ar\/parque-industrial\/distintas-actividades-tuvieron-lugar-en-el-pilt\/#primaryimage","url":"https:\/\/i0.wp.com\/pilt.com.ar\/parque-industrial\/wp-content\/uploads\/2022\/09\/WhatsApp-Image-2022-08-31-at-15.16.52.jpeg?fit=1600%2C1200&ssl=1","contentUrl":"https:\/\/i0.wp.com\/pilt.com.ar\/parque-industrial\/wp-content\/uploads\/2022\/09\/WhatsApp-Image-2022-08-31-at-15.16.52.jpeg?fit=1600%2C1200&ssl=1","width":1600,"height":1200},{"@type":"WebSite","@id":"https:\/\/pilt.com.ar\/parque-industrial\/#website","url":"https:\/\/pilt.com.ar\/parque-industrial\/","name":"PILT.com.ar","description":"Parque Industrial, Log\u00edstico y Tecnol\u00f3gico Villa Mar\u00eda","potentialAction":[{"@type":"SearchAction","target":{"@type":"EntryPoint","urlTemplate":"https:\/\/pilt.com.ar\/parque-industrial\/?s={search_term_string}"},"query-input":{"@type":"PropertyValueSpecification","valueRequired":true,"valueName":"search_term_string"}}],"inLanguage":"es"},{"@type":"Person","@id":"https:\/\/pilt.com.ar\/parque-industrial\/#\/schema\/person\/2dfb9e2464de1c3deef20c25c30a8306","name":"PILT","image":{"@type":"ImageObject","inLanguage":"es","@id":"https:\/\/secure.gravatar.com\/avatar\/5e3734c8d8c8e0b0d45f923c14a14d7b90521d573d02f0d91360a777095ee42b?s=96&d=mm&r=g","url":"https:\/\/secure.gravatar.com\/avatar\/5e3734c8d8c8e0b0d45f923c14a14d7b90521d573d02f0d91360a777095ee42b?s=96&d=mm&r=g","contentUrl":"https:\/\/secure.gravatar.com\/avatar\/5e3734c8d8c8e0b0d45f923c14a14d7b90521d573d02f0d91360a777095ee42b?s=96&d=mm&r=g","caption":"PILT"},"url":"https:\/\/pilt.com.ar\/parque-industrial\/author\/pilt\/"}]}},"jetpack_featured_media_url":"https:\/\/i0.wp.com\/pilt.com.ar\/parque-industrial\/wp-content\/uploads\/2022\/09\/WhatsApp-Image-2022-08-31-at-15.16.52.jpeg?fit=1600%2C1200&ssl=1","jetpack_sharing_enabled":true,"_links":{"self":[{"href":"https:\/\/pilt.com.ar\/parque-industrial\/wp-json\/wp\/v2\/posts\/2520","targetHints":{"allow":["GET"]}}],"collection":[{"href":"https:\/\/pilt.com.ar\/parque-industrial\/wp-json\/wp\/v2\/posts"}],"about":[{"href":"https:\/\/pilt.com.ar\/parque-industrial\/wp-json\/wp\/v2\/types\/post"}],"author":[{"embeddable":true,"href":"https:\/\/pilt.com.ar\/parque-industrial\/wp-json\/wp\/v2\/users\/3"}],"replies":[{"embeddable":true,"href":"https:\/\/pilt.com.ar\/parque-industrial\/wp-json\/wp\/v2\/comments?post=2520"}],"version-history":[{"count":1,"href":"https:\/\/pilt.com.ar\/parque-industrial\/wp-json\/wp\/v2\/posts\/2520\/revisions"}],"predecessor-version":[{"id":2522,"href":"https:\/\/pilt.com.ar\/parque-industrial\/wp-json\/wp\/v2\/posts\/2520\/revisions\/2522"}],"wp:featuredmedia":[{"embeddable":true,"href":"https:\/\/pilt.com.ar\/parque-industrial\/wp-json\/wp\/v2\/media\/2521"}],"wp:attachment":[{"href":"https:\/\/pilt.com.ar\/parque-industrial\/wp-json\/wp\/v2\/media?parent=2520"}],"wp:term":[{"taxonomy":"category","embeddable":true,"href":"https:\/\/pilt.com.ar\/parque-industrial\/wp-json\/wp\/v2\/categories?post=2520"},{"taxonomy":"post_tag","embeddable":true,"href":"https:\/\/pilt.com.ar\/parque-industrial\/wp-json\/wp\/v2\/tags?post=2520"}],"curies":[{"name":"wp","href":"https:\/\/api.w.org\/{rel}","templated":true}]}}