{"id":2517,"date":"2022-08-26T10:36:22","date_gmt":"2022-08-26T13:36:22","guid":{"rendered":"https:\/\/pilt.com.ar\/parque-industrial\/?p=2517"},"modified":"2022-08-26T10:36:23","modified_gmt":"2022-08-26T13:36:23","slug":"el-pilt-concreto-la-venta-de-dos-lotes","status":"publish","type":"post","link":"https:\/\/pilt.com.ar\/parque-industrial\/el-pilt-concreto-la-venta-de-dos-lotes\/","title":{"rendered":"EL PILT CONCRET\u00d3 LA VENTA DE DOS LOTES"},"content":{"rendered":"\n<p class=\"has-text-align-center\"><em><strong>Se trata de empresas locales, una de ellas con larga trayectoria, que decidieron proyectar su evoluci\u00f3n en el Parque.<\/strong><\/em><\/p>\n\n\n\n<p class=\"has-text-align-justify\">Pedro Colombano Muebles y Transporte Don Andr\u00e9s adquirieron recientemente lotes para construir instalaciones en el Parque Industrial, Log\u00edstico y Tecnol\u00f3gico Villa Mar\u00eda (PILT).<\/p>\n\n\n\n<p class=\"has-text-align-justify\">En el caso de la tradicional firma dedicada a la elaboraci\u00f3n y venta de muebles, la intenci\u00f3n es ejecutar la planta fabril. Agust\u00edn Colombano, socio y parte de las nuevas generaciones que se integraron a la organizaci\u00f3n, explic\u00f3 que anteriormente contaban con un dep\u00f3sito y f\u00e1brica emplazada en el barrio industrial de la ciudad, pero que definieron su venta para mudarse al PILT.<\/p>\n\n\n\n<p class=\"has-text-align-justify\">El empresario precis\u00f3 que ya adquirieron un importante equipamiento para automatizar la producci\u00f3n, lo que permitir\u00e1 avanzar en eficiencia. El terreno en donde se construir\u00e1 la nave es de alrededor de 1000 metros cuadrados.<\/p>\n\n\n\n<p class=\"has-text-align-justify\">Sobre el proyecto, Colombano indic\u00f3: \u201cLa idea es desarrollar y tener un galp\u00f3n para montar la f\u00e1brica y hacer los muebles. Nosotros fabricamos muebles de cocina, vestidores, mesas de luz, roperos y dem\u00e1s; en el futuro queremos crecer, por eso la segunda parte del proyecto est\u00e1 enfocada en la producci\u00f3n de sillones y sof\u00e1s. Por su puesto que lo haremos con prudencia y siguiendo a la demanda del mercado\u201d.<\/p>\n\n\n\n<p class=\"has-text-align-justify\">Transporte Don Andr\u00e9s es una empresa dedicada al transporte general de mercader\u00eda y adem\u00e1s posee un puesto en el Mercado de Abasto local. Justamente al frente de ese establecimiento funcionan las oficinas y un sector para el mantenimiento de unidades. En la primera etapa, esas tareas se realizar\u00e1n en el PILT, para lo que compraron un lote de alrededor de 2600 metros cuadrados.<\/p>\n\n\n\n<p class=\"has-text-align-justify\">Seg\u00fan destac\u00f3 Andr\u00e9s Pesci, miembro de la firma, \u201cel proyecto contempla en el futuro la fabricaci\u00f3n de carrozados para camiones; por eso nos interesa estar en Parque\u201d, se\u00f1al\u00f3.<\/p>\n","protected":false},"excerpt":{"rendered":"<p>Se trata de empresas locales, una de ellas con larga trayectoria, que decidieron proyectar su evoluci\u00f3n en el Parque. Pedro Colombano Muebles y Transporte Don Andr\u00e9s adquirieron recientemente lotes para construir instalaciones en el Parque Industrial, Log\u00edstico y Tecnol\u00f3gico Villa Mar\u00eda (PILT). En el caso de la tradicional firma dedicada a la elaboraci\u00f3n y venta [&hellip;]<\/p>\n","protected":false},"author":3,"featured_media":2518,"comment_status":"open","ping_status":"open","sticky":false,"template":"","format":"standard","meta":{"_jetpack_memberships_contains_paid_content":false,"footnotes":""},"categories":[2],"tags":[],"class_list":["post-2517","post","type-post","status-publish","format-standard","has-post-thumbnail","hentry","category-noticias"],"yoast_head":"<!-- This site is optimized with the Yoast SEO plugin v27.5 - https:\/\/yoast.com\/product\/yoast-seo-wordpress\/ -->\n<title>EL PILT CONCRET\u00d3 LA VENTA DE DOS LOTES - PILT.com.ar<\/title>\n<meta name=\"robots\" content=\"index, follow, max-snippet:-1, max-image-preview:large, max-video-preview:-1\" \/>\n<link rel=\"canonical\" href=\"https:\/\/pilt.com.ar\/parque-industrial\/el-pilt-concreto-la-venta-de-dos-lotes\/\" \/>\n<meta property=\"og:locale\" content=\"es_ES\" \/>\n<meta property=\"og:type\" content=\"article\" \/>\n<meta property=\"og:title\" content=\"EL PILT CONCRET\u00d3 LA VENTA DE DOS LOTES - PILT.com.ar\" \/>\n<meta property=\"og:description\" content=\"Se trata de empresas locales, una de ellas con larga trayectoria, que decidieron proyectar su evoluci\u00f3n en el Parque. Pedro Colombano Muebles y Transporte Don Andr\u00e9s adquirieron recientemente lotes para construir instalaciones en el Parque Industrial, Log\u00edstico y Tecnol\u00f3gico Villa Mar\u00eda (PILT). En el caso de la tradicional firma dedicada a la elaboraci\u00f3n y venta [&hellip;]\" \/>\n<meta property=\"og:url\" content=\"https:\/\/pilt.com.ar\/parque-industrial\/el-pilt-concreto-la-venta-de-dos-lotes\/\" \/>\n<meta property=\"og:site_name\" content=\"PILT.com.ar\" \/>\n<meta property=\"article:published_time\" content=\"2022-08-26T13:36:22+00:00\" \/>\n<meta property=\"article:modified_time\" content=\"2022-08-26T13:36:23+00:00\" \/>\n<meta property=\"og:image\" content=\"https:\/\/i0.wp.com\/pilt.com.ar\/parque-industrial\/wp-content\/uploads\/2022\/08\/WhatsApp-Image-2022-08-25-at-12.07.10-PM.jpeg?fit=898%2C762&ssl=1\" \/>\n\t<meta property=\"og:image:width\" content=\"898\" \/>\n\t<meta property=\"og:image:height\" content=\"762\" \/>\n\t<meta property=\"og:image:type\" content=\"image\/jpeg\" \/>\n<meta name=\"author\" content=\"PILT\" \/>\n<meta name=\"twitter:card\" content=\"summary_large_image\" \/>\n<meta name=\"twitter:label1\" content=\"Escrito por\" \/>\n\t<meta name=\"twitter:data1\" content=\"PILT\" \/>\n\t<meta name=\"twitter:label2\" content=\"Tiempo de lectura\" \/>\n\t<meta name=\"twitter:data2\" content=\"2 minutos\" \/>\n<script type=\"application\/ld+json\" class=\"yoast-schema-graph\">{\"@context\":\"https:\\\/\\\/schema.org\",\"@graph\":[{\"@type\":\"Article\",\"@id\":\"https:\\\/\\\/pilt.com.ar\\\/parque-industrial\\\/el-pilt-concreto-la-venta-de-dos-lotes\\\/#article\",\"isPartOf\":{\"@id\":\"https:\\\/\\\/pilt.com.ar\\\/parque-industrial\\\/el-pilt-concreto-la-venta-de-dos-lotes\\\/\"},\"author\":{\"name\":\"PILT\",\"@id\":\"https:\\\/\\\/pilt.com.ar\\\/parque-industrial\\\/#\\\/schema\\\/person\\\/2dfb9e2464de1c3deef20c25c30a8306\"},\"headline\":\"EL PILT CONCRET\u00d3 LA VENTA DE DOS LOTES\",\"datePublished\":\"2022-08-26T13:36:22+00:00\",\"dateModified\":\"2022-08-26T13:36:23+00:00\",\"mainEntityOfPage\":{\"@id\":\"https:\\\/\\\/pilt.com.ar\\\/parque-industrial\\\/el-pilt-concreto-la-venta-de-dos-lotes\\\/\"},\"wordCount\":330,\"commentCount\":0,\"image\":{\"@id\":\"https:\\\/\\\/pilt.com.ar\\\/parque-industrial\\\/el-pilt-concreto-la-venta-de-dos-lotes\\\/#primaryimage\"},\"thumbnailUrl\":\"https:\\\/\\\/i0.wp.com\\\/pilt.com.ar\\\/parque-industrial\\\/wp-content\\\/uploads\\\/2022\\\/08\\\/WhatsApp-Image-2022-08-25-at-12.07.10-PM.jpeg?fit=898%2C762&ssl=1\",\"articleSection\":[\"Noticias\"],\"inLanguage\":\"es\",\"potentialAction\":[{\"@type\":\"CommentAction\",\"name\":\"Comment\",\"target\":[\"https:\\\/\\\/pilt.com.ar\\\/parque-industrial\\\/el-pilt-concreto-la-venta-de-dos-lotes\\\/#respond\"]}]},{\"@type\":\"WebPage\",\"@id\":\"https:\\\/\\\/pilt.com.ar\\\/parque-industrial\\\/el-pilt-concreto-la-venta-de-dos-lotes\\\/\",\"url\":\"https:\\\/\\\/pilt.com.ar\\\/parque-industrial\\\/el-pilt-concreto-la-venta-de-dos-lotes\\\/\",\"name\":\"EL PILT CONCRET\u00d3 LA VENTA DE DOS LOTES - PILT.com.ar\",\"isPartOf\":{\"@id\":\"https:\\\/\\\/pilt.com.ar\\\/parque-industrial\\\/#website\"},\"primaryImageOfPage\":{\"@id\":\"https:\\\/\\\/pilt.com.ar\\\/parque-industrial\\\/el-pilt-concreto-la-venta-de-dos-lotes\\\/#primaryimage\"},\"image\":{\"@id\":\"https:\\\/\\\/pilt.com.ar\\\/parque-industrial\\\/el-pilt-concreto-la-venta-de-dos-lotes\\\/#primaryimage\"},\"thumbnailUrl\":\"https:\\\/\\\/i0.wp.com\\\/pilt.com.ar\\\/parque-industrial\\\/wp-content\\\/uploads\\\/2022\\\/08\\\/WhatsApp-Image-2022-08-25-at-12.07.10-PM.jpeg?fit=898%2C762&ssl=1\",\"datePublished\":\"2022-08-26T13:36:22+00:00\",\"dateModified\":\"2022-08-26T13:36:23+00:00\",\"author\":{\"@id\":\"https:\\\/\\\/pilt.com.ar\\\/parque-industrial\\\/#\\\/schema\\\/person\\\/2dfb9e2464de1c3deef20c25c30a8306\"},\"inLanguage\":\"es\",\"potentialAction\":[{\"@type\":\"ReadAction\",\"target\":[\"https:\\\/\\\/pilt.com.ar\\\/parque-industrial\\\/el-pilt-concreto-la-venta-de-dos-lotes\\\/\"]}]},{\"@type\":\"ImageObject\",\"inLanguage\":\"es\",\"@id\":\"https:\\\/\\\/pilt.com.ar\\\/parque-industrial\\\/el-pilt-concreto-la-venta-de-dos-lotes\\\/#primaryimage\",\"url\":\"https:\\\/\\\/i0.wp.com\\\/pilt.com.ar\\\/parque-industrial\\\/wp-content\\\/uploads\\\/2022\\\/08\\\/WhatsApp-Image-2022-08-25-at-12.07.10-PM.jpeg?fit=898%2C762&ssl=1\",\"contentUrl\":\"https:\\\/\\\/i0.wp.com\\\/pilt.com.ar\\\/parque-industrial\\\/wp-content\\\/uploads\\\/2022\\\/08\\\/WhatsApp-Image-2022-08-25-at-12.07.10-PM.jpeg?fit=898%2C762&ssl=1\",\"width\":898,\"height\":762},{\"@type\":\"WebSite\",\"@id\":\"https:\\\/\\\/pilt.com.ar\\\/parque-industrial\\\/#website\",\"url\":\"https:\\\/\\\/pilt.com.ar\\\/parque-industrial\\\/\",\"name\":\"PILT.com.ar\",\"description\":\"Parque Industrial, Log\u00edstico y Tecnol\u00f3gico Villa Mar\u00eda\",\"potentialAction\":[{\"@type\":\"SearchAction\",\"target\":{\"@type\":\"EntryPoint\",\"urlTemplate\":\"https:\\\/\\\/pilt.com.ar\\\/parque-industrial\\\/?s={search_term_string}\"},\"query-input\":{\"@type\":\"PropertyValueSpecification\",\"valueRequired\":true,\"valueName\":\"search_term_string\"}}],\"inLanguage\":\"es\"},{\"@type\":\"Person\",\"@id\":\"https:\\\/\\\/pilt.com.ar\\\/parque-industrial\\\/#\\\/schema\\\/person\\\/2dfb9e2464de1c3deef20c25c30a8306\",\"name\":\"PILT\",\"image\":{\"@type\":\"ImageObject\",\"inLanguage\":\"es\",\"@id\":\"https:\\\/\\\/secure.gravatar.com\\\/avatar\\\/5e3734c8d8c8e0b0d45f923c14a14d7b90521d573d02f0d91360a777095ee42b?s=96&d=mm&r=g\",\"url\":\"https:\\\/\\\/secure.gravatar.com\\\/avatar\\\/5e3734c8d8c8e0b0d45f923c14a14d7b90521d573d02f0d91360a777095ee42b?s=96&d=mm&r=g\",\"contentUrl\":\"https:\\\/\\\/secure.gravatar.com\\\/avatar\\\/5e3734c8d8c8e0b0d45f923c14a14d7b90521d573d02f0d91360a777095ee42b?s=96&d=mm&r=g\",\"caption\":\"PILT\"},\"url\":\"https:\\\/\\\/pilt.com.ar\\\/parque-industrial\\\/author\\\/pilt\\\/\"}]}<\/script>\n<!-- \/ Yoast SEO plugin. -->","yoast_head_json":{"title":"EL PILT CONCRET\u00d3 LA VENTA DE DOS LOTES - PILT.com.ar","robots":{"index":"index","follow":"follow","max-snippet":"max-snippet:-1","max-image-preview":"max-image-preview:large","max-video-preview":"max-video-preview:-1"},"canonical":"https:\/\/pilt.com.ar\/parque-industrial\/el-pilt-concreto-la-venta-de-dos-lotes\/","og_locale":"es_ES","og_type":"article","og_title":"EL PILT CONCRET\u00d3 LA VENTA DE DOS LOTES - PILT.com.ar","og_description":"Se trata de empresas locales, una de ellas con larga trayectoria, que decidieron proyectar su evoluci\u00f3n en el Parque. Pedro Colombano Muebles y Transporte Don Andr\u00e9s adquirieron recientemente lotes para construir instalaciones en el Parque Industrial, Log\u00edstico y Tecnol\u00f3gico Villa Mar\u00eda (PILT). En el caso de la tradicional firma dedicada a la elaboraci\u00f3n y venta [&hellip;]","og_url":"https:\/\/pilt.com.ar\/parque-industrial\/el-pilt-concreto-la-venta-de-dos-lotes\/","og_site_name":"PILT.com.ar","article_published_time":"2022-08-26T13:36:22+00:00","article_modified_time":"2022-08-26T13:36:23+00:00","og_image":[{"width":898,"height":762,"url":"https:\/\/i0.wp.com\/pilt.com.ar\/parque-industrial\/wp-content\/uploads\/2022\/08\/WhatsApp-Image-2022-08-25-at-12.07.10-PM.jpeg?fit=898%2C762&ssl=1","type":"image\/jpeg"}],"author":"PILT","twitter_card":"summary_large_image","twitter_misc":{"Escrito por":"PILT","Tiempo de lectura":"2 minutos"},"schema":{"@context":"https:\/\/schema.org","@graph":[{"@type":"Article","@id":"https:\/\/pilt.com.ar\/parque-industrial\/el-pilt-concreto-la-venta-de-dos-lotes\/#article","isPartOf":{"@id":"https:\/\/pilt.com.ar\/parque-industrial\/el-pilt-concreto-la-venta-de-dos-lotes\/"},"author":{"name":"PILT","@id":"https:\/\/pilt.com.ar\/parque-industrial\/#\/schema\/person\/2dfb9e2464de1c3deef20c25c30a8306"},"headline":"EL PILT CONCRET\u00d3 LA VENTA DE DOS LOTES","datePublished":"2022-08-26T13:36:22+00:00","dateModified":"2022-08-26T13:36:23+00:00","mainEntityOfPage":{"@id":"https:\/\/pilt.com.ar\/parque-industrial\/el-pilt-concreto-la-venta-de-dos-lotes\/"},"wordCount":330,"commentCount":0,"image":{"@id":"https:\/\/pilt.com.ar\/parque-industrial\/el-pilt-concreto-la-venta-de-dos-lotes\/#primaryimage"},"thumbnailUrl":"https:\/\/i0.wp.com\/pilt.com.ar\/parque-industrial\/wp-content\/uploads\/2022\/08\/WhatsApp-Image-2022-08-25-at-12.07.10-PM.jpeg?fit=898%2C762&ssl=1","articleSection":["Noticias"],"inLanguage":"es","potentialAction":[{"@type":"CommentAction","name":"Comment","target":["https:\/\/pilt.com.ar\/parque-industrial\/el-pilt-concreto-la-venta-de-dos-lotes\/#respond"]}]},{"@type":"WebPage","@id":"https:\/\/pilt.com.ar\/parque-industrial\/el-pilt-concreto-la-venta-de-dos-lotes\/","url":"https:\/\/pilt.com.ar\/parque-industrial\/el-pilt-concreto-la-venta-de-dos-lotes\/","name":"EL PILT CONCRET\u00d3 LA VENTA DE DOS LOTES - PILT.com.ar","isPartOf":{"@id":"https:\/\/pilt.com.ar\/parque-industrial\/#website"},"primaryImageOfPage":{"@id":"https:\/\/pilt.com.ar\/parque-industrial\/el-pilt-concreto-la-venta-de-dos-lotes\/#primaryimage"},"image":{"@id":"https:\/\/pilt.com.ar\/parque-industrial\/el-pilt-concreto-la-venta-de-dos-lotes\/#primaryimage"},"thumbnailUrl":"https:\/\/i0.wp.com\/pilt.com.ar\/parque-industrial\/wp-content\/uploads\/2022\/08\/WhatsApp-Image-2022-08-25-at-12.07.10-PM.jpeg?fit=898%2C762&ssl=1","datePublished":"2022-08-26T13:36:22+00:00","dateModified":"2022-08-26T13:36:23+00:00","author":{"@id":"https:\/\/pilt.com.ar\/parque-industrial\/#\/schema\/person\/2dfb9e2464de1c3deef20c25c30a8306"},"inLanguage":"es","potentialAction":[{"@type":"ReadAction","target":["https:\/\/pilt.com.ar\/parque-industrial\/el-pilt-concreto-la-venta-de-dos-lotes\/"]}]},{"@type":"ImageObject","inLanguage":"es","@id":"https:\/\/pilt.com.ar\/parque-industrial\/el-pilt-concreto-la-venta-de-dos-lotes\/#primaryimage","url":"https:\/\/i0.wp.com\/pilt.com.ar\/parque-industrial\/wp-content\/uploads\/2022\/08\/WhatsApp-Image-2022-08-25-at-12.07.10-PM.jpeg?fit=898%2C762&ssl=1","contentUrl":"https:\/\/i0.wp.com\/pilt.com.ar\/parque-industrial\/wp-content\/uploads\/2022\/08\/WhatsApp-Image-2022-08-25-at-12.07.10-PM.jpeg?fit=898%2C762&ssl=1","width":898,"height":762},{"@type":"WebSite","@id":"https:\/\/pilt.com.ar\/parque-industrial\/#website","url":"https:\/\/pilt.com.ar\/parque-industrial\/","name":"PILT.com.ar","description":"Parque Industrial, Log\u00edstico y Tecnol\u00f3gico Villa Mar\u00eda","potentialAction":[{"@type":"SearchAction","target":{"@type":"EntryPoint","urlTemplate":"https:\/\/pilt.com.ar\/parque-industrial\/?s={search_term_string}"},"query-input":{"@type":"PropertyValueSpecification","valueRequired":true,"valueName":"search_term_string"}}],"inLanguage":"es"},{"@type":"Person","@id":"https:\/\/pilt.com.ar\/parque-industrial\/#\/schema\/person\/2dfb9e2464de1c3deef20c25c30a8306","name":"PILT","image":{"@type":"ImageObject","inLanguage":"es","@id":"https:\/\/secure.gravatar.com\/avatar\/5e3734c8d8c8e0b0d45f923c14a14d7b90521d573d02f0d91360a777095ee42b?s=96&d=mm&r=g","url":"https:\/\/secure.gravatar.com\/avatar\/5e3734c8d8c8e0b0d45f923c14a14d7b90521d573d02f0d91360a777095ee42b?s=96&d=mm&r=g","contentUrl":"https:\/\/secure.gravatar.com\/avatar\/5e3734c8d8c8e0b0d45f923c14a14d7b90521d573d02f0d91360a777095ee42b?s=96&d=mm&r=g","caption":"PILT"},"url":"https:\/\/pilt.com.ar\/parque-industrial\/author\/pilt\/"}]}},"jetpack_featured_media_url":"https:\/\/i0.wp.com\/pilt.com.ar\/parque-industrial\/wp-content\/uploads\/2022\/08\/WhatsApp-Image-2022-08-25-at-12.07.10-PM.jpeg?fit=898%2C762&ssl=1","jetpack_sharing_enabled":true,"_links":{"self":[{"href":"https:\/\/pilt.com.ar\/parque-industrial\/wp-json\/wp\/v2\/posts\/2517","targetHints":{"allow":["GET"]}}],"collection":[{"href":"https:\/\/pilt.com.ar\/parque-industrial\/wp-json\/wp\/v2\/posts"}],"about":[{"href":"https:\/\/pilt.com.ar\/parque-industrial\/wp-json\/wp\/v2\/types\/post"}],"author":[{"embeddable":true,"href":"https:\/\/pilt.com.ar\/parque-industrial\/wp-json\/wp\/v2\/users\/3"}],"replies":[{"embeddable":true,"href":"https:\/\/pilt.com.ar\/parque-industrial\/wp-json\/wp\/v2\/comments?post=2517"}],"version-history":[{"count":1,"href":"https:\/\/pilt.com.ar\/parque-industrial\/wp-json\/wp\/v2\/posts\/2517\/revisions"}],"predecessor-version":[{"id":2519,"href":"https:\/\/pilt.com.ar\/parque-industrial\/wp-json\/wp\/v2\/posts\/2517\/revisions\/2519"}],"wp:featuredmedia":[{"embeddable":true,"href":"https:\/\/pilt.com.ar\/parque-industrial\/wp-json\/wp\/v2\/media\/2518"}],"wp:attachment":[{"href":"https:\/\/pilt.com.ar\/parque-industrial\/wp-json\/wp\/v2\/media?parent=2517"}],"wp:term":[{"taxonomy":"category","embeddable":true,"href":"https:\/\/pilt.com.ar\/parque-industrial\/wp-json\/wp\/v2\/categories?post=2517"},{"taxonomy":"post_tag","embeddable":true,"href":"https:\/\/pilt.com.ar\/parque-industrial\/wp-json\/wp\/v2\/tags?post=2517"}],"curies":[{"name":"wp","href":"https:\/\/api.w.org\/{rel}","templated":true}]}}