{"id":2505,"date":"2022-08-12T10:35:22","date_gmt":"2022-08-12T13:35:22","guid":{"rendered":"https:\/\/pilt.com.ar\/parque-industrial\/?p=2505"},"modified":"2022-08-12T10:35:23","modified_gmt":"2022-08-12T13:35:23","slug":"el-pilt-participo-de-una-nueva-actividad-de-la-red-para-emprender","status":"publish","type":"post","link":"https:\/\/pilt.com.ar\/parque-industrial\/el-pilt-participo-de-una-nueva-actividad-de-la-red-para-emprender\/","title":{"rendered":"EL PILT PARTICIP\u00d3 DE UNA NUEVA ACTIVIDAD DE LA RED PARA EMPRENDER"},"content":{"rendered":"\n<p class=\"has-text-align-center\"><em>Durante dos d\u00edas se desarroll\u00f3 un taller en la sede de AERCA. Formaron parte el gerente de la entidad, Carlos Montoto Galiano, y la responsable de Vinculaci\u00f3n, \u00c1ngela S\u00e1ez.<\/em><\/p>\n\n\n\n<p class=\"has-text-align-justify\">Miembros del Parque Industrial, Log\u00edstico y Tecnol\u00f3gico Villa Mar\u00eda (PILT) participaron del taller denominado Desarrollo de Plan Estrat\u00e9gico de la Red Emprender Villa Mar\u00eda y Villa Nueva, que se llev\u00f3 a cabo durante dos jornadas en la sede AERCA. El mismo estuvo coordinado por Israel Cinmam, especialista en la tem\u00e1tica.<\/p>\n\n\n\n<p class=\"has-text-align-justify\">El taller fue un espacio de reflexi\u00f3n y capacitaci\u00f3n para los representantes de las instituciones que conforman la red, analizando las herramientas necesarias para el acompa\u00f1amiento a emprendedores en las distintas etapas de sus proyectos. A su vez, se puso en valor la emergencia de nuevos paradigmas que atraviesan a la sociedad y, por supuesto, al emprendedorismo. Por otra parte, se revisaron ecosistemas emprendedores internacionales, adem\u00e1s de plantear acciones que puedan proyectar la red a largo plazo.<\/p>\n\n\n\n<p class=\"has-text-align-justify\">Seg\u00fan expres\u00f3 el gerente del PILT, \u201cla idea principal de la actividad fue trabajar sobre c\u00f3mo definir la orientaci\u00f3n a largo plazo de la red, el enfoque que debe tener y hacia qu\u00e9 actividades y rubros deber\u00edan estar encaminados los esfuerzos\u201d.<\/p>\n\n\n\n<p class=\"has-text-align-justify\">Vale la pena mencionar que la primera jornada del taller cont\u00f3 con la presencia del intendente de Villa Mar\u00eda, Mart\u00edn Gill.<\/p>\n\n\n\n<p class=\"has-text-align-justify\">La Red para Emprender de Villa Mar\u00eda y Villa Nueva re\u00fane a once instituciones. Las municipalidades de ambas localidades; Ministerio de Industria, Comercio y Miner\u00eda de la Provincia; Universidad Nacional de Villa Mar\u00eda (UNVM); Universidad Tecnol\u00f3gica Nacional, Facultad Regional Villa Mar\u00eda (FRVM &#8211; UTN); AERCA; Centro Comercial, Industrial y de Servicios de Villa Nueva (Cecips); Cl\u00faster Quesero y de Impulso Tecnol\u00f3gico; Ente Regional de Desarrollo (EnRed) y el Parque Industrial Log\u00edstico y Tecnol\u00f3gico (PILT).<\/p>\n","protected":false},"excerpt":{"rendered":"<p>Durante dos d\u00edas se desarroll\u00f3 un taller en la sede de AERCA. Formaron parte el gerente de la entidad, Carlos Montoto Galiano, y la responsable de Vinculaci\u00f3n, \u00c1ngela S\u00e1ez. Miembros del Parque Industrial, Log\u00edstico y Tecnol\u00f3gico Villa Mar\u00eda (PILT) participaron del taller denominado Desarrollo de Plan Estrat\u00e9gico de la Red Emprender Villa Mar\u00eda y Villa [&hellip;]<\/p>\n","protected":false},"author":3,"featured_media":2506,"comment_status":"open","ping_status":"open","sticky":false,"template":"","format":"standard","meta":{"_jetpack_memberships_contains_paid_content":false,"footnotes":""},"categories":[2],"tags":[],"class_list":["post-2505","post","type-post","status-publish","format-standard","has-post-thumbnail","hentry","category-noticias"],"yoast_head":"<!-- This site is optimized with the Yoast SEO plugin v27.5 - https:\/\/yoast.com\/product\/yoast-seo-wordpress\/ -->\n<title>EL PILT PARTICIP\u00d3 DE UNA NUEVA ACTIVIDAD DE LA RED PARA EMPRENDER - PILT.com.ar<\/title>\n<meta name=\"robots\" content=\"index, follow, max-snippet:-1, max-image-preview:large, max-video-preview:-1\" \/>\n<link rel=\"canonical\" href=\"https:\/\/pilt.com.ar\/parque-industrial\/el-pilt-participo-de-una-nueva-actividad-de-la-red-para-emprender\/\" \/>\n<meta property=\"og:locale\" content=\"es_ES\" \/>\n<meta property=\"og:type\" content=\"article\" \/>\n<meta property=\"og:title\" content=\"EL PILT PARTICIP\u00d3 DE UNA NUEVA ACTIVIDAD DE LA RED PARA EMPRENDER - PILT.com.ar\" \/>\n<meta property=\"og:description\" content=\"Durante dos d\u00edas se desarroll\u00f3 un taller en la sede de AERCA. Formaron parte el gerente de la entidad, Carlos Montoto Galiano, y la responsable de Vinculaci\u00f3n, \u00c1ngela S\u00e1ez. Miembros del Parque Industrial, Log\u00edstico y Tecnol\u00f3gico Villa Mar\u00eda (PILT) participaron del taller denominado Desarrollo de Plan Estrat\u00e9gico de la Red Emprender Villa Mar\u00eda y Villa [&hellip;]\" \/>\n<meta property=\"og:url\" content=\"https:\/\/pilt.com.ar\/parque-industrial\/el-pilt-participo-de-una-nueva-actividad-de-la-red-para-emprender\/\" \/>\n<meta property=\"og:site_name\" content=\"PILT.com.ar\" \/>\n<meta property=\"article:published_time\" content=\"2022-08-12T13:35:22+00:00\" \/>\n<meta property=\"article:modified_time\" content=\"2022-08-12T13:35:23+00:00\" \/>\n<meta property=\"og:image\" content=\"https:\/\/i0.wp.com\/pilt.com.ar\/parque-industrial\/wp-content\/uploads\/2022\/08\/WhatsApp-Image-2022-08-10-at-4.29.13-PM.jpeg?fit=1280%2C960&ssl=1\" \/>\n\t<meta property=\"og:image:width\" content=\"1280\" \/>\n\t<meta property=\"og:image:height\" content=\"960\" \/>\n\t<meta property=\"og:image:type\" content=\"image\/jpeg\" \/>\n<meta name=\"author\" content=\"PILT\" \/>\n<meta name=\"twitter:card\" content=\"summary_large_image\" \/>\n<meta name=\"twitter:label1\" content=\"Escrito por\" \/>\n\t<meta name=\"twitter:data1\" content=\"PILT\" \/>\n\t<meta name=\"twitter:label2\" content=\"Tiempo de lectura\" \/>\n\t<meta name=\"twitter:data2\" content=\"2 minutos\" \/>\n<script type=\"application\/ld+json\" class=\"yoast-schema-graph\">{\"@context\":\"https:\\\/\\\/schema.org\",\"@graph\":[{\"@type\":\"Article\",\"@id\":\"https:\\\/\\\/pilt.com.ar\\\/parque-industrial\\\/el-pilt-participo-de-una-nueva-actividad-de-la-red-para-emprender\\\/#article\",\"isPartOf\":{\"@id\":\"https:\\\/\\\/pilt.com.ar\\\/parque-industrial\\\/el-pilt-participo-de-una-nueva-actividad-de-la-red-para-emprender\\\/\"},\"author\":{\"name\":\"PILT\",\"@id\":\"https:\\\/\\\/pilt.com.ar\\\/parque-industrial\\\/#\\\/schema\\\/person\\\/2dfb9e2464de1c3deef20c25c30a8306\"},\"headline\":\"EL PILT PARTICIP\u00d3 DE UNA NUEVA ACTIVIDAD DE LA RED PARA EMPRENDER\",\"datePublished\":\"2022-08-12T13:35:22+00:00\",\"dateModified\":\"2022-08-12T13:35:23+00:00\",\"mainEntityOfPage\":{\"@id\":\"https:\\\/\\\/pilt.com.ar\\\/parque-industrial\\\/el-pilt-participo-de-una-nueva-actividad-de-la-red-para-emprender\\\/\"},\"wordCount\":333,\"commentCount\":0,\"image\":{\"@id\":\"https:\\\/\\\/pilt.com.ar\\\/parque-industrial\\\/el-pilt-participo-de-una-nueva-actividad-de-la-red-para-emprender\\\/#primaryimage\"},\"thumbnailUrl\":\"https:\\\/\\\/i0.wp.com\\\/pilt.com.ar\\\/parque-industrial\\\/wp-content\\\/uploads\\\/2022\\\/08\\\/WhatsApp-Image-2022-08-10-at-4.29.13-PM.jpeg?fit=1280%2C960&ssl=1\",\"articleSection\":[\"Noticias\"],\"inLanguage\":\"es\",\"potentialAction\":[{\"@type\":\"CommentAction\",\"name\":\"Comment\",\"target\":[\"https:\\\/\\\/pilt.com.ar\\\/parque-industrial\\\/el-pilt-participo-de-una-nueva-actividad-de-la-red-para-emprender\\\/#respond\"]}]},{\"@type\":\"WebPage\",\"@id\":\"https:\\\/\\\/pilt.com.ar\\\/parque-industrial\\\/el-pilt-participo-de-una-nueva-actividad-de-la-red-para-emprender\\\/\",\"url\":\"https:\\\/\\\/pilt.com.ar\\\/parque-industrial\\\/el-pilt-participo-de-una-nueva-actividad-de-la-red-para-emprender\\\/\",\"name\":\"EL PILT PARTICIP\u00d3 DE UNA NUEVA ACTIVIDAD DE LA RED PARA EMPRENDER - PILT.com.ar\",\"isPartOf\":{\"@id\":\"https:\\\/\\\/pilt.com.ar\\\/parque-industrial\\\/#website\"},\"primaryImageOfPage\":{\"@id\":\"https:\\\/\\\/pilt.com.ar\\\/parque-industrial\\\/el-pilt-participo-de-una-nueva-actividad-de-la-red-para-emprender\\\/#primaryimage\"},\"image\":{\"@id\":\"https:\\\/\\\/pilt.com.ar\\\/parque-industrial\\\/el-pilt-participo-de-una-nueva-actividad-de-la-red-para-emprender\\\/#primaryimage\"},\"thumbnailUrl\":\"https:\\\/\\\/i0.wp.com\\\/pilt.com.ar\\\/parque-industrial\\\/wp-content\\\/uploads\\\/2022\\\/08\\\/WhatsApp-Image-2022-08-10-at-4.29.13-PM.jpeg?fit=1280%2C960&ssl=1\",\"datePublished\":\"2022-08-12T13:35:22+00:00\",\"dateModified\":\"2022-08-12T13:35:23+00:00\",\"author\":{\"@id\":\"https:\\\/\\\/pilt.com.ar\\\/parque-industrial\\\/#\\\/schema\\\/person\\\/2dfb9e2464de1c3deef20c25c30a8306\"},\"inLanguage\":\"es\",\"potentialAction\":[{\"@type\":\"ReadAction\",\"target\":[\"https:\\\/\\\/pilt.com.ar\\\/parque-industrial\\\/el-pilt-participo-de-una-nueva-actividad-de-la-red-para-emprender\\\/\"]}]},{\"@type\":\"ImageObject\",\"inLanguage\":\"es\",\"@id\":\"https:\\\/\\\/pilt.com.ar\\\/parque-industrial\\\/el-pilt-participo-de-una-nueva-actividad-de-la-red-para-emprender\\\/#primaryimage\",\"url\":\"https:\\\/\\\/i0.wp.com\\\/pilt.com.ar\\\/parque-industrial\\\/wp-content\\\/uploads\\\/2022\\\/08\\\/WhatsApp-Image-2022-08-10-at-4.29.13-PM.jpeg?fit=1280%2C960&ssl=1\",\"contentUrl\":\"https:\\\/\\\/i0.wp.com\\\/pilt.com.ar\\\/parque-industrial\\\/wp-content\\\/uploads\\\/2022\\\/08\\\/WhatsApp-Image-2022-08-10-at-4.29.13-PM.jpeg?fit=1280%2C960&ssl=1\",\"width\":1280,\"height\":960},{\"@type\":\"WebSite\",\"@id\":\"https:\\\/\\\/pilt.com.ar\\\/parque-industrial\\\/#website\",\"url\":\"https:\\\/\\\/pilt.com.ar\\\/parque-industrial\\\/\",\"name\":\"PILT.com.ar\",\"description\":\"Parque Industrial, Log\u00edstico y Tecnol\u00f3gico Villa Mar\u00eda\",\"potentialAction\":[{\"@type\":\"SearchAction\",\"target\":{\"@type\":\"EntryPoint\",\"urlTemplate\":\"https:\\\/\\\/pilt.com.ar\\\/parque-industrial\\\/?s={search_term_string}\"},\"query-input\":{\"@type\":\"PropertyValueSpecification\",\"valueRequired\":true,\"valueName\":\"search_term_string\"}}],\"inLanguage\":\"es\"},{\"@type\":\"Person\",\"@id\":\"https:\\\/\\\/pilt.com.ar\\\/parque-industrial\\\/#\\\/schema\\\/person\\\/2dfb9e2464de1c3deef20c25c30a8306\",\"name\":\"PILT\",\"image\":{\"@type\":\"ImageObject\",\"inLanguage\":\"es\",\"@id\":\"https:\\\/\\\/secure.gravatar.com\\\/avatar\\\/5e3734c8d8c8e0b0d45f923c14a14d7b90521d573d02f0d91360a777095ee42b?s=96&d=mm&r=g\",\"url\":\"https:\\\/\\\/secure.gravatar.com\\\/avatar\\\/5e3734c8d8c8e0b0d45f923c14a14d7b90521d573d02f0d91360a777095ee42b?s=96&d=mm&r=g\",\"contentUrl\":\"https:\\\/\\\/secure.gravatar.com\\\/avatar\\\/5e3734c8d8c8e0b0d45f923c14a14d7b90521d573d02f0d91360a777095ee42b?s=96&d=mm&r=g\",\"caption\":\"PILT\"},\"url\":\"https:\\\/\\\/pilt.com.ar\\\/parque-industrial\\\/author\\\/pilt\\\/\"}]}<\/script>\n<!-- \/ Yoast SEO plugin. -->","yoast_head_json":{"title":"EL PILT PARTICIP\u00d3 DE UNA NUEVA ACTIVIDAD DE LA RED PARA EMPRENDER - PILT.com.ar","robots":{"index":"index","follow":"follow","max-snippet":"max-snippet:-1","max-image-preview":"max-image-preview:large","max-video-preview":"max-video-preview:-1"},"canonical":"https:\/\/pilt.com.ar\/parque-industrial\/el-pilt-participo-de-una-nueva-actividad-de-la-red-para-emprender\/","og_locale":"es_ES","og_type":"article","og_title":"EL PILT PARTICIP\u00d3 DE UNA NUEVA ACTIVIDAD DE LA RED PARA EMPRENDER - PILT.com.ar","og_description":"Durante dos d\u00edas se desarroll\u00f3 un taller en la sede de AERCA. Formaron parte el gerente de la entidad, Carlos Montoto Galiano, y la responsable de Vinculaci\u00f3n, \u00c1ngela S\u00e1ez. Miembros del Parque Industrial, Log\u00edstico y Tecnol\u00f3gico Villa Mar\u00eda (PILT) participaron del taller denominado Desarrollo de Plan Estrat\u00e9gico de la Red Emprender Villa Mar\u00eda y Villa [&hellip;]","og_url":"https:\/\/pilt.com.ar\/parque-industrial\/el-pilt-participo-de-una-nueva-actividad-de-la-red-para-emprender\/","og_site_name":"PILT.com.ar","article_published_time":"2022-08-12T13:35:22+00:00","article_modified_time":"2022-08-12T13:35:23+00:00","og_image":[{"width":1280,"height":960,"url":"https:\/\/i0.wp.com\/pilt.com.ar\/parque-industrial\/wp-content\/uploads\/2022\/08\/WhatsApp-Image-2022-08-10-at-4.29.13-PM.jpeg?fit=1280%2C960&ssl=1","type":"image\/jpeg"}],"author":"PILT","twitter_card":"summary_large_image","twitter_misc":{"Escrito por":"PILT","Tiempo de lectura":"2 minutos"},"schema":{"@context":"https:\/\/schema.org","@graph":[{"@type":"Article","@id":"https:\/\/pilt.com.ar\/parque-industrial\/el-pilt-participo-de-una-nueva-actividad-de-la-red-para-emprender\/#article","isPartOf":{"@id":"https:\/\/pilt.com.ar\/parque-industrial\/el-pilt-participo-de-una-nueva-actividad-de-la-red-para-emprender\/"},"author":{"name":"PILT","@id":"https:\/\/pilt.com.ar\/parque-industrial\/#\/schema\/person\/2dfb9e2464de1c3deef20c25c30a8306"},"headline":"EL PILT PARTICIP\u00d3 DE UNA NUEVA ACTIVIDAD DE LA RED PARA EMPRENDER","datePublished":"2022-08-12T13:35:22+00:00","dateModified":"2022-08-12T13:35:23+00:00","mainEntityOfPage":{"@id":"https:\/\/pilt.com.ar\/parque-industrial\/el-pilt-participo-de-una-nueva-actividad-de-la-red-para-emprender\/"},"wordCount":333,"commentCount":0,"image":{"@id":"https:\/\/pilt.com.ar\/parque-industrial\/el-pilt-participo-de-una-nueva-actividad-de-la-red-para-emprender\/#primaryimage"},"thumbnailUrl":"https:\/\/i0.wp.com\/pilt.com.ar\/parque-industrial\/wp-content\/uploads\/2022\/08\/WhatsApp-Image-2022-08-10-at-4.29.13-PM.jpeg?fit=1280%2C960&ssl=1","articleSection":["Noticias"],"inLanguage":"es","potentialAction":[{"@type":"CommentAction","name":"Comment","target":["https:\/\/pilt.com.ar\/parque-industrial\/el-pilt-participo-de-una-nueva-actividad-de-la-red-para-emprender\/#respond"]}]},{"@type":"WebPage","@id":"https:\/\/pilt.com.ar\/parque-industrial\/el-pilt-participo-de-una-nueva-actividad-de-la-red-para-emprender\/","url":"https:\/\/pilt.com.ar\/parque-industrial\/el-pilt-participo-de-una-nueva-actividad-de-la-red-para-emprender\/","name":"EL PILT PARTICIP\u00d3 DE UNA NUEVA ACTIVIDAD DE LA RED PARA EMPRENDER - PILT.com.ar","isPartOf":{"@id":"https:\/\/pilt.com.ar\/parque-industrial\/#website"},"primaryImageOfPage":{"@id":"https:\/\/pilt.com.ar\/parque-industrial\/el-pilt-participo-de-una-nueva-actividad-de-la-red-para-emprender\/#primaryimage"},"image":{"@id":"https:\/\/pilt.com.ar\/parque-industrial\/el-pilt-participo-de-una-nueva-actividad-de-la-red-para-emprender\/#primaryimage"},"thumbnailUrl":"https:\/\/i0.wp.com\/pilt.com.ar\/parque-industrial\/wp-content\/uploads\/2022\/08\/WhatsApp-Image-2022-08-10-at-4.29.13-PM.jpeg?fit=1280%2C960&ssl=1","datePublished":"2022-08-12T13:35:22+00:00","dateModified":"2022-08-12T13:35:23+00:00","author":{"@id":"https:\/\/pilt.com.ar\/parque-industrial\/#\/schema\/person\/2dfb9e2464de1c3deef20c25c30a8306"},"inLanguage":"es","potentialAction":[{"@type":"ReadAction","target":["https:\/\/pilt.com.ar\/parque-industrial\/el-pilt-participo-de-una-nueva-actividad-de-la-red-para-emprender\/"]}]},{"@type":"ImageObject","inLanguage":"es","@id":"https:\/\/pilt.com.ar\/parque-industrial\/el-pilt-participo-de-una-nueva-actividad-de-la-red-para-emprender\/#primaryimage","url":"https:\/\/i0.wp.com\/pilt.com.ar\/parque-industrial\/wp-content\/uploads\/2022\/08\/WhatsApp-Image-2022-08-10-at-4.29.13-PM.jpeg?fit=1280%2C960&ssl=1","contentUrl":"https:\/\/i0.wp.com\/pilt.com.ar\/parque-industrial\/wp-content\/uploads\/2022\/08\/WhatsApp-Image-2022-08-10-at-4.29.13-PM.jpeg?fit=1280%2C960&ssl=1","width":1280,"height":960},{"@type":"WebSite","@id":"https:\/\/pilt.com.ar\/parque-industrial\/#website","url":"https:\/\/pilt.com.ar\/parque-industrial\/","name":"PILT.com.ar","description":"Parque Industrial, Log\u00edstico y Tecnol\u00f3gico Villa Mar\u00eda","potentialAction":[{"@type":"SearchAction","target":{"@type":"EntryPoint","urlTemplate":"https:\/\/pilt.com.ar\/parque-industrial\/?s={search_term_string}"},"query-input":{"@type":"PropertyValueSpecification","valueRequired":true,"valueName":"search_term_string"}}],"inLanguage":"es"},{"@type":"Person","@id":"https:\/\/pilt.com.ar\/parque-industrial\/#\/schema\/person\/2dfb9e2464de1c3deef20c25c30a8306","name":"PILT","image":{"@type":"ImageObject","inLanguage":"es","@id":"https:\/\/secure.gravatar.com\/avatar\/5e3734c8d8c8e0b0d45f923c14a14d7b90521d573d02f0d91360a777095ee42b?s=96&d=mm&r=g","url":"https:\/\/secure.gravatar.com\/avatar\/5e3734c8d8c8e0b0d45f923c14a14d7b90521d573d02f0d91360a777095ee42b?s=96&d=mm&r=g","contentUrl":"https:\/\/secure.gravatar.com\/avatar\/5e3734c8d8c8e0b0d45f923c14a14d7b90521d573d02f0d91360a777095ee42b?s=96&d=mm&r=g","caption":"PILT"},"url":"https:\/\/pilt.com.ar\/parque-industrial\/author\/pilt\/"}]}},"jetpack_featured_media_url":"https:\/\/i0.wp.com\/pilt.com.ar\/parque-industrial\/wp-content\/uploads\/2022\/08\/WhatsApp-Image-2022-08-10-at-4.29.13-PM.jpeg?fit=1280%2C960&ssl=1","jetpack_sharing_enabled":true,"_links":{"self":[{"href":"https:\/\/pilt.com.ar\/parque-industrial\/wp-json\/wp\/v2\/posts\/2505","targetHints":{"allow":["GET"]}}],"collection":[{"href":"https:\/\/pilt.com.ar\/parque-industrial\/wp-json\/wp\/v2\/posts"}],"about":[{"href":"https:\/\/pilt.com.ar\/parque-industrial\/wp-json\/wp\/v2\/types\/post"}],"author":[{"embeddable":true,"href":"https:\/\/pilt.com.ar\/parque-industrial\/wp-json\/wp\/v2\/users\/3"}],"replies":[{"embeddable":true,"href":"https:\/\/pilt.com.ar\/parque-industrial\/wp-json\/wp\/v2\/comments?post=2505"}],"version-history":[{"count":1,"href":"https:\/\/pilt.com.ar\/parque-industrial\/wp-json\/wp\/v2\/posts\/2505\/revisions"}],"predecessor-version":[{"id":2507,"href":"https:\/\/pilt.com.ar\/parque-industrial\/wp-json\/wp\/v2\/posts\/2505\/revisions\/2507"}],"wp:featuredmedia":[{"embeddable":true,"href":"https:\/\/pilt.com.ar\/parque-industrial\/wp-json\/wp\/v2\/media\/2506"}],"wp:attachment":[{"href":"https:\/\/pilt.com.ar\/parque-industrial\/wp-json\/wp\/v2\/media?parent=2505"}],"wp:term":[{"taxonomy":"category","embeddable":true,"href":"https:\/\/pilt.com.ar\/parque-industrial\/wp-json\/wp\/v2\/categories?post=2505"},{"taxonomy":"post_tag","embeddable":true,"href":"https:\/\/pilt.com.ar\/parque-industrial\/wp-json\/wp\/v2\/tags?post=2505"}],"curies":[{"name":"wp","href":"https:\/\/api.w.org\/{rel}","templated":true}]}}