{"id":2470,"date":"2022-08-05T12:34:34","date_gmt":"2022-08-05T15:34:34","guid":{"rendered":"https:\/\/pilt.com.ar\/parque-industrial\/?p=2470"},"modified":"2022-08-05T12:34:35","modified_gmt":"2022-08-05T15:34:35","slug":"comenzo-la-construccion-de-una-nueva-planta-en-el-pilt","status":"publish","type":"post","link":"https:\/\/pilt.com.ar\/parque-industrial\/comenzo-la-construccion-de-una-nueva-planta-en-el-pilt\/","title":{"rendered":"COMENZ\u00d3 LA CONSTRUCCI\u00d3N DE UNA NUEVA PLANTA EN EL PILT"},"content":{"rendered":"\n<p class=\"has-text-align-center\"><strong><em>La empresa familiar Borla Hermanos inici\u00f3 el movimiento de tierra para la ejecuci\u00f3n de una obra de grandes dimensiones.<\/em><\/strong><\/p>\n\n\n\n<p class=\"has-text-align-justify\">Borla Hermanos, empresa dedicada a la producci\u00f3n y distribuci\u00f3n de productos, empez\u00f3 las tareas de movimiento de tierra para la construcci\u00f3n de su planta industrial, que contar\u00e1 con un galp\u00f3n de 4200 metros cuadrados (m2), con alero de carga y descarga de 1000 m2, y 160 m2 de oficinas.<\/p>\n\n\n\n<p class=\"has-text-align-justify\">Cabe se\u00f1alar que la firma elabora galletas y snack, a la vez que distribuye diversas marcas de productos alimenticios y bebidas. Para ello posee centros de distribuci\u00f3n en C\u00f3rdoba, R\u00edo Cuarto y R\u00edo Tercero.<\/p>\n\n\n\n<p class=\"has-text-align-justify\">La empresa utiliza dos espacios de almacenamiento y distribuci\u00f3n en Villa Mar\u00eda, que se unificar\u00e1n cuando la nueva obra est\u00e9 terminada. All\u00ed tambi\u00e9n fabricar\u00e1n productos, que actualmente s\u00f3lo se elaboran en la ciudad de C\u00f3rdoba.<\/p>\n\n\n\n<p class=\"has-text-align-justify\">Paola Carme, socia de Alfredo Guillen en el emprendimiento, destac\u00f3 que cuando inicien las actividades en la nave seguramente necesitar\u00e1n sumar mano de obra. \u201cHoy tenemos 20 empleados en Villa Mar\u00eda, pero esta estructura es m\u00e1s grande y va a requerir m\u00e1s personal. Tambi\u00e9n tendremos que tomar gente para la producci\u00f3n, que ahora no se est\u00e1 haciendo en la ciudad\u201d.<\/p>\n\n\n\n<p class=\"has-text-align-justify\">La intenci\u00f3n de los propietarios es que la obra pueda inaugurarse a fin de a\u00f1o.<\/p>\n\n\n\n<p><\/p>\n","protected":false},"excerpt":{"rendered":"<p>La empresa familiar Borla Hermanos inici\u00f3 el movimiento de tierra para la ejecuci\u00f3n de una obra de grandes dimensiones. Borla Hermanos, empresa dedicada a la producci\u00f3n y distribuci\u00f3n de productos, empez\u00f3 las tareas de movimiento de tierra para la construcci\u00f3n de su planta industrial, que contar\u00e1 con un galp\u00f3n de 4200 metros cuadrados (m2), con [&hellip;]<\/p>\n","protected":false},"author":3,"featured_media":2471,"comment_status":"open","ping_status":"open","sticky":false,"template":"","format":"standard","meta":{"_jetpack_memberships_contains_paid_content":false,"footnotes":""},"categories":[2],"tags":[],"class_list":["post-2470","post","type-post","status-publish","format-standard","has-post-thumbnail","hentry","category-noticias"],"yoast_head":"<!-- This site is optimized with the Yoast SEO plugin v27.5 - https:\/\/yoast.com\/product\/yoast-seo-wordpress\/ -->\n<title>COMENZ\u00d3 LA CONSTRUCCI\u00d3N DE UNA NUEVA PLANTA EN EL PILT - PILT.com.ar<\/title>\n<meta name=\"robots\" content=\"index, follow, max-snippet:-1, max-image-preview:large, max-video-preview:-1\" \/>\n<link rel=\"canonical\" href=\"https:\/\/pilt.com.ar\/parque-industrial\/comenzo-la-construccion-de-una-nueva-planta-en-el-pilt\/\" \/>\n<meta property=\"og:locale\" content=\"es_ES\" \/>\n<meta property=\"og:type\" content=\"article\" \/>\n<meta property=\"og:title\" content=\"COMENZ\u00d3 LA CONSTRUCCI\u00d3N DE UNA NUEVA PLANTA EN EL PILT - PILT.com.ar\" \/>\n<meta property=\"og:description\" content=\"La empresa familiar Borla Hermanos inici\u00f3 el movimiento de tierra para la ejecuci\u00f3n de una obra de grandes dimensiones. Borla Hermanos, empresa dedicada a la producci\u00f3n y distribuci\u00f3n de productos, empez\u00f3 las tareas de movimiento de tierra para la construcci\u00f3n de su planta industrial, que contar\u00e1 con un galp\u00f3n de 4200 metros cuadrados (m2), con [&hellip;]\" \/>\n<meta property=\"og:url\" content=\"https:\/\/pilt.com.ar\/parque-industrial\/comenzo-la-construccion-de-una-nueva-planta-en-el-pilt\/\" \/>\n<meta property=\"og:site_name\" content=\"PILT.com.ar\" \/>\n<meta property=\"article:published_time\" content=\"2022-08-05T15:34:34+00:00\" \/>\n<meta property=\"article:modified_time\" content=\"2022-08-05T15:34:35+00:00\" \/>\n<meta property=\"og:image\" content=\"https:\/\/i0.wp.com\/pilt.com.ar\/parque-industrial\/wp-content\/uploads\/2022\/08\/WhatsApp-Image-2022-08-04-at-3.36.22-PM-1.jpeg?fit=1032%2C774&ssl=1\" \/>\n\t<meta property=\"og:image:width\" content=\"1032\" \/>\n\t<meta property=\"og:image:height\" content=\"774\" \/>\n\t<meta property=\"og:image:type\" content=\"image\/jpeg\" \/>\n<meta name=\"author\" content=\"PILT\" \/>\n<meta name=\"twitter:card\" content=\"summary_large_image\" \/>\n<meta name=\"twitter:label1\" content=\"Escrito por\" \/>\n\t<meta name=\"twitter:data1\" content=\"PILT\" \/>\n\t<meta name=\"twitter:label2\" content=\"Tiempo de lectura\" \/>\n\t<meta name=\"twitter:data2\" content=\"1 minuto\" \/>\n<script type=\"application\/ld+json\" class=\"yoast-schema-graph\">{\"@context\":\"https:\\\/\\\/schema.org\",\"@graph\":[{\"@type\":\"Article\",\"@id\":\"https:\\\/\\\/pilt.com.ar\\\/parque-industrial\\\/comenzo-la-construccion-de-una-nueva-planta-en-el-pilt\\\/#article\",\"isPartOf\":{\"@id\":\"https:\\\/\\\/pilt.com.ar\\\/parque-industrial\\\/comenzo-la-construccion-de-una-nueva-planta-en-el-pilt\\\/\"},\"author\":{\"name\":\"PILT\",\"@id\":\"https:\\\/\\\/pilt.com.ar\\\/parque-industrial\\\/#\\\/schema\\\/person\\\/2dfb9e2464de1c3deef20c25c30a8306\"},\"headline\":\"COMENZ\u00d3 LA CONSTRUCCI\u00d3N DE UNA NUEVA PLANTA EN EL PILT\",\"datePublished\":\"2022-08-05T15:34:34+00:00\",\"dateModified\":\"2022-08-05T15:34:35+00:00\",\"mainEntityOfPage\":{\"@id\":\"https:\\\/\\\/pilt.com.ar\\\/parque-industrial\\\/comenzo-la-construccion-de-una-nueva-planta-en-el-pilt\\\/\"},\"wordCount\":244,\"commentCount\":0,\"image\":{\"@id\":\"https:\\\/\\\/pilt.com.ar\\\/parque-industrial\\\/comenzo-la-construccion-de-una-nueva-planta-en-el-pilt\\\/#primaryimage\"},\"thumbnailUrl\":\"https:\\\/\\\/i0.wp.com\\\/pilt.com.ar\\\/parque-industrial\\\/wp-content\\\/uploads\\\/2022\\\/08\\\/WhatsApp-Image-2022-08-04-at-3.36.22-PM-1.jpeg?fit=1032%2C774&ssl=1\",\"articleSection\":[\"Noticias\"],\"inLanguage\":\"es\",\"potentialAction\":[{\"@type\":\"CommentAction\",\"name\":\"Comment\",\"target\":[\"https:\\\/\\\/pilt.com.ar\\\/parque-industrial\\\/comenzo-la-construccion-de-una-nueva-planta-en-el-pilt\\\/#respond\"]}]},{\"@type\":\"WebPage\",\"@id\":\"https:\\\/\\\/pilt.com.ar\\\/parque-industrial\\\/comenzo-la-construccion-de-una-nueva-planta-en-el-pilt\\\/\",\"url\":\"https:\\\/\\\/pilt.com.ar\\\/parque-industrial\\\/comenzo-la-construccion-de-una-nueva-planta-en-el-pilt\\\/\",\"name\":\"COMENZ\u00d3 LA CONSTRUCCI\u00d3N DE UNA NUEVA PLANTA EN EL PILT - PILT.com.ar\",\"isPartOf\":{\"@id\":\"https:\\\/\\\/pilt.com.ar\\\/parque-industrial\\\/#website\"},\"primaryImageOfPage\":{\"@id\":\"https:\\\/\\\/pilt.com.ar\\\/parque-industrial\\\/comenzo-la-construccion-de-una-nueva-planta-en-el-pilt\\\/#primaryimage\"},\"image\":{\"@id\":\"https:\\\/\\\/pilt.com.ar\\\/parque-industrial\\\/comenzo-la-construccion-de-una-nueva-planta-en-el-pilt\\\/#primaryimage\"},\"thumbnailUrl\":\"https:\\\/\\\/i0.wp.com\\\/pilt.com.ar\\\/parque-industrial\\\/wp-content\\\/uploads\\\/2022\\\/08\\\/WhatsApp-Image-2022-08-04-at-3.36.22-PM-1.jpeg?fit=1032%2C774&ssl=1\",\"datePublished\":\"2022-08-05T15:34:34+00:00\",\"dateModified\":\"2022-08-05T15:34:35+00:00\",\"author\":{\"@id\":\"https:\\\/\\\/pilt.com.ar\\\/parque-industrial\\\/#\\\/schema\\\/person\\\/2dfb9e2464de1c3deef20c25c30a8306\"},\"inLanguage\":\"es\",\"potentialAction\":[{\"@type\":\"ReadAction\",\"target\":[\"https:\\\/\\\/pilt.com.ar\\\/parque-industrial\\\/comenzo-la-construccion-de-una-nueva-planta-en-el-pilt\\\/\"]}]},{\"@type\":\"ImageObject\",\"inLanguage\":\"es\",\"@id\":\"https:\\\/\\\/pilt.com.ar\\\/parque-industrial\\\/comenzo-la-construccion-de-una-nueva-planta-en-el-pilt\\\/#primaryimage\",\"url\":\"https:\\\/\\\/i0.wp.com\\\/pilt.com.ar\\\/parque-industrial\\\/wp-content\\\/uploads\\\/2022\\\/08\\\/WhatsApp-Image-2022-08-04-at-3.36.22-PM-1.jpeg?fit=1032%2C774&ssl=1\",\"contentUrl\":\"https:\\\/\\\/i0.wp.com\\\/pilt.com.ar\\\/parque-industrial\\\/wp-content\\\/uploads\\\/2022\\\/08\\\/WhatsApp-Image-2022-08-04-at-3.36.22-PM-1.jpeg?fit=1032%2C774&ssl=1\",\"width\":1032,\"height\":774},{\"@type\":\"WebSite\",\"@id\":\"https:\\\/\\\/pilt.com.ar\\\/parque-industrial\\\/#website\",\"url\":\"https:\\\/\\\/pilt.com.ar\\\/parque-industrial\\\/\",\"name\":\"PILT.com.ar\",\"description\":\"Parque Industrial, Log\u00edstico y Tecnol\u00f3gico Villa Mar\u00eda\",\"potentialAction\":[{\"@type\":\"SearchAction\",\"target\":{\"@type\":\"EntryPoint\",\"urlTemplate\":\"https:\\\/\\\/pilt.com.ar\\\/parque-industrial\\\/?s={search_term_string}\"},\"query-input\":{\"@type\":\"PropertyValueSpecification\",\"valueRequired\":true,\"valueName\":\"search_term_string\"}}],\"inLanguage\":\"es\"},{\"@type\":\"Person\",\"@id\":\"https:\\\/\\\/pilt.com.ar\\\/parque-industrial\\\/#\\\/schema\\\/person\\\/2dfb9e2464de1c3deef20c25c30a8306\",\"name\":\"PILT\",\"image\":{\"@type\":\"ImageObject\",\"inLanguage\":\"es\",\"@id\":\"https:\\\/\\\/secure.gravatar.com\\\/avatar\\\/5e3734c8d8c8e0b0d45f923c14a14d7b90521d573d02f0d91360a777095ee42b?s=96&d=mm&r=g\",\"url\":\"https:\\\/\\\/secure.gravatar.com\\\/avatar\\\/5e3734c8d8c8e0b0d45f923c14a14d7b90521d573d02f0d91360a777095ee42b?s=96&d=mm&r=g\",\"contentUrl\":\"https:\\\/\\\/secure.gravatar.com\\\/avatar\\\/5e3734c8d8c8e0b0d45f923c14a14d7b90521d573d02f0d91360a777095ee42b?s=96&d=mm&r=g\",\"caption\":\"PILT\"},\"url\":\"https:\\\/\\\/pilt.com.ar\\\/parque-industrial\\\/author\\\/pilt\\\/\"}]}<\/script>\n<!-- \/ Yoast SEO plugin. -->","yoast_head_json":{"title":"COMENZ\u00d3 LA CONSTRUCCI\u00d3N DE UNA NUEVA PLANTA EN EL PILT - PILT.com.ar","robots":{"index":"index","follow":"follow","max-snippet":"max-snippet:-1","max-image-preview":"max-image-preview:large","max-video-preview":"max-video-preview:-1"},"canonical":"https:\/\/pilt.com.ar\/parque-industrial\/comenzo-la-construccion-de-una-nueva-planta-en-el-pilt\/","og_locale":"es_ES","og_type":"article","og_title":"COMENZ\u00d3 LA CONSTRUCCI\u00d3N DE UNA NUEVA PLANTA EN EL PILT - PILT.com.ar","og_description":"La empresa familiar Borla Hermanos inici\u00f3 el movimiento de tierra para la ejecuci\u00f3n de una obra de grandes dimensiones. Borla Hermanos, empresa dedicada a la producci\u00f3n y distribuci\u00f3n de productos, empez\u00f3 las tareas de movimiento de tierra para la construcci\u00f3n de su planta industrial, que contar\u00e1 con un galp\u00f3n de 4200 metros cuadrados (m2), con [&hellip;]","og_url":"https:\/\/pilt.com.ar\/parque-industrial\/comenzo-la-construccion-de-una-nueva-planta-en-el-pilt\/","og_site_name":"PILT.com.ar","article_published_time":"2022-08-05T15:34:34+00:00","article_modified_time":"2022-08-05T15:34:35+00:00","og_image":[{"width":1032,"height":774,"url":"https:\/\/i0.wp.com\/pilt.com.ar\/parque-industrial\/wp-content\/uploads\/2022\/08\/WhatsApp-Image-2022-08-04-at-3.36.22-PM-1.jpeg?fit=1032%2C774&ssl=1","type":"image\/jpeg"}],"author":"PILT","twitter_card":"summary_large_image","twitter_misc":{"Escrito por":"PILT","Tiempo de lectura":"1 minuto"},"schema":{"@context":"https:\/\/schema.org","@graph":[{"@type":"Article","@id":"https:\/\/pilt.com.ar\/parque-industrial\/comenzo-la-construccion-de-una-nueva-planta-en-el-pilt\/#article","isPartOf":{"@id":"https:\/\/pilt.com.ar\/parque-industrial\/comenzo-la-construccion-de-una-nueva-planta-en-el-pilt\/"},"author":{"name":"PILT","@id":"https:\/\/pilt.com.ar\/parque-industrial\/#\/schema\/person\/2dfb9e2464de1c3deef20c25c30a8306"},"headline":"COMENZ\u00d3 LA CONSTRUCCI\u00d3N DE UNA NUEVA PLANTA EN EL PILT","datePublished":"2022-08-05T15:34:34+00:00","dateModified":"2022-08-05T15:34:35+00:00","mainEntityOfPage":{"@id":"https:\/\/pilt.com.ar\/parque-industrial\/comenzo-la-construccion-de-una-nueva-planta-en-el-pilt\/"},"wordCount":244,"commentCount":0,"image":{"@id":"https:\/\/pilt.com.ar\/parque-industrial\/comenzo-la-construccion-de-una-nueva-planta-en-el-pilt\/#primaryimage"},"thumbnailUrl":"https:\/\/i0.wp.com\/pilt.com.ar\/parque-industrial\/wp-content\/uploads\/2022\/08\/WhatsApp-Image-2022-08-04-at-3.36.22-PM-1.jpeg?fit=1032%2C774&ssl=1","articleSection":["Noticias"],"inLanguage":"es","potentialAction":[{"@type":"CommentAction","name":"Comment","target":["https:\/\/pilt.com.ar\/parque-industrial\/comenzo-la-construccion-de-una-nueva-planta-en-el-pilt\/#respond"]}]},{"@type":"WebPage","@id":"https:\/\/pilt.com.ar\/parque-industrial\/comenzo-la-construccion-de-una-nueva-planta-en-el-pilt\/","url":"https:\/\/pilt.com.ar\/parque-industrial\/comenzo-la-construccion-de-una-nueva-planta-en-el-pilt\/","name":"COMENZ\u00d3 LA CONSTRUCCI\u00d3N DE UNA NUEVA PLANTA EN EL PILT - PILT.com.ar","isPartOf":{"@id":"https:\/\/pilt.com.ar\/parque-industrial\/#website"},"primaryImageOfPage":{"@id":"https:\/\/pilt.com.ar\/parque-industrial\/comenzo-la-construccion-de-una-nueva-planta-en-el-pilt\/#primaryimage"},"image":{"@id":"https:\/\/pilt.com.ar\/parque-industrial\/comenzo-la-construccion-de-una-nueva-planta-en-el-pilt\/#primaryimage"},"thumbnailUrl":"https:\/\/i0.wp.com\/pilt.com.ar\/parque-industrial\/wp-content\/uploads\/2022\/08\/WhatsApp-Image-2022-08-04-at-3.36.22-PM-1.jpeg?fit=1032%2C774&ssl=1","datePublished":"2022-08-05T15:34:34+00:00","dateModified":"2022-08-05T15:34:35+00:00","author":{"@id":"https:\/\/pilt.com.ar\/parque-industrial\/#\/schema\/person\/2dfb9e2464de1c3deef20c25c30a8306"},"inLanguage":"es","potentialAction":[{"@type":"ReadAction","target":["https:\/\/pilt.com.ar\/parque-industrial\/comenzo-la-construccion-de-una-nueva-planta-en-el-pilt\/"]}]},{"@type":"ImageObject","inLanguage":"es","@id":"https:\/\/pilt.com.ar\/parque-industrial\/comenzo-la-construccion-de-una-nueva-planta-en-el-pilt\/#primaryimage","url":"https:\/\/i0.wp.com\/pilt.com.ar\/parque-industrial\/wp-content\/uploads\/2022\/08\/WhatsApp-Image-2022-08-04-at-3.36.22-PM-1.jpeg?fit=1032%2C774&ssl=1","contentUrl":"https:\/\/i0.wp.com\/pilt.com.ar\/parque-industrial\/wp-content\/uploads\/2022\/08\/WhatsApp-Image-2022-08-04-at-3.36.22-PM-1.jpeg?fit=1032%2C774&ssl=1","width":1032,"height":774},{"@type":"WebSite","@id":"https:\/\/pilt.com.ar\/parque-industrial\/#website","url":"https:\/\/pilt.com.ar\/parque-industrial\/","name":"PILT.com.ar","description":"Parque Industrial, Log\u00edstico y Tecnol\u00f3gico Villa Mar\u00eda","potentialAction":[{"@type":"SearchAction","target":{"@type":"EntryPoint","urlTemplate":"https:\/\/pilt.com.ar\/parque-industrial\/?s={search_term_string}"},"query-input":{"@type":"PropertyValueSpecification","valueRequired":true,"valueName":"search_term_string"}}],"inLanguage":"es"},{"@type":"Person","@id":"https:\/\/pilt.com.ar\/parque-industrial\/#\/schema\/person\/2dfb9e2464de1c3deef20c25c30a8306","name":"PILT","image":{"@type":"ImageObject","inLanguage":"es","@id":"https:\/\/secure.gravatar.com\/avatar\/5e3734c8d8c8e0b0d45f923c14a14d7b90521d573d02f0d91360a777095ee42b?s=96&d=mm&r=g","url":"https:\/\/secure.gravatar.com\/avatar\/5e3734c8d8c8e0b0d45f923c14a14d7b90521d573d02f0d91360a777095ee42b?s=96&d=mm&r=g","contentUrl":"https:\/\/secure.gravatar.com\/avatar\/5e3734c8d8c8e0b0d45f923c14a14d7b90521d573d02f0d91360a777095ee42b?s=96&d=mm&r=g","caption":"PILT"},"url":"https:\/\/pilt.com.ar\/parque-industrial\/author\/pilt\/"}]}},"jetpack_featured_media_url":"https:\/\/i0.wp.com\/pilt.com.ar\/parque-industrial\/wp-content\/uploads\/2022\/08\/WhatsApp-Image-2022-08-04-at-3.36.22-PM-1.jpeg?fit=1032%2C774&ssl=1","jetpack_sharing_enabled":true,"_links":{"self":[{"href":"https:\/\/pilt.com.ar\/parque-industrial\/wp-json\/wp\/v2\/posts\/2470","targetHints":{"allow":["GET"]}}],"collection":[{"href":"https:\/\/pilt.com.ar\/parque-industrial\/wp-json\/wp\/v2\/posts"}],"about":[{"href":"https:\/\/pilt.com.ar\/parque-industrial\/wp-json\/wp\/v2\/types\/post"}],"author":[{"embeddable":true,"href":"https:\/\/pilt.com.ar\/parque-industrial\/wp-json\/wp\/v2\/users\/3"}],"replies":[{"embeddable":true,"href":"https:\/\/pilt.com.ar\/parque-industrial\/wp-json\/wp\/v2\/comments?post=2470"}],"version-history":[{"count":1,"href":"https:\/\/pilt.com.ar\/parque-industrial\/wp-json\/wp\/v2\/posts\/2470\/revisions"}],"predecessor-version":[{"id":2472,"href":"https:\/\/pilt.com.ar\/parque-industrial\/wp-json\/wp\/v2\/posts\/2470\/revisions\/2472"}],"wp:featuredmedia":[{"embeddable":true,"href":"https:\/\/pilt.com.ar\/parque-industrial\/wp-json\/wp\/v2\/media\/2471"}],"wp:attachment":[{"href":"https:\/\/pilt.com.ar\/parque-industrial\/wp-json\/wp\/v2\/media?parent=2470"}],"wp:term":[{"taxonomy":"category","embeddable":true,"href":"https:\/\/pilt.com.ar\/parque-industrial\/wp-json\/wp\/v2\/categories?post=2470"},{"taxonomy":"post_tag","embeddable":true,"href":"https:\/\/pilt.com.ar\/parque-industrial\/wp-json\/wp\/v2\/tags?post=2470"}],"curies":[{"name":"wp","href":"https:\/\/api.w.org\/{rel}","templated":true}]}}