{"id":2463,"date":"2022-07-29T10:01:06","date_gmt":"2022-07-29T13:01:06","guid":{"rendered":"https:\/\/pilt.com.ar\/parque-industrial\/?p=2463"},"modified":"2022-07-29T10:01:07","modified_gmt":"2022-07-29T13:01:07","slug":"directivo-del-pilt-visito-parque-logistico-en-espana","status":"publish","type":"post","link":"https:\/\/pilt.com.ar\/parque-industrial\/directivo-del-pilt-visito-parque-logistico-en-espana\/","title":{"rendered":"DIRECTIVO DEL PILT VISIT\u00d3 PARQUE LOG\u00cdSTICO EN ESPA\u00d1A"},"content":{"rendered":"\n<p class=\"has-text-align-justify\">En el marco de un viaje personal, uno de los directores del PILT, Oscar Milanesio, aprovech\u00f3 la oportunidad para visitar el Parque Log\u00edstico de Valencia (PLV), Espa\u00f1a. All\u00ed el directivo fue recibido por Beatriz Nogales, a cargo del \u00e1rea de Administraci\u00f3n; Carlos Peinado, del Departamento Financiero y Relaciones Institucionales; y Asunci\u00f3n Rosello, del Departamento Jur\u00eddico de la entidad.<\/p>\n\n\n\n<p class=\"has-text-align-justify\">El parque log\u00edstico, tambi\u00e9n llamado pol\u00edgono industrial en ese pa\u00eds, pertenece al Ayuntamiento de Valencia (municipio). En su visita, Milanesio se interes\u00f3 sobre distintos aspectos relacionados a la forma de trabajo de esa entidad que, vale mencionar, cuenta con una administraci\u00f3n privada. Entre los aspectos abordados se destacaron el intercambio de protocolos y reglamentaci\u00f3n interna de la organizaci\u00f3n, documentaci\u00f3n que sirve como referencia para analizar tareas an\u00e1logas en el parque local.<\/p>\n\n\n\n<p class=\"has-text-align-justify\">Un tema novedoso, indic\u00f3 el directivo, \u201ces que los lotes se pueden vender o alquilar por un per\u00edodo determinado. Adem\u00e1s, es importante destacar el ancho de las calles, ya que sugieren que no sea menor a 18 metros para la maniobrabilidad de los camiones\u201d.<\/p>\n\n\n\n<p class=\"has-text-align-justify\">En lo que respecta a la gesti\u00f3n de la entidad, \u201cla empresa privada administra, pero tiene una comisi\u00f3n interna, conformada por empresas del parque, que decide sobre las obras a realizar o los servicios que requieran contratar; pero la Administraci\u00f3n no tiene ninguna injerencia en lo que pasa dentro de las empresas ni cuentan con una zonificaci\u00f3n por rubros. Tampoco vende los lotes, ya que eso lo realiza en forma directa el Ayuntamiento\u201d, explic\u00f3 Milanesio.<\/p>\n","protected":false},"excerpt":{"rendered":"<p>En el marco de un viaje personal, uno de los directores del PILT, Oscar Milanesio, aprovech\u00f3 la oportunidad para visitar el Parque Log\u00edstico de Valencia (PLV), Espa\u00f1a. All\u00ed el directivo fue recibido por Beatriz Nogales, a cargo del \u00e1rea de Administraci\u00f3n; Carlos Peinado, del Departamento Financiero y Relaciones Institucionales; y Asunci\u00f3n Rosello, del Departamento Jur\u00eddico [&hellip;]<\/p>\n","protected":false},"author":3,"featured_media":2464,"comment_status":"open","ping_status":"open","sticky":false,"template":"","format":"standard","meta":{"_jetpack_memberships_contains_paid_content":false,"footnotes":""},"categories":[2],"tags":[],"class_list":["post-2463","post","type-post","status-publish","format-standard","has-post-thumbnail","hentry","category-noticias"],"yoast_head":"<!-- This site is optimized with the Yoast SEO plugin v27.5 - https:\/\/yoast.com\/product\/yoast-seo-wordpress\/ -->\n<title>DIRECTIVO DEL PILT VISIT\u00d3 PARQUE LOG\u00cdSTICO EN ESPA\u00d1A - PILT.com.ar<\/title>\n<meta name=\"robots\" content=\"index, follow, max-snippet:-1, max-image-preview:large, max-video-preview:-1\" \/>\n<link rel=\"canonical\" href=\"https:\/\/pilt.com.ar\/parque-industrial\/directivo-del-pilt-visito-parque-logistico-en-espana\/\" \/>\n<meta property=\"og:locale\" content=\"es_ES\" \/>\n<meta property=\"og:type\" content=\"article\" \/>\n<meta property=\"og:title\" content=\"DIRECTIVO DEL PILT VISIT\u00d3 PARQUE LOG\u00cdSTICO EN ESPA\u00d1A - PILT.com.ar\" \/>\n<meta property=\"og:description\" content=\"En el marco de un viaje personal, uno de los directores del PILT, Oscar Milanesio, aprovech\u00f3 la oportunidad para visitar el Parque Log\u00edstico de Valencia (PLV), Espa\u00f1a. All\u00ed el directivo fue recibido por Beatriz Nogales, a cargo del \u00e1rea de Administraci\u00f3n; Carlos Peinado, del Departamento Financiero y Relaciones Institucionales; y Asunci\u00f3n Rosello, del Departamento Jur\u00eddico [&hellip;]\" \/>\n<meta property=\"og:url\" content=\"https:\/\/pilt.com.ar\/parque-industrial\/directivo-del-pilt-visito-parque-logistico-en-espana\/\" \/>\n<meta property=\"og:site_name\" content=\"PILT.com.ar\" \/>\n<meta property=\"article:published_time\" content=\"2022-07-29T13:01:06+00:00\" \/>\n<meta property=\"article:modified_time\" content=\"2022-07-29T13:01:07+00:00\" \/>\n<meta property=\"og:image\" content=\"https:\/\/i0.wp.com\/pilt.com.ar\/parque-industrial\/wp-content\/uploads\/2022\/07\/WhatsApp-Image-2022-07-29-at-9.37.51-AM.jpeg?fit=2000%2C1126&ssl=1\" \/>\n\t<meta property=\"og:image:width\" content=\"2000\" \/>\n\t<meta property=\"og:image:height\" content=\"1126\" \/>\n\t<meta property=\"og:image:type\" content=\"image\/jpeg\" \/>\n<meta name=\"author\" content=\"PILT\" \/>\n<meta name=\"twitter:card\" content=\"summary_large_image\" \/>\n<meta name=\"twitter:label1\" content=\"Escrito por\" \/>\n\t<meta name=\"twitter:data1\" content=\"PILT\" \/>\n\t<meta name=\"twitter:label2\" content=\"Tiempo de lectura\" \/>\n\t<meta name=\"twitter:data2\" content=\"2 minutos\" \/>\n<script type=\"application\/ld+json\" class=\"yoast-schema-graph\">{\"@context\":\"https:\\\/\\\/schema.org\",\"@graph\":[{\"@type\":\"Article\",\"@id\":\"https:\\\/\\\/pilt.com.ar\\\/parque-industrial\\\/directivo-del-pilt-visito-parque-logistico-en-espana\\\/#article\",\"isPartOf\":{\"@id\":\"https:\\\/\\\/pilt.com.ar\\\/parque-industrial\\\/directivo-del-pilt-visito-parque-logistico-en-espana\\\/\"},\"author\":{\"name\":\"PILT\",\"@id\":\"https:\\\/\\\/pilt.com.ar\\\/parque-industrial\\\/#\\\/schema\\\/person\\\/2dfb9e2464de1c3deef20c25c30a8306\"},\"headline\":\"DIRECTIVO DEL PILT VISIT\u00d3 PARQUE LOG\u00cdSTICO EN ESPA\u00d1A\",\"datePublished\":\"2022-07-29T13:01:06+00:00\",\"dateModified\":\"2022-07-29T13:01:07+00:00\",\"mainEntityOfPage\":{\"@id\":\"https:\\\/\\\/pilt.com.ar\\\/parque-industrial\\\/directivo-del-pilt-visito-parque-logistico-en-espana\\\/\"},\"wordCount\":277,\"commentCount\":0,\"image\":{\"@id\":\"https:\\\/\\\/pilt.com.ar\\\/parque-industrial\\\/directivo-del-pilt-visito-parque-logistico-en-espana\\\/#primaryimage\"},\"thumbnailUrl\":\"https:\\\/\\\/i0.wp.com\\\/pilt.com.ar\\\/parque-industrial\\\/wp-content\\\/uploads\\\/2022\\\/07\\\/WhatsApp-Image-2022-07-29-at-9.37.51-AM.jpeg?fit=2000%2C1126&ssl=1\",\"articleSection\":[\"Noticias\"],\"inLanguage\":\"es\",\"potentialAction\":[{\"@type\":\"CommentAction\",\"name\":\"Comment\",\"target\":[\"https:\\\/\\\/pilt.com.ar\\\/parque-industrial\\\/directivo-del-pilt-visito-parque-logistico-en-espana\\\/#respond\"]}]},{\"@type\":\"WebPage\",\"@id\":\"https:\\\/\\\/pilt.com.ar\\\/parque-industrial\\\/directivo-del-pilt-visito-parque-logistico-en-espana\\\/\",\"url\":\"https:\\\/\\\/pilt.com.ar\\\/parque-industrial\\\/directivo-del-pilt-visito-parque-logistico-en-espana\\\/\",\"name\":\"DIRECTIVO DEL PILT VISIT\u00d3 PARQUE LOG\u00cdSTICO EN ESPA\u00d1A - PILT.com.ar\",\"isPartOf\":{\"@id\":\"https:\\\/\\\/pilt.com.ar\\\/parque-industrial\\\/#website\"},\"primaryImageOfPage\":{\"@id\":\"https:\\\/\\\/pilt.com.ar\\\/parque-industrial\\\/directivo-del-pilt-visito-parque-logistico-en-espana\\\/#primaryimage\"},\"image\":{\"@id\":\"https:\\\/\\\/pilt.com.ar\\\/parque-industrial\\\/directivo-del-pilt-visito-parque-logistico-en-espana\\\/#primaryimage\"},\"thumbnailUrl\":\"https:\\\/\\\/i0.wp.com\\\/pilt.com.ar\\\/parque-industrial\\\/wp-content\\\/uploads\\\/2022\\\/07\\\/WhatsApp-Image-2022-07-29-at-9.37.51-AM.jpeg?fit=2000%2C1126&ssl=1\",\"datePublished\":\"2022-07-29T13:01:06+00:00\",\"dateModified\":\"2022-07-29T13:01:07+00:00\",\"author\":{\"@id\":\"https:\\\/\\\/pilt.com.ar\\\/parque-industrial\\\/#\\\/schema\\\/person\\\/2dfb9e2464de1c3deef20c25c30a8306\"},\"inLanguage\":\"es\",\"potentialAction\":[{\"@type\":\"ReadAction\",\"target\":[\"https:\\\/\\\/pilt.com.ar\\\/parque-industrial\\\/directivo-del-pilt-visito-parque-logistico-en-espana\\\/\"]}]},{\"@type\":\"ImageObject\",\"inLanguage\":\"es\",\"@id\":\"https:\\\/\\\/pilt.com.ar\\\/parque-industrial\\\/directivo-del-pilt-visito-parque-logistico-en-espana\\\/#primaryimage\",\"url\":\"https:\\\/\\\/i0.wp.com\\\/pilt.com.ar\\\/parque-industrial\\\/wp-content\\\/uploads\\\/2022\\\/07\\\/WhatsApp-Image-2022-07-29-at-9.37.51-AM.jpeg?fit=2000%2C1126&ssl=1\",\"contentUrl\":\"https:\\\/\\\/i0.wp.com\\\/pilt.com.ar\\\/parque-industrial\\\/wp-content\\\/uploads\\\/2022\\\/07\\\/WhatsApp-Image-2022-07-29-at-9.37.51-AM.jpeg?fit=2000%2C1126&ssl=1\",\"width\":2000,\"height\":1126},{\"@type\":\"WebSite\",\"@id\":\"https:\\\/\\\/pilt.com.ar\\\/parque-industrial\\\/#website\",\"url\":\"https:\\\/\\\/pilt.com.ar\\\/parque-industrial\\\/\",\"name\":\"PILT.com.ar\",\"description\":\"Parque Industrial, Log\u00edstico y Tecnol\u00f3gico Villa Mar\u00eda\",\"potentialAction\":[{\"@type\":\"SearchAction\",\"target\":{\"@type\":\"EntryPoint\",\"urlTemplate\":\"https:\\\/\\\/pilt.com.ar\\\/parque-industrial\\\/?s={search_term_string}\"},\"query-input\":{\"@type\":\"PropertyValueSpecification\",\"valueRequired\":true,\"valueName\":\"search_term_string\"}}],\"inLanguage\":\"es\"},{\"@type\":\"Person\",\"@id\":\"https:\\\/\\\/pilt.com.ar\\\/parque-industrial\\\/#\\\/schema\\\/person\\\/2dfb9e2464de1c3deef20c25c30a8306\",\"name\":\"PILT\",\"image\":{\"@type\":\"ImageObject\",\"inLanguage\":\"es\",\"@id\":\"https:\\\/\\\/secure.gravatar.com\\\/avatar\\\/5e3734c8d8c8e0b0d45f923c14a14d7b90521d573d02f0d91360a777095ee42b?s=96&d=mm&r=g\",\"url\":\"https:\\\/\\\/secure.gravatar.com\\\/avatar\\\/5e3734c8d8c8e0b0d45f923c14a14d7b90521d573d02f0d91360a777095ee42b?s=96&d=mm&r=g\",\"contentUrl\":\"https:\\\/\\\/secure.gravatar.com\\\/avatar\\\/5e3734c8d8c8e0b0d45f923c14a14d7b90521d573d02f0d91360a777095ee42b?s=96&d=mm&r=g\",\"caption\":\"PILT\"},\"url\":\"https:\\\/\\\/pilt.com.ar\\\/parque-industrial\\\/author\\\/pilt\\\/\"}]}<\/script>\n<!-- \/ Yoast SEO plugin. -->","yoast_head_json":{"title":"DIRECTIVO DEL PILT VISIT\u00d3 PARQUE LOG\u00cdSTICO EN ESPA\u00d1A - PILT.com.ar","robots":{"index":"index","follow":"follow","max-snippet":"max-snippet:-1","max-image-preview":"max-image-preview:large","max-video-preview":"max-video-preview:-1"},"canonical":"https:\/\/pilt.com.ar\/parque-industrial\/directivo-del-pilt-visito-parque-logistico-en-espana\/","og_locale":"es_ES","og_type":"article","og_title":"DIRECTIVO DEL PILT VISIT\u00d3 PARQUE LOG\u00cdSTICO EN ESPA\u00d1A - PILT.com.ar","og_description":"En el marco de un viaje personal, uno de los directores del PILT, Oscar Milanesio, aprovech\u00f3 la oportunidad para visitar el Parque Log\u00edstico de Valencia (PLV), Espa\u00f1a. All\u00ed el directivo fue recibido por Beatriz Nogales, a cargo del \u00e1rea de Administraci\u00f3n; Carlos Peinado, del Departamento Financiero y Relaciones Institucionales; y Asunci\u00f3n Rosello, del Departamento Jur\u00eddico [&hellip;]","og_url":"https:\/\/pilt.com.ar\/parque-industrial\/directivo-del-pilt-visito-parque-logistico-en-espana\/","og_site_name":"PILT.com.ar","article_published_time":"2022-07-29T13:01:06+00:00","article_modified_time":"2022-07-29T13:01:07+00:00","og_image":[{"width":2000,"height":1126,"url":"https:\/\/i0.wp.com\/pilt.com.ar\/parque-industrial\/wp-content\/uploads\/2022\/07\/WhatsApp-Image-2022-07-29-at-9.37.51-AM.jpeg?fit=2000%2C1126&ssl=1","type":"image\/jpeg"}],"author":"PILT","twitter_card":"summary_large_image","twitter_misc":{"Escrito por":"PILT","Tiempo de lectura":"2 minutos"},"schema":{"@context":"https:\/\/schema.org","@graph":[{"@type":"Article","@id":"https:\/\/pilt.com.ar\/parque-industrial\/directivo-del-pilt-visito-parque-logistico-en-espana\/#article","isPartOf":{"@id":"https:\/\/pilt.com.ar\/parque-industrial\/directivo-del-pilt-visito-parque-logistico-en-espana\/"},"author":{"name":"PILT","@id":"https:\/\/pilt.com.ar\/parque-industrial\/#\/schema\/person\/2dfb9e2464de1c3deef20c25c30a8306"},"headline":"DIRECTIVO DEL PILT VISIT\u00d3 PARQUE LOG\u00cdSTICO EN ESPA\u00d1A","datePublished":"2022-07-29T13:01:06+00:00","dateModified":"2022-07-29T13:01:07+00:00","mainEntityOfPage":{"@id":"https:\/\/pilt.com.ar\/parque-industrial\/directivo-del-pilt-visito-parque-logistico-en-espana\/"},"wordCount":277,"commentCount":0,"image":{"@id":"https:\/\/pilt.com.ar\/parque-industrial\/directivo-del-pilt-visito-parque-logistico-en-espana\/#primaryimage"},"thumbnailUrl":"https:\/\/i0.wp.com\/pilt.com.ar\/parque-industrial\/wp-content\/uploads\/2022\/07\/WhatsApp-Image-2022-07-29-at-9.37.51-AM.jpeg?fit=2000%2C1126&ssl=1","articleSection":["Noticias"],"inLanguage":"es","potentialAction":[{"@type":"CommentAction","name":"Comment","target":["https:\/\/pilt.com.ar\/parque-industrial\/directivo-del-pilt-visito-parque-logistico-en-espana\/#respond"]}]},{"@type":"WebPage","@id":"https:\/\/pilt.com.ar\/parque-industrial\/directivo-del-pilt-visito-parque-logistico-en-espana\/","url":"https:\/\/pilt.com.ar\/parque-industrial\/directivo-del-pilt-visito-parque-logistico-en-espana\/","name":"DIRECTIVO DEL PILT VISIT\u00d3 PARQUE LOG\u00cdSTICO EN ESPA\u00d1A - PILT.com.ar","isPartOf":{"@id":"https:\/\/pilt.com.ar\/parque-industrial\/#website"},"primaryImageOfPage":{"@id":"https:\/\/pilt.com.ar\/parque-industrial\/directivo-del-pilt-visito-parque-logistico-en-espana\/#primaryimage"},"image":{"@id":"https:\/\/pilt.com.ar\/parque-industrial\/directivo-del-pilt-visito-parque-logistico-en-espana\/#primaryimage"},"thumbnailUrl":"https:\/\/i0.wp.com\/pilt.com.ar\/parque-industrial\/wp-content\/uploads\/2022\/07\/WhatsApp-Image-2022-07-29-at-9.37.51-AM.jpeg?fit=2000%2C1126&ssl=1","datePublished":"2022-07-29T13:01:06+00:00","dateModified":"2022-07-29T13:01:07+00:00","author":{"@id":"https:\/\/pilt.com.ar\/parque-industrial\/#\/schema\/person\/2dfb9e2464de1c3deef20c25c30a8306"},"inLanguage":"es","potentialAction":[{"@type":"ReadAction","target":["https:\/\/pilt.com.ar\/parque-industrial\/directivo-del-pilt-visito-parque-logistico-en-espana\/"]}]},{"@type":"ImageObject","inLanguage":"es","@id":"https:\/\/pilt.com.ar\/parque-industrial\/directivo-del-pilt-visito-parque-logistico-en-espana\/#primaryimage","url":"https:\/\/i0.wp.com\/pilt.com.ar\/parque-industrial\/wp-content\/uploads\/2022\/07\/WhatsApp-Image-2022-07-29-at-9.37.51-AM.jpeg?fit=2000%2C1126&ssl=1","contentUrl":"https:\/\/i0.wp.com\/pilt.com.ar\/parque-industrial\/wp-content\/uploads\/2022\/07\/WhatsApp-Image-2022-07-29-at-9.37.51-AM.jpeg?fit=2000%2C1126&ssl=1","width":2000,"height":1126},{"@type":"WebSite","@id":"https:\/\/pilt.com.ar\/parque-industrial\/#website","url":"https:\/\/pilt.com.ar\/parque-industrial\/","name":"PILT.com.ar","description":"Parque Industrial, Log\u00edstico y Tecnol\u00f3gico Villa Mar\u00eda","potentialAction":[{"@type":"SearchAction","target":{"@type":"EntryPoint","urlTemplate":"https:\/\/pilt.com.ar\/parque-industrial\/?s={search_term_string}"},"query-input":{"@type":"PropertyValueSpecification","valueRequired":true,"valueName":"search_term_string"}}],"inLanguage":"es"},{"@type":"Person","@id":"https:\/\/pilt.com.ar\/parque-industrial\/#\/schema\/person\/2dfb9e2464de1c3deef20c25c30a8306","name":"PILT","image":{"@type":"ImageObject","inLanguage":"es","@id":"https:\/\/secure.gravatar.com\/avatar\/5e3734c8d8c8e0b0d45f923c14a14d7b90521d573d02f0d91360a777095ee42b?s=96&d=mm&r=g","url":"https:\/\/secure.gravatar.com\/avatar\/5e3734c8d8c8e0b0d45f923c14a14d7b90521d573d02f0d91360a777095ee42b?s=96&d=mm&r=g","contentUrl":"https:\/\/secure.gravatar.com\/avatar\/5e3734c8d8c8e0b0d45f923c14a14d7b90521d573d02f0d91360a777095ee42b?s=96&d=mm&r=g","caption":"PILT"},"url":"https:\/\/pilt.com.ar\/parque-industrial\/author\/pilt\/"}]}},"jetpack_featured_media_url":"https:\/\/i0.wp.com\/pilt.com.ar\/parque-industrial\/wp-content\/uploads\/2022\/07\/WhatsApp-Image-2022-07-29-at-9.37.51-AM.jpeg?fit=2000%2C1126&ssl=1","jetpack_sharing_enabled":true,"_links":{"self":[{"href":"https:\/\/pilt.com.ar\/parque-industrial\/wp-json\/wp\/v2\/posts\/2463","targetHints":{"allow":["GET"]}}],"collection":[{"href":"https:\/\/pilt.com.ar\/parque-industrial\/wp-json\/wp\/v2\/posts"}],"about":[{"href":"https:\/\/pilt.com.ar\/parque-industrial\/wp-json\/wp\/v2\/types\/post"}],"author":[{"embeddable":true,"href":"https:\/\/pilt.com.ar\/parque-industrial\/wp-json\/wp\/v2\/users\/3"}],"replies":[{"embeddable":true,"href":"https:\/\/pilt.com.ar\/parque-industrial\/wp-json\/wp\/v2\/comments?post=2463"}],"version-history":[{"count":1,"href":"https:\/\/pilt.com.ar\/parque-industrial\/wp-json\/wp\/v2\/posts\/2463\/revisions"}],"predecessor-version":[{"id":2465,"href":"https:\/\/pilt.com.ar\/parque-industrial\/wp-json\/wp\/v2\/posts\/2463\/revisions\/2465"}],"wp:featuredmedia":[{"embeddable":true,"href":"https:\/\/pilt.com.ar\/parque-industrial\/wp-json\/wp\/v2\/media\/2464"}],"wp:attachment":[{"href":"https:\/\/pilt.com.ar\/parque-industrial\/wp-json\/wp\/v2\/media?parent=2463"}],"wp:term":[{"taxonomy":"category","embeddable":true,"href":"https:\/\/pilt.com.ar\/parque-industrial\/wp-json\/wp\/v2\/categories?post=2463"},{"taxonomy":"post_tag","embeddable":true,"href":"https:\/\/pilt.com.ar\/parque-industrial\/wp-json\/wp\/v2\/tags?post=2463"}],"curies":[{"name":"wp","href":"https:\/\/api.w.org\/{rel}","templated":true}]}}