{"id":2458,"date":"2022-07-22T09:35:01","date_gmt":"2022-07-22T12:35:01","guid":{"rendered":"https:\/\/pilt.com.ar\/parque-industrial\/?p=2458"},"modified":"2022-07-22T09:35:01","modified_gmt":"2022-07-22T12:35:01","slug":"charla-sobre-gestion-de-residuos-en-el-pilt","status":"publish","type":"post","link":"https:\/\/pilt.com.ar\/parque-industrial\/charla-sobre-gestion-de-residuos-en-el-pilt\/","title":{"rendered":"CHARLA SOBRE GESTI\u00d3N DE RESIDUOS EN EL PILT"},"content":{"rendered":"\n<p class=\"has-text-align-center\"><strong><em>En el encuentro funcionarios de la comuna local explicaron alcances del Programa de Desarrollo Integrado (PDI) relacionados a la econom\u00eda circular<\/em><\/strong><em>.<\/em><\/p>\n\n\n\n<p class=\"has-text-align-justify\">En el sal\u00f3n de usos m\u00faltiples del Parque Industrial, Log\u00edstico y Tecnol\u00f3gico Villa Mar\u00eda (PILT) se llev\u00f3 a cabo una jornada denominada <em>\u201cGesti\u00f3n de residuos en parques industriales<\/em>\u201d, de la que participaron representantes de empresas asociadas y funcionarios de la Municipalidad de Villa Mar\u00eda, en donde se pusieron en valor distintas acciones y proyectos llevados adelante en materia ambiental vinculados con la econom\u00eda circular.<\/p>\n\n\n\n<p class=\"has-text-align-justify\">En ese sentido, el secretario de Planeamiento, Relaciones Institucionales y V\u00ednculos Comunitarios, Otto Wester, explic\u00f3 los alcances del Programa de Desarrollo Integrado (PDI) que gestiona la comuna local con financiamiento de la Uni\u00f3n Europea. Se refiri\u00f3 particularmente al concurso para emprendedores sobre proyectos relacionados a econom\u00eda circular; la colocaci\u00f3n de campanas para la separaci\u00f3n de residuos y el equipo adquirido para realizar compostaje. Tambi\u00e9n el funcionario hizo menci\u00f3n a cuestiones que tienen que ver con los Objetivos de Desarrollo Sostenible (ODS), impulsado por Naciones Unidas y en lo que el municipio local viene trabajando desde el a\u00f1o 2017.<\/p>\n\n\n\n<p class=\"has-text-align-justify\">Por su parte, el subsecretario de Medio Ambiente, Germ\u00e1n Tissera, se enfoc\u00f3 en la gesti\u00f3n de los residuos, particularmente los industriales.<\/p>\n\n\n\n<p><strong>Alcalde<\/strong><\/p>\n\n\n\n<p class=\"has-text-align-justify\">D\u00edas pasados visit\u00f3 el parque el alcalde de la localidad de Chirilagua, El Salvador, Antonio V\u00e1zquez, quien concurri\u00f3 a la entidad a instancias del Rotary Club Ctalamochita. El funcionario concurri\u00f3 acompa\u00f1ado por directivos de esa instituci\u00f3n, encabezados por su presidente, Gustavo G\u00f3mez Arrufat, que a su vez es director del PILT.<\/p>\n\n\n\n<p class=\"has-text-align-justify\">En la oportunidad, el gerente Lic. Carlos Montoto Galiano recibi\u00f3 a la delegaci\u00f3n y los acompa\u00f1\u00f3 en un recorrido por el establecimiento, en donde mostr\u00f3 las distintas \u00e1reas, entre ellas los espacios para emprendedores y el coworking.<\/p>\n\n\n\n<p><\/p>\n","protected":false},"excerpt":{"rendered":"<p>En el encuentro funcionarios de la comuna local explicaron alcances del Programa de Desarrollo Integrado (PDI) relacionados a la econom\u00eda circular. En el sal\u00f3n de usos m\u00faltiples del Parque Industrial, Log\u00edstico y Tecnol\u00f3gico Villa Mar\u00eda (PILT) se llev\u00f3 a cabo una jornada denominada \u201cGesti\u00f3n de residuos en parques industriales\u201d, de la que participaron representantes de [&hellip;]<\/p>\n","protected":false},"author":3,"featured_media":2459,"comment_status":"open","ping_status":"open","sticky":false,"template":"","format":"standard","meta":{"_jetpack_memberships_contains_paid_content":false,"footnotes":""},"categories":[2],"tags":[],"class_list":["post-2458","post","type-post","status-publish","format-standard","has-post-thumbnail","hentry","category-noticias"],"yoast_head":"<!-- This site is optimized with the Yoast SEO plugin v27.5 - https:\/\/yoast.com\/product\/yoast-seo-wordpress\/ -->\n<title>CHARLA SOBRE GESTI\u00d3N DE RESIDUOS EN EL PILT - PILT.com.ar<\/title>\n<meta name=\"robots\" content=\"index, follow, max-snippet:-1, max-image-preview:large, max-video-preview:-1\" \/>\n<link rel=\"canonical\" href=\"https:\/\/pilt.com.ar\/parque-industrial\/charla-sobre-gestion-de-residuos-en-el-pilt\/\" \/>\n<meta property=\"og:locale\" content=\"es_ES\" \/>\n<meta property=\"og:type\" content=\"article\" \/>\n<meta property=\"og:title\" content=\"CHARLA SOBRE GESTI\u00d3N DE RESIDUOS EN EL PILT - PILT.com.ar\" \/>\n<meta property=\"og:description\" content=\"En el encuentro funcionarios de la comuna local explicaron alcances del Programa de Desarrollo Integrado (PDI) relacionados a la econom\u00eda circular. En el sal\u00f3n de usos m\u00faltiples del Parque Industrial, Log\u00edstico y Tecnol\u00f3gico Villa Mar\u00eda (PILT) se llev\u00f3 a cabo una jornada denominada \u201cGesti\u00f3n de residuos en parques industriales\u201d, de la que participaron representantes de [&hellip;]\" \/>\n<meta property=\"og:url\" content=\"https:\/\/pilt.com.ar\/parque-industrial\/charla-sobre-gestion-de-residuos-en-el-pilt\/\" \/>\n<meta property=\"og:site_name\" content=\"PILT.com.ar\" \/>\n<meta property=\"article:published_time\" content=\"2022-07-22T12:35:01+00:00\" \/>\n<meta property=\"og:image\" content=\"https:\/\/i0.wp.com\/pilt.com.ar\/parque-industrial\/wp-content\/uploads\/2022\/07\/WhatsApp-Image-2022-07-21-at-5.30.28-PM.jpeg?fit=1600%2C1200&ssl=1\" \/>\n\t<meta property=\"og:image:width\" content=\"1600\" \/>\n\t<meta property=\"og:image:height\" content=\"1200\" \/>\n\t<meta property=\"og:image:type\" content=\"image\/jpeg\" \/>\n<meta name=\"author\" content=\"PILT\" \/>\n<meta name=\"twitter:card\" content=\"summary_large_image\" \/>\n<meta name=\"twitter:label1\" content=\"Escrito por\" \/>\n\t<meta name=\"twitter:data1\" content=\"PILT\" \/>\n\t<meta name=\"twitter:label2\" content=\"Tiempo de lectura\" \/>\n\t<meta name=\"twitter:data2\" content=\"2 minutos\" \/>\n<script type=\"application\/ld+json\" class=\"yoast-schema-graph\">{\"@context\":\"https:\\\/\\\/schema.org\",\"@graph\":[{\"@type\":\"Article\",\"@id\":\"https:\\\/\\\/pilt.com.ar\\\/parque-industrial\\\/charla-sobre-gestion-de-residuos-en-el-pilt\\\/#article\",\"isPartOf\":{\"@id\":\"https:\\\/\\\/pilt.com.ar\\\/parque-industrial\\\/charla-sobre-gestion-de-residuos-en-el-pilt\\\/\"},\"author\":{\"name\":\"PILT\",\"@id\":\"https:\\\/\\\/pilt.com.ar\\\/parque-industrial\\\/#\\\/schema\\\/person\\\/2dfb9e2464de1c3deef20c25c30a8306\"},\"headline\":\"CHARLA SOBRE GESTI\u00d3N DE RESIDUOS EN EL PILT\",\"datePublished\":\"2022-07-22T12:35:01+00:00\",\"mainEntityOfPage\":{\"@id\":\"https:\\\/\\\/pilt.com.ar\\\/parque-industrial\\\/charla-sobre-gestion-de-residuos-en-el-pilt\\\/\"},\"wordCount\":326,\"commentCount\":0,\"image\":{\"@id\":\"https:\\\/\\\/pilt.com.ar\\\/parque-industrial\\\/charla-sobre-gestion-de-residuos-en-el-pilt\\\/#primaryimage\"},\"thumbnailUrl\":\"https:\\\/\\\/i0.wp.com\\\/pilt.com.ar\\\/parque-industrial\\\/wp-content\\\/uploads\\\/2022\\\/07\\\/WhatsApp-Image-2022-07-21-at-5.30.28-PM.jpeg?fit=1600%2C1200&ssl=1\",\"articleSection\":[\"Noticias\"],\"inLanguage\":\"es\",\"potentialAction\":[{\"@type\":\"CommentAction\",\"name\":\"Comment\",\"target\":[\"https:\\\/\\\/pilt.com.ar\\\/parque-industrial\\\/charla-sobre-gestion-de-residuos-en-el-pilt\\\/#respond\"]}]},{\"@type\":\"WebPage\",\"@id\":\"https:\\\/\\\/pilt.com.ar\\\/parque-industrial\\\/charla-sobre-gestion-de-residuos-en-el-pilt\\\/\",\"url\":\"https:\\\/\\\/pilt.com.ar\\\/parque-industrial\\\/charla-sobre-gestion-de-residuos-en-el-pilt\\\/\",\"name\":\"CHARLA SOBRE GESTI\u00d3N DE RESIDUOS EN EL PILT - PILT.com.ar\",\"isPartOf\":{\"@id\":\"https:\\\/\\\/pilt.com.ar\\\/parque-industrial\\\/#website\"},\"primaryImageOfPage\":{\"@id\":\"https:\\\/\\\/pilt.com.ar\\\/parque-industrial\\\/charla-sobre-gestion-de-residuos-en-el-pilt\\\/#primaryimage\"},\"image\":{\"@id\":\"https:\\\/\\\/pilt.com.ar\\\/parque-industrial\\\/charla-sobre-gestion-de-residuos-en-el-pilt\\\/#primaryimage\"},\"thumbnailUrl\":\"https:\\\/\\\/i0.wp.com\\\/pilt.com.ar\\\/parque-industrial\\\/wp-content\\\/uploads\\\/2022\\\/07\\\/WhatsApp-Image-2022-07-21-at-5.30.28-PM.jpeg?fit=1600%2C1200&ssl=1\",\"datePublished\":\"2022-07-22T12:35:01+00:00\",\"author\":{\"@id\":\"https:\\\/\\\/pilt.com.ar\\\/parque-industrial\\\/#\\\/schema\\\/person\\\/2dfb9e2464de1c3deef20c25c30a8306\"},\"inLanguage\":\"es\",\"potentialAction\":[{\"@type\":\"ReadAction\",\"target\":[\"https:\\\/\\\/pilt.com.ar\\\/parque-industrial\\\/charla-sobre-gestion-de-residuos-en-el-pilt\\\/\"]}]},{\"@type\":\"ImageObject\",\"inLanguage\":\"es\",\"@id\":\"https:\\\/\\\/pilt.com.ar\\\/parque-industrial\\\/charla-sobre-gestion-de-residuos-en-el-pilt\\\/#primaryimage\",\"url\":\"https:\\\/\\\/i0.wp.com\\\/pilt.com.ar\\\/parque-industrial\\\/wp-content\\\/uploads\\\/2022\\\/07\\\/WhatsApp-Image-2022-07-21-at-5.30.28-PM.jpeg?fit=1600%2C1200&ssl=1\",\"contentUrl\":\"https:\\\/\\\/i0.wp.com\\\/pilt.com.ar\\\/parque-industrial\\\/wp-content\\\/uploads\\\/2022\\\/07\\\/WhatsApp-Image-2022-07-21-at-5.30.28-PM.jpeg?fit=1600%2C1200&ssl=1\",\"width\":1600,\"height\":1200},{\"@type\":\"WebSite\",\"@id\":\"https:\\\/\\\/pilt.com.ar\\\/parque-industrial\\\/#website\",\"url\":\"https:\\\/\\\/pilt.com.ar\\\/parque-industrial\\\/\",\"name\":\"PILT.com.ar\",\"description\":\"Parque Industrial, Log\u00edstico y Tecnol\u00f3gico Villa Mar\u00eda\",\"potentialAction\":[{\"@type\":\"SearchAction\",\"target\":{\"@type\":\"EntryPoint\",\"urlTemplate\":\"https:\\\/\\\/pilt.com.ar\\\/parque-industrial\\\/?s={search_term_string}\"},\"query-input\":{\"@type\":\"PropertyValueSpecification\",\"valueRequired\":true,\"valueName\":\"search_term_string\"}}],\"inLanguage\":\"es\"},{\"@type\":\"Person\",\"@id\":\"https:\\\/\\\/pilt.com.ar\\\/parque-industrial\\\/#\\\/schema\\\/person\\\/2dfb9e2464de1c3deef20c25c30a8306\",\"name\":\"PILT\",\"image\":{\"@type\":\"ImageObject\",\"inLanguage\":\"es\",\"@id\":\"https:\\\/\\\/secure.gravatar.com\\\/avatar\\\/5e3734c8d8c8e0b0d45f923c14a14d7b90521d573d02f0d91360a777095ee42b?s=96&d=mm&r=g\",\"url\":\"https:\\\/\\\/secure.gravatar.com\\\/avatar\\\/5e3734c8d8c8e0b0d45f923c14a14d7b90521d573d02f0d91360a777095ee42b?s=96&d=mm&r=g\",\"contentUrl\":\"https:\\\/\\\/secure.gravatar.com\\\/avatar\\\/5e3734c8d8c8e0b0d45f923c14a14d7b90521d573d02f0d91360a777095ee42b?s=96&d=mm&r=g\",\"caption\":\"PILT\"},\"url\":\"https:\\\/\\\/pilt.com.ar\\\/parque-industrial\\\/author\\\/pilt\\\/\"}]}<\/script>\n<!-- \/ Yoast SEO plugin. -->","yoast_head_json":{"title":"CHARLA SOBRE GESTI\u00d3N DE RESIDUOS EN EL PILT - PILT.com.ar","robots":{"index":"index","follow":"follow","max-snippet":"max-snippet:-1","max-image-preview":"max-image-preview:large","max-video-preview":"max-video-preview:-1"},"canonical":"https:\/\/pilt.com.ar\/parque-industrial\/charla-sobre-gestion-de-residuos-en-el-pilt\/","og_locale":"es_ES","og_type":"article","og_title":"CHARLA SOBRE GESTI\u00d3N DE RESIDUOS EN EL PILT - PILT.com.ar","og_description":"En el encuentro funcionarios de la comuna local explicaron alcances del Programa de Desarrollo Integrado (PDI) relacionados a la econom\u00eda circular. En el sal\u00f3n de usos m\u00faltiples del Parque Industrial, Log\u00edstico y Tecnol\u00f3gico Villa Mar\u00eda (PILT) se llev\u00f3 a cabo una jornada denominada \u201cGesti\u00f3n de residuos en parques industriales\u201d, de la que participaron representantes de [&hellip;]","og_url":"https:\/\/pilt.com.ar\/parque-industrial\/charla-sobre-gestion-de-residuos-en-el-pilt\/","og_site_name":"PILT.com.ar","article_published_time":"2022-07-22T12:35:01+00:00","og_image":[{"width":1600,"height":1200,"url":"https:\/\/i0.wp.com\/pilt.com.ar\/parque-industrial\/wp-content\/uploads\/2022\/07\/WhatsApp-Image-2022-07-21-at-5.30.28-PM.jpeg?fit=1600%2C1200&ssl=1","type":"image\/jpeg"}],"author":"PILT","twitter_card":"summary_large_image","twitter_misc":{"Escrito por":"PILT","Tiempo de lectura":"2 minutos"},"schema":{"@context":"https:\/\/schema.org","@graph":[{"@type":"Article","@id":"https:\/\/pilt.com.ar\/parque-industrial\/charla-sobre-gestion-de-residuos-en-el-pilt\/#article","isPartOf":{"@id":"https:\/\/pilt.com.ar\/parque-industrial\/charla-sobre-gestion-de-residuos-en-el-pilt\/"},"author":{"name":"PILT","@id":"https:\/\/pilt.com.ar\/parque-industrial\/#\/schema\/person\/2dfb9e2464de1c3deef20c25c30a8306"},"headline":"CHARLA SOBRE GESTI\u00d3N DE RESIDUOS EN EL PILT","datePublished":"2022-07-22T12:35:01+00:00","mainEntityOfPage":{"@id":"https:\/\/pilt.com.ar\/parque-industrial\/charla-sobre-gestion-de-residuos-en-el-pilt\/"},"wordCount":326,"commentCount":0,"image":{"@id":"https:\/\/pilt.com.ar\/parque-industrial\/charla-sobre-gestion-de-residuos-en-el-pilt\/#primaryimage"},"thumbnailUrl":"https:\/\/i0.wp.com\/pilt.com.ar\/parque-industrial\/wp-content\/uploads\/2022\/07\/WhatsApp-Image-2022-07-21-at-5.30.28-PM.jpeg?fit=1600%2C1200&ssl=1","articleSection":["Noticias"],"inLanguage":"es","potentialAction":[{"@type":"CommentAction","name":"Comment","target":["https:\/\/pilt.com.ar\/parque-industrial\/charla-sobre-gestion-de-residuos-en-el-pilt\/#respond"]}]},{"@type":"WebPage","@id":"https:\/\/pilt.com.ar\/parque-industrial\/charla-sobre-gestion-de-residuos-en-el-pilt\/","url":"https:\/\/pilt.com.ar\/parque-industrial\/charla-sobre-gestion-de-residuos-en-el-pilt\/","name":"CHARLA SOBRE GESTI\u00d3N DE RESIDUOS EN EL PILT - PILT.com.ar","isPartOf":{"@id":"https:\/\/pilt.com.ar\/parque-industrial\/#website"},"primaryImageOfPage":{"@id":"https:\/\/pilt.com.ar\/parque-industrial\/charla-sobre-gestion-de-residuos-en-el-pilt\/#primaryimage"},"image":{"@id":"https:\/\/pilt.com.ar\/parque-industrial\/charla-sobre-gestion-de-residuos-en-el-pilt\/#primaryimage"},"thumbnailUrl":"https:\/\/i0.wp.com\/pilt.com.ar\/parque-industrial\/wp-content\/uploads\/2022\/07\/WhatsApp-Image-2022-07-21-at-5.30.28-PM.jpeg?fit=1600%2C1200&ssl=1","datePublished":"2022-07-22T12:35:01+00:00","author":{"@id":"https:\/\/pilt.com.ar\/parque-industrial\/#\/schema\/person\/2dfb9e2464de1c3deef20c25c30a8306"},"inLanguage":"es","potentialAction":[{"@type":"ReadAction","target":["https:\/\/pilt.com.ar\/parque-industrial\/charla-sobre-gestion-de-residuos-en-el-pilt\/"]}]},{"@type":"ImageObject","inLanguage":"es","@id":"https:\/\/pilt.com.ar\/parque-industrial\/charla-sobre-gestion-de-residuos-en-el-pilt\/#primaryimage","url":"https:\/\/i0.wp.com\/pilt.com.ar\/parque-industrial\/wp-content\/uploads\/2022\/07\/WhatsApp-Image-2022-07-21-at-5.30.28-PM.jpeg?fit=1600%2C1200&ssl=1","contentUrl":"https:\/\/i0.wp.com\/pilt.com.ar\/parque-industrial\/wp-content\/uploads\/2022\/07\/WhatsApp-Image-2022-07-21-at-5.30.28-PM.jpeg?fit=1600%2C1200&ssl=1","width":1600,"height":1200},{"@type":"WebSite","@id":"https:\/\/pilt.com.ar\/parque-industrial\/#website","url":"https:\/\/pilt.com.ar\/parque-industrial\/","name":"PILT.com.ar","description":"Parque Industrial, Log\u00edstico y Tecnol\u00f3gico Villa Mar\u00eda","potentialAction":[{"@type":"SearchAction","target":{"@type":"EntryPoint","urlTemplate":"https:\/\/pilt.com.ar\/parque-industrial\/?s={search_term_string}"},"query-input":{"@type":"PropertyValueSpecification","valueRequired":true,"valueName":"search_term_string"}}],"inLanguage":"es"},{"@type":"Person","@id":"https:\/\/pilt.com.ar\/parque-industrial\/#\/schema\/person\/2dfb9e2464de1c3deef20c25c30a8306","name":"PILT","image":{"@type":"ImageObject","inLanguage":"es","@id":"https:\/\/secure.gravatar.com\/avatar\/5e3734c8d8c8e0b0d45f923c14a14d7b90521d573d02f0d91360a777095ee42b?s=96&d=mm&r=g","url":"https:\/\/secure.gravatar.com\/avatar\/5e3734c8d8c8e0b0d45f923c14a14d7b90521d573d02f0d91360a777095ee42b?s=96&d=mm&r=g","contentUrl":"https:\/\/secure.gravatar.com\/avatar\/5e3734c8d8c8e0b0d45f923c14a14d7b90521d573d02f0d91360a777095ee42b?s=96&d=mm&r=g","caption":"PILT"},"url":"https:\/\/pilt.com.ar\/parque-industrial\/author\/pilt\/"}]}},"jetpack_featured_media_url":"https:\/\/i0.wp.com\/pilt.com.ar\/parque-industrial\/wp-content\/uploads\/2022\/07\/WhatsApp-Image-2022-07-21-at-5.30.28-PM.jpeg?fit=1600%2C1200&ssl=1","jetpack_sharing_enabled":true,"_links":{"self":[{"href":"https:\/\/pilt.com.ar\/parque-industrial\/wp-json\/wp\/v2\/posts\/2458","targetHints":{"allow":["GET"]}}],"collection":[{"href":"https:\/\/pilt.com.ar\/parque-industrial\/wp-json\/wp\/v2\/posts"}],"about":[{"href":"https:\/\/pilt.com.ar\/parque-industrial\/wp-json\/wp\/v2\/types\/post"}],"author":[{"embeddable":true,"href":"https:\/\/pilt.com.ar\/parque-industrial\/wp-json\/wp\/v2\/users\/3"}],"replies":[{"embeddable":true,"href":"https:\/\/pilt.com.ar\/parque-industrial\/wp-json\/wp\/v2\/comments?post=2458"}],"version-history":[{"count":1,"href":"https:\/\/pilt.com.ar\/parque-industrial\/wp-json\/wp\/v2\/posts\/2458\/revisions"}],"predecessor-version":[{"id":2460,"href":"https:\/\/pilt.com.ar\/parque-industrial\/wp-json\/wp\/v2\/posts\/2458\/revisions\/2460"}],"wp:featuredmedia":[{"embeddable":true,"href":"https:\/\/pilt.com.ar\/parque-industrial\/wp-json\/wp\/v2\/media\/2459"}],"wp:attachment":[{"href":"https:\/\/pilt.com.ar\/parque-industrial\/wp-json\/wp\/v2\/media?parent=2458"}],"wp:term":[{"taxonomy":"category","embeddable":true,"href":"https:\/\/pilt.com.ar\/parque-industrial\/wp-json\/wp\/v2\/categories?post=2458"},{"taxonomy":"post_tag","embeddable":true,"href":"https:\/\/pilt.com.ar\/parque-industrial\/wp-json\/wp\/v2\/tags?post=2458"}],"curies":[{"name":"wp","href":"https:\/\/api.w.org\/{rel}","templated":true}]}}