{"id":2452,"date":"2022-07-15T10:23:30","date_gmt":"2022-07-15T13:23:30","guid":{"rendered":"https:\/\/pilt.com.ar\/parque-industrial\/?p=2452"},"modified":"2022-07-15T10:23:30","modified_gmt":"2022-07-15T13:23:30","slug":"luego-de-una-importante-ampliacion-una-empresa-del-pilt-sumara-equipamiento-para-incrementar-produccion","status":"publish","type":"post","link":"https:\/\/pilt.com.ar\/parque-industrial\/luego-de-una-importante-ampliacion-una-empresa-del-pilt-sumara-equipamiento-para-incrementar-produccion\/","title":{"rendered":"LUEGO DE UNA IMPORTANTE AMPLIACI\u00d3N UNA EMPRESA DEL PILT SUMAR\u00c1 EQUIPAMIENTO PARA INCREMENTAR PRODUCCI\u00d3N"},"content":{"rendered":"\n<p class=\"has-text-align-center\"><em>Se trata de <strong>Grupo Corporativo Mayo<\/strong>, que el a\u00f1o pasado a\u00f1adi\u00f3 2200 metros a su planta industrial. En breve incorporar\u00e1 nuevos equipos para la fabricaci\u00f3n de trafopartes.<\/em><\/p>\n\n\n\n<p class=\"has-text-align-justify\">Grupo Corporativo Mayo, asociado al Parque Industrial, Log\u00edstico y Tecnol\u00f3gico Villa Mar\u00eda (PILT), llev\u00f3 adelante durante el a\u00f1o pasado una ampliaci\u00f3n de 2.200 metros cuadrados de su planta y en los pr\u00f3ximos d\u00edas recibir\u00e1 equipamiento con el que sumar\u00e1 mayor capacidad de producci\u00f3n.<\/p>\n\n\n\n<p class=\"has-text-align-justify\">Vale mencionar que los equipos est\u00e1n destinados al \u00e1rea n\u00facleos o trafopartes, ya que la firma realiza distintas actividades vinculadas al sector el\u00e9ctrico. Igualmente, el incremento de producci\u00f3n fue planificado para aumentar la venta externa de productos, que en la actualidad por cuestiones de coyuntura econ\u00f3mica no est\u00e1 fluyendo.<\/p>\n\n\n\n<p class=\"has-text-align-justify\">Julio Pellegrino, directivo de la firma, explic\u00f3 que la empresa requiere de un 30% de insumos importados para la elaboraci\u00f3n de los productos, que por estos d\u00edas cuentan con inconvenientes para ingresar por las restricciones externas.<\/p>\n\n\n\n<p class=\"has-text-align-justify\">De todas maneras, el empresario indic\u00f3 que \u201cesto en alg\u00fan momento va a cambiar. Los planes de crecimiento est\u00e1n; la maquinaria la recibiremos a fin de mes y con eso incrementamos la capacidad productiva del \u00e1rea n\u00facleos o trafopartes. De esa manera nosotros estamos preparados para extender la exportaci\u00f3n de los productos, como lo ven\u00edamos haciendo hasta el a\u00f1o pasado\u201d.<\/p>\n\n\n\n<p class=\"has-text-align-justify\">Sobre la ampliaci\u00f3n de la planta, se\u00f1al\u00f3 que con las obras que realizaron completaron la capacidad de almacenaje, lo que permiti\u00f3 a la firma hacer una restructuraci\u00f3n para contar con m\u00e1s espacio disponible en la nave productiva para poder albergar el nuevo equipamiento.<\/p>\n\n\n\n<p class=\"has-text-align-justify\">Cabe se\u00f1alar que en Grupo Corporativo Mayo trabajan 200 personas, 50 de las cuales desarrollan tareas en el PILT.<\/p>\n","protected":false},"excerpt":{"rendered":"<p>Se trata de Grupo Corporativo Mayo, que el a\u00f1o pasado a\u00f1adi\u00f3 2200 metros a su planta industrial. En breve incorporar\u00e1 nuevos equipos para la fabricaci\u00f3n de trafopartes. Grupo Corporativo Mayo, asociado al Parque Industrial, Log\u00edstico y Tecnol\u00f3gico Villa Mar\u00eda (PILT), llev\u00f3 adelante durante el a\u00f1o pasado una ampliaci\u00f3n de 2.200 metros cuadrados de su planta [&hellip;]<\/p>\n","protected":false},"author":3,"featured_media":2453,"comment_status":"open","ping_status":"open","sticky":false,"template":"","format":"standard","meta":{"_jetpack_memberships_contains_paid_content":false,"footnotes":""},"categories":[2],"tags":[],"class_list":["post-2452","post","type-post","status-publish","format-standard","has-post-thumbnail","hentry","category-noticias"],"yoast_head":"<!-- This site is optimized with the Yoast SEO plugin v27.5 - https:\/\/yoast.com\/product\/yoast-seo-wordpress\/ -->\n<title>LUEGO DE UNA IMPORTANTE AMPLIACI\u00d3N UNA EMPRESA DEL PILT SUMAR\u00c1 EQUIPAMIENTO PARA INCREMENTAR PRODUCCI\u00d3N - PILT.com.ar<\/title>\n<meta name=\"robots\" content=\"index, follow, max-snippet:-1, max-image-preview:large, max-video-preview:-1\" \/>\n<link rel=\"canonical\" href=\"https:\/\/pilt.com.ar\/parque-industrial\/luego-de-una-importante-ampliacion-una-empresa-del-pilt-sumara-equipamiento-para-incrementar-produccion\/\" \/>\n<meta property=\"og:locale\" content=\"es_ES\" \/>\n<meta property=\"og:type\" content=\"article\" \/>\n<meta property=\"og:title\" content=\"LUEGO DE UNA IMPORTANTE AMPLIACI\u00d3N UNA EMPRESA DEL PILT SUMAR\u00c1 EQUIPAMIENTO PARA INCREMENTAR PRODUCCI\u00d3N - PILT.com.ar\" \/>\n<meta property=\"og:description\" content=\"Se trata de Grupo Corporativo Mayo, que el a\u00f1o pasado a\u00f1adi\u00f3 2200 metros a su planta industrial. En breve incorporar\u00e1 nuevos equipos para la fabricaci\u00f3n de trafopartes. Grupo Corporativo Mayo, asociado al Parque Industrial, Log\u00edstico y Tecnol\u00f3gico Villa Mar\u00eda (PILT), llev\u00f3 adelante durante el a\u00f1o pasado una ampliaci\u00f3n de 2.200 metros cuadrados de su planta [&hellip;]\" \/>\n<meta property=\"og:url\" content=\"https:\/\/pilt.com.ar\/parque-industrial\/luego-de-una-importante-ampliacion-una-empresa-del-pilt-sumara-equipamiento-para-incrementar-produccion\/\" \/>\n<meta property=\"og:site_name\" content=\"PILT.com.ar\" \/>\n<meta property=\"article:published_time\" content=\"2022-07-15T13:23:30+00:00\" \/>\n<meta property=\"og:image\" content=\"https:\/\/i0.wp.com\/pilt.com.ar\/parque-industrial\/wp-content\/uploads\/2022\/07\/WhatsApp-Image-2022-07-15-at-10.22.52-AM.jpeg?fit=720%2C477&ssl=1\" \/>\n\t<meta property=\"og:image:width\" content=\"720\" \/>\n\t<meta property=\"og:image:height\" content=\"477\" \/>\n\t<meta property=\"og:image:type\" content=\"image\/jpeg\" \/>\n<meta name=\"author\" content=\"PILT\" \/>\n<meta name=\"twitter:card\" content=\"summary_large_image\" \/>\n<meta name=\"twitter:label1\" content=\"Escrito por\" \/>\n\t<meta name=\"twitter:data1\" content=\"PILT\" \/>\n\t<meta name=\"twitter:label2\" content=\"Tiempo de lectura\" \/>\n\t<meta name=\"twitter:data2\" content=\"2 minutos\" \/>\n<script type=\"application\/ld+json\" class=\"yoast-schema-graph\">{\"@context\":\"https:\\\/\\\/schema.org\",\"@graph\":[{\"@type\":\"Article\",\"@id\":\"https:\\\/\\\/pilt.com.ar\\\/parque-industrial\\\/luego-de-una-importante-ampliacion-una-empresa-del-pilt-sumara-equipamiento-para-incrementar-produccion\\\/#article\",\"isPartOf\":{\"@id\":\"https:\\\/\\\/pilt.com.ar\\\/parque-industrial\\\/luego-de-una-importante-ampliacion-una-empresa-del-pilt-sumara-equipamiento-para-incrementar-produccion\\\/\"},\"author\":{\"name\":\"PILT\",\"@id\":\"https:\\\/\\\/pilt.com.ar\\\/parque-industrial\\\/#\\\/schema\\\/person\\\/2dfb9e2464de1c3deef20c25c30a8306\"},\"headline\":\"LUEGO DE UNA IMPORTANTE AMPLIACI\u00d3N UNA EMPRESA DEL PILT SUMAR\u00c1 EQUIPAMIENTO PARA INCREMENTAR PRODUCCI\u00d3N\",\"datePublished\":\"2022-07-15T13:23:30+00:00\",\"mainEntityOfPage\":{\"@id\":\"https:\\\/\\\/pilt.com.ar\\\/parque-industrial\\\/luego-de-una-importante-ampliacion-una-empresa-del-pilt-sumara-equipamiento-para-incrementar-produccion\\\/\"},\"wordCount\":317,\"commentCount\":0,\"image\":{\"@id\":\"https:\\\/\\\/pilt.com.ar\\\/parque-industrial\\\/luego-de-una-importante-ampliacion-una-empresa-del-pilt-sumara-equipamiento-para-incrementar-produccion\\\/#primaryimage\"},\"thumbnailUrl\":\"https:\\\/\\\/i0.wp.com\\\/pilt.com.ar\\\/parque-industrial\\\/wp-content\\\/uploads\\\/2022\\\/07\\\/WhatsApp-Image-2022-07-15-at-10.22.52-AM.jpeg?fit=720%2C477&ssl=1\",\"articleSection\":[\"Noticias\"],\"inLanguage\":\"es\",\"potentialAction\":[{\"@type\":\"CommentAction\",\"name\":\"Comment\",\"target\":[\"https:\\\/\\\/pilt.com.ar\\\/parque-industrial\\\/luego-de-una-importante-ampliacion-una-empresa-del-pilt-sumara-equipamiento-para-incrementar-produccion\\\/#respond\"]}]},{\"@type\":\"WebPage\",\"@id\":\"https:\\\/\\\/pilt.com.ar\\\/parque-industrial\\\/luego-de-una-importante-ampliacion-una-empresa-del-pilt-sumara-equipamiento-para-incrementar-produccion\\\/\",\"url\":\"https:\\\/\\\/pilt.com.ar\\\/parque-industrial\\\/luego-de-una-importante-ampliacion-una-empresa-del-pilt-sumara-equipamiento-para-incrementar-produccion\\\/\",\"name\":\"LUEGO DE UNA IMPORTANTE AMPLIACI\u00d3N UNA EMPRESA DEL PILT SUMAR\u00c1 EQUIPAMIENTO PARA INCREMENTAR PRODUCCI\u00d3N - PILT.com.ar\",\"isPartOf\":{\"@id\":\"https:\\\/\\\/pilt.com.ar\\\/parque-industrial\\\/#website\"},\"primaryImageOfPage\":{\"@id\":\"https:\\\/\\\/pilt.com.ar\\\/parque-industrial\\\/luego-de-una-importante-ampliacion-una-empresa-del-pilt-sumara-equipamiento-para-incrementar-produccion\\\/#primaryimage\"},\"image\":{\"@id\":\"https:\\\/\\\/pilt.com.ar\\\/parque-industrial\\\/luego-de-una-importante-ampliacion-una-empresa-del-pilt-sumara-equipamiento-para-incrementar-produccion\\\/#primaryimage\"},\"thumbnailUrl\":\"https:\\\/\\\/i0.wp.com\\\/pilt.com.ar\\\/parque-industrial\\\/wp-content\\\/uploads\\\/2022\\\/07\\\/WhatsApp-Image-2022-07-15-at-10.22.52-AM.jpeg?fit=720%2C477&ssl=1\",\"datePublished\":\"2022-07-15T13:23:30+00:00\",\"author\":{\"@id\":\"https:\\\/\\\/pilt.com.ar\\\/parque-industrial\\\/#\\\/schema\\\/person\\\/2dfb9e2464de1c3deef20c25c30a8306\"},\"inLanguage\":\"es\",\"potentialAction\":[{\"@type\":\"ReadAction\",\"target\":[\"https:\\\/\\\/pilt.com.ar\\\/parque-industrial\\\/luego-de-una-importante-ampliacion-una-empresa-del-pilt-sumara-equipamiento-para-incrementar-produccion\\\/\"]}]},{\"@type\":\"ImageObject\",\"inLanguage\":\"es\",\"@id\":\"https:\\\/\\\/pilt.com.ar\\\/parque-industrial\\\/luego-de-una-importante-ampliacion-una-empresa-del-pilt-sumara-equipamiento-para-incrementar-produccion\\\/#primaryimage\",\"url\":\"https:\\\/\\\/i0.wp.com\\\/pilt.com.ar\\\/parque-industrial\\\/wp-content\\\/uploads\\\/2022\\\/07\\\/WhatsApp-Image-2022-07-15-at-10.22.52-AM.jpeg?fit=720%2C477&ssl=1\",\"contentUrl\":\"https:\\\/\\\/i0.wp.com\\\/pilt.com.ar\\\/parque-industrial\\\/wp-content\\\/uploads\\\/2022\\\/07\\\/WhatsApp-Image-2022-07-15-at-10.22.52-AM.jpeg?fit=720%2C477&ssl=1\",\"width\":720,\"height\":477},{\"@type\":\"WebSite\",\"@id\":\"https:\\\/\\\/pilt.com.ar\\\/parque-industrial\\\/#website\",\"url\":\"https:\\\/\\\/pilt.com.ar\\\/parque-industrial\\\/\",\"name\":\"PILT.com.ar\",\"description\":\"Parque Industrial, Log\u00edstico y Tecnol\u00f3gico Villa Mar\u00eda\",\"potentialAction\":[{\"@type\":\"SearchAction\",\"target\":{\"@type\":\"EntryPoint\",\"urlTemplate\":\"https:\\\/\\\/pilt.com.ar\\\/parque-industrial\\\/?s={search_term_string}\"},\"query-input\":{\"@type\":\"PropertyValueSpecification\",\"valueRequired\":true,\"valueName\":\"search_term_string\"}}],\"inLanguage\":\"es\"},{\"@type\":\"Person\",\"@id\":\"https:\\\/\\\/pilt.com.ar\\\/parque-industrial\\\/#\\\/schema\\\/person\\\/2dfb9e2464de1c3deef20c25c30a8306\",\"name\":\"PILT\",\"image\":{\"@type\":\"ImageObject\",\"inLanguage\":\"es\",\"@id\":\"https:\\\/\\\/secure.gravatar.com\\\/avatar\\\/5e3734c8d8c8e0b0d45f923c14a14d7b90521d573d02f0d91360a777095ee42b?s=96&d=mm&r=g\",\"url\":\"https:\\\/\\\/secure.gravatar.com\\\/avatar\\\/5e3734c8d8c8e0b0d45f923c14a14d7b90521d573d02f0d91360a777095ee42b?s=96&d=mm&r=g\",\"contentUrl\":\"https:\\\/\\\/secure.gravatar.com\\\/avatar\\\/5e3734c8d8c8e0b0d45f923c14a14d7b90521d573d02f0d91360a777095ee42b?s=96&d=mm&r=g\",\"caption\":\"PILT\"},\"url\":\"https:\\\/\\\/pilt.com.ar\\\/parque-industrial\\\/author\\\/pilt\\\/\"}]}<\/script>\n<!-- \/ Yoast SEO plugin. -->","yoast_head_json":{"title":"LUEGO DE UNA IMPORTANTE AMPLIACI\u00d3N UNA EMPRESA DEL PILT SUMAR\u00c1 EQUIPAMIENTO PARA INCREMENTAR PRODUCCI\u00d3N - PILT.com.ar","robots":{"index":"index","follow":"follow","max-snippet":"max-snippet:-1","max-image-preview":"max-image-preview:large","max-video-preview":"max-video-preview:-1"},"canonical":"https:\/\/pilt.com.ar\/parque-industrial\/luego-de-una-importante-ampliacion-una-empresa-del-pilt-sumara-equipamiento-para-incrementar-produccion\/","og_locale":"es_ES","og_type":"article","og_title":"LUEGO DE UNA IMPORTANTE AMPLIACI\u00d3N UNA EMPRESA DEL PILT SUMAR\u00c1 EQUIPAMIENTO PARA INCREMENTAR PRODUCCI\u00d3N - PILT.com.ar","og_description":"Se trata de Grupo Corporativo Mayo, que el a\u00f1o pasado a\u00f1adi\u00f3 2200 metros a su planta industrial. En breve incorporar\u00e1 nuevos equipos para la fabricaci\u00f3n de trafopartes. Grupo Corporativo Mayo, asociado al Parque Industrial, Log\u00edstico y Tecnol\u00f3gico Villa Mar\u00eda (PILT), llev\u00f3 adelante durante el a\u00f1o pasado una ampliaci\u00f3n de 2.200 metros cuadrados de su planta [&hellip;]","og_url":"https:\/\/pilt.com.ar\/parque-industrial\/luego-de-una-importante-ampliacion-una-empresa-del-pilt-sumara-equipamiento-para-incrementar-produccion\/","og_site_name":"PILT.com.ar","article_published_time":"2022-07-15T13:23:30+00:00","og_image":[{"width":720,"height":477,"url":"https:\/\/i0.wp.com\/pilt.com.ar\/parque-industrial\/wp-content\/uploads\/2022\/07\/WhatsApp-Image-2022-07-15-at-10.22.52-AM.jpeg?fit=720%2C477&ssl=1","type":"image\/jpeg"}],"author":"PILT","twitter_card":"summary_large_image","twitter_misc":{"Escrito por":"PILT","Tiempo de lectura":"2 minutos"},"schema":{"@context":"https:\/\/schema.org","@graph":[{"@type":"Article","@id":"https:\/\/pilt.com.ar\/parque-industrial\/luego-de-una-importante-ampliacion-una-empresa-del-pilt-sumara-equipamiento-para-incrementar-produccion\/#article","isPartOf":{"@id":"https:\/\/pilt.com.ar\/parque-industrial\/luego-de-una-importante-ampliacion-una-empresa-del-pilt-sumara-equipamiento-para-incrementar-produccion\/"},"author":{"name":"PILT","@id":"https:\/\/pilt.com.ar\/parque-industrial\/#\/schema\/person\/2dfb9e2464de1c3deef20c25c30a8306"},"headline":"LUEGO DE UNA IMPORTANTE AMPLIACI\u00d3N UNA EMPRESA DEL PILT SUMAR\u00c1 EQUIPAMIENTO PARA INCREMENTAR PRODUCCI\u00d3N","datePublished":"2022-07-15T13:23:30+00:00","mainEntityOfPage":{"@id":"https:\/\/pilt.com.ar\/parque-industrial\/luego-de-una-importante-ampliacion-una-empresa-del-pilt-sumara-equipamiento-para-incrementar-produccion\/"},"wordCount":317,"commentCount":0,"image":{"@id":"https:\/\/pilt.com.ar\/parque-industrial\/luego-de-una-importante-ampliacion-una-empresa-del-pilt-sumara-equipamiento-para-incrementar-produccion\/#primaryimage"},"thumbnailUrl":"https:\/\/i0.wp.com\/pilt.com.ar\/parque-industrial\/wp-content\/uploads\/2022\/07\/WhatsApp-Image-2022-07-15-at-10.22.52-AM.jpeg?fit=720%2C477&ssl=1","articleSection":["Noticias"],"inLanguage":"es","potentialAction":[{"@type":"CommentAction","name":"Comment","target":["https:\/\/pilt.com.ar\/parque-industrial\/luego-de-una-importante-ampliacion-una-empresa-del-pilt-sumara-equipamiento-para-incrementar-produccion\/#respond"]}]},{"@type":"WebPage","@id":"https:\/\/pilt.com.ar\/parque-industrial\/luego-de-una-importante-ampliacion-una-empresa-del-pilt-sumara-equipamiento-para-incrementar-produccion\/","url":"https:\/\/pilt.com.ar\/parque-industrial\/luego-de-una-importante-ampliacion-una-empresa-del-pilt-sumara-equipamiento-para-incrementar-produccion\/","name":"LUEGO DE UNA IMPORTANTE AMPLIACI\u00d3N UNA EMPRESA DEL PILT SUMAR\u00c1 EQUIPAMIENTO PARA INCREMENTAR PRODUCCI\u00d3N - PILT.com.ar","isPartOf":{"@id":"https:\/\/pilt.com.ar\/parque-industrial\/#website"},"primaryImageOfPage":{"@id":"https:\/\/pilt.com.ar\/parque-industrial\/luego-de-una-importante-ampliacion-una-empresa-del-pilt-sumara-equipamiento-para-incrementar-produccion\/#primaryimage"},"image":{"@id":"https:\/\/pilt.com.ar\/parque-industrial\/luego-de-una-importante-ampliacion-una-empresa-del-pilt-sumara-equipamiento-para-incrementar-produccion\/#primaryimage"},"thumbnailUrl":"https:\/\/i0.wp.com\/pilt.com.ar\/parque-industrial\/wp-content\/uploads\/2022\/07\/WhatsApp-Image-2022-07-15-at-10.22.52-AM.jpeg?fit=720%2C477&ssl=1","datePublished":"2022-07-15T13:23:30+00:00","author":{"@id":"https:\/\/pilt.com.ar\/parque-industrial\/#\/schema\/person\/2dfb9e2464de1c3deef20c25c30a8306"},"inLanguage":"es","potentialAction":[{"@type":"ReadAction","target":["https:\/\/pilt.com.ar\/parque-industrial\/luego-de-una-importante-ampliacion-una-empresa-del-pilt-sumara-equipamiento-para-incrementar-produccion\/"]}]},{"@type":"ImageObject","inLanguage":"es","@id":"https:\/\/pilt.com.ar\/parque-industrial\/luego-de-una-importante-ampliacion-una-empresa-del-pilt-sumara-equipamiento-para-incrementar-produccion\/#primaryimage","url":"https:\/\/i0.wp.com\/pilt.com.ar\/parque-industrial\/wp-content\/uploads\/2022\/07\/WhatsApp-Image-2022-07-15-at-10.22.52-AM.jpeg?fit=720%2C477&ssl=1","contentUrl":"https:\/\/i0.wp.com\/pilt.com.ar\/parque-industrial\/wp-content\/uploads\/2022\/07\/WhatsApp-Image-2022-07-15-at-10.22.52-AM.jpeg?fit=720%2C477&ssl=1","width":720,"height":477},{"@type":"WebSite","@id":"https:\/\/pilt.com.ar\/parque-industrial\/#website","url":"https:\/\/pilt.com.ar\/parque-industrial\/","name":"PILT.com.ar","description":"Parque Industrial, Log\u00edstico y Tecnol\u00f3gico Villa Mar\u00eda","potentialAction":[{"@type":"SearchAction","target":{"@type":"EntryPoint","urlTemplate":"https:\/\/pilt.com.ar\/parque-industrial\/?s={search_term_string}"},"query-input":{"@type":"PropertyValueSpecification","valueRequired":true,"valueName":"search_term_string"}}],"inLanguage":"es"},{"@type":"Person","@id":"https:\/\/pilt.com.ar\/parque-industrial\/#\/schema\/person\/2dfb9e2464de1c3deef20c25c30a8306","name":"PILT","image":{"@type":"ImageObject","inLanguage":"es","@id":"https:\/\/secure.gravatar.com\/avatar\/5e3734c8d8c8e0b0d45f923c14a14d7b90521d573d02f0d91360a777095ee42b?s=96&d=mm&r=g","url":"https:\/\/secure.gravatar.com\/avatar\/5e3734c8d8c8e0b0d45f923c14a14d7b90521d573d02f0d91360a777095ee42b?s=96&d=mm&r=g","contentUrl":"https:\/\/secure.gravatar.com\/avatar\/5e3734c8d8c8e0b0d45f923c14a14d7b90521d573d02f0d91360a777095ee42b?s=96&d=mm&r=g","caption":"PILT"},"url":"https:\/\/pilt.com.ar\/parque-industrial\/author\/pilt\/"}]}},"jetpack_featured_media_url":"https:\/\/i0.wp.com\/pilt.com.ar\/parque-industrial\/wp-content\/uploads\/2022\/07\/WhatsApp-Image-2022-07-15-at-10.22.52-AM.jpeg?fit=720%2C477&ssl=1","jetpack_sharing_enabled":true,"_links":{"self":[{"href":"https:\/\/pilt.com.ar\/parque-industrial\/wp-json\/wp\/v2\/posts\/2452","targetHints":{"allow":["GET"]}}],"collection":[{"href":"https:\/\/pilt.com.ar\/parque-industrial\/wp-json\/wp\/v2\/posts"}],"about":[{"href":"https:\/\/pilt.com.ar\/parque-industrial\/wp-json\/wp\/v2\/types\/post"}],"author":[{"embeddable":true,"href":"https:\/\/pilt.com.ar\/parque-industrial\/wp-json\/wp\/v2\/users\/3"}],"replies":[{"embeddable":true,"href":"https:\/\/pilt.com.ar\/parque-industrial\/wp-json\/wp\/v2\/comments?post=2452"}],"version-history":[{"count":1,"href":"https:\/\/pilt.com.ar\/parque-industrial\/wp-json\/wp\/v2\/posts\/2452\/revisions"}],"predecessor-version":[{"id":2454,"href":"https:\/\/pilt.com.ar\/parque-industrial\/wp-json\/wp\/v2\/posts\/2452\/revisions\/2454"}],"wp:featuredmedia":[{"embeddable":true,"href":"https:\/\/pilt.com.ar\/parque-industrial\/wp-json\/wp\/v2\/media\/2453"}],"wp:attachment":[{"href":"https:\/\/pilt.com.ar\/parque-industrial\/wp-json\/wp\/v2\/media?parent=2452"}],"wp:term":[{"taxonomy":"category","embeddable":true,"href":"https:\/\/pilt.com.ar\/parque-industrial\/wp-json\/wp\/v2\/categories?post=2452"},{"taxonomy":"post_tag","embeddable":true,"href":"https:\/\/pilt.com.ar\/parque-industrial\/wp-json\/wp\/v2\/tags?post=2452"}],"curies":[{"name":"wp","href":"https:\/\/api.w.org\/{rel}","templated":true}]}}