{"id":2441,"date":"2022-07-08T12:01:40","date_gmt":"2022-07-08T15:01:40","guid":{"rendered":"https:\/\/pilt.com.ar\/parque-industrial\/?p=2441"},"modified":"2022-07-08T12:01:41","modified_gmt":"2022-07-08T15:01:41","slug":"el-pilt-vendio-un-lote-para-ampliacion-de-planta-industrial","status":"publish","type":"post","link":"https:\/\/pilt.com.ar\/parque-industrial\/el-pilt-vendio-un-lote-para-ampliacion-de-planta-industrial\/","title":{"rendered":"EL PILT VENDI\u00d3 UN LOTE PARA AMPLIACI\u00d3N DE PLANTA INDUSTRIAL"},"content":{"rendered":"\n<p class=\"has-text-align-center\"><strong><em>La empresa asociada Alpha Qu\u00edmica adquiri\u00f3 un terreno de 5222. Adem\u00e1s, miembros del municipio de La Para estuvieron concurrieron al predio.<\/em><\/strong><\/p>\n\n\n\n<p class=\"has-text-align-justify\">El Parque Industrial, Log\u00edstico y Tecnol\u00f3gico Villa Mar\u00eda (PILT) recientemente concret\u00f3 la venta de un lote de 5.222 metros cuadrados a la empresa Alpha Qu\u00edmica, que desde hace varios posee su planta industrial en el predio. La inversi\u00f3n realizada por la firma servir\u00e1 para ampliar su capacidad.<\/p>\n\n\n\n<p class=\"has-text-align-justify\">Por otra parte, directivos del Ente mantuvieron diversos encuentros durante la semana. En ese sentido, visit\u00f3 el Parque una nutrida delegaci\u00f3n de la Municipalidad de La Para, encabezada por el intendente Mart\u00edn Guzm\u00e1n. Participaron de la visita el jefe de la comuna local, Mart\u00edn Gill, y miembros de su gabinete. El presidente del PILT, Ing. Carlos Pizzorno, recibi\u00f3 a los funcionarios y les explic\u00f3 su funcionamiento, como as\u00ed tambi\u00e9n los proyectos que se est\u00e1n desarrollando, entre ellos el coworking que pr\u00f3ximamente quedar\u00e1 habilitado.<\/p>\n\n\n\n<p class=\"has-text-align-justify\">A su vez, el gerente Lic. Carlos Montoto Galiano particip\u00f3 de una reuni\u00f3n en el Sal\u00f3n Blanco del Palacio Municipal, en donde Celeste Curetti, secretaria de Inclusi\u00f3n Social y Territorio, y Otto Wester, a cargo de Planeamiento, Relaciones Institucionales y V\u00ednculos Comunitarios del gobierno local, precisaron los alcances de la Ordenanza 7572, que otorga beneficios impositivos a empresas que contraten a personas trans y no binarias.<\/p>\n\n\n\n<p><strong>Gas<\/strong><\/p>\n\n\n\n<p class=\"has-text-align-justify\">En lo que respecta a obras de infraestructura, en poco tiempo m\u00e1s finalizar\u00e1 la instalaci\u00f3n de 635 metros de ca\u00f1er\u00eda de gas, llevando ese insumo b\u00e1sico al 100 % de la superficie del trazado inicial del Parque.<\/p>\n\n\n\n<p><\/p>\n","protected":false},"excerpt":{"rendered":"<p>La empresa asociada Alpha Qu\u00edmica adquiri\u00f3 un terreno de 5222. Adem\u00e1s, miembros del municipio de La Para estuvieron concurrieron al predio. El Parque Industrial, Log\u00edstico y Tecnol\u00f3gico Villa Mar\u00eda (PILT) recientemente concret\u00f3 la venta de un lote de 5.222 metros cuadrados a la empresa Alpha Qu\u00edmica, que desde hace varios posee su planta industrial en [&hellip;]<\/p>\n","protected":false},"author":3,"featured_media":2442,"comment_status":"open","ping_status":"open","sticky":false,"template":"","format":"standard","meta":{"_jetpack_memberships_contains_paid_content":false,"footnotes":""},"categories":[2],"tags":[],"class_list":["post-2441","post","type-post","status-publish","format-standard","has-post-thumbnail","hentry","category-noticias"],"yoast_head":"<!-- This site is optimized with the Yoast SEO plugin v27.5 - https:\/\/yoast.com\/product\/yoast-seo-wordpress\/ -->\n<title>EL PILT VENDI\u00d3 UN LOTE PARA AMPLIACI\u00d3N DE PLANTA INDUSTRIAL - PILT.com.ar<\/title>\n<meta name=\"robots\" content=\"index, follow, max-snippet:-1, max-image-preview:large, max-video-preview:-1\" \/>\n<link rel=\"canonical\" href=\"https:\/\/pilt.com.ar\/parque-industrial\/el-pilt-vendio-un-lote-para-ampliacion-de-planta-industrial\/\" \/>\n<meta property=\"og:locale\" content=\"es_ES\" \/>\n<meta property=\"og:type\" content=\"article\" \/>\n<meta property=\"og:title\" content=\"EL PILT VENDI\u00d3 UN LOTE PARA AMPLIACI\u00d3N DE PLANTA INDUSTRIAL - PILT.com.ar\" \/>\n<meta property=\"og:description\" content=\"La empresa asociada Alpha Qu\u00edmica adquiri\u00f3 un terreno de 5222. Adem\u00e1s, miembros del municipio de La Para estuvieron concurrieron al predio. El Parque Industrial, Log\u00edstico y Tecnol\u00f3gico Villa Mar\u00eda (PILT) recientemente concret\u00f3 la venta de un lote de 5.222 metros cuadrados a la empresa Alpha Qu\u00edmica, que desde hace varios posee su planta industrial en [&hellip;]\" \/>\n<meta property=\"og:url\" content=\"https:\/\/pilt.com.ar\/parque-industrial\/el-pilt-vendio-un-lote-para-ampliacion-de-planta-industrial\/\" \/>\n<meta property=\"og:site_name\" content=\"PILT.com.ar\" \/>\n<meta property=\"article:published_time\" content=\"2022-07-08T15:01:40+00:00\" \/>\n<meta property=\"article:modified_time\" content=\"2022-07-08T15:01:41+00:00\" \/>\n<meta property=\"og:image\" content=\"https:\/\/i0.wp.com\/pilt.com.ar\/parque-industrial\/wp-content\/uploads\/2022\/07\/WhatsApp-Image-2022-07-05-at-8.45.45-AM.jpeg?fit=720%2C482&ssl=1\" \/>\n\t<meta property=\"og:image:width\" content=\"720\" \/>\n\t<meta property=\"og:image:height\" content=\"482\" \/>\n\t<meta property=\"og:image:type\" content=\"image\/jpeg\" \/>\n<meta name=\"author\" content=\"PILT\" \/>\n<meta name=\"twitter:card\" content=\"summary_large_image\" \/>\n<meta name=\"twitter:label1\" content=\"Escrito por\" \/>\n\t<meta name=\"twitter:data1\" content=\"PILT\" \/>\n\t<meta name=\"twitter:label2\" content=\"Tiempo de lectura\" \/>\n\t<meta name=\"twitter:data2\" content=\"2 minutos\" \/>\n<script type=\"application\/ld+json\" class=\"yoast-schema-graph\">{\"@context\":\"https:\\\/\\\/schema.org\",\"@graph\":[{\"@type\":\"Article\",\"@id\":\"https:\\\/\\\/pilt.com.ar\\\/parque-industrial\\\/el-pilt-vendio-un-lote-para-ampliacion-de-planta-industrial\\\/#article\",\"isPartOf\":{\"@id\":\"https:\\\/\\\/pilt.com.ar\\\/parque-industrial\\\/el-pilt-vendio-un-lote-para-ampliacion-de-planta-industrial\\\/\"},\"author\":{\"name\":\"PILT\",\"@id\":\"https:\\\/\\\/pilt.com.ar\\\/parque-industrial\\\/#\\\/schema\\\/person\\\/2dfb9e2464de1c3deef20c25c30a8306\"},\"headline\":\"EL PILT VENDI\u00d3 UN LOTE PARA AMPLIACI\u00d3N DE PLANTA INDUSTRIAL\",\"datePublished\":\"2022-07-08T15:01:40+00:00\",\"dateModified\":\"2022-07-08T15:01:41+00:00\",\"mainEntityOfPage\":{\"@id\":\"https:\\\/\\\/pilt.com.ar\\\/parque-industrial\\\/el-pilt-vendio-un-lote-para-ampliacion-de-planta-industrial\\\/\"},\"wordCount\":283,\"commentCount\":0,\"image\":{\"@id\":\"https:\\\/\\\/pilt.com.ar\\\/parque-industrial\\\/el-pilt-vendio-un-lote-para-ampliacion-de-planta-industrial\\\/#primaryimage\"},\"thumbnailUrl\":\"https:\\\/\\\/i0.wp.com\\\/pilt.com.ar\\\/parque-industrial\\\/wp-content\\\/uploads\\\/2022\\\/07\\\/WhatsApp-Image-2022-07-05-at-8.45.45-AM.jpeg?fit=720%2C482&ssl=1\",\"articleSection\":[\"Noticias\"],\"inLanguage\":\"es\",\"potentialAction\":[{\"@type\":\"CommentAction\",\"name\":\"Comment\",\"target\":[\"https:\\\/\\\/pilt.com.ar\\\/parque-industrial\\\/el-pilt-vendio-un-lote-para-ampliacion-de-planta-industrial\\\/#respond\"]}]},{\"@type\":\"WebPage\",\"@id\":\"https:\\\/\\\/pilt.com.ar\\\/parque-industrial\\\/el-pilt-vendio-un-lote-para-ampliacion-de-planta-industrial\\\/\",\"url\":\"https:\\\/\\\/pilt.com.ar\\\/parque-industrial\\\/el-pilt-vendio-un-lote-para-ampliacion-de-planta-industrial\\\/\",\"name\":\"EL PILT VENDI\u00d3 UN LOTE PARA AMPLIACI\u00d3N DE PLANTA INDUSTRIAL - PILT.com.ar\",\"isPartOf\":{\"@id\":\"https:\\\/\\\/pilt.com.ar\\\/parque-industrial\\\/#website\"},\"primaryImageOfPage\":{\"@id\":\"https:\\\/\\\/pilt.com.ar\\\/parque-industrial\\\/el-pilt-vendio-un-lote-para-ampliacion-de-planta-industrial\\\/#primaryimage\"},\"image\":{\"@id\":\"https:\\\/\\\/pilt.com.ar\\\/parque-industrial\\\/el-pilt-vendio-un-lote-para-ampliacion-de-planta-industrial\\\/#primaryimage\"},\"thumbnailUrl\":\"https:\\\/\\\/i0.wp.com\\\/pilt.com.ar\\\/parque-industrial\\\/wp-content\\\/uploads\\\/2022\\\/07\\\/WhatsApp-Image-2022-07-05-at-8.45.45-AM.jpeg?fit=720%2C482&ssl=1\",\"datePublished\":\"2022-07-08T15:01:40+00:00\",\"dateModified\":\"2022-07-08T15:01:41+00:00\",\"author\":{\"@id\":\"https:\\\/\\\/pilt.com.ar\\\/parque-industrial\\\/#\\\/schema\\\/person\\\/2dfb9e2464de1c3deef20c25c30a8306\"},\"inLanguage\":\"es\",\"potentialAction\":[{\"@type\":\"ReadAction\",\"target\":[\"https:\\\/\\\/pilt.com.ar\\\/parque-industrial\\\/el-pilt-vendio-un-lote-para-ampliacion-de-planta-industrial\\\/\"]}]},{\"@type\":\"ImageObject\",\"inLanguage\":\"es\",\"@id\":\"https:\\\/\\\/pilt.com.ar\\\/parque-industrial\\\/el-pilt-vendio-un-lote-para-ampliacion-de-planta-industrial\\\/#primaryimage\",\"url\":\"https:\\\/\\\/i0.wp.com\\\/pilt.com.ar\\\/parque-industrial\\\/wp-content\\\/uploads\\\/2022\\\/07\\\/WhatsApp-Image-2022-07-05-at-8.45.45-AM.jpeg?fit=720%2C482&ssl=1\",\"contentUrl\":\"https:\\\/\\\/i0.wp.com\\\/pilt.com.ar\\\/parque-industrial\\\/wp-content\\\/uploads\\\/2022\\\/07\\\/WhatsApp-Image-2022-07-05-at-8.45.45-AM.jpeg?fit=720%2C482&ssl=1\",\"width\":720,\"height\":482},{\"@type\":\"WebSite\",\"@id\":\"https:\\\/\\\/pilt.com.ar\\\/parque-industrial\\\/#website\",\"url\":\"https:\\\/\\\/pilt.com.ar\\\/parque-industrial\\\/\",\"name\":\"PILT.com.ar\",\"description\":\"Parque Industrial, Log\u00edstico y Tecnol\u00f3gico Villa Mar\u00eda\",\"potentialAction\":[{\"@type\":\"SearchAction\",\"target\":{\"@type\":\"EntryPoint\",\"urlTemplate\":\"https:\\\/\\\/pilt.com.ar\\\/parque-industrial\\\/?s={search_term_string}\"},\"query-input\":{\"@type\":\"PropertyValueSpecification\",\"valueRequired\":true,\"valueName\":\"search_term_string\"}}],\"inLanguage\":\"es\"},{\"@type\":\"Person\",\"@id\":\"https:\\\/\\\/pilt.com.ar\\\/parque-industrial\\\/#\\\/schema\\\/person\\\/2dfb9e2464de1c3deef20c25c30a8306\",\"name\":\"PILT\",\"image\":{\"@type\":\"ImageObject\",\"inLanguage\":\"es\",\"@id\":\"https:\\\/\\\/secure.gravatar.com\\\/avatar\\\/5e3734c8d8c8e0b0d45f923c14a14d7b90521d573d02f0d91360a777095ee42b?s=96&d=mm&r=g\",\"url\":\"https:\\\/\\\/secure.gravatar.com\\\/avatar\\\/5e3734c8d8c8e0b0d45f923c14a14d7b90521d573d02f0d91360a777095ee42b?s=96&d=mm&r=g\",\"contentUrl\":\"https:\\\/\\\/secure.gravatar.com\\\/avatar\\\/5e3734c8d8c8e0b0d45f923c14a14d7b90521d573d02f0d91360a777095ee42b?s=96&d=mm&r=g\",\"caption\":\"PILT\"},\"url\":\"https:\\\/\\\/pilt.com.ar\\\/parque-industrial\\\/author\\\/pilt\\\/\"}]}<\/script>\n<!-- \/ Yoast SEO plugin. -->","yoast_head_json":{"title":"EL PILT VENDI\u00d3 UN LOTE PARA AMPLIACI\u00d3N DE PLANTA INDUSTRIAL - PILT.com.ar","robots":{"index":"index","follow":"follow","max-snippet":"max-snippet:-1","max-image-preview":"max-image-preview:large","max-video-preview":"max-video-preview:-1"},"canonical":"https:\/\/pilt.com.ar\/parque-industrial\/el-pilt-vendio-un-lote-para-ampliacion-de-planta-industrial\/","og_locale":"es_ES","og_type":"article","og_title":"EL PILT VENDI\u00d3 UN LOTE PARA AMPLIACI\u00d3N DE PLANTA INDUSTRIAL - PILT.com.ar","og_description":"La empresa asociada Alpha Qu\u00edmica adquiri\u00f3 un terreno de 5222. Adem\u00e1s, miembros del municipio de La Para estuvieron concurrieron al predio. El Parque Industrial, Log\u00edstico y Tecnol\u00f3gico Villa Mar\u00eda (PILT) recientemente concret\u00f3 la venta de un lote de 5.222 metros cuadrados a la empresa Alpha Qu\u00edmica, que desde hace varios posee su planta industrial en [&hellip;]","og_url":"https:\/\/pilt.com.ar\/parque-industrial\/el-pilt-vendio-un-lote-para-ampliacion-de-planta-industrial\/","og_site_name":"PILT.com.ar","article_published_time":"2022-07-08T15:01:40+00:00","article_modified_time":"2022-07-08T15:01:41+00:00","og_image":[{"width":720,"height":482,"url":"https:\/\/i0.wp.com\/pilt.com.ar\/parque-industrial\/wp-content\/uploads\/2022\/07\/WhatsApp-Image-2022-07-05-at-8.45.45-AM.jpeg?fit=720%2C482&ssl=1","type":"image\/jpeg"}],"author":"PILT","twitter_card":"summary_large_image","twitter_misc":{"Escrito por":"PILT","Tiempo de lectura":"2 minutos"},"schema":{"@context":"https:\/\/schema.org","@graph":[{"@type":"Article","@id":"https:\/\/pilt.com.ar\/parque-industrial\/el-pilt-vendio-un-lote-para-ampliacion-de-planta-industrial\/#article","isPartOf":{"@id":"https:\/\/pilt.com.ar\/parque-industrial\/el-pilt-vendio-un-lote-para-ampliacion-de-planta-industrial\/"},"author":{"name":"PILT","@id":"https:\/\/pilt.com.ar\/parque-industrial\/#\/schema\/person\/2dfb9e2464de1c3deef20c25c30a8306"},"headline":"EL PILT VENDI\u00d3 UN LOTE PARA AMPLIACI\u00d3N DE PLANTA INDUSTRIAL","datePublished":"2022-07-08T15:01:40+00:00","dateModified":"2022-07-08T15:01:41+00:00","mainEntityOfPage":{"@id":"https:\/\/pilt.com.ar\/parque-industrial\/el-pilt-vendio-un-lote-para-ampliacion-de-planta-industrial\/"},"wordCount":283,"commentCount":0,"image":{"@id":"https:\/\/pilt.com.ar\/parque-industrial\/el-pilt-vendio-un-lote-para-ampliacion-de-planta-industrial\/#primaryimage"},"thumbnailUrl":"https:\/\/i0.wp.com\/pilt.com.ar\/parque-industrial\/wp-content\/uploads\/2022\/07\/WhatsApp-Image-2022-07-05-at-8.45.45-AM.jpeg?fit=720%2C482&ssl=1","articleSection":["Noticias"],"inLanguage":"es","potentialAction":[{"@type":"CommentAction","name":"Comment","target":["https:\/\/pilt.com.ar\/parque-industrial\/el-pilt-vendio-un-lote-para-ampliacion-de-planta-industrial\/#respond"]}]},{"@type":"WebPage","@id":"https:\/\/pilt.com.ar\/parque-industrial\/el-pilt-vendio-un-lote-para-ampliacion-de-planta-industrial\/","url":"https:\/\/pilt.com.ar\/parque-industrial\/el-pilt-vendio-un-lote-para-ampliacion-de-planta-industrial\/","name":"EL PILT VENDI\u00d3 UN LOTE PARA AMPLIACI\u00d3N DE PLANTA INDUSTRIAL - PILT.com.ar","isPartOf":{"@id":"https:\/\/pilt.com.ar\/parque-industrial\/#website"},"primaryImageOfPage":{"@id":"https:\/\/pilt.com.ar\/parque-industrial\/el-pilt-vendio-un-lote-para-ampliacion-de-planta-industrial\/#primaryimage"},"image":{"@id":"https:\/\/pilt.com.ar\/parque-industrial\/el-pilt-vendio-un-lote-para-ampliacion-de-planta-industrial\/#primaryimage"},"thumbnailUrl":"https:\/\/i0.wp.com\/pilt.com.ar\/parque-industrial\/wp-content\/uploads\/2022\/07\/WhatsApp-Image-2022-07-05-at-8.45.45-AM.jpeg?fit=720%2C482&ssl=1","datePublished":"2022-07-08T15:01:40+00:00","dateModified":"2022-07-08T15:01:41+00:00","author":{"@id":"https:\/\/pilt.com.ar\/parque-industrial\/#\/schema\/person\/2dfb9e2464de1c3deef20c25c30a8306"},"inLanguage":"es","potentialAction":[{"@type":"ReadAction","target":["https:\/\/pilt.com.ar\/parque-industrial\/el-pilt-vendio-un-lote-para-ampliacion-de-planta-industrial\/"]}]},{"@type":"ImageObject","inLanguage":"es","@id":"https:\/\/pilt.com.ar\/parque-industrial\/el-pilt-vendio-un-lote-para-ampliacion-de-planta-industrial\/#primaryimage","url":"https:\/\/i0.wp.com\/pilt.com.ar\/parque-industrial\/wp-content\/uploads\/2022\/07\/WhatsApp-Image-2022-07-05-at-8.45.45-AM.jpeg?fit=720%2C482&ssl=1","contentUrl":"https:\/\/i0.wp.com\/pilt.com.ar\/parque-industrial\/wp-content\/uploads\/2022\/07\/WhatsApp-Image-2022-07-05-at-8.45.45-AM.jpeg?fit=720%2C482&ssl=1","width":720,"height":482},{"@type":"WebSite","@id":"https:\/\/pilt.com.ar\/parque-industrial\/#website","url":"https:\/\/pilt.com.ar\/parque-industrial\/","name":"PILT.com.ar","description":"Parque Industrial, Log\u00edstico y Tecnol\u00f3gico Villa Mar\u00eda","potentialAction":[{"@type":"SearchAction","target":{"@type":"EntryPoint","urlTemplate":"https:\/\/pilt.com.ar\/parque-industrial\/?s={search_term_string}"},"query-input":{"@type":"PropertyValueSpecification","valueRequired":true,"valueName":"search_term_string"}}],"inLanguage":"es"},{"@type":"Person","@id":"https:\/\/pilt.com.ar\/parque-industrial\/#\/schema\/person\/2dfb9e2464de1c3deef20c25c30a8306","name":"PILT","image":{"@type":"ImageObject","inLanguage":"es","@id":"https:\/\/secure.gravatar.com\/avatar\/5e3734c8d8c8e0b0d45f923c14a14d7b90521d573d02f0d91360a777095ee42b?s=96&d=mm&r=g","url":"https:\/\/secure.gravatar.com\/avatar\/5e3734c8d8c8e0b0d45f923c14a14d7b90521d573d02f0d91360a777095ee42b?s=96&d=mm&r=g","contentUrl":"https:\/\/secure.gravatar.com\/avatar\/5e3734c8d8c8e0b0d45f923c14a14d7b90521d573d02f0d91360a777095ee42b?s=96&d=mm&r=g","caption":"PILT"},"url":"https:\/\/pilt.com.ar\/parque-industrial\/author\/pilt\/"}]}},"jetpack_featured_media_url":"https:\/\/i0.wp.com\/pilt.com.ar\/parque-industrial\/wp-content\/uploads\/2022\/07\/WhatsApp-Image-2022-07-05-at-8.45.45-AM.jpeg?fit=720%2C482&ssl=1","jetpack_sharing_enabled":true,"_links":{"self":[{"href":"https:\/\/pilt.com.ar\/parque-industrial\/wp-json\/wp\/v2\/posts\/2441","targetHints":{"allow":["GET"]}}],"collection":[{"href":"https:\/\/pilt.com.ar\/parque-industrial\/wp-json\/wp\/v2\/posts"}],"about":[{"href":"https:\/\/pilt.com.ar\/parque-industrial\/wp-json\/wp\/v2\/types\/post"}],"author":[{"embeddable":true,"href":"https:\/\/pilt.com.ar\/parque-industrial\/wp-json\/wp\/v2\/users\/3"}],"replies":[{"embeddable":true,"href":"https:\/\/pilt.com.ar\/parque-industrial\/wp-json\/wp\/v2\/comments?post=2441"}],"version-history":[{"count":1,"href":"https:\/\/pilt.com.ar\/parque-industrial\/wp-json\/wp\/v2\/posts\/2441\/revisions"}],"predecessor-version":[{"id":2443,"href":"https:\/\/pilt.com.ar\/parque-industrial\/wp-json\/wp\/v2\/posts\/2441\/revisions\/2443"}],"wp:featuredmedia":[{"embeddable":true,"href":"https:\/\/pilt.com.ar\/parque-industrial\/wp-json\/wp\/v2\/media\/2442"}],"wp:attachment":[{"href":"https:\/\/pilt.com.ar\/parque-industrial\/wp-json\/wp\/v2\/media?parent=2441"}],"wp:term":[{"taxonomy":"category","embeddable":true,"href":"https:\/\/pilt.com.ar\/parque-industrial\/wp-json\/wp\/v2\/categories?post=2441"},{"taxonomy":"post_tag","embeddable":true,"href":"https:\/\/pilt.com.ar\/parque-industrial\/wp-json\/wp\/v2\/tags?post=2441"}],"curies":[{"name":"wp","href":"https:\/\/api.w.org\/{rel}","templated":true}]}}