{"id":2437,"date":"2022-07-01T10:33:42","date_gmt":"2022-07-01T13:33:42","guid":{"rendered":"https:\/\/pilt.com.ar\/parque-industrial\/?p=2437"},"modified":"2022-07-01T10:33:42","modified_gmt":"2022-07-01T13:33:42","slug":"el-gerente-del-pilt-participo-de-encuentro-para-pymes","status":"publish","type":"post","link":"https:\/\/pilt.com.ar\/parque-industrial\/el-gerente-del-pilt-participo-de-encuentro-para-pymes\/","title":{"rendered":"EL GERENTE DEL PILT PARTICIP\u00d3 DE ENCUENTRO PARA PYMES"},"content":{"rendered":"\n<p class=\"has-text-align-center\"><strong><em>En el evento, que se desarroll\u00f3 en la ciudad de C\u00f3rdoba, se abordaron distintas problem\u00e1ticas del sector. El cierre cont\u00f3 con la presencia del gobernador Juan Schiaretti.<\/em><\/strong><\/p>\n\n\n\n<p class=\"has-text-align-justify\">El gerente del Parque Industrial, Log\u00edstico y Tecnol\u00f3gico Villa Mar\u00eda (PILT), Carlos Montoto Galiano, particip\u00f3 del Encuentro Nacional Pyme en C\u00f3rdoba, organizado por la C\u00e1mara Argentina de la Mediana Empresa (CAME) y la Federaci\u00f3n Comercial de C\u00f3rdoba (Fedecom), entidad presidida por el villamariense Ezequiel Cerezo, en representaci\u00f3n de AERCA. Sobre el cierre del evento concurri\u00f3 el gobernador Juan Schiaretti.<\/p>\n\n\n\n<p class=\"has-text-align-justify\">En la oportunidad, el directivo estuvo presente en el espacio dedicado a los establecimientos industriales, en donde autoridades del Ministerio de Industria, Comercio y Miner\u00eda de la Provincia explicaron la pol\u00edtica que llevan adelante para el sector. Tambi\u00e9n formaron parte representantes de la Federaci\u00f3n Argentina de Parque Industriales (FAPI).<\/p>\n\n\n\n<p class=\"has-text-align-justify\">Por otra parte, el gerente del PILT, junto al secretario de Industria, Fernando Sibilla, y un grupo de empresarios de CAME, visit\u00f3 la planta industrial de la empresa Tapi, que dise\u00f1a cierres para bebidas de segmentos premium.<\/p>\n\n\n\n<p class=\"has-text-align-justify\">Vale decir que en el encuentro se debatieron diversas tem\u00e1ticas vinculadas a las pymes, como econom\u00edas regionales, financiamiento; comercio exterior; fronteras e ilegalidad; turismo; cultura; tributos; juventud y empresa; capacitaci\u00f3n; comercio y servicios, responsabilidad sociales empresaria y tambi\u00e9n se realiz\u00f3 un Encuentro Regional de Mujeres Empresarias.<\/p>\n","protected":false},"excerpt":{"rendered":"<p>En el evento, que se desarroll\u00f3 en la ciudad de C\u00f3rdoba, se abordaron distintas problem\u00e1ticas del sector. El cierre cont\u00f3 con la presencia del gobernador Juan Schiaretti. El gerente del Parque Industrial, Log\u00edstico y Tecnol\u00f3gico Villa Mar\u00eda (PILT), Carlos Montoto Galiano, particip\u00f3 del Encuentro Nacional Pyme en C\u00f3rdoba, organizado por la C\u00e1mara Argentina de la [&hellip;]<\/p>\n","protected":false},"author":3,"featured_media":2438,"comment_status":"open","ping_status":"open","sticky":false,"template":"","format":"standard","meta":{"_jetpack_memberships_contains_paid_content":false,"footnotes":""},"categories":[2],"tags":[],"class_list":["post-2437","post","type-post","status-publish","format-standard","has-post-thumbnail","hentry","category-noticias"],"yoast_head":"<!-- This site is optimized with the Yoast SEO plugin v27.5 - https:\/\/yoast.com\/product\/yoast-seo-wordpress\/ -->\n<title>EL GERENTE DEL PILT PARTICIP\u00d3 DE ENCUENTRO PARA PYMES - PILT.com.ar<\/title>\n<meta name=\"robots\" content=\"index, follow, max-snippet:-1, max-image-preview:large, max-video-preview:-1\" \/>\n<link rel=\"canonical\" href=\"https:\/\/pilt.com.ar\/parque-industrial\/el-gerente-del-pilt-participo-de-encuentro-para-pymes\/\" \/>\n<meta property=\"og:locale\" content=\"es_ES\" \/>\n<meta property=\"og:type\" content=\"article\" \/>\n<meta property=\"og:title\" content=\"EL GERENTE DEL PILT PARTICIP\u00d3 DE ENCUENTRO PARA PYMES - PILT.com.ar\" \/>\n<meta property=\"og:description\" content=\"En el evento, que se desarroll\u00f3 en la ciudad de C\u00f3rdoba, se abordaron distintas problem\u00e1ticas del sector. El cierre cont\u00f3 con la presencia del gobernador Juan Schiaretti. El gerente del Parque Industrial, Log\u00edstico y Tecnol\u00f3gico Villa Mar\u00eda (PILT), Carlos Montoto Galiano, particip\u00f3 del Encuentro Nacional Pyme en C\u00f3rdoba, organizado por la C\u00e1mara Argentina de la [&hellip;]\" \/>\n<meta property=\"og:url\" content=\"https:\/\/pilt.com.ar\/parque-industrial\/el-gerente-del-pilt-participo-de-encuentro-para-pymes\/\" \/>\n<meta property=\"og:site_name\" content=\"PILT.com.ar\" \/>\n<meta property=\"article:published_time\" content=\"2022-07-01T13:33:42+00:00\" \/>\n<meta property=\"og:image\" content=\"https:\/\/i0.wp.com\/pilt.com.ar\/parque-industrial\/wp-content\/uploads\/2022\/07\/Reunion-Came.jpg?fit=809%2C531&ssl=1\" \/>\n\t<meta property=\"og:image:width\" content=\"809\" \/>\n\t<meta property=\"og:image:height\" content=\"531\" \/>\n\t<meta property=\"og:image:type\" content=\"image\/jpeg\" \/>\n<meta name=\"author\" content=\"PILT\" \/>\n<meta name=\"twitter:card\" content=\"summary_large_image\" \/>\n<meta name=\"twitter:label1\" content=\"Escrito por\" \/>\n\t<meta name=\"twitter:data1\" content=\"PILT\" \/>\n\t<meta name=\"twitter:label2\" content=\"Tiempo de lectura\" \/>\n\t<meta name=\"twitter:data2\" content=\"1 minuto\" \/>\n<script type=\"application\/ld+json\" class=\"yoast-schema-graph\">{\"@context\":\"https:\\\/\\\/schema.org\",\"@graph\":[{\"@type\":\"Article\",\"@id\":\"https:\\\/\\\/pilt.com.ar\\\/parque-industrial\\\/el-gerente-del-pilt-participo-de-encuentro-para-pymes\\\/#article\",\"isPartOf\":{\"@id\":\"https:\\\/\\\/pilt.com.ar\\\/parque-industrial\\\/el-gerente-del-pilt-participo-de-encuentro-para-pymes\\\/\"},\"author\":{\"name\":\"PILT\",\"@id\":\"https:\\\/\\\/pilt.com.ar\\\/parque-industrial\\\/#\\\/schema\\\/person\\\/2dfb9e2464de1c3deef20c25c30a8306\"},\"headline\":\"EL GERENTE DEL PILT PARTICIP\u00d3 DE ENCUENTRO PARA PYMES\",\"datePublished\":\"2022-07-01T13:33:42+00:00\",\"mainEntityOfPage\":{\"@id\":\"https:\\\/\\\/pilt.com.ar\\\/parque-industrial\\\/el-gerente-del-pilt-participo-de-encuentro-para-pymes\\\/\"},\"wordCount\":246,\"commentCount\":0,\"image\":{\"@id\":\"https:\\\/\\\/pilt.com.ar\\\/parque-industrial\\\/el-gerente-del-pilt-participo-de-encuentro-para-pymes\\\/#primaryimage\"},\"thumbnailUrl\":\"https:\\\/\\\/i0.wp.com\\\/pilt.com.ar\\\/parque-industrial\\\/wp-content\\\/uploads\\\/2022\\\/07\\\/Reunion-Came.jpg?fit=809%2C531&ssl=1\",\"articleSection\":[\"Noticias\"],\"inLanguage\":\"es\",\"potentialAction\":[{\"@type\":\"CommentAction\",\"name\":\"Comment\",\"target\":[\"https:\\\/\\\/pilt.com.ar\\\/parque-industrial\\\/el-gerente-del-pilt-participo-de-encuentro-para-pymes\\\/#respond\"]}]},{\"@type\":\"WebPage\",\"@id\":\"https:\\\/\\\/pilt.com.ar\\\/parque-industrial\\\/el-gerente-del-pilt-participo-de-encuentro-para-pymes\\\/\",\"url\":\"https:\\\/\\\/pilt.com.ar\\\/parque-industrial\\\/el-gerente-del-pilt-participo-de-encuentro-para-pymes\\\/\",\"name\":\"EL GERENTE DEL PILT PARTICIP\u00d3 DE ENCUENTRO PARA PYMES - PILT.com.ar\",\"isPartOf\":{\"@id\":\"https:\\\/\\\/pilt.com.ar\\\/parque-industrial\\\/#website\"},\"primaryImageOfPage\":{\"@id\":\"https:\\\/\\\/pilt.com.ar\\\/parque-industrial\\\/el-gerente-del-pilt-participo-de-encuentro-para-pymes\\\/#primaryimage\"},\"image\":{\"@id\":\"https:\\\/\\\/pilt.com.ar\\\/parque-industrial\\\/el-gerente-del-pilt-participo-de-encuentro-para-pymes\\\/#primaryimage\"},\"thumbnailUrl\":\"https:\\\/\\\/i0.wp.com\\\/pilt.com.ar\\\/parque-industrial\\\/wp-content\\\/uploads\\\/2022\\\/07\\\/Reunion-Came.jpg?fit=809%2C531&ssl=1\",\"datePublished\":\"2022-07-01T13:33:42+00:00\",\"author\":{\"@id\":\"https:\\\/\\\/pilt.com.ar\\\/parque-industrial\\\/#\\\/schema\\\/person\\\/2dfb9e2464de1c3deef20c25c30a8306\"},\"inLanguage\":\"es\",\"potentialAction\":[{\"@type\":\"ReadAction\",\"target\":[\"https:\\\/\\\/pilt.com.ar\\\/parque-industrial\\\/el-gerente-del-pilt-participo-de-encuentro-para-pymes\\\/\"]}]},{\"@type\":\"ImageObject\",\"inLanguage\":\"es\",\"@id\":\"https:\\\/\\\/pilt.com.ar\\\/parque-industrial\\\/el-gerente-del-pilt-participo-de-encuentro-para-pymes\\\/#primaryimage\",\"url\":\"https:\\\/\\\/i0.wp.com\\\/pilt.com.ar\\\/parque-industrial\\\/wp-content\\\/uploads\\\/2022\\\/07\\\/Reunion-Came.jpg?fit=809%2C531&ssl=1\",\"contentUrl\":\"https:\\\/\\\/i0.wp.com\\\/pilt.com.ar\\\/parque-industrial\\\/wp-content\\\/uploads\\\/2022\\\/07\\\/Reunion-Came.jpg?fit=809%2C531&ssl=1\",\"width\":809,\"height\":531},{\"@type\":\"WebSite\",\"@id\":\"https:\\\/\\\/pilt.com.ar\\\/parque-industrial\\\/#website\",\"url\":\"https:\\\/\\\/pilt.com.ar\\\/parque-industrial\\\/\",\"name\":\"PILT.com.ar\",\"description\":\"Parque Industrial, Log\u00edstico y Tecnol\u00f3gico Villa Mar\u00eda\",\"potentialAction\":[{\"@type\":\"SearchAction\",\"target\":{\"@type\":\"EntryPoint\",\"urlTemplate\":\"https:\\\/\\\/pilt.com.ar\\\/parque-industrial\\\/?s={search_term_string}\"},\"query-input\":{\"@type\":\"PropertyValueSpecification\",\"valueRequired\":true,\"valueName\":\"search_term_string\"}}],\"inLanguage\":\"es\"},{\"@type\":\"Person\",\"@id\":\"https:\\\/\\\/pilt.com.ar\\\/parque-industrial\\\/#\\\/schema\\\/person\\\/2dfb9e2464de1c3deef20c25c30a8306\",\"name\":\"PILT\",\"image\":{\"@type\":\"ImageObject\",\"inLanguage\":\"es\",\"@id\":\"https:\\\/\\\/secure.gravatar.com\\\/avatar\\\/5e3734c8d8c8e0b0d45f923c14a14d7b90521d573d02f0d91360a777095ee42b?s=96&d=mm&r=g\",\"url\":\"https:\\\/\\\/secure.gravatar.com\\\/avatar\\\/5e3734c8d8c8e0b0d45f923c14a14d7b90521d573d02f0d91360a777095ee42b?s=96&d=mm&r=g\",\"contentUrl\":\"https:\\\/\\\/secure.gravatar.com\\\/avatar\\\/5e3734c8d8c8e0b0d45f923c14a14d7b90521d573d02f0d91360a777095ee42b?s=96&d=mm&r=g\",\"caption\":\"PILT\"},\"url\":\"https:\\\/\\\/pilt.com.ar\\\/parque-industrial\\\/author\\\/pilt\\\/\"}]}<\/script>\n<!-- \/ Yoast SEO plugin. -->","yoast_head_json":{"title":"EL GERENTE DEL PILT PARTICIP\u00d3 DE ENCUENTRO PARA PYMES - PILT.com.ar","robots":{"index":"index","follow":"follow","max-snippet":"max-snippet:-1","max-image-preview":"max-image-preview:large","max-video-preview":"max-video-preview:-1"},"canonical":"https:\/\/pilt.com.ar\/parque-industrial\/el-gerente-del-pilt-participo-de-encuentro-para-pymes\/","og_locale":"es_ES","og_type":"article","og_title":"EL GERENTE DEL PILT PARTICIP\u00d3 DE ENCUENTRO PARA PYMES - PILT.com.ar","og_description":"En el evento, que se desarroll\u00f3 en la ciudad de C\u00f3rdoba, se abordaron distintas problem\u00e1ticas del sector. El cierre cont\u00f3 con la presencia del gobernador Juan Schiaretti. El gerente del Parque Industrial, Log\u00edstico y Tecnol\u00f3gico Villa Mar\u00eda (PILT), Carlos Montoto Galiano, particip\u00f3 del Encuentro Nacional Pyme en C\u00f3rdoba, organizado por la C\u00e1mara Argentina de la [&hellip;]","og_url":"https:\/\/pilt.com.ar\/parque-industrial\/el-gerente-del-pilt-participo-de-encuentro-para-pymes\/","og_site_name":"PILT.com.ar","article_published_time":"2022-07-01T13:33:42+00:00","og_image":[{"width":809,"height":531,"url":"https:\/\/i0.wp.com\/pilt.com.ar\/parque-industrial\/wp-content\/uploads\/2022\/07\/Reunion-Came.jpg?fit=809%2C531&ssl=1","type":"image\/jpeg"}],"author":"PILT","twitter_card":"summary_large_image","twitter_misc":{"Escrito por":"PILT","Tiempo de lectura":"1 minuto"},"schema":{"@context":"https:\/\/schema.org","@graph":[{"@type":"Article","@id":"https:\/\/pilt.com.ar\/parque-industrial\/el-gerente-del-pilt-participo-de-encuentro-para-pymes\/#article","isPartOf":{"@id":"https:\/\/pilt.com.ar\/parque-industrial\/el-gerente-del-pilt-participo-de-encuentro-para-pymes\/"},"author":{"name":"PILT","@id":"https:\/\/pilt.com.ar\/parque-industrial\/#\/schema\/person\/2dfb9e2464de1c3deef20c25c30a8306"},"headline":"EL GERENTE DEL PILT PARTICIP\u00d3 DE ENCUENTRO PARA PYMES","datePublished":"2022-07-01T13:33:42+00:00","mainEntityOfPage":{"@id":"https:\/\/pilt.com.ar\/parque-industrial\/el-gerente-del-pilt-participo-de-encuentro-para-pymes\/"},"wordCount":246,"commentCount":0,"image":{"@id":"https:\/\/pilt.com.ar\/parque-industrial\/el-gerente-del-pilt-participo-de-encuentro-para-pymes\/#primaryimage"},"thumbnailUrl":"https:\/\/i0.wp.com\/pilt.com.ar\/parque-industrial\/wp-content\/uploads\/2022\/07\/Reunion-Came.jpg?fit=809%2C531&ssl=1","articleSection":["Noticias"],"inLanguage":"es","potentialAction":[{"@type":"CommentAction","name":"Comment","target":["https:\/\/pilt.com.ar\/parque-industrial\/el-gerente-del-pilt-participo-de-encuentro-para-pymes\/#respond"]}]},{"@type":"WebPage","@id":"https:\/\/pilt.com.ar\/parque-industrial\/el-gerente-del-pilt-participo-de-encuentro-para-pymes\/","url":"https:\/\/pilt.com.ar\/parque-industrial\/el-gerente-del-pilt-participo-de-encuentro-para-pymes\/","name":"EL GERENTE DEL PILT PARTICIP\u00d3 DE ENCUENTRO PARA PYMES - PILT.com.ar","isPartOf":{"@id":"https:\/\/pilt.com.ar\/parque-industrial\/#website"},"primaryImageOfPage":{"@id":"https:\/\/pilt.com.ar\/parque-industrial\/el-gerente-del-pilt-participo-de-encuentro-para-pymes\/#primaryimage"},"image":{"@id":"https:\/\/pilt.com.ar\/parque-industrial\/el-gerente-del-pilt-participo-de-encuentro-para-pymes\/#primaryimage"},"thumbnailUrl":"https:\/\/i0.wp.com\/pilt.com.ar\/parque-industrial\/wp-content\/uploads\/2022\/07\/Reunion-Came.jpg?fit=809%2C531&ssl=1","datePublished":"2022-07-01T13:33:42+00:00","author":{"@id":"https:\/\/pilt.com.ar\/parque-industrial\/#\/schema\/person\/2dfb9e2464de1c3deef20c25c30a8306"},"inLanguage":"es","potentialAction":[{"@type":"ReadAction","target":["https:\/\/pilt.com.ar\/parque-industrial\/el-gerente-del-pilt-participo-de-encuentro-para-pymes\/"]}]},{"@type":"ImageObject","inLanguage":"es","@id":"https:\/\/pilt.com.ar\/parque-industrial\/el-gerente-del-pilt-participo-de-encuentro-para-pymes\/#primaryimage","url":"https:\/\/i0.wp.com\/pilt.com.ar\/parque-industrial\/wp-content\/uploads\/2022\/07\/Reunion-Came.jpg?fit=809%2C531&ssl=1","contentUrl":"https:\/\/i0.wp.com\/pilt.com.ar\/parque-industrial\/wp-content\/uploads\/2022\/07\/Reunion-Came.jpg?fit=809%2C531&ssl=1","width":809,"height":531},{"@type":"WebSite","@id":"https:\/\/pilt.com.ar\/parque-industrial\/#website","url":"https:\/\/pilt.com.ar\/parque-industrial\/","name":"PILT.com.ar","description":"Parque Industrial, Log\u00edstico y Tecnol\u00f3gico Villa Mar\u00eda","potentialAction":[{"@type":"SearchAction","target":{"@type":"EntryPoint","urlTemplate":"https:\/\/pilt.com.ar\/parque-industrial\/?s={search_term_string}"},"query-input":{"@type":"PropertyValueSpecification","valueRequired":true,"valueName":"search_term_string"}}],"inLanguage":"es"},{"@type":"Person","@id":"https:\/\/pilt.com.ar\/parque-industrial\/#\/schema\/person\/2dfb9e2464de1c3deef20c25c30a8306","name":"PILT","image":{"@type":"ImageObject","inLanguage":"es","@id":"https:\/\/secure.gravatar.com\/avatar\/5e3734c8d8c8e0b0d45f923c14a14d7b90521d573d02f0d91360a777095ee42b?s=96&d=mm&r=g","url":"https:\/\/secure.gravatar.com\/avatar\/5e3734c8d8c8e0b0d45f923c14a14d7b90521d573d02f0d91360a777095ee42b?s=96&d=mm&r=g","contentUrl":"https:\/\/secure.gravatar.com\/avatar\/5e3734c8d8c8e0b0d45f923c14a14d7b90521d573d02f0d91360a777095ee42b?s=96&d=mm&r=g","caption":"PILT"},"url":"https:\/\/pilt.com.ar\/parque-industrial\/author\/pilt\/"}]}},"jetpack_featured_media_url":"https:\/\/i0.wp.com\/pilt.com.ar\/parque-industrial\/wp-content\/uploads\/2022\/07\/Reunion-Came.jpg?fit=809%2C531&ssl=1","jetpack_sharing_enabled":true,"_links":{"self":[{"href":"https:\/\/pilt.com.ar\/parque-industrial\/wp-json\/wp\/v2\/posts\/2437","targetHints":{"allow":["GET"]}}],"collection":[{"href":"https:\/\/pilt.com.ar\/parque-industrial\/wp-json\/wp\/v2\/posts"}],"about":[{"href":"https:\/\/pilt.com.ar\/parque-industrial\/wp-json\/wp\/v2\/types\/post"}],"author":[{"embeddable":true,"href":"https:\/\/pilt.com.ar\/parque-industrial\/wp-json\/wp\/v2\/users\/3"}],"replies":[{"embeddable":true,"href":"https:\/\/pilt.com.ar\/parque-industrial\/wp-json\/wp\/v2\/comments?post=2437"}],"version-history":[{"count":1,"href":"https:\/\/pilt.com.ar\/parque-industrial\/wp-json\/wp\/v2\/posts\/2437\/revisions"}],"predecessor-version":[{"id":2439,"href":"https:\/\/pilt.com.ar\/parque-industrial\/wp-json\/wp\/v2\/posts\/2437\/revisions\/2439"}],"wp:featuredmedia":[{"embeddable":true,"href":"https:\/\/pilt.com.ar\/parque-industrial\/wp-json\/wp\/v2\/media\/2438"}],"wp:attachment":[{"href":"https:\/\/pilt.com.ar\/parque-industrial\/wp-json\/wp\/v2\/media?parent=2437"}],"wp:term":[{"taxonomy":"category","embeddable":true,"href":"https:\/\/pilt.com.ar\/parque-industrial\/wp-json\/wp\/v2\/categories?post=2437"},{"taxonomy":"post_tag","embeddable":true,"href":"https:\/\/pilt.com.ar\/parque-industrial\/wp-json\/wp\/v2\/tags?post=2437"}],"curies":[{"name":"wp","href":"https:\/\/api.w.org\/{rel}","templated":true}]}}