{"id":2246,"date":"2022-06-18T18:55:44","date_gmt":"2022-06-18T21:55:44","guid":{"rendered":"https:\/\/pilt.com.ar\/parque-industrial\/?p=2246"},"modified":"2022-06-20T21:59:54","modified_gmt":"2022-06-21T00:59:54","slug":"dyfma-ingenieria","status":"publish","type":"post","link":"https:\/\/pilt.com.ar\/parque-industrial\/dyfma-ingenieria\/","title":{"rendered":"DyFma Ingenier\u00eda"},"content":{"rendered":"\n<p><strong>Emprendedores:<\/strong><br>Primo, Marcelo<br>D\u00edaz, Franco<\/p>\n\n\n\n<p><strong>Descripci\u00f3n de la actividad:<\/strong><\/p>\n\n\n\n<p>Dyfma ingenier\u00eda es una empresa dedicada al dise\u00f1o y fabricaci\u00f3n de maquinaria para la cosecha y post cosecha de frutos secos (nuez de castilla, nuez pecan, avellana y almendras).<br>En estos \u00faltimos a\u00f1os nos hemos dedicado a especializarnos en la fabricaci\u00f3n de maquinaria para el proceso de pelado de estos frutos con la intenci\u00f3n de posicionarnos como l\u00edderes en el \u00e1rea.<\/p>\n\n\n\n<div style=\"height:10px\" aria-hidden=\"true\" class=\"wp-block-spacer\"><\/div>\n\n\n\n<ul class=\"wp-block-list\"><li>Remecedor de eslinga<\/li><li>Shaker<\/li><li>Paragua invertido<\/li><li>Partidora de nuez\/Nut Cracker<\/li><li>Cribadoras de nuez\/In-nut Sizer<\/li><li>Partidora de Almendra\/ Almond Cracker<\/li><li>Separadora de cascara\/Sheller<\/li><li>Elevadores con tolva<\/li><li>Zaranda cribadora\/Nut-meat Sizer<\/li><\/ul>\n\n\n\n<div style=\"height:30px\" aria-hidden=\"true\" class=\"wp-block-spacer\"><\/div>\n\n\n\n<p><strong>Datos de contacto:<\/strong><br>+54 9 3534 11-8602<\/p>\n","protected":false},"excerpt":{"rendered":"<p>Emprendedores:Primo, MarceloD\u00edaz, Franco Descripci\u00f3n de la actividad: Dyfma ingenier\u00eda es una empresa dedicada al dise\u00f1o y fabricaci\u00f3n de maquinaria para la cosecha y post cosecha de frutos secos (nuez de castilla, nuez pecan, avellana y almendras).En estos \u00faltimos a\u00f1os nos hemos dedicado a especializarnos en la fabricaci\u00f3n de maquinaria para el proceso de pelado de [&hellip;]<\/p>\n","protected":false},"author":2,"featured_media":2406,"comment_status":"open","ping_status":"open","sticky":false,"template":"","format":"standard","meta":{"_jetpack_memberships_contains_paid_content":false,"footnotes":""},"categories":[14],"tags":[],"class_list":["post-2246","post","type-post","status-publish","format-standard","has-post-thumbnail","hentry","category-emprendedores"],"yoast_head":"<!-- This site is optimized with the Yoast SEO plugin v27.4 - https:\/\/yoast.com\/product\/yoast-seo-wordpress\/ -->\n<title>DyFma Ingenier\u00eda - PILT.com.ar<\/title>\n<meta name=\"robots\" content=\"index, follow, max-snippet:-1, max-image-preview:large, max-video-preview:-1\" \/>\n<link rel=\"canonical\" href=\"https:\/\/pilt.com.ar\/parque-industrial\/dyfma-ingenieria\/\" \/>\n<meta property=\"og:locale\" content=\"es_ES\" \/>\n<meta property=\"og:type\" content=\"article\" \/>\n<meta property=\"og:title\" content=\"DyFma Ingenier\u00eda - PILT.com.ar\" \/>\n<meta property=\"og:description\" content=\"Emprendedores:Primo, MarceloD\u00edaz, Franco Descripci\u00f3n de la actividad: Dyfma ingenier\u00eda es una empresa dedicada al dise\u00f1o y fabricaci\u00f3n de maquinaria para la cosecha y post cosecha de frutos secos (nuez de castilla, nuez pecan, avellana y almendras).En estos \u00faltimos a\u00f1os nos hemos dedicado a especializarnos en la fabricaci\u00f3n de maquinaria para el proceso de pelado de [&hellip;]\" \/>\n<meta property=\"og:url\" content=\"https:\/\/pilt.com.ar\/parque-industrial\/dyfma-ingenieria\/\" \/>\n<meta property=\"og:site_name\" content=\"PILT.com.ar\" \/>\n<meta property=\"article:published_time\" content=\"2022-06-18T21:55:44+00:00\" \/>\n<meta property=\"article:modified_time\" content=\"2022-06-21T00:59:54+00:00\" \/>\n<meta property=\"og:image\" content=\"https:\/\/i0.wp.com\/pilt.com.ar\/parque-industrial\/wp-content\/uploads\/2022\/06\/WhatsApp-Image-2022-05-19-at-9.10.58-AM-e1655773125175.jpeg?fit=283%2C364&ssl=1\" \/>\n\t<meta property=\"og:image:width\" content=\"283\" \/>\n\t<meta property=\"og:image:height\" content=\"364\" \/>\n\t<meta property=\"og:image:type\" content=\"image\/jpeg\" \/>\n<meta name=\"author\" content=\"c1500217\" \/>\n<meta name=\"twitter:card\" content=\"summary_large_image\" \/>\n<meta name=\"twitter:label1\" content=\"Escrito por\" \/>\n\t<meta name=\"twitter:data1\" content=\"c1500217\" \/>\n\t<meta name=\"twitter:label2\" content=\"Tiempo de lectura\" \/>\n\t<meta name=\"twitter:data2\" content=\"1 minuto\" \/>\n<script type=\"application\/ld+json\" class=\"yoast-schema-graph\">{\"@context\":\"https:\\\/\\\/schema.org\",\"@graph\":[{\"@type\":\"Article\",\"@id\":\"https:\\\/\\\/pilt.com.ar\\\/parque-industrial\\\/dyfma-ingenieria\\\/#article\",\"isPartOf\":{\"@id\":\"https:\\\/\\\/pilt.com.ar\\\/parque-industrial\\\/dyfma-ingenieria\\\/\"},\"author\":{\"name\":\"c1500217\",\"@id\":\"https:\\\/\\\/pilt.com.ar\\\/parque-industrial\\\/#\\\/schema\\\/person\\\/f8fd84c54e5cb707634e6516127221e5\"},\"headline\":\"DyFma Ingenier\u00eda\",\"datePublished\":\"2022-06-18T21:55:44+00:00\",\"dateModified\":\"2022-06-21T00:59:54+00:00\",\"mainEntityOfPage\":{\"@id\":\"https:\\\/\\\/pilt.com.ar\\\/parque-industrial\\\/dyfma-ingenieria\\\/\"},\"wordCount\":117,\"commentCount\":0,\"image\":{\"@id\":\"https:\\\/\\\/pilt.com.ar\\\/parque-industrial\\\/dyfma-ingenieria\\\/#primaryimage\"},\"thumbnailUrl\":\"https:\\\/\\\/i0.wp.com\\\/pilt.com.ar\\\/parque-industrial\\\/wp-content\\\/uploads\\\/2022\\\/06\\\/WhatsApp-Image-2022-05-19-at-9.10.58-AM-e1655773125175.jpeg?fit=283%2C364&ssl=1\",\"articleSection\":[\"Emprendedores\"],\"inLanguage\":\"es\",\"potentialAction\":[{\"@type\":\"CommentAction\",\"name\":\"Comment\",\"target\":[\"https:\\\/\\\/pilt.com.ar\\\/parque-industrial\\\/dyfma-ingenieria\\\/#respond\"]}]},{\"@type\":\"WebPage\",\"@id\":\"https:\\\/\\\/pilt.com.ar\\\/parque-industrial\\\/dyfma-ingenieria\\\/\",\"url\":\"https:\\\/\\\/pilt.com.ar\\\/parque-industrial\\\/dyfma-ingenieria\\\/\",\"name\":\"DyFma Ingenier\u00eda - PILT.com.ar\",\"isPartOf\":{\"@id\":\"https:\\\/\\\/pilt.com.ar\\\/parque-industrial\\\/#website\"},\"primaryImageOfPage\":{\"@id\":\"https:\\\/\\\/pilt.com.ar\\\/parque-industrial\\\/dyfma-ingenieria\\\/#primaryimage\"},\"image\":{\"@id\":\"https:\\\/\\\/pilt.com.ar\\\/parque-industrial\\\/dyfma-ingenieria\\\/#primaryimage\"},\"thumbnailUrl\":\"https:\\\/\\\/i0.wp.com\\\/pilt.com.ar\\\/parque-industrial\\\/wp-content\\\/uploads\\\/2022\\\/06\\\/WhatsApp-Image-2022-05-19-at-9.10.58-AM-e1655773125175.jpeg?fit=283%2C364&ssl=1\",\"datePublished\":\"2022-06-18T21:55:44+00:00\",\"dateModified\":\"2022-06-21T00:59:54+00:00\",\"author\":{\"@id\":\"https:\\\/\\\/pilt.com.ar\\\/parque-industrial\\\/#\\\/schema\\\/person\\\/f8fd84c54e5cb707634e6516127221e5\"},\"inLanguage\":\"es\",\"potentialAction\":[{\"@type\":\"ReadAction\",\"target\":[\"https:\\\/\\\/pilt.com.ar\\\/parque-industrial\\\/dyfma-ingenieria\\\/\"]}]},{\"@type\":\"ImageObject\",\"inLanguage\":\"es\",\"@id\":\"https:\\\/\\\/pilt.com.ar\\\/parque-industrial\\\/dyfma-ingenieria\\\/#primaryimage\",\"url\":\"https:\\\/\\\/i0.wp.com\\\/pilt.com.ar\\\/parque-industrial\\\/wp-content\\\/uploads\\\/2022\\\/06\\\/WhatsApp-Image-2022-05-19-at-9.10.58-AM-e1655773125175.jpeg?fit=283%2C364&ssl=1\",\"contentUrl\":\"https:\\\/\\\/i0.wp.com\\\/pilt.com.ar\\\/parque-industrial\\\/wp-content\\\/uploads\\\/2022\\\/06\\\/WhatsApp-Image-2022-05-19-at-9.10.58-AM-e1655773125175.jpeg?fit=283%2C364&ssl=1\",\"width\":283,\"height\":364},{\"@type\":\"WebSite\",\"@id\":\"https:\\\/\\\/pilt.com.ar\\\/parque-industrial\\\/#website\",\"url\":\"https:\\\/\\\/pilt.com.ar\\\/parque-industrial\\\/\",\"name\":\"PILT.com.ar\",\"description\":\"Parque Industrial, Log\u00edstico y Tecnol\u00f3gico Villa Mar\u00eda\",\"potentialAction\":[{\"@type\":\"SearchAction\",\"target\":{\"@type\":\"EntryPoint\",\"urlTemplate\":\"https:\\\/\\\/pilt.com.ar\\\/parque-industrial\\\/?s={search_term_string}\"},\"query-input\":{\"@type\":\"PropertyValueSpecification\",\"valueRequired\":true,\"valueName\":\"search_term_string\"}}],\"inLanguage\":\"es\"},{\"@type\":\"Person\",\"@id\":\"https:\\\/\\\/pilt.com.ar\\\/parque-industrial\\\/#\\\/schema\\\/person\\\/f8fd84c54e5cb707634e6516127221e5\",\"name\":\"c1500217\",\"image\":{\"@type\":\"ImageObject\",\"inLanguage\":\"es\",\"@id\":\"https:\\\/\\\/secure.gravatar.com\\\/avatar\\\/e96826ae32f4b20a76075d39285eae42e1e916d369970f48b6ec6899e3aabdc6?s=96&d=mm&r=g\",\"url\":\"https:\\\/\\\/secure.gravatar.com\\\/avatar\\\/e96826ae32f4b20a76075d39285eae42e1e916d369970f48b6ec6899e3aabdc6?s=96&d=mm&r=g\",\"contentUrl\":\"https:\\\/\\\/secure.gravatar.com\\\/avatar\\\/e96826ae32f4b20a76075d39285eae42e1e916d369970f48b6ec6899e3aabdc6?s=96&d=mm&r=g\",\"caption\":\"c1500217\"},\"url\":\"https:\\\/\\\/pilt.com.ar\\\/parque-industrial\\\/author\\\/c1500217\\\/\"}]}<\/script>\n<!-- \/ Yoast SEO plugin. -->","yoast_head_json":{"title":"DyFma Ingenier\u00eda - PILT.com.ar","robots":{"index":"index","follow":"follow","max-snippet":"max-snippet:-1","max-image-preview":"max-image-preview:large","max-video-preview":"max-video-preview:-1"},"canonical":"https:\/\/pilt.com.ar\/parque-industrial\/dyfma-ingenieria\/","og_locale":"es_ES","og_type":"article","og_title":"DyFma Ingenier\u00eda - PILT.com.ar","og_description":"Emprendedores:Primo, MarceloD\u00edaz, Franco Descripci\u00f3n de la actividad: Dyfma ingenier\u00eda es una empresa dedicada al dise\u00f1o y fabricaci\u00f3n de maquinaria para la cosecha y post cosecha de frutos secos (nuez de castilla, nuez pecan, avellana y almendras).En estos \u00faltimos a\u00f1os nos hemos dedicado a especializarnos en la fabricaci\u00f3n de maquinaria para el proceso de pelado de [&hellip;]","og_url":"https:\/\/pilt.com.ar\/parque-industrial\/dyfma-ingenieria\/","og_site_name":"PILT.com.ar","article_published_time":"2022-06-18T21:55:44+00:00","article_modified_time":"2022-06-21T00:59:54+00:00","og_image":[{"width":283,"height":364,"url":"https:\/\/i0.wp.com\/pilt.com.ar\/parque-industrial\/wp-content\/uploads\/2022\/06\/WhatsApp-Image-2022-05-19-at-9.10.58-AM-e1655773125175.jpeg?fit=283%2C364&ssl=1","type":"image\/jpeg"}],"author":"c1500217","twitter_card":"summary_large_image","twitter_misc":{"Escrito por":"c1500217","Tiempo de lectura":"1 minuto"},"schema":{"@context":"https:\/\/schema.org","@graph":[{"@type":"Article","@id":"https:\/\/pilt.com.ar\/parque-industrial\/dyfma-ingenieria\/#article","isPartOf":{"@id":"https:\/\/pilt.com.ar\/parque-industrial\/dyfma-ingenieria\/"},"author":{"name":"c1500217","@id":"https:\/\/pilt.com.ar\/parque-industrial\/#\/schema\/person\/f8fd84c54e5cb707634e6516127221e5"},"headline":"DyFma Ingenier\u00eda","datePublished":"2022-06-18T21:55:44+00:00","dateModified":"2022-06-21T00:59:54+00:00","mainEntityOfPage":{"@id":"https:\/\/pilt.com.ar\/parque-industrial\/dyfma-ingenieria\/"},"wordCount":117,"commentCount":0,"image":{"@id":"https:\/\/pilt.com.ar\/parque-industrial\/dyfma-ingenieria\/#primaryimage"},"thumbnailUrl":"https:\/\/i0.wp.com\/pilt.com.ar\/parque-industrial\/wp-content\/uploads\/2022\/06\/WhatsApp-Image-2022-05-19-at-9.10.58-AM-e1655773125175.jpeg?fit=283%2C364&ssl=1","articleSection":["Emprendedores"],"inLanguage":"es","potentialAction":[{"@type":"CommentAction","name":"Comment","target":["https:\/\/pilt.com.ar\/parque-industrial\/dyfma-ingenieria\/#respond"]}]},{"@type":"WebPage","@id":"https:\/\/pilt.com.ar\/parque-industrial\/dyfma-ingenieria\/","url":"https:\/\/pilt.com.ar\/parque-industrial\/dyfma-ingenieria\/","name":"DyFma Ingenier\u00eda - PILT.com.ar","isPartOf":{"@id":"https:\/\/pilt.com.ar\/parque-industrial\/#website"},"primaryImageOfPage":{"@id":"https:\/\/pilt.com.ar\/parque-industrial\/dyfma-ingenieria\/#primaryimage"},"image":{"@id":"https:\/\/pilt.com.ar\/parque-industrial\/dyfma-ingenieria\/#primaryimage"},"thumbnailUrl":"https:\/\/i0.wp.com\/pilt.com.ar\/parque-industrial\/wp-content\/uploads\/2022\/06\/WhatsApp-Image-2022-05-19-at-9.10.58-AM-e1655773125175.jpeg?fit=283%2C364&ssl=1","datePublished":"2022-06-18T21:55:44+00:00","dateModified":"2022-06-21T00:59:54+00:00","author":{"@id":"https:\/\/pilt.com.ar\/parque-industrial\/#\/schema\/person\/f8fd84c54e5cb707634e6516127221e5"},"inLanguage":"es","potentialAction":[{"@type":"ReadAction","target":["https:\/\/pilt.com.ar\/parque-industrial\/dyfma-ingenieria\/"]}]},{"@type":"ImageObject","inLanguage":"es","@id":"https:\/\/pilt.com.ar\/parque-industrial\/dyfma-ingenieria\/#primaryimage","url":"https:\/\/i0.wp.com\/pilt.com.ar\/parque-industrial\/wp-content\/uploads\/2022\/06\/WhatsApp-Image-2022-05-19-at-9.10.58-AM-e1655773125175.jpeg?fit=283%2C364&ssl=1","contentUrl":"https:\/\/i0.wp.com\/pilt.com.ar\/parque-industrial\/wp-content\/uploads\/2022\/06\/WhatsApp-Image-2022-05-19-at-9.10.58-AM-e1655773125175.jpeg?fit=283%2C364&ssl=1","width":283,"height":364},{"@type":"WebSite","@id":"https:\/\/pilt.com.ar\/parque-industrial\/#website","url":"https:\/\/pilt.com.ar\/parque-industrial\/","name":"PILT.com.ar","description":"Parque Industrial, Log\u00edstico y Tecnol\u00f3gico Villa Mar\u00eda","potentialAction":[{"@type":"SearchAction","target":{"@type":"EntryPoint","urlTemplate":"https:\/\/pilt.com.ar\/parque-industrial\/?s={search_term_string}"},"query-input":{"@type":"PropertyValueSpecification","valueRequired":true,"valueName":"search_term_string"}}],"inLanguage":"es"},{"@type":"Person","@id":"https:\/\/pilt.com.ar\/parque-industrial\/#\/schema\/person\/f8fd84c54e5cb707634e6516127221e5","name":"c1500217","image":{"@type":"ImageObject","inLanguage":"es","@id":"https:\/\/secure.gravatar.com\/avatar\/e96826ae32f4b20a76075d39285eae42e1e916d369970f48b6ec6899e3aabdc6?s=96&d=mm&r=g","url":"https:\/\/secure.gravatar.com\/avatar\/e96826ae32f4b20a76075d39285eae42e1e916d369970f48b6ec6899e3aabdc6?s=96&d=mm&r=g","contentUrl":"https:\/\/secure.gravatar.com\/avatar\/e96826ae32f4b20a76075d39285eae42e1e916d369970f48b6ec6899e3aabdc6?s=96&d=mm&r=g","caption":"c1500217"},"url":"https:\/\/pilt.com.ar\/parque-industrial\/author\/c1500217\/"}]}},"jetpack_featured_media_url":"https:\/\/i0.wp.com\/pilt.com.ar\/parque-industrial\/wp-content\/uploads\/2022\/06\/WhatsApp-Image-2022-05-19-at-9.10.58-AM-e1655773125175.jpeg?fit=283%2C364&ssl=1","jetpack_sharing_enabled":true,"_links":{"self":[{"href":"https:\/\/pilt.com.ar\/parque-industrial\/wp-json\/wp\/v2\/posts\/2246","targetHints":{"allow":["GET"]}}],"collection":[{"href":"https:\/\/pilt.com.ar\/parque-industrial\/wp-json\/wp\/v2\/posts"}],"about":[{"href":"https:\/\/pilt.com.ar\/parque-industrial\/wp-json\/wp\/v2\/types\/post"}],"author":[{"embeddable":true,"href":"https:\/\/pilt.com.ar\/parque-industrial\/wp-json\/wp\/v2\/users\/2"}],"replies":[{"embeddable":true,"href":"https:\/\/pilt.com.ar\/parque-industrial\/wp-json\/wp\/v2\/comments?post=2246"}],"version-history":[{"count":7,"href":"https:\/\/pilt.com.ar\/parque-industrial\/wp-json\/wp\/v2\/posts\/2246\/revisions"}],"predecessor-version":[{"id":2410,"href":"https:\/\/pilt.com.ar\/parque-industrial\/wp-json\/wp\/v2\/posts\/2246\/revisions\/2410"}],"wp:featuredmedia":[{"embeddable":true,"href":"https:\/\/pilt.com.ar\/parque-industrial\/wp-json\/wp\/v2\/media\/2406"}],"wp:attachment":[{"href":"https:\/\/pilt.com.ar\/parque-industrial\/wp-json\/wp\/v2\/media?parent=2246"}],"wp:term":[{"taxonomy":"category","embeddable":true,"href":"https:\/\/pilt.com.ar\/parque-industrial\/wp-json\/wp\/v2\/categories?post=2246"},{"taxonomy":"post_tag","embeddable":true,"href":"https:\/\/pilt.com.ar\/parque-industrial\/wp-json\/wp\/v2\/tags?post=2246"}],"curies":[{"name":"wp","href":"https:\/\/api.w.org\/{rel}","templated":true}]}}