{"id":2229,"date":"2022-06-15T14:18:58","date_gmt":"2022-06-15T17:18:58","guid":{"rendered":"https:\/\/pilt.com.ar\/parque-industrial\/?p=2229"},"modified":"2022-06-15T14:18:59","modified_gmt":"2022-06-15T17:18:59","slug":"presentaron-el-programa-acciones-sustentables-para-la-industria-en-el-pilt","status":"publish","type":"post","link":"https:\/\/pilt.com.ar\/parque-industrial\/presentaron-el-programa-acciones-sustentables-para-la-industria-en-el-pilt\/","title":{"rendered":"PRESENTARON EL PROGRAMA ACCIONES SUSTENTABLES PARA LA INDUSTRIA EN EL PILT"},"content":{"rendered":"\n<p class=\"has-text-align-center\"><strong><em>Se trata de una iniciativa provincial para concretar acciones en materia ambiental. Adem\u00e1s, se firmaron convenios de colaboraci\u00f3n.<\/em><\/strong><\/p>\n\n\n\n<p class=\"has-text-align-justify\">En el sal\u00f3n de usos m\u00faltiples del Parque Industrial Log\u00edstico y Tecnol\u00f3gico Villa Mar\u00eda (PILT) se present\u00f3 el programa Acciones sustentables para la industria, impulsado por la Secretar\u00eda de Ambiente, dependiente del Ministerio de Coordinaci\u00f3n de C\u00f3rdoba, y a la vez se suscribieron dos convenios de colaboraci\u00f3n.<\/p>\n\n\n\n<p class=\"has-text-align-justify\">El primero de ellos, rubricado por el jefe de Gabinete de la Municipalidad de Villa Mar\u00eda, H\u00e9ctor Mu\u00f1oz, y el titular de Ambiente, Juan Carlos Scotto, se refiere a la adhesi\u00f3n del Gobierno local al Sistema de Gesti\u00f3n de Residuos Peligrosos. El segundo, firmado por Carlos Pizzorno, presidente del PILT, el secretario de Ambiente y el ministro de Industria, Comercio y Miner\u00eda, Eduardo Accastello, se relaciona con la implementaci\u00f3n del programa Parques Industriales Verdes, que busca que los establecimientos fabriles avancen en eficiencia energ\u00e9tica, ahorro en el uso del agua, econom\u00eda circular y uso eficiente de los recursos naturales.<\/p>\n\n\n\n<p class=\"has-text-align-justify\">En la oportunidad, Juan Carlos Scotto explic\u00f3 los alcances de ambos convenios, mientras que el titular de la Jefatura de Gabinete valor\u00f3 las tareas vinculadas con la promoci\u00f3n de la sustentabilidad; a la vez sostuvo que \u201cnos alienta a trabajar en un tema tan importante unificando acciones, programas, recursos y fiscalizaciones para hacerlo de la mejor manera\u201d.<\/p>\n\n\n\n<p class=\"has-text-align-justify\">Por su parte, el presidente del PILT expres\u00f3 el compromiso con el medio ambiente que tiene la entidad, mencionado las decisiones que se tomaron en el predio, como la colocaci\u00f3n de equipos de generaci\u00f3n de energ\u00eda renovable para el consumo de las oficinas de la Administraci\u00f3n.<\/p>\n\n\n\n<p class=\"has-text-align-justify\">Cerr\u00f3 el acto el ministro de Industria, Comercio y Miner\u00eda, quien explic\u00f3 las distintas l\u00edneas de trabajo que llevan adelante en la cartera, centradas en \u201cla competitividad sostenible, la innovaci\u00f3n y la internacionalizaci\u00f3n, logrando as\u00ed que las empresas con sus productos puedan competir a nivel global\u201d.<\/p>\n\n\n\n<p class=\"has-text-align-justify\">Sobre el cierre, Accastello propuso la creaci\u00f3n de una escuela t\u00e9cnica en el PILT, tema que comenzar\u00e1 a analizarse en los pr\u00f3ximos d\u00edas.<\/p>\n\n\n\n<p><strong>El programa<\/strong><\/p>\n\n\n\n<p class=\"has-text-align-justify\">El programa Acciones sustentables para la industria tiene como finalidad impulsar la econom\u00eda circular en la gesti\u00f3n ambiental y energ\u00e9tica de peque\u00f1as, medianas y grandes empresas de diferentes sectores industriales de la provincia de C\u00f3rdoba. De tal forma, el programa procura fomentar el cuidado del medio ambiente; el uso eficiente y racional de la energ\u00eda y su generaci\u00f3n a partir de fuentes renovables; el avance en la econom\u00eda circular y la disminuci\u00f3n de pasivos ambientales, cumpliendo con los Objetivos de Desarrollo Sostenible 2030 y contribuyendo en la lucha contra el cambio clim\u00e1tico.<\/p>\n\n\n\n<p class=\"has-text-align-justify\">Bajo esa premisa, el programa ofrece la realizaci\u00f3n de diagn\u00f3sticos ambientales y energ\u00e9ticos a las empresas interesadas, previendo tambi\u00e9n la disponibilidad de un fondeo provisto por el propio Gobierno provincial y el Consejo Federal de Inversiones, con tasas menores a las de mercado, para realizar las mejoras que ese trabajo determine.<\/p>\n\n\n\n<p class=\"has-text-align-justify\">Participaron del acto, adem\u00e1s de los funcionarios citados, el presidente del Concejo Deliberante de Villa Mar\u00eda, Pablo Rosso; los secretarios de Planeamiento, Relaciones Institucionales y V\u00ednculos Comunitarios, Otto Wester; de Obras y Servicios P\u00fablicos, Omar Regueira; de Salud, Pedro Trecco y el titular de Ambiente, Germ\u00e1n Tissera, todos del \u00e1mbito municipal. La presidenta de la Agencia C\u00f3rdoba Cultura, Nora Bedano; la secretaria de Parques Industriales de la Provincia, Alejandra Barbero; como as\u00ed tambi\u00e9n las legisladoras provinciales Liliana Abraham y Adela Guirardelli.<\/p>\n","protected":false},"excerpt":{"rendered":"<p>Se trata de una iniciativa provincial para concretar acciones en materia ambiental. Adem\u00e1s, se firmaron convenios de colaboraci\u00f3n. En el sal\u00f3n de usos m\u00faltiples del Parque Industrial Log\u00edstico y Tecnol\u00f3gico Villa Mar\u00eda (PILT) se present\u00f3 el programa Acciones sustentables para la industria, impulsado por la Secretar\u00eda de Ambiente, dependiente del Ministerio de Coordinaci\u00f3n de C\u00f3rdoba, [&hellip;]<\/p>\n","protected":false},"author":3,"featured_media":2230,"comment_status":"open","ping_status":"open","sticky":false,"template":"","format":"standard","meta":{"_jetpack_memberships_contains_paid_content":false,"footnotes":""},"categories":[2],"tags":[],"class_list":["post-2229","post","type-post","status-publish","format-standard","has-post-thumbnail","hentry","category-noticias"],"yoast_head":"<!-- This site is optimized with the Yoast SEO plugin v27.5 - https:\/\/yoast.com\/product\/yoast-seo-wordpress\/ -->\n<title>PRESENTARON EL PROGRAMA ACCIONES SUSTENTABLES PARA LA INDUSTRIA EN EL PILT - PILT.com.ar<\/title>\n<meta name=\"robots\" content=\"index, follow, max-snippet:-1, max-image-preview:large, max-video-preview:-1\" \/>\n<link rel=\"canonical\" href=\"https:\/\/pilt.com.ar\/parque-industrial\/presentaron-el-programa-acciones-sustentables-para-la-industria-en-el-pilt\/\" \/>\n<meta property=\"og:locale\" content=\"es_ES\" \/>\n<meta property=\"og:type\" content=\"article\" \/>\n<meta property=\"og:title\" content=\"PRESENTARON EL PROGRAMA ACCIONES SUSTENTABLES PARA LA INDUSTRIA EN EL PILT - PILT.com.ar\" \/>\n<meta property=\"og:description\" content=\"Se trata de una iniciativa provincial para concretar acciones en materia ambiental. Adem\u00e1s, se firmaron convenios de colaboraci\u00f3n. En el sal\u00f3n de usos m\u00faltiples del Parque Industrial Log\u00edstico y Tecnol\u00f3gico Villa Mar\u00eda (PILT) se present\u00f3 el programa Acciones sustentables para la industria, impulsado por la Secretar\u00eda de Ambiente, dependiente del Ministerio de Coordinaci\u00f3n de C\u00f3rdoba, [&hellip;]\" \/>\n<meta property=\"og:url\" content=\"https:\/\/pilt.com.ar\/parque-industrial\/presentaron-el-programa-acciones-sustentables-para-la-industria-en-el-pilt\/\" \/>\n<meta property=\"og:site_name\" content=\"PILT.com.ar\" \/>\n<meta property=\"article:published_time\" content=\"2022-06-15T17:18:58+00:00\" \/>\n<meta property=\"article:modified_time\" content=\"2022-06-15T17:18:59+00:00\" \/>\n<meta property=\"og:image\" content=\"https:\/\/i0.wp.com\/pilt.com.ar\/parque-industrial\/wp-content\/uploads\/2022\/06\/WhatsApp-Image-2022-06-14-at-1.31.49-PM.jpeg?fit=1600%2C1106&ssl=1\" \/>\n\t<meta property=\"og:image:width\" content=\"1600\" \/>\n\t<meta property=\"og:image:height\" content=\"1106\" \/>\n\t<meta property=\"og:image:type\" content=\"image\/jpeg\" \/>\n<meta name=\"author\" content=\"PILT\" \/>\n<meta name=\"twitter:card\" content=\"summary_large_image\" \/>\n<meta name=\"twitter:label1\" content=\"Escrito por\" \/>\n\t<meta name=\"twitter:data1\" content=\"PILT\" \/>\n\t<meta name=\"twitter:label2\" content=\"Tiempo de lectura\" \/>\n\t<meta name=\"twitter:data2\" content=\"3 minutos\" \/>\n<script type=\"application\/ld+json\" class=\"yoast-schema-graph\">{\"@context\":\"https:\\\/\\\/schema.org\",\"@graph\":[{\"@type\":\"Article\",\"@id\":\"https:\\\/\\\/pilt.com.ar\\\/parque-industrial\\\/presentaron-el-programa-acciones-sustentables-para-la-industria-en-el-pilt\\\/#article\",\"isPartOf\":{\"@id\":\"https:\\\/\\\/pilt.com.ar\\\/parque-industrial\\\/presentaron-el-programa-acciones-sustentables-para-la-industria-en-el-pilt\\\/\"},\"author\":{\"name\":\"PILT\",\"@id\":\"https:\\\/\\\/pilt.com.ar\\\/parque-industrial\\\/#\\\/schema\\\/person\\\/2dfb9e2464de1c3deef20c25c30a8306\"},\"headline\":\"PRESENTARON EL PROGRAMA ACCIONES SUSTENTABLES PARA LA INDUSTRIA EN EL PILT\",\"datePublished\":\"2022-06-15T17:18:58+00:00\",\"dateModified\":\"2022-06-15T17:18:59+00:00\",\"mainEntityOfPage\":{\"@id\":\"https:\\\/\\\/pilt.com.ar\\\/parque-industrial\\\/presentaron-el-programa-acciones-sustentables-para-la-industria-en-el-pilt\\\/\"},\"wordCount\":626,\"commentCount\":0,\"image\":{\"@id\":\"https:\\\/\\\/pilt.com.ar\\\/parque-industrial\\\/presentaron-el-programa-acciones-sustentables-para-la-industria-en-el-pilt\\\/#primaryimage\"},\"thumbnailUrl\":\"https:\\\/\\\/i0.wp.com\\\/pilt.com.ar\\\/parque-industrial\\\/wp-content\\\/uploads\\\/2022\\\/06\\\/WhatsApp-Image-2022-06-14-at-1.31.49-PM.jpeg?fit=1600%2C1106&ssl=1\",\"articleSection\":[\"Noticias\"],\"inLanguage\":\"es\",\"potentialAction\":[{\"@type\":\"CommentAction\",\"name\":\"Comment\",\"target\":[\"https:\\\/\\\/pilt.com.ar\\\/parque-industrial\\\/presentaron-el-programa-acciones-sustentables-para-la-industria-en-el-pilt\\\/#respond\"]}]},{\"@type\":\"WebPage\",\"@id\":\"https:\\\/\\\/pilt.com.ar\\\/parque-industrial\\\/presentaron-el-programa-acciones-sustentables-para-la-industria-en-el-pilt\\\/\",\"url\":\"https:\\\/\\\/pilt.com.ar\\\/parque-industrial\\\/presentaron-el-programa-acciones-sustentables-para-la-industria-en-el-pilt\\\/\",\"name\":\"PRESENTARON EL PROGRAMA ACCIONES SUSTENTABLES PARA LA INDUSTRIA EN EL PILT - PILT.com.ar\",\"isPartOf\":{\"@id\":\"https:\\\/\\\/pilt.com.ar\\\/parque-industrial\\\/#website\"},\"primaryImageOfPage\":{\"@id\":\"https:\\\/\\\/pilt.com.ar\\\/parque-industrial\\\/presentaron-el-programa-acciones-sustentables-para-la-industria-en-el-pilt\\\/#primaryimage\"},\"image\":{\"@id\":\"https:\\\/\\\/pilt.com.ar\\\/parque-industrial\\\/presentaron-el-programa-acciones-sustentables-para-la-industria-en-el-pilt\\\/#primaryimage\"},\"thumbnailUrl\":\"https:\\\/\\\/i0.wp.com\\\/pilt.com.ar\\\/parque-industrial\\\/wp-content\\\/uploads\\\/2022\\\/06\\\/WhatsApp-Image-2022-06-14-at-1.31.49-PM.jpeg?fit=1600%2C1106&ssl=1\",\"datePublished\":\"2022-06-15T17:18:58+00:00\",\"dateModified\":\"2022-06-15T17:18:59+00:00\",\"author\":{\"@id\":\"https:\\\/\\\/pilt.com.ar\\\/parque-industrial\\\/#\\\/schema\\\/person\\\/2dfb9e2464de1c3deef20c25c30a8306\"},\"inLanguage\":\"es\",\"potentialAction\":[{\"@type\":\"ReadAction\",\"target\":[\"https:\\\/\\\/pilt.com.ar\\\/parque-industrial\\\/presentaron-el-programa-acciones-sustentables-para-la-industria-en-el-pilt\\\/\"]}]},{\"@type\":\"ImageObject\",\"inLanguage\":\"es\",\"@id\":\"https:\\\/\\\/pilt.com.ar\\\/parque-industrial\\\/presentaron-el-programa-acciones-sustentables-para-la-industria-en-el-pilt\\\/#primaryimage\",\"url\":\"https:\\\/\\\/i0.wp.com\\\/pilt.com.ar\\\/parque-industrial\\\/wp-content\\\/uploads\\\/2022\\\/06\\\/WhatsApp-Image-2022-06-14-at-1.31.49-PM.jpeg?fit=1600%2C1106&ssl=1\",\"contentUrl\":\"https:\\\/\\\/i0.wp.com\\\/pilt.com.ar\\\/parque-industrial\\\/wp-content\\\/uploads\\\/2022\\\/06\\\/WhatsApp-Image-2022-06-14-at-1.31.49-PM.jpeg?fit=1600%2C1106&ssl=1\",\"width\":1600,\"height\":1106},{\"@type\":\"WebSite\",\"@id\":\"https:\\\/\\\/pilt.com.ar\\\/parque-industrial\\\/#website\",\"url\":\"https:\\\/\\\/pilt.com.ar\\\/parque-industrial\\\/\",\"name\":\"PILT.com.ar\",\"description\":\"Parque Industrial, Log\u00edstico y Tecnol\u00f3gico Villa Mar\u00eda\",\"potentialAction\":[{\"@type\":\"SearchAction\",\"target\":{\"@type\":\"EntryPoint\",\"urlTemplate\":\"https:\\\/\\\/pilt.com.ar\\\/parque-industrial\\\/?s={search_term_string}\"},\"query-input\":{\"@type\":\"PropertyValueSpecification\",\"valueRequired\":true,\"valueName\":\"search_term_string\"}}],\"inLanguage\":\"es\"},{\"@type\":\"Person\",\"@id\":\"https:\\\/\\\/pilt.com.ar\\\/parque-industrial\\\/#\\\/schema\\\/person\\\/2dfb9e2464de1c3deef20c25c30a8306\",\"name\":\"PILT\",\"image\":{\"@type\":\"ImageObject\",\"inLanguage\":\"es\",\"@id\":\"https:\\\/\\\/secure.gravatar.com\\\/avatar\\\/5e3734c8d8c8e0b0d45f923c14a14d7b90521d573d02f0d91360a777095ee42b?s=96&d=mm&r=g\",\"url\":\"https:\\\/\\\/secure.gravatar.com\\\/avatar\\\/5e3734c8d8c8e0b0d45f923c14a14d7b90521d573d02f0d91360a777095ee42b?s=96&d=mm&r=g\",\"contentUrl\":\"https:\\\/\\\/secure.gravatar.com\\\/avatar\\\/5e3734c8d8c8e0b0d45f923c14a14d7b90521d573d02f0d91360a777095ee42b?s=96&d=mm&r=g\",\"caption\":\"PILT\"},\"url\":\"https:\\\/\\\/pilt.com.ar\\\/parque-industrial\\\/author\\\/pilt\\\/\"}]}<\/script>\n<!-- \/ Yoast SEO plugin. -->","yoast_head_json":{"title":"PRESENTARON EL PROGRAMA ACCIONES SUSTENTABLES PARA LA INDUSTRIA EN EL PILT - PILT.com.ar","robots":{"index":"index","follow":"follow","max-snippet":"max-snippet:-1","max-image-preview":"max-image-preview:large","max-video-preview":"max-video-preview:-1"},"canonical":"https:\/\/pilt.com.ar\/parque-industrial\/presentaron-el-programa-acciones-sustentables-para-la-industria-en-el-pilt\/","og_locale":"es_ES","og_type":"article","og_title":"PRESENTARON EL PROGRAMA ACCIONES SUSTENTABLES PARA LA INDUSTRIA EN EL PILT - PILT.com.ar","og_description":"Se trata de una iniciativa provincial para concretar acciones en materia ambiental. Adem\u00e1s, se firmaron convenios de colaboraci\u00f3n. En el sal\u00f3n de usos m\u00faltiples del Parque Industrial Log\u00edstico y Tecnol\u00f3gico Villa Mar\u00eda (PILT) se present\u00f3 el programa Acciones sustentables para la industria, impulsado por la Secretar\u00eda de Ambiente, dependiente del Ministerio de Coordinaci\u00f3n de C\u00f3rdoba, [&hellip;]","og_url":"https:\/\/pilt.com.ar\/parque-industrial\/presentaron-el-programa-acciones-sustentables-para-la-industria-en-el-pilt\/","og_site_name":"PILT.com.ar","article_published_time":"2022-06-15T17:18:58+00:00","article_modified_time":"2022-06-15T17:18:59+00:00","og_image":[{"width":1600,"height":1106,"url":"https:\/\/i0.wp.com\/pilt.com.ar\/parque-industrial\/wp-content\/uploads\/2022\/06\/WhatsApp-Image-2022-06-14-at-1.31.49-PM.jpeg?fit=1600%2C1106&ssl=1","type":"image\/jpeg"}],"author":"PILT","twitter_card":"summary_large_image","twitter_misc":{"Escrito por":"PILT","Tiempo de lectura":"3 minutos"},"schema":{"@context":"https:\/\/schema.org","@graph":[{"@type":"Article","@id":"https:\/\/pilt.com.ar\/parque-industrial\/presentaron-el-programa-acciones-sustentables-para-la-industria-en-el-pilt\/#article","isPartOf":{"@id":"https:\/\/pilt.com.ar\/parque-industrial\/presentaron-el-programa-acciones-sustentables-para-la-industria-en-el-pilt\/"},"author":{"name":"PILT","@id":"https:\/\/pilt.com.ar\/parque-industrial\/#\/schema\/person\/2dfb9e2464de1c3deef20c25c30a8306"},"headline":"PRESENTARON EL PROGRAMA ACCIONES SUSTENTABLES PARA LA INDUSTRIA EN EL PILT","datePublished":"2022-06-15T17:18:58+00:00","dateModified":"2022-06-15T17:18:59+00:00","mainEntityOfPage":{"@id":"https:\/\/pilt.com.ar\/parque-industrial\/presentaron-el-programa-acciones-sustentables-para-la-industria-en-el-pilt\/"},"wordCount":626,"commentCount":0,"image":{"@id":"https:\/\/pilt.com.ar\/parque-industrial\/presentaron-el-programa-acciones-sustentables-para-la-industria-en-el-pilt\/#primaryimage"},"thumbnailUrl":"https:\/\/i0.wp.com\/pilt.com.ar\/parque-industrial\/wp-content\/uploads\/2022\/06\/WhatsApp-Image-2022-06-14-at-1.31.49-PM.jpeg?fit=1600%2C1106&ssl=1","articleSection":["Noticias"],"inLanguage":"es","potentialAction":[{"@type":"CommentAction","name":"Comment","target":["https:\/\/pilt.com.ar\/parque-industrial\/presentaron-el-programa-acciones-sustentables-para-la-industria-en-el-pilt\/#respond"]}]},{"@type":"WebPage","@id":"https:\/\/pilt.com.ar\/parque-industrial\/presentaron-el-programa-acciones-sustentables-para-la-industria-en-el-pilt\/","url":"https:\/\/pilt.com.ar\/parque-industrial\/presentaron-el-programa-acciones-sustentables-para-la-industria-en-el-pilt\/","name":"PRESENTARON EL PROGRAMA ACCIONES SUSTENTABLES PARA LA INDUSTRIA EN EL PILT - PILT.com.ar","isPartOf":{"@id":"https:\/\/pilt.com.ar\/parque-industrial\/#website"},"primaryImageOfPage":{"@id":"https:\/\/pilt.com.ar\/parque-industrial\/presentaron-el-programa-acciones-sustentables-para-la-industria-en-el-pilt\/#primaryimage"},"image":{"@id":"https:\/\/pilt.com.ar\/parque-industrial\/presentaron-el-programa-acciones-sustentables-para-la-industria-en-el-pilt\/#primaryimage"},"thumbnailUrl":"https:\/\/i0.wp.com\/pilt.com.ar\/parque-industrial\/wp-content\/uploads\/2022\/06\/WhatsApp-Image-2022-06-14-at-1.31.49-PM.jpeg?fit=1600%2C1106&ssl=1","datePublished":"2022-06-15T17:18:58+00:00","dateModified":"2022-06-15T17:18:59+00:00","author":{"@id":"https:\/\/pilt.com.ar\/parque-industrial\/#\/schema\/person\/2dfb9e2464de1c3deef20c25c30a8306"},"inLanguage":"es","potentialAction":[{"@type":"ReadAction","target":["https:\/\/pilt.com.ar\/parque-industrial\/presentaron-el-programa-acciones-sustentables-para-la-industria-en-el-pilt\/"]}]},{"@type":"ImageObject","inLanguage":"es","@id":"https:\/\/pilt.com.ar\/parque-industrial\/presentaron-el-programa-acciones-sustentables-para-la-industria-en-el-pilt\/#primaryimage","url":"https:\/\/i0.wp.com\/pilt.com.ar\/parque-industrial\/wp-content\/uploads\/2022\/06\/WhatsApp-Image-2022-06-14-at-1.31.49-PM.jpeg?fit=1600%2C1106&ssl=1","contentUrl":"https:\/\/i0.wp.com\/pilt.com.ar\/parque-industrial\/wp-content\/uploads\/2022\/06\/WhatsApp-Image-2022-06-14-at-1.31.49-PM.jpeg?fit=1600%2C1106&ssl=1","width":1600,"height":1106},{"@type":"WebSite","@id":"https:\/\/pilt.com.ar\/parque-industrial\/#website","url":"https:\/\/pilt.com.ar\/parque-industrial\/","name":"PILT.com.ar","description":"Parque Industrial, Log\u00edstico y Tecnol\u00f3gico Villa Mar\u00eda","potentialAction":[{"@type":"SearchAction","target":{"@type":"EntryPoint","urlTemplate":"https:\/\/pilt.com.ar\/parque-industrial\/?s={search_term_string}"},"query-input":{"@type":"PropertyValueSpecification","valueRequired":true,"valueName":"search_term_string"}}],"inLanguage":"es"},{"@type":"Person","@id":"https:\/\/pilt.com.ar\/parque-industrial\/#\/schema\/person\/2dfb9e2464de1c3deef20c25c30a8306","name":"PILT","image":{"@type":"ImageObject","inLanguage":"es","@id":"https:\/\/secure.gravatar.com\/avatar\/5e3734c8d8c8e0b0d45f923c14a14d7b90521d573d02f0d91360a777095ee42b?s=96&d=mm&r=g","url":"https:\/\/secure.gravatar.com\/avatar\/5e3734c8d8c8e0b0d45f923c14a14d7b90521d573d02f0d91360a777095ee42b?s=96&d=mm&r=g","contentUrl":"https:\/\/secure.gravatar.com\/avatar\/5e3734c8d8c8e0b0d45f923c14a14d7b90521d573d02f0d91360a777095ee42b?s=96&d=mm&r=g","caption":"PILT"},"url":"https:\/\/pilt.com.ar\/parque-industrial\/author\/pilt\/"}]}},"jetpack_featured_media_url":"https:\/\/i0.wp.com\/pilt.com.ar\/parque-industrial\/wp-content\/uploads\/2022\/06\/WhatsApp-Image-2022-06-14-at-1.31.49-PM.jpeg?fit=1600%2C1106&ssl=1","jetpack_sharing_enabled":true,"_links":{"self":[{"href":"https:\/\/pilt.com.ar\/parque-industrial\/wp-json\/wp\/v2\/posts\/2229","targetHints":{"allow":["GET"]}}],"collection":[{"href":"https:\/\/pilt.com.ar\/parque-industrial\/wp-json\/wp\/v2\/posts"}],"about":[{"href":"https:\/\/pilt.com.ar\/parque-industrial\/wp-json\/wp\/v2\/types\/post"}],"author":[{"embeddable":true,"href":"https:\/\/pilt.com.ar\/parque-industrial\/wp-json\/wp\/v2\/users\/3"}],"replies":[{"embeddable":true,"href":"https:\/\/pilt.com.ar\/parque-industrial\/wp-json\/wp\/v2\/comments?post=2229"}],"version-history":[{"count":1,"href":"https:\/\/pilt.com.ar\/parque-industrial\/wp-json\/wp\/v2\/posts\/2229\/revisions"}],"predecessor-version":[{"id":2231,"href":"https:\/\/pilt.com.ar\/parque-industrial\/wp-json\/wp\/v2\/posts\/2229\/revisions\/2231"}],"wp:featuredmedia":[{"embeddable":true,"href":"https:\/\/pilt.com.ar\/parque-industrial\/wp-json\/wp\/v2\/media\/2230"}],"wp:attachment":[{"href":"https:\/\/pilt.com.ar\/parque-industrial\/wp-json\/wp\/v2\/media?parent=2229"}],"wp:term":[{"taxonomy":"category","embeddable":true,"href":"https:\/\/pilt.com.ar\/parque-industrial\/wp-json\/wp\/v2\/categories?post=2229"},{"taxonomy":"post_tag","embeddable":true,"href":"https:\/\/pilt.com.ar\/parque-industrial\/wp-json\/wp\/v2\/tags?post=2229"}],"curies":[{"name":"wp","href":"https:\/\/api.w.org\/{rel}","templated":true}]}}