{"id":2218,"date":"2022-05-26T10:30:36","date_gmt":"2022-05-26T13:30:36","guid":{"rendered":"https:\/\/pilt.com.ar\/parque-industrial\/?p=2218"},"modified":"2022-05-26T10:30:36","modified_gmt":"2022-05-26T13:30:36","slug":"nuevo-proyecto-se-desarrollara-en-el-pilt","status":"publish","type":"post","link":"https:\/\/pilt.com.ar\/parque-industrial\/nuevo-proyecto-se-desarrollara-en-el-pilt\/","title":{"rendered":"NUEVO PROYECTO SE DESARROLLAR\u00c1 EN EL PILT"},"content":{"rendered":"\n<p class=\"has-text-align-center\"><strong><em>Se firm\u00f3 un boleto de compra \u2013 venta sobre un lote de m\u00e1s de 1000 metros cuadrados, en donde instalar\u00e1n una planta industrial.<\/em><\/strong><\/p>\n\n\n\n<p class=\"has-text-align-justify\">Recientemente el Parque Industrial, Log\u00edstico y Tecnol\u00f3gico Villa Mar\u00eda (PILT) llev\u00f3 a cabo la venta de un lote que supera los 1000 metros cuadrados, espacio en el que se proyecta una nave de 620 metros de superficie por 7 metros de altura.<\/p>\n\n\n\n<p class=\"has-text-align-justify\">El emprendimiento est\u00e1 relacionado a otro existente en el mismo predio, desarrollado por la empresa Cortech Industria y que en pocos meses m\u00e1s ya estar\u00e1 terminado y operando. De hecho, el terreno es contiguo y uno de los propietarios de la iniciativa presentada recientemente es socio de esa empresa, que se dedica a brindar servicios a establecimiento fabriles.<\/p>\n\n\n\n<p class=\"has-text-align-justify\">\u201cEn la nueva nave vamos a fabricar equipamiento para distintos sectores industriales; en el galp\u00f3n que estamos terminando reparemos maquinaria y ser\u00e1 una base t\u00e9cnica para los servicios que brindamos a todas las empresas que est\u00e1n en el Parque y en la regi\u00f3n\u201d, explic\u00f3 Mat\u00edas Taborda, socio del proyecto junto a Mart\u00edn Zanotti.<\/p>\n\n\n\n<p class=\"has-text-align-justify\">Asimismo, agreg\u00f3 que para la obra que pr\u00f3ximamente comenzar\u00e1 a ejecutarse \u201cya tenemos todos los materiales comprados; una vez que terminemos la que estamos construyendo, que puede faltar a lo sumo tres meses, inmediatamente despu\u00e9s empezaremos con la nueva\u201d.<\/p>\n\n\n\n<p><strong>Desayuno<\/strong><\/p>\n\n\n\n<p>En otro orden, el pr\u00f3ximo mi\u00e9rcoles 1 de junio se concretar\u00e1 en el sal\u00f3n de usos m\u00faltiples de la entidad un desayuno empresarial a cargo de profesionales de la empresa cordobesa Dracma, quienes analizar\u00e1n la actual coyuntura. La tem\u00e1tica del encuentro ser\u00e1 \u201cEconom\u00eda desafiante, ideas de inversi\u00f3n y financiamiento\u201d.<\/p>\n\n\n\n<p>Los cupos para participar son limitados; los empresarios interesados deber\u00e1n inscribirse en info@pilt.com.ar o al 3535649606.<\/p>\n","protected":false},"excerpt":{"rendered":"<p>Se firm\u00f3 un boleto de compra \u2013 venta sobre un lote de m\u00e1s de 1000 metros cuadrados, en donde instalar\u00e1n una planta industrial. Recientemente el Parque Industrial, Log\u00edstico y Tecnol\u00f3gico Villa Mar\u00eda (PILT) llev\u00f3 a cabo la venta de un lote que supera los 1000 metros cuadrados, espacio en el que se proyecta una nave [&hellip;]<\/p>\n","protected":false},"author":3,"featured_media":2219,"comment_status":"open","ping_status":"open","sticky":false,"template":"","format":"standard","meta":{"_jetpack_memberships_contains_paid_content":false,"footnotes":""},"categories":[2],"tags":[],"class_list":["post-2218","post","type-post","status-publish","format-standard","has-post-thumbnail","hentry","category-noticias"],"yoast_head":"<!-- This site is optimized with the Yoast SEO plugin v27.5 - https:\/\/yoast.com\/product\/yoast-seo-wordpress\/ -->\n<title>NUEVO PROYECTO SE DESARROLLAR\u00c1 EN EL PILT - PILT.com.ar<\/title>\n<meta name=\"robots\" content=\"index, follow, max-snippet:-1, max-image-preview:large, max-video-preview:-1\" \/>\n<link rel=\"canonical\" href=\"https:\/\/pilt.com.ar\/parque-industrial\/nuevo-proyecto-se-desarrollara-en-el-pilt\/\" \/>\n<meta property=\"og:locale\" content=\"es_ES\" \/>\n<meta property=\"og:type\" content=\"article\" \/>\n<meta property=\"og:title\" content=\"NUEVO PROYECTO SE DESARROLLAR\u00c1 EN EL PILT - PILT.com.ar\" \/>\n<meta property=\"og:description\" content=\"Se firm\u00f3 un boleto de compra \u2013 venta sobre un lote de m\u00e1s de 1000 metros cuadrados, en donde instalar\u00e1n una planta industrial. Recientemente el Parque Industrial, Log\u00edstico y Tecnol\u00f3gico Villa Mar\u00eda (PILT) llev\u00f3 a cabo la venta de un lote que supera los 1000 metros cuadrados, espacio en el que se proyecta una nave [&hellip;]\" \/>\n<meta property=\"og:url\" content=\"https:\/\/pilt.com.ar\/parque-industrial\/nuevo-proyecto-se-desarrollara-en-el-pilt\/\" \/>\n<meta property=\"og:site_name\" content=\"PILT.com.ar\" \/>\n<meta property=\"article:published_time\" content=\"2022-05-26T13:30:36+00:00\" \/>\n<meta property=\"og:image\" content=\"https:\/\/i0.wp.com\/pilt.com.ar\/parque-industrial\/wp-content\/uploads\/2022\/05\/WhatsApp-Image-2022-05-26-at-9.43.15-AM.jpeg?fit=1280%2C1073&ssl=1\" \/>\n\t<meta property=\"og:image:width\" content=\"1280\" \/>\n\t<meta property=\"og:image:height\" content=\"1073\" \/>\n\t<meta property=\"og:image:type\" content=\"image\/jpeg\" \/>\n<meta name=\"author\" content=\"PILT\" \/>\n<meta name=\"twitter:card\" content=\"summary_large_image\" \/>\n<meta name=\"twitter:label1\" content=\"Escrito por\" \/>\n\t<meta name=\"twitter:data1\" content=\"PILT\" \/>\n\t<meta name=\"twitter:label2\" content=\"Tiempo de lectura\" \/>\n\t<meta name=\"twitter:data2\" content=\"2 minutos\" \/>\n<script type=\"application\/ld+json\" class=\"yoast-schema-graph\">{\"@context\":\"https:\\\/\\\/schema.org\",\"@graph\":[{\"@type\":\"Article\",\"@id\":\"https:\\\/\\\/pilt.com.ar\\\/parque-industrial\\\/nuevo-proyecto-se-desarrollara-en-el-pilt\\\/#article\",\"isPartOf\":{\"@id\":\"https:\\\/\\\/pilt.com.ar\\\/parque-industrial\\\/nuevo-proyecto-se-desarrollara-en-el-pilt\\\/\"},\"author\":{\"name\":\"PILT\",\"@id\":\"https:\\\/\\\/pilt.com.ar\\\/parque-industrial\\\/#\\\/schema\\\/person\\\/2dfb9e2464de1c3deef20c25c30a8306\"},\"headline\":\"NUEVO PROYECTO SE DESARROLLAR\u00c1 EN EL PILT\",\"datePublished\":\"2022-05-26T13:30:36+00:00\",\"mainEntityOfPage\":{\"@id\":\"https:\\\/\\\/pilt.com.ar\\\/parque-industrial\\\/nuevo-proyecto-se-desarrollara-en-el-pilt\\\/\"},\"wordCount\":307,\"commentCount\":0,\"image\":{\"@id\":\"https:\\\/\\\/pilt.com.ar\\\/parque-industrial\\\/nuevo-proyecto-se-desarrollara-en-el-pilt\\\/#primaryimage\"},\"thumbnailUrl\":\"https:\\\/\\\/i0.wp.com\\\/pilt.com.ar\\\/parque-industrial\\\/wp-content\\\/uploads\\\/2022\\\/05\\\/WhatsApp-Image-2022-05-26-at-9.43.15-AM.jpeg?fit=1280%2C1073&ssl=1\",\"articleSection\":[\"Noticias\"],\"inLanguage\":\"es\",\"potentialAction\":[{\"@type\":\"CommentAction\",\"name\":\"Comment\",\"target\":[\"https:\\\/\\\/pilt.com.ar\\\/parque-industrial\\\/nuevo-proyecto-se-desarrollara-en-el-pilt\\\/#respond\"]}]},{\"@type\":\"WebPage\",\"@id\":\"https:\\\/\\\/pilt.com.ar\\\/parque-industrial\\\/nuevo-proyecto-se-desarrollara-en-el-pilt\\\/\",\"url\":\"https:\\\/\\\/pilt.com.ar\\\/parque-industrial\\\/nuevo-proyecto-se-desarrollara-en-el-pilt\\\/\",\"name\":\"NUEVO PROYECTO SE DESARROLLAR\u00c1 EN EL PILT - PILT.com.ar\",\"isPartOf\":{\"@id\":\"https:\\\/\\\/pilt.com.ar\\\/parque-industrial\\\/#website\"},\"primaryImageOfPage\":{\"@id\":\"https:\\\/\\\/pilt.com.ar\\\/parque-industrial\\\/nuevo-proyecto-se-desarrollara-en-el-pilt\\\/#primaryimage\"},\"image\":{\"@id\":\"https:\\\/\\\/pilt.com.ar\\\/parque-industrial\\\/nuevo-proyecto-se-desarrollara-en-el-pilt\\\/#primaryimage\"},\"thumbnailUrl\":\"https:\\\/\\\/i0.wp.com\\\/pilt.com.ar\\\/parque-industrial\\\/wp-content\\\/uploads\\\/2022\\\/05\\\/WhatsApp-Image-2022-05-26-at-9.43.15-AM.jpeg?fit=1280%2C1073&ssl=1\",\"datePublished\":\"2022-05-26T13:30:36+00:00\",\"author\":{\"@id\":\"https:\\\/\\\/pilt.com.ar\\\/parque-industrial\\\/#\\\/schema\\\/person\\\/2dfb9e2464de1c3deef20c25c30a8306\"},\"inLanguage\":\"es\",\"potentialAction\":[{\"@type\":\"ReadAction\",\"target\":[\"https:\\\/\\\/pilt.com.ar\\\/parque-industrial\\\/nuevo-proyecto-se-desarrollara-en-el-pilt\\\/\"]}]},{\"@type\":\"ImageObject\",\"inLanguage\":\"es\",\"@id\":\"https:\\\/\\\/pilt.com.ar\\\/parque-industrial\\\/nuevo-proyecto-se-desarrollara-en-el-pilt\\\/#primaryimage\",\"url\":\"https:\\\/\\\/i0.wp.com\\\/pilt.com.ar\\\/parque-industrial\\\/wp-content\\\/uploads\\\/2022\\\/05\\\/WhatsApp-Image-2022-05-26-at-9.43.15-AM.jpeg?fit=1280%2C1073&ssl=1\",\"contentUrl\":\"https:\\\/\\\/i0.wp.com\\\/pilt.com.ar\\\/parque-industrial\\\/wp-content\\\/uploads\\\/2022\\\/05\\\/WhatsApp-Image-2022-05-26-at-9.43.15-AM.jpeg?fit=1280%2C1073&ssl=1\",\"width\":1280,\"height\":1073},{\"@type\":\"WebSite\",\"@id\":\"https:\\\/\\\/pilt.com.ar\\\/parque-industrial\\\/#website\",\"url\":\"https:\\\/\\\/pilt.com.ar\\\/parque-industrial\\\/\",\"name\":\"PILT.com.ar\",\"description\":\"Parque Industrial, Log\u00edstico y Tecnol\u00f3gico Villa Mar\u00eda\",\"potentialAction\":[{\"@type\":\"SearchAction\",\"target\":{\"@type\":\"EntryPoint\",\"urlTemplate\":\"https:\\\/\\\/pilt.com.ar\\\/parque-industrial\\\/?s={search_term_string}\"},\"query-input\":{\"@type\":\"PropertyValueSpecification\",\"valueRequired\":true,\"valueName\":\"search_term_string\"}}],\"inLanguage\":\"es\"},{\"@type\":\"Person\",\"@id\":\"https:\\\/\\\/pilt.com.ar\\\/parque-industrial\\\/#\\\/schema\\\/person\\\/2dfb9e2464de1c3deef20c25c30a8306\",\"name\":\"PILT\",\"image\":{\"@type\":\"ImageObject\",\"inLanguage\":\"es\",\"@id\":\"https:\\\/\\\/secure.gravatar.com\\\/avatar\\\/5e3734c8d8c8e0b0d45f923c14a14d7b90521d573d02f0d91360a777095ee42b?s=96&d=mm&r=g\",\"url\":\"https:\\\/\\\/secure.gravatar.com\\\/avatar\\\/5e3734c8d8c8e0b0d45f923c14a14d7b90521d573d02f0d91360a777095ee42b?s=96&d=mm&r=g\",\"contentUrl\":\"https:\\\/\\\/secure.gravatar.com\\\/avatar\\\/5e3734c8d8c8e0b0d45f923c14a14d7b90521d573d02f0d91360a777095ee42b?s=96&d=mm&r=g\",\"caption\":\"PILT\"},\"url\":\"https:\\\/\\\/pilt.com.ar\\\/parque-industrial\\\/author\\\/pilt\\\/\"}]}<\/script>\n<!-- \/ Yoast SEO plugin. -->","yoast_head_json":{"title":"NUEVO PROYECTO SE DESARROLLAR\u00c1 EN EL PILT - PILT.com.ar","robots":{"index":"index","follow":"follow","max-snippet":"max-snippet:-1","max-image-preview":"max-image-preview:large","max-video-preview":"max-video-preview:-1"},"canonical":"https:\/\/pilt.com.ar\/parque-industrial\/nuevo-proyecto-se-desarrollara-en-el-pilt\/","og_locale":"es_ES","og_type":"article","og_title":"NUEVO PROYECTO SE DESARROLLAR\u00c1 EN EL PILT - PILT.com.ar","og_description":"Se firm\u00f3 un boleto de compra \u2013 venta sobre un lote de m\u00e1s de 1000 metros cuadrados, en donde instalar\u00e1n una planta industrial. Recientemente el Parque Industrial, Log\u00edstico y Tecnol\u00f3gico Villa Mar\u00eda (PILT) llev\u00f3 a cabo la venta de un lote que supera los 1000 metros cuadrados, espacio en el que se proyecta una nave [&hellip;]","og_url":"https:\/\/pilt.com.ar\/parque-industrial\/nuevo-proyecto-se-desarrollara-en-el-pilt\/","og_site_name":"PILT.com.ar","article_published_time":"2022-05-26T13:30:36+00:00","og_image":[{"width":1280,"height":1073,"url":"https:\/\/i0.wp.com\/pilt.com.ar\/parque-industrial\/wp-content\/uploads\/2022\/05\/WhatsApp-Image-2022-05-26-at-9.43.15-AM.jpeg?fit=1280%2C1073&ssl=1","type":"image\/jpeg"}],"author":"PILT","twitter_card":"summary_large_image","twitter_misc":{"Escrito por":"PILT","Tiempo de lectura":"2 minutos"},"schema":{"@context":"https:\/\/schema.org","@graph":[{"@type":"Article","@id":"https:\/\/pilt.com.ar\/parque-industrial\/nuevo-proyecto-se-desarrollara-en-el-pilt\/#article","isPartOf":{"@id":"https:\/\/pilt.com.ar\/parque-industrial\/nuevo-proyecto-se-desarrollara-en-el-pilt\/"},"author":{"name":"PILT","@id":"https:\/\/pilt.com.ar\/parque-industrial\/#\/schema\/person\/2dfb9e2464de1c3deef20c25c30a8306"},"headline":"NUEVO PROYECTO SE DESARROLLAR\u00c1 EN EL PILT","datePublished":"2022-05-26T13:30:36+00:00","mainEntityOfPage":{"@id":"https:\/\/pilt.com.ar\/parque-industrial\/nuevo-proyecto-se-desarrollara-en-el-pilt\/"},"wordCount":307,"commentCount":0,"image":{"@id":"https:\/\/pilt.com.ar\/parque-industrial\/nuevo-proyecto-se-desarrollara-en-el-pilt\/#primaryimage"},"thumbnailUrl":"https:\/\/i0.wp.com\/pilt.com.ar\/parque-industrial\/wp-content\/uploads\/2022\/05\/WhatsApp-Image-2022-05-26-at-9.43.15-AM.jpeg?fit=1280%2C1073&ssl=1","articleSection":["Noticias"],"inLanguage":"es","potentialAction":[{"@type":"CommentAction","name":"Comment","target":["https:\/\/pilt.com.ar\/parque-industrial\/nuevo-proyecto-se-desarrollara-en-el-pilt\/#respond"]}]},{"@type":"WebPage","@id":"https:\/\/pilt.com.ar\/parque-industrial\/nuevo-proyecto-se-desarrollara-en-el-pilt\/","url":"https:\/\/pilt.com.ar\/parque-industrial\/nuevo-proyecto-se-desarrollara-en-el-pilt\/","name":"NUEVO PROYECTO SE DESARROLLAR\u00c1 EN EL PILT - PILT.com.ar","isPartOf":{"@id":"https:\/\/pilt.com.ar\/parque-industrial\/#website"},"primaryImageOfPage":{"@id":"https:\/\/pilt.com.ar\/parque-industrial\/nuevo-proyecto-se-desarrollara-en-el-pilt\/#primaryimage"},"image":{"@id":"https:\/\/pilt.com.ar\/parque-industrial\/nuevo-proyecto-se-desarrollara-en-el-pilt\/#primaryimage"},"thumbnailUrl":"https:\/\/i0.wp.com\/pilt.com.ar\/parque-industrial\/wp-content\/uploads\/2022\/05\/WhatsApp-Image-2022-05-26-at-9.43.15-AM.jpeg?fit=1280%2C1073&ssl=1","datePublished":"2022-05-26T13:30:36+00:00","author":{"@id":"https:\/\/pilt.com.ar\/parque-industrial\/#\/schema\/person\/2dfb9e2464de1c3deef20c25c30a8306"},"inLanguage":"es","potentialAction":[{"@type":"ReadAction","target":["https:\/\/pilt.com.ar\/parque-industrial\/nuevo-proyecto-se-desarrollara-en-el-pilt\/"]}]},{"@type":"ImageObject","inLanguage":"es","@id":"https:\/\/pilt.com.ar\/parque-industrial\/nuevo-proyecto-se-desarrollara-en-el-pilt\/#primaryimage","url":"https:\/\/i0.wp.com\/pilt.com.ar\/parque-industrial\/wp-content\/uploads\/2022\/05\/WhatsApp-Image-2022-05-26-at-9.43.15-AM.jpeg?fit=1280%2C1073&ssl=1","contentUrl":"https:\/\/i0.wp.com\/pilt.com.ar\/parque-industrial\/wp-content\/uploads\/2022\/05\/WhatsApp-Image-2022-05-26-at-9.43.15-AM.jpeg?fit=1280%2C1073&ssl=1","width":1280,"height":1073},{"@type":"WebSite","@id":"https:\/\/pilt.com.ar\/parque-industrial\/#website","url":"https:\/\/pilt.com.ar\/parque-industrial\/","name":"PILT.com.ar","description":"Parque Industrial, Log\u00edstico y Tecnol\u00f3gico Villa Mar\u00eda","potentialAction":[{"@type":"SearchAction","target":{"@type":"EntryPoint","urlTemplate":"https:\/\/pilt.com.ar\/parque-industrial\/?s={search_term_string}"},"query-input":{"@type":"PropertyValueSpecification","valueRequired":true,"valueName":"search_term_string"}}],"inLanguage":"es"},{"@type":"Person","@id":"https:\/\/pilt.com.ar\/parque-industrial\/#\/schema\/person\/2dfb9e2464de1c3deef20c25c30a8306","name":"PILT","image":{"@type":"ImageObject","inLanguage":"es","@id":"https:\/\/secure.gravatar.com\/avatar\/5e3734c8d8c8e0b0d45f923c14a14d7b90521d573d02f0d91360a777095ee42b?s=96&d=mm&r=g","url":"https:\/\/secure.gravatar.com\/avatar\/5e3734c8d8c8e0b0d45f923c14a14d7b90521d573d02f0d91360a777095ee42b?s=96&d=mm&r=g","contentUrl":"https:\/\/secure.gravatar.com\/avatar\/5e3734c8d8c8e0b0d45f923c14a14d7b90521d573d02f0d91360a777095ee42b?s=96&d=mm&r=g","caption":"PILT"},"url":"https:\/\/pilt.com.ar\/parque-industrial\/author\/pilt\/"}]}},"jetpack_featured_media_url":"https:\/\/i0.wp.com\/pilt.com.ar\/parque-industrial\/wp-content\/uploads\/2022\/05\/WhatsApp-Image-2022-05-26-at-9.43.15-AM.jpeg?fit=1280%2C1073&ssl=1","jetpack_sharing_enabled":true,"_links":{"self":[{"href":"https:\/\/pilt.com.ar\/parque-industrial\/wp-json\/wp\/v2\/posts\/2218","targetHints":{"allow":["GET"]}}],"collection":[{"href":"https:\/\/pilt.com.ar\/parque-industrial\/wp-json\/wp\/v2\/posts"}],"about":[{"href":"https:\/\/pilt.com.ar\/parque-industrial\/wp-json\/wp\/v2\/types\/post"}],"author":[{"embeddable":true,"href":"https:\/\/pilt.com.ar\/parque-industrial\/wp-json\/wp\/v2\/users\/3"}],"replies":[{"embeddable":true,"href":"https:\/\/pilt.com.ar\/parque-industrial\/wp-json\/wp\/v2\/comments?post=2218"}],"version-history":[{"count":1,"href":"https:\/\/pilt.com.ar\/parque-industrial\/wp-json\/wp\/v2\/posts\/2218\/revisions"}],"predecessor-version":[{"id":2220,"href":"https:\/\/pilt.com.ar\/parque-industrial\/wp-json\/wp\/v2\/posts\/2218\/revisions\/2220"}],"wp:featuredmedia":[{"embeddable":true,"href":"https:\/\/pilt.com.ar\/parque-industrial\/wp-json\/wp\/v2\/media\/2219"}],"wp:attachment":[{"href":"https:\/\/pilt.com.ar\/parque-industrial\/wp-json\/wp\/v2\/media?parent=2218"}],"wp:term":[{"taxonomy":"category","embeddable":true,"href":"https:\/\/pilt.com.ar\/parque-industrial\/wp-json\/wp\/v2\/categories?post=2218"},{"taxonomy":"post_tag","embeddable":true,"href":"https:\/\/pilt.com.ar\/parque-industrial\/wp-json\/wp\/v2\/tags?post=2218"}],"curies":[{"name":"wp","href":"https:\/\/api.w.org\/{rel}","templated":true}]}}