{"id":2214,"date":"2022-05-20T10:24:24","date_gmt":"2022-05-20T13:24:24","guid":{"rendered":"https:\/\/pilt.com.ar\/parque-industrial\/?p=2214"},"modified":"2022-05-20T10:24:25","modified_gmt":"2022-05-20T13:24:25","slug":"trabajos-de-mantenimiento-e-infraestructura-en-el-parque-industrial","status":"publish","type":"post","link":"https:\/\/pilt.com.ar\/parque-industrial\/trabajos-de-mantenimiento-e-infraestructura-en-el-parque-industrial\/","title":{"rendered":"TRABAJOS DE MANTENIMIENTO E INFRAESTRUCTURA EN EL PARQUE INDUSTRIAL"},"content":{"rendered":"\n<p class=\"has-text-align-center\"><strong>Progresan distintas obras programadas en el predio. Adem\u00e1s, Directivos estuvieron en un encuentro internacional sobre log\u00edstica.<\/strong><\/p>\n\n\n\n<p class=\"has-text-align-justify\">Distintas labores se est\u00e1n llevando adelante en el Parque Industrial, Log\u00edstico y Tecnol\u00f3gico Villa Mar\u00eda (PILT). En ese sentido, personal del Ente realiza tareas de bacheo en distintos sectores del predio, a los fines de mejorar la circulaci\u00f3n y seguridad. Seg\u00fan se ha previsto, se reparar\u00e1n unos 600 metros cuadrados de calles, entre baches y readecuaci\u00f3n de pa\u00f1os, estando a la fecha alrededor del 50% de las tareas concluidas.<\/p>\n\n\n\n<p class=\"has-text-align-justify\">Por otra parte, avanza la concreci\u00f3n de una importante obra de desag\u00fce pluvial, a partir de la construcci\u00f3n de un canal para la regulaci\u00f3n y control del agua derivada de las lluvias. El canal es de grandes dimensiones, ya que cuenta con 1300 metros de largo, 6 de ancho y un metro de profundidad. Adem\u00e1s, se realizar\u00e1n 6 micro embalses, que tendr\u00e1n como finalidad reducir la velocidad de evacuaci\u00f3n y mantener el nivel del agua. El trabajo se encuentra ejecutado en un 60 por ciento.<\/p>\n\n\n\n<p class=\"has-text-align-justify\">Cabe se\u00f1alar que las obras mencionadas se realizan con fondos propios del Ente, sin afectar las expensas que abonan las empresas asociadas.<\/p>\n\n\n\n<p><strong>Capacitaci\u00f3n<\/strong><\/p>\n\n\n\n<p class=\"has-text-align-justify\">En otro orden, el Gerente del PILT, Carlos Montoto Galiano, y el Director Dante Urli, participaron d\u00edas atr\u00e1s del Foro Internacional de Log\u00edstica Multimodal Sostenible (FILMS) en la ciudad brasilera Foz de Iguaz\u00fa. Tambi\u00e9n estuvieron presentes dos representantes de AERCA, Valeria Cismondi y Jorge Mino.<\/p>\n\n\n\n<p class=\"has-text-align-justify\">El evento sirvi\u00f3 para debatir proyectos tendientes a impulsar el desarrollo log\u00edstico de Argentina, Brasil, Chile y Paraguay. Formaron parte expertos en la tem\u00e1tica, que analizaron cuestiones vinculadas a la infraestructura, obras e inversiones necesarias, tanto p\u00fablicas como privadas, para ganar eficiencia en la conectividad entre los pa\u00edses participantes.<\/p>\n","protected":false},"excerpt":{"rendered":"<p>Progresan distintas obras programadas en el predio. Adem\u00e1s, Directivos estuvieron en un encuentro internacional sobre log\u00edstica. Distintas labores se est\u00e1n llevando adelante en el Parque Industrial, Log\u00edstico y Tecnol\u00f3gico Villa Mar\u00eda (PILT). En ese sentido, personal del Ente realiza tareas de bacheo en distintos sectores del predio, a los fines de mejorar la circulaci\u00f3n y [&hellip;]<\/p>\n","protected":false},"author":3,"featured_media":2215,"comment_status":"open","ping_status":"open","sticky":false,"template":"","format":"standard","meta":{"_jetpack_memberships_contains_paid_content":false,"footnotes":""},"categories":[2],"tags":[],"class_list":["post-2214","post","type-post","status-publish","format-standard","has-post-thumbnail","hentry","category-noticias"],"yoast_head":"<!-- This site is optimized with the Yoast SEO plugin v27.5 - https:\/\/yoast.com\/product\/yoast-seo-wordpress\/ -->\n<title>TRABAJOS DE MANTENIMIENTO E INFRAESTRUCTURA EN EL PARQUE INDUSTRIAL - PILT.com.ar<\/title>\n<meta name=\"robots\" content=\"index, follow, max-snippet:-1, max-image-preview:large, max-video-preview:-1\" \/>\n<link rel=\"canonical\" href=\"https:\/\/pilt.com.ar\/parque-industrial\/trabajos-de-mantenimiento-e-infraestructura-en-el-parque-industrial\/\" \/>\n<meta property=\"og:locale\" content=\"es_ES\" \/>\n<meta property=\"og:type\" content=\"article\" \/>\n<meta property=\"og:title\" content=\"TRABAJOS DE MANTENIMIENTO E INFRAESTRUCTURA EN EL PARQUE INDUSTRIAL - PILT.com.ar\" \/>\n<meta property=\"og:description\" content=\"Progresan distintas obras programadas en el predio. Adem\u00e1s, Directivos estuvieron en un encuentro internacional sobre log\u00edstica. Distintas labores se est\u00e1n llevando adelante en el Parque Industrial, Log\u00edstico y Tecnol\u00f3gico Villa Mar\u00eda (PILT). En ese sentido, personal del Ente realiza tareas de bacheo en distintos sectores del predio, a los fines de mejorar la circulaci\u00f3n y [&hellip;]\" \/>\n<meta property=\"og:url\" content=\"https:\/\/pilt.com.ar\/parque-industrial\/trabajos-de-mantenimiento-e-infraestructura-en-el-parque-industrial\/\" \/>\n<meta property=\"og:site_name\" content=\"PILT.com.ar\" \/>\n<meta property=\"article:published_time\" content=\"2022-05-20T13:24:24+00:00\" \/>\n<meta property=\"article:modified_time\" content=\"2022-05-20T13:24:25+00:00\" \/>\n<meta property=\"og:image\" content=\"https:\/\/i0.wp.com\/pilt.com.ar\/parque-industrial\/wp-content\/uploads\/2022\/05\/WhatsApp-Image-2022-05-20-at-8.56.59-AM.jpeg?fit=1280%2C720&ssl=1\" \/>\n\t<meta property=\"og:image:width\" content=\"1280\" \/>\n\t<meta property=\"og:image:height\" content=\"720\" \/>\n\t<meta property=\"og:image:type\" content=\"image\/jpeg\" \/>\n<meta name=\"author\" content=\"PILT\" \/>\n<meta name=\"twitter:card\" content=\"summary_large_image\" \/>\n<meta name=\"twitter:label1\" content=\"Escrito por\" \/>\n\t<meta name=\"twitter:data1\" content=\"PILT\" \/>\n\t<meta name=\"twitter:label2\" content=\"Tiempo de lectura\" \/>\n\t<meta name=\"twitter:data2\" content=\"2 minutos\" \/>\n<script type=\"application\/ld+json\" class=\"yoast-schema-graph\">{\"@context\":\"https:\\\/\\\/schema.org\",\"@graph\":[{\"@type\":\"Article\",\"@id\":\"https:\\\/\\\/pilt.com.ar\\\/parque-industrial\\\/trabajos-de-mantenimiento-e-infraestructura-en-el-parque-industrial\\\/#article\",\"isPartOf\":{\"@id\":\"https:\\\/\\\/pilt.com.ar\\\/parque-industrial\\\/trabajos-de-mantenimiento-e-infraestructura-en-el-parque-industrial\\\/\"},\"author\":{\"name\":\"PILT\",\"@id\":\"https:\\\/\\\/pilt.com.ar\\\/parque-industrial\\\/#\\\/schema\\\/person\\\/2dfb9e2464de1c3deef20c25c30a8306\"},\"headline\":\"TRABAJOS DE MANTENIMIENTO E INFRAESTRUCTURA EN EL PARQUE INDUSTRIAL\",\"datePublished\":\"2022-05-20T13:24:24+00:00\",\"dateModified\":\"2022-05-20T13:24:25+00:00\",\"mainEntityOfPage\":{\"@id\":\"https:\\\/\\\/pilt.com.ar\\\/parque-industrial\\\/trabajos-de-mantenimiento-e-infraestructura-en-el-parque-industrial\\\/\"},\"wordCount\":319,\"commentCount\":0,\"image\":{\"@id\":\"https:\\\/\\\/pilt.com.ar\\\/parque-industrial\\\/trabajos-de-mantenimiento-e-infraestructura-en-el-parque-industrial\\\/#primaryimage\"},\"thumbnailUrl\":\"https:\\\/\\\/i0.wp.com\\\/pilt.com.ar\\\/parque-industrial\\\/wp-content\\\/uploads\\\/2022\\\/05\\\/WhatsApp-Image-2022-05-20-at-8.56.59-AM.jpeg?fit=1280%2C720&ssl=1\",\"articleSection\":[\"Noticias\"],\"inLanguage\":\"es\",\"potentialAction\":[{\"@type\":\"CommentAction\",\"name\":\"Comment\",\"target\":[\"https:\\\/\\\/pilt.com.ar\\\/parque-industrial\\\/trabajos-de-mantenimiento-e-infraestructura-en-el-parque-industrial\\\/#respond\"]}]},{\"@type\":\"WebPage\",\"@id\":\"https:\\\/\\\/pilt.com.ar\\\/parque-industrial\\\/trabajos-de-mantenimiento-e-infraestructura-en-el-parque-industrial\\\/\",\"url\":\"https:\\\/\\\/pilt.com.ar\\\/parque-industrial\\\/trabajos-de-mantenimiento-e-infraestructura-en-el-parque-industrial\\\/\",\"name\":\"TRABAJOS DE MANTENIMIENTO E INFRAESTRUCTURA EN EL PARQUE INDUSTRIAL - PILT.com.ar\",\"isPartOf\":{\"@id\":\"https:\\\/\\\/pilt.com.ar\\\/parque-industrial\\\/#website\"},\"primaryImageOfPage\":{\"@id\":\"https:\\\/\\\/pilt.com.ar\\\/parque-industrial\\\/trabajos-de-mantenimiento-e-infraestructura-en-el-parque-industrial\\\/#primaryimage\"},\"image\":{\"@id\":\"https:\\\/\\\/pilt.com.ar\\\/parque-industrial\\\/trabajos-de-mantenimiento-e-infraestructura-en-el-parque-industrial\\\/#primaryimage\"},\"thumbnailUrl\":\"https:\\\/\\\/i0.wp.com\\\/pilt.com.ar\\\/parque-industrial\\\/wp-content\\\/uploads\\\/2022\\\/05\\\/WhatsApp-Image-2022-05-20-at-8.56.59-AM.jpeg?fit=1280%2C720&ssl=1\",\"datePublished\":\"2022-05-20T13:24:24+00:00\",\"dateModified\":\"2022-05-20T13:24:25+00:00\",\"author\":{\"@id\":\"https:\\\/\\\/pilt.com.ar\\\/parque-industrial\\\/#\\\/schema\\\/person\\\/2dfb9e2464de1c3deef20c25c30a8306\"},\"inLanguage\":\"es\",\"potentialAction\":[{\"@type\":\"ReadAction\",\"target\":[\"https:\\\/\\\/pilt.com.ar\\\/parque-industrial\\\/trabajos-de-mantenimiento-e-infraestructura-en-el-parque-industrial\\\/\"]}]},{\"@type\":\"ImageObject\",\"inLanguage\":\"es\",\"@id\":\"https:\\\/\\\/pilt.com.ar\\\/parque-industrial\\\/trabajos-de-mantenimiento-e-infraestructura-en-el-parque-industrial\\\/#primaryimage\",\"url\":\"https:\\\/\\\/i0.wp.com\\\/pilt.com.ar\\\/parque-industrial\\\/wp-content\\\/uploads\\\/2022\\\/05\\\/WhatsApp-Image-2022-05-20-at-8.56.59-AM.jpeg?fit=1280%2C720&ssl=1\",\"contentUrl\":\"https:\\\/\\\/i0.wp.com\\\/pilt.com.ar\\\/parque-industrial\\\/wp-content\\\/uploads\\\/2022\\\/05\\\/WhatsApp-Image-2022-05-20-at-8.56.59-AM.jpeg?fit=1280%2C720&ssl=1\",\"width\":1280,\"height\":720},{\"@type\":\"WebSite\",\"@id\":\"https:\\\/\\\/pilt.com.ar\\\/parque-industrial\\\/#website\",\"url\":\"https:\\\/\\\/pilt.com.ar\\\/parque-industrial\\\/\",\"name\":\"PILT.com.ar\",\"description\":\"Parque Industrial, Log\u00edstico y Tecnol\u00f3gico Villa Mar\u00eda\",\"potentialAction\":[{\"@type\":\"SearchAction\",\"target\":{\"@type\":\"EntryPoint\",\"urlTemplate\":\"https:\\\/\\\/pilt.com.ar\\\/parque-industrial\\\/?s={search_term_string}\"},\"query-input\":{\"@type\":\"PropertyValueSpecification\",\"valueRequired\":true,\"valueName\":\"search_term_string\"}}],\"inLanguage\":\"es\"},{\"@type\":\"Person\",\"@id\":\"https:\\\/\\\/pilt.com.ar\\\/parque-industrial\\\/#\\\/schema\\\/person\\\/2dfb9e2464de1c3deef20c25c30a8306\",\"name\":\"PILT\",\"image\":{\"@type\":\"ImageObject\",\"inLanguage\":\"es\",\"@id\":\"https:\\\/\\\/secure.gravatar.com\\\/avatar\\\/5e3734c8d8c8e0b0d45f923c14a14d7b90521d573d02f0d91360a777095ee42b?s=96&d=mm&r=g\",\"url\":\"https:\\\/\\\/secure.gravatar.com\\\/avatar\\\/5e3734c8d8c8e0b0d45f923c14a14d7b90521d573d02f0d91360a777095ee42b?s=96&d=mm&r=g\",\"contentUrl\":\"https:\\\/\\\/secure.gravatar.com\\\/avatar\\\/5e3734c8d8c8e0b0d45f923c14a14d7b90521d573d02f0d91360a777095ee42b?s=96&d=mm&r=g\",\"caption\":\"PILT\"},\"url\":\"https:\\\/\\\/pilt.com.ar\\\/parque-industrial\\\/author\\\/pilt\\\/\"}]}<\/script>\n<!-- \/ Yoast SEO plugin. -->","yoast_head_json":{"title":"TRABAJOS DE MANTENIMIENTO E INFRAESTRUCTURA EN EL PARQUE INDUSTRIAL - PILT.com.ar","robots":{"index":"index","follow":"follow","max-snippet":"max-snippet:-1","max-image-preview":"max-image-preview:large","max-video-preview":"max-video-preview:-1"},"canonical":"https:\/\/pilt.com.ar\/parque-industrial\/trabajos-de-mantenimiento-e-infraestructura-en-el-parque-industrial\/","og_locale":"es_ES","og_type":"article","og_title":"TRABAJOS DE MANTENIMIENTO E INFRAESTRUCTURA EN EL PARQUE INDUSTRIAL - PILT.com.ar","og_description":"Progresan distintas obras programadas en el predio. Adem\u00e1s, Directivos estuvieron en un encuentro internacional sobre log\u00edstica. Distintas labores se est\u00e1n llevando adelante en el Parque Industrial, Log\u00edstico y Tecnol\u00f3gico Villa Mar\u00eda (PILT). En ese sentido, personal del Ente realiza tareas de bacheo en distintos sectores del predio, a los fines de mejorar la circulaci\u00f3n y [&hellip;]","og_url":"https:\/\/pilt.com.ar\/parque-industrial\/trabajos-de-mantenimiento-e-infraestructura-en-el-parque-industrial\/","og_site_name":"PILT.com.ar","article_published_time":"2022-05-20T13:24:24+00:00","article_modified_time":"2022-05-20T13:24:25+00:00","og_image":[{"width":1280,"height":720,"url":"https:\/\/i0.wp.com\/pilt.com.ar\/parque-industrial\/wp-content\/uploads\/2022\/05\/WhatsApp-Image-2022-05-20-at-8.56.59-AM.jpeg?fit=1280%2C720&ssl=1","type":"image\/jpeg"}],"author":"PILT","twitter_card":"summary_large_image","twitter_misc":{"Escrito por":"PILT","Tiempo de lectura":"2 minutos"},"schema":{"@context":"https:\/\/schema.org","@graph":[{"@type":"Article","@id":"https:\/\/pilt.com.ar\/parque-industrial\/trabajos-de-mantenimiento-e-infraestructura-en-el-parque-industrial\/#article","isPartOf":{"@id":"https:\/\/pilt.com.ar\/parque-industrial\/trabajos-de-mantenimiento-e-infraestructura-en-el-parque-industrial\/"},"author":{"name":"PILT","@id":"https:\/\/pilt.com.ar\/parque-industrial\/#\/schema\/person\/2dfb9e2464de1c3deef20c25c30a8306"},"headline":"TRABAJOS DE MANTENIMIENTO E INFRAESTRUCTURA EN EL PARQUE INDUSTRIAL","datePublished":"2022-05-20T13:24:24+00:00","dateModified":"2022-05-20T13:24:25+00:00","mainEntityOfPage":{"@id":"https:\/\/pilt.com.ar\/parque-industrial\/trabajos-de-mantenimiento-e-infraestructura-en-el-parque-industrial\/"},"wordCount":319,"commentCount":0,"image":{"@id":"https:\/\/pilt.com.ar\/parque-industrial\/trabajos-de-mantenimiento-e-infraestructura-en-el-parque-industrial\/#primaryimage"},"thumbnailUrl":"https:\/\/i0.wp.com\/pilt.com.ar\/parque-industrial\/wp-content\/uploads\/2022\/05\/WhatsApp-Image-2022-05-20-at-8.56.59-AM.jpeg?fit=1280%2C720&ssl=1","articleSection":["Noticias"],"inLanguage":"es","potentialAction":[{"@type":"CommentAction","name":"Comment","target":["https:\/\/pilt.com.ar\/parque-industrial\/trabajos-de-mantenimiento-e-infraestructura-en-el-parque-industrial\/#respond"]}]},{"@type":"WebPage","@id":"https:\/\/pilt.com.ar\/parque-industrial\/trabajos-de-mantenimiento-e-infraestructura-en-el-parque-industrial\/","url":"https:\/\/pilt.com.ar\/parque-industrial\/trabajos-de-mantenimiento-e-infraestructura-en-el-parque-industrial\/","name":"TRABAJOS DE MANTENIMIENTO E INFRAESTRUCTURA EN EL PARQUE INDUSTRIAL - PILT.com.ar","isPartOf":{"@id":"https:\/\/pilt.com.ar\/parque-industrial\/#website"},"primaryImageOfPage":{"@id":"https:\/\/pilt.com.ar\/parque-industrial\/trabajos-de-mantenimiento-e-infraestructura-en-el-parque-industrial\/#primaryimage"},"image":{"@id":"https:\/\/pilt.com.ar\/parque-industrial\/trabajos-de-mantenimiento-e-infraestructura-en-el-parque-industrial\/#primaryimage"},"thumbnailUrl":"https:\/\/i0.wp.com\/pilt.com.ar\/parque-industrial\/wp-content\/uploads\/2022\/05\/WhatsApp-Image-2022-05-20-at-8.56.59-AM.jpeg?fit=1280%2C720&ssl=1","datePublished":"2022-05-20T13:24:24+00:00","dateModified":"2022-05-20T13:24:25+00:00","author":{"@id":"https:\/\/pilt.com.ar\/parque-industrial\/#\/schema\/person\/2dfb9e2464de1c3deef20c25c30a8306"},"inLanguage":"es","potentialAction":[{"@type":"ReadAction","target":["https:\/\/pilt.com.ar\/parque-industrial\/trabajos-de-mantenimiento-e-infraestructura-en-el-parque-industrial\/"]}]},{"@type":"ImageObject","inLanguage":"es","@id":"https:\/\/pilt.com.ar\/parque-industrial\/trabajos-de-mantenimiento-e-infraestructura-en-el-parque-industrial\/#primaryimage","url":"https:\/\/i0.wp.com\/pilt.com.ar\/parque-industrial\/wp-content\/uploads\/2022\/05\/WhatsApp-Image-2022-05-20-at-8.56.59-AM.jpeg?fit=1280%2C720&ssl=1","contentUrl":"https:\/\/i0.wp.com\/pilt.com.ar\/parque-industrial\/wp-content\/uploads\/2022\/05\/WhatsApp-Image-2022-05-20-at-8.56.59-AM.jpeg?fit=1280%2C720&ssl=1","width":1280,"height":720},{"@type":"WebSite","@id":"https:\/\/pilt.com.ar\/parque-industrial\/#website","url":"https:\/\/pilt.com.ar\/parque-industrial\/","name":"PILT.com.ar","description":"Parque Industrial, Log\u00edstico y Tecnol\u00f3gico Villa Mar\u00eda","potentialAction":[{"@type":"SearchAction","target":{"@type":"EntryPoint","urlTemplate":"https:\/\/pilt.com.ar\/parque-industrial\/?s={search_term_string}"},"query-input":{"@type":"PropertyValueSpecification","valueRequired":true,"valueName":"search_term_string"}}],"inLanguage":"es"},{"@type":"Person","@id":"https:\/\/pilt.com.ar\/parque-industrial\/#\/schema\/person\/2dfb9e2464de1c3deef20c25c30a8306","name":"PILT","image":{"@type":"ImageObject","inLanguage":"es","@id":"https:\/\/secure.gravatar.com\/avatar\/5e3734c8d8c8e0b0d45f923c14a14d7b90521d573d02f0d91360a777095ee42b?s=96&d=mm&r=g","url":"https:\/\/secure.gravatar.com\/avatar\/5e3734c8d8c8e0b0d45f923c14a14d7b90521d573d02f0d91360a777095ee42b?s=96&d=mm&r=g","contentUrl":"https:\/\/secure.gravatar.com\/avatar\/5e3734c8d8c8e0b0d45f923c14a14d7b90521d573d02f0d91360a777095ee42b?s=96&d=mm&r=g","caption":"PILT"},"url":"https:\/\/pilt.com.ar\/parque-industrial\/author\/pilt\/"}]}},"jetpack_featured_media_url":"https:\/\/i0.wp.com\/pilt.com.ar\/parque-industrial\/wp-content\/uploads\/2022\/05\/WhatsApp-Image-2022-05-20-at-8.56.59-AM.jpeg?fit=1280%2C720&ssl=1","jetpack_sharing_enabled":true,"_links":{"self":[{"href":"https:\/\/pilt.com.ar\/parque-industrial\/wp-json\/wp\/v2\/posts\/2214","targetHints":{"allow":["GET"]}}],"collection":[{"href":"https:\/\/pilt.com.ar\/parque-industrial\/wp-json\/wp\/v2\/posts"}],"about":[{"href":"https:\/\/pilt.com.ar\/parque-industrial\/wp-json\/wp\/v2\/types\/post"}],"author":[{"embeddable":true,"href":"https:\/\/pilt.com.ar\/parque-industrial\/wp-json\/wp\/v2\/users\/3"}],"replies":[{"embeddable":true,"href":"https:\/\/pilt.com.ar\/parque-industrial\/wp-json\/wp\/v2\/comments?post=2214"}],"version-history":[{"count":1,"href":"https:\/\/pilt.com.ar\/parque-industrial\/wp-json\/wp\/v2\/posts\/2214\/revisions"}],"predecessor-version":[{"id":2216,"href":"https:\/\/pilt.com.ar\/parque-industrial\/wp-json\/wp\/v2\/posts\/2214\/revisions\/2216"}],"wp:featuredmedia":[{"embeddable":true,"href":"https:\/\/pilt.com.ar\/parque-industrial\/wp-json\/wp\/v2\/media\/2215"}],"wp:attachment":[{"href":"https:\/\/pilt.com.ar\/parque-industrial\/wp-json\/wp\/v2\/media?parent=2214"}],"wp:term":[{"taxonomy":"category","embeddable":true,"href":"https:\/\/pilt.com.ar\/parque-industrial\/wp-json\/wp\/v2\/categories?post=2214"},{"taxonomy":"post_tag","embeddable":true,"href":"https:\/\/pilt.com.ar\/parque-industrial\/wp-json\/wp\/v2\/tags?post=2214"}],"curies":[{"name":"wp","href":"https:\/\/api.w.org\/{rel}","templated":true}]}}