{"id":2211,"date":"2022-05-20T10:22:34","date_gmt":"2022-05-20T13:22:34","guid":{"rendered":"https:\/\/pilt.com.ar\/parque-industrial\/?p=2211"},"modified":"2022-05-20T10:22:35","modified_gmt":"2022-05-20T13:22:35","slug":"se-lleva-adelante-en-el-pilt-un-relevamiento-de-madurez-digital","status":"publish","type":"post","link":"https:\/\/pilt.com.ar\/parque-industrial\/se-lleva-adelante-en-el-pilt-un-relevamiento-de-madurez-digital\/","title":{"rendered":"SE LLEVA ADELANTE EN EL PILT UN RELEVAMIENTO DE MADUREZ DIGITAL"},"content":{"rendered":"\n<p class=\"has-text-align-center\"><strong><em>Mediante esa actividad las empresas socias podr\u00e1n contar con informaci\u00f3n profesional sobre la situaci\u00f3n de su evoluci\u00f3n digital.<\/em><\/strong><\/p>\n\n\n\n<p class=\"has-text-align-justify\">El Parque Industrial, Log\u00edstico y Tecnol\u00f3gico Villa Mar\u00eda (PILT), a partir del convenio suscripto con el Colegio Profesional de Ciencias Inform\u00e1ticas de la Provincia de C\u00f3rdoba (CPCIPC), est\u00e1 llevando adelante una encuesta para medir la madurez digital de las empresas asociadas.<\/p>\n\n\n\n<p class=\"has-text-align-justify\">La intenci\u00f3n es que a trav\u00e9s de esa herramienta de censado las empresas puedan contar con un an\u00e1lisis profesional de forma sencilla y r\u00e1pida, optimizando costos y tiempo, lo que les permitir\u00e1 obtener un diagn\u00f3stico de la situaci\u00f3n general en lo que respecta a la evoluci\u00f3n digital. El conocimiento sobre el estado actual posibilitar\u00e1 a las organizaciones definir qu\u00e9 y c\u00f3mo potenciar ese aspecto indispensable para llevar adelante sus actividades.<\/p>\n\n\n\n<p class=\"has-text-align-justify\">En un contexto de cambio constante, en el que nuevos jugadores irrumpen en el mercado y empresas tradicionales desarrollan nuevos canales, capacidades y formas de vinculaci\u00f3n, es fundamental contar con una mirada profesional sobre estado de la empresa. De este modo, se podr\u00e1n establecer una l\u00ednea de acci\u00f3n con metas realistas, garantizando el desarrollo del negocio en el mediano y largo plazo.<\/p>\n\n\n\n<p class=\"has-text-align-justify\">Para contar con el diagn\u00f3stico, las empresas socias del PILT deben completar un formulario con los distintos datos solicitados, obteniendo los resultados sin cargo.<\/p>\n","protected":false},"excerpt":{"rendered":"<p>Mediante esa actividad las empresas socias podr\u00e1n contar con informaci\u00f3n profesional sobre la situaci\u00f3n de su evoluci\u00f3n digital. El Parque Industrial, Log\u00edstico y Tecnol\u00f3gico Villa Mar\u00eda (PILT), a partir del convenio suscripto con el Colegio Profesional de Ciencias Inform\u00e1ticas de la Provincia de C\u00f3rdoba (CPCIPC), est\u00e1 llevando adelante una encuesta para medir la madurez digital [&hellip;]<\/p>\n","protected":false},"author":3,"featured_media":2212,"comment_status":"open","ping_status":"open","sticky":false,"template":"","format":"standard","meta":{"_jetpack_memberships_contains_paid_content":false,"footnotes":""},"categories":[2],"tags":[],"class_list":["post-2211","post","type-post","status-publish","format-standard","has-post-thumbnail","hentry","category-noticias"],"yoast_head":"<!-- This site is optimized with the Yoast SEO plugin v27.5 - https:\/\/yoast.com\/product\/yoast-seo-wordpress\/ -->\n<title>SE LLEVA ADELANTE EN EL PILT UN RELEVAMIENTO DE MADUREZ DIGITAL - PILT.com.ar<\/title>\n<meta name=\"robots\" content=\"index, follow, max-snippet:-1, max-image-preview:large, max-video-preview:-1\" \/>\n<link rel=\"canonical\" href=\"https:\/\/pilt.com.ar\/parque-industrial\/se-lleva-adelante-en-el-pilt-un-relevamiento-de-madurez-digital\/\" \/>\n<meta property=\"og:locale\" content=\"es_ES\" \/>\n<meta property=\"og:type\" content=\"article\" \/>\n<meta property=\"og:title\" content=\"SE LLEVA ADELANTE EN EL PILT UN RELEVAMIENTO DE MADUREZ DIGITAL - PILT.com.ar\" \/>\n<meta property=\"og:description\" content=\"Mediante esa actividad las empresas socias podr\u00e1n contar con informaci\u00f3n profesional sobre la situaci\u00f3n de su evoluci\u00f3n digital. El Parque Industrial, Log\u00edstico y Tecnol\u00f3gico Villa Mar\u00eda (PILT), a partir del convenio suscripto con el Colegio Profesional de Ciencias Inform\u00e1ticas de la Provincia de C\u00f3rdoba (CPCIPC), est\u00e1 llevando adelante una encuesta para medir la madurez digital [&hellip;]\" \/>\n<meta property=\"og:url\" content=\"https:\/\/pilt.com.ar\/parque-industrial\/se-lleva-adelante-en-el-pilt-un-relevamiento-de-madurez-digital\/\" \/>\n<meta property=\"og:site_name\" content=\"PILT.com.ar\" \/>\n<meta property=\"article:published_time\" content=\"2022-05-20T13:22:34+00:00\" \/>\n<meta property=\"article:modified_time\" content=\"2022-05-20T13:22:35+00:00\" \/>\n<meta property=\"og:image\" content=\"https:\/\/i0.wp.com\/pilt.com.ar\/parque-industrial\/wp-content\/uploads\/2022\/05\/TWEET-CONVENIO-CPCIPC-2022-.jpg?fit=1024%2C512&ssl=1\" \/>\n\t<meta property=\"og:image:width\" content=\"1024\" \/>\n\t<meta property=\"og:image:height\" content=\"512\" \/>\n\t<meta property=\"og:image:type\" content=\"image\/jpeg\" \/>\n<meta name=\"author\" content=\"PILT\" \/>\n<meta name=\"twitter:card\" content=\"summary_large_image\" \/>\n<meta name=\"twitter:label1\" content=\"Escrito por\" \/>\n\t<meta name=\"twitter:data1\" content=\"PILT\" \/>\n\t<meta name=\"twitter:label2\" content=\"Tiempo de lectura\" \/>\n\t<meta name=\"twitter:data2\" content=\"1 minuto\" \/>\n<script type=\"application\/ld+json\" class=\"yoast-schema-graph\">{\"@context\":\"https:\\\/\\\/schema.org\",\"@graph\":[{\"@type\":\"Article\",\"@id\":\"https:\\\/\\\/pilt.com.ar\\\/parque-industrial\\\/se-lleva-adelante-en-el-pilt-un-relevamiento-de-madurez-digital\\\/#article\",\"isPartOf\":{\"@id\":\"https:\\\/\\\/pilt.com.ar\\\/parque-industrial\\\/se-lleva-adelante-en-el-pilt-un-relevamiento-de-madurez-digital\\\/\"},\"author\":{\"name\":\"PILT\",\"@id\":\"https:\\\/\\\/pilt.com.ar\\\/parque-industrial\\\/#\\\/schema\\\/person\\\/2dfb9e2464de1c3deef20c25c30a8306\"},\"headline\":\"SE LLEVA ADELANTE EN EL PILT UN RELEVAMIENTO DE MADUREZ DIGITAL\",\"datePublished\":\"2022-05-20T13:22:34+00:00\",\"dateModified\":\"2022-05-20T13:22:35+00:00\",\"mainEntityOfPage\":{\"@id\":\"https:\\\/\\\/pilt.com.ar\\\/parque-industrial\\\/se-lleva-adelante-en-el-pilt-un-relevamiento-de-madurez-digital\\\/\"},\"wordCount\":248,\"commentCount\":0,\"image\":{\"@id\":\"https:\\\/\\\/pilt.com.ar\\\/parque-industrial\\\/se-lleva-adelante-en-el-pilt-un-relevamiento-de-madurez-digital\\\/#primaryimage\"},\"thumbnailUrl\":\"https:\\\/\\\/i0.wp.com\\\/pilt.com.ar\\\/parque-industrial\\\/wp-content\\\/uploads\\\/2022\\\/05\\\/TWEET-CONVENIO-CPCIPC-2022-.jpg?fit=1024%2C512&ssl=1\",\"articleSection\":[\"Noticias\"],\"inLanguage\":\"es\",\"potentialAction\":[{\"@type\":\"CommentAction\",\"name\":\"Comment\",\"target\":[\"https:\\\/\\\/pilt.com.ar\\\/parque-industrial\\\/se-lleva-adelante-en-el-pilt-un-relevamiento-de-madurez-digital\\\/#respond\"]}]},{\"@type\":\"WebPage\",\"@id\":\"https:\\\/\\\/pilt.com.ar\\\/parque-industrial\\\/se-lleva-adelante-en-el-pilt-un-relevamiento-de-madurez-digital\\\/\",\"url\":\"https:\\\/\\\/pilt.com.ar\\\/parque-industrial\\\/se-lleva-adelante-en-el-pilt-un-relevamiento-de-madurez-digital\\\/\",\"name\":\"SE LLEVA ADELANTE EN EL PILT UN RELEVAMIENTO DE MADUREZ DIGITAL - PILT.com.ar\",\"isPartOf\":{\"@id\":\"https:\\\/\\\/pilt.com.ar\\\/parque-industrial\\\/#website\"},\"primaryImageOfPage\":{\"@id\":\"https:\\\/\\\/pilt.com.ar\\\/parque-industrial\\\/se-lleva-adelante-en-el-pilt-un-relevamiento-de-madurez-digital\\\/#primaryimage\"},\"image\":{\"@id\":\"https:\\\/\\\/pilt.com.ar\\\/parque-industrial\\\/se-lleva-adelante-en-el-pilt-un-relevamiento-de-madurez-digital\\\/#primaryimage\"},\"thumbnailUrl\":\"https:\\\/\\\/i0.wp.com\\\/pilt.com.ar\\\/parque-industrial\\\/wp-content\\\/uploads\\\/2022\\\/05\\\/TWEET-CONVENIO-CPCIPC-2022-.jpg?fit=1024%2C512&ssl=1\",\"datePublished\":\"2022-05-20T13:22:34+00:00\",\"dateModified\":\"2022-05-20T13:22:35+00:00\",\"author\":{\"@id\":\"https:\\\/\\\/pilt.com.ar\\\/parque-industrial\\\/#\\\/schema\\\/person\\\/2dfb9e2464de1c3deef20c25c30a8306\"},\"inLanguage\":\"es\",\"potentialAction\":[{\"@type\":\"ReadAction\",\"target\":[\"https:\\\/\\\/pilt.com.ar\\\/parque-industrial\\\/se-lleva-adelante-en-el-pilt-un-relevamiento-de-madurez-digital\\\/\"]}]},{\"@type\":\"ImageObject\",\"inLanguage\":\"es\",\"@id\":\"https:\\\/\\\/pilt.com.ar\\\/parque-industrial\\\/se-lleva-adelante-en-el-pilt-un-relevamiento-de-madurez-digital\\\/#primaryimage\",\"url\":\"https:\\\/\\\/i0.wp.com\\\/pilt.com.ar\\\/parque-industrial\\\/wp-content\\\/uploads\\\/2022\\\/05\\\/TWEET-CONVENIO-CPCIPC-2022-.jpg?fit=1024%2C512&ssl=1\",\"contentUrl\":\"https:\\\/\\\/i0.wp.com\\\/pilt.com.ar\\\/parque-industrial\\\/wp-content\\\/uploads\\\/2022\\\/05\\\/TWEET-CONVENIO-CPCIPC-2022-.jpg?fit=1024%2C512&ssl=1\",\"width\":1024,\"height\":512},{\"@type\":\"WebSite\",\"@id\":\"https:\\\/\\\/pilt.com.ar\\\/parque-industrial\\\/#website\",\"url\":\"https:\\\/\\\/pilt.com.ar\\\/parque-industrial\\\/\",\"name\":\"PILT.com.ar\",\"description\":\"Parque Industrial, Log\u00edstico y Tecnol\u00f3gico Villa Mar\u00eda\",\"potentialAction\":[{\"@type\":\"SearchAction\",\"target\":{\"@type\":\"EntryPoint\",\"urlTemplate\":\"https:\\\/\\\/pilt.com.ar\\\/parque-industrial\\\/?s={search_term_string}\"},\"query-input\":{\"@type\":\"PropertyValueSpecification\",\"valueRequired\":true,\"valueName\":\"search_term_string\"}}],\"inLanguage\":\"es\"},{\"@type\":\"Person\",\"@id\":\"https:\\\/\\\/pilt.com.ar\\\/parque-industrial\\\/#\\\/schema\\\/person\\\/2dfb9e2464de1c3deef20c25c30a8306\",\"name\":\"PILT\",\"image\":{\"@type\":\"ImageObject\",\"inLanguage\":\"es\",\"@id\":\"https:\\\/\\\/secure.gravatar.com\\\/avatar\\\/5e3734c8d8c8e0b0d45f923c14a14d7b90521d573d02f0d91360a777095ee42b?s=96&d=mm&r=g\",\"url\":\"https:\\\/\\\/secure.gravatar.com\\\/avatar\\\/5e3734c8d8c8e0b0d45f923c14a14d7b90521d573d02f0d91360a777095ee42b?s=96&d=mm&r=g\",\"contentUrl\":\"https:\\\/\\\/secure.gravatar.com\\\/avatar\\\/5e3734c8d8c8e0b0d45f923c14a14d7b90521d573d02f0d91360a777095ee42b?s=96&d=mm&r=g\",\"caption\":\"PILT\"},\"url\":\"https:\\\/\\\/pilt.com.ar\\\/parque-industrial\\\/author\\\/pilt\\\/\"}]}<\/script>\n<!-- \/ Yoast SEO plugin. -->","yoast_head_json":{"title":"SE LLEVA ADELANTE EN EL PILT UN RELEVAMIENTO DE MADUREZ DIGITAL - PILT.com.ar","robots":{"index":"index","follow":"follow","max-snippet":"max-snippet:-1","max-image-preview":"max-image-preview:large","max-video-preview":"max-video-preview:-1"},"canonical":"https:\/\/pilt.com.ar\/parque-industrial\/se-lleva-adelante-en-el-pilt-un-relevamiento-de-madurez-digital\/","og_locale":"es_ES","og_type":"article","og_title":"SE LLEVA ADELANTE EN EL PILT UN RELEVAMIENTO DE MADUREZ DIGITAL - PILT.com.ar","og_description":"Mediante esa actividad las empresas socias podr\u00e1n contar con informaci\u00f3n profesional sobre la situaci\u00f3n de su evoluci\u00f3n digital. El Parque Industrial, Log\u00edstico y Tecnol\u00f3gico Villa Mar\u00eda (PILT), a partir del convenio suscripto con el Colegio Profesional de Ciencias Inform\u00e1ticas de la Provincia de C\u00f3rdoba (CPCIPC), est\u00e1 llevando adelante una encuesta para medir la madurez digital [&hellip;]","og_url":"https:\/\/pilt.com.ar\/parque-industrial\/se-lleva-adelante-en-el-pilt-un-relevamiento-de-madurez-digital\/","og_site_name":"PILT.com.ar","article_published_time":"2022-05-20T13:22:34+00:00","article_modified_time":"2022-05-20T13:22:35+00:00","og_image":[{"width":1024,"height":512,"url":"https:\/\/i0.wp.com\/pilt.com.ar\/parque-industrial\/wp-content\/uploads\/2022\/05\/TWEET-CONVENIO-CPCIPC-2022-.jpg?fit=1024%2C512&ssl=1","type":"image\/jpeg"}],"author":"PILT","twitter_card":"summary_large_image","twitter_misc":{"Escrito por":"PILT","Tiempo de lectura":"1 minuto"},"schema":{"@context":"https:\/\/schema.org","@graph":[{"@type":"Article","@id":"https:\/\/pilt.com.ar\/parque-industrial\/se-lleva-adelante-en-el-pilt-un-relevamiento-de-madurez-digital\/#article","isPartOf":{"@id":"https:\/\/pilt.com.ar\/parque-industrial\/se-lleva-adelante-en-el-pilt-un-relevamiento-de-madurez-digital\/"},"author":{"name":"PILT","@id":"https:\/\/pilt.com.ar\/parque-industrial\/#\/schema\/person\/2dfb9e2464de1c3deef20c25c30a8306"},"headline":"SE LLEVA ADELANTE EN EL PILT UN RELEVAMIENTO DE MADUREZ DIGITAL","datePublished":"2022-05-20T13:22:34+00:00","dateModified":"2022-05-20T13:22:35+00:00","mainEntityOfPage":{"@id":"https:\/\/pilt.com.ar\/parque-industrial\/se-lleva-adelante-en-el-pilt-un-relevamiento-de-madurez-digital\/"},"wordCount":248,"commentCount":0,"image":{"@id":"https:\/\/pilt.com.ar\/parque-industrial\/se-lleva-adelante-en-el-pilt-un-relevamiento-de-madurez-digital\/#primaryimage"},"thumbnailUrl":"https:\/\/i0.wp.com\/pilt.com.ar\/parque-industrial\/wp-content\/uploads\/2022\/05\/TWEET-CONVENIO-CPCIPC-2022-.jpg?fit=1024%2C512&ssl=1","articleSection":["Noticias"],"inLanguage":"es","potentialAction":[{"@type":"CommentAction","name":"Comment","target":["https:\/\/pilt.com.ar\/parque-industrial\/se-lleva-adelante-en-el-pilt-un-relevamiento-de-madurez-digital\/#respond"]}]},{"@type":"WebPage","@id":"https:\/\/pilt.com.ar\/parque-industrial\/se-lleva-adelante-en-el-pilt-un-relevamiento-de-madurez-digital\/","url":"https:\/\/pilt.com.ar\/parque-industrial\/se-lleva-adelante-en-el-pilt-un-relevamiento-de-madurez-digital\/","name":"SE LLEVA ADELANTE EN EL PILT UN RELEVAMIENTO DE MADUREZ DIGITAL - PILT.com.ar","isPartOf":{"@id":"https:\/\/pilt.com.ar\/parque-industrial\/#website"},"primaryImageOfPage":{"@id":"https:\/\/pilt.com.ar\/parque-industrial\/se-lleva-adelante-en-el-pilt-un-relevamiento-de-madurez-digital\/#primaryimage"},"image":{"@id":"https:\/\/pilt.com.ar\/parque-industrial\/se-lleva-adelante-en-el-pilt-un-relevamiento-de-madurez-digital\/#primaryimage"},"thumbnailUrl":"https:\/\/i0.wp.com\/pilt.com.ar\/parque-industrial\/wp-content\/uploads\/2022\/05\/TWEET-CONVENIO-CPCIPC-2022-.jpg?fit=1024%2C512&ssl=1","datePublished":"2022-05-20T13:22:34+00:00","dateModified":"2022-05-20T13:22:35+00:00","author":{"@id":"https:\/\/pilt.com.ar\/parque-industrial\/#\/schema\/person\/2dfb9e2464de1c3deef20c25c30a8306"},"inLanguage":"es","potentialAction":[{"@type":"ReadAction","target":["https:\/\/pilt.com.ar\/parque-industrial\/se-lleva-adelante-en-el-pilt-un-relevamiento-de-madurez-digital\/"]}]},{"@type":"ImageObject","inLanguage":"es","@id":"https:\/\/pilt.com.ar\/parque-industrial\/se-lleva-adelante-en-el-pilt-un-relevamiento-de-madurez-digital\/#primaryimage","url":"https:\/\/i0.wp.com\/pilt.com.ar\/parque-industrial\/wp-content\/uploads\/2022\/05\/TWEET-CONVENIO-CPCIPC-2022-.jpg?fit=1024%2C512&ssl=1","contentUrl":"https:\/\/i0.wp.com\/pilt.com.ar\/parque-industrial\/wp-content\/uploads\/2022\/05\/TWEET-CONVENIO-CPCIPC-2022-.jpg?fit=1024%2C512&ssl=1","width":1024,"height":512},{"@type":"WebSite","@id":"https:\/\/pilt.com.ar\/parque-industrial\/#website","url":"https:\/\/pilt.com.ar\/parque-industrial\/","name":"PILT.com.ar","description":"Parque Industrial, Log\u00edstico y Tecnol\u00f3gico Villa Mar\u00eda","potentialAction":[{"@type":"SearchAction","target":{"@type":"EntryPoint","urlTemplate":"https:\/\/pilt.com.ar\/parque-industrial\/?s={search_term_string}"},"query-input":{"@type":"PropertyValueSpecification","valueRequired":true,"valueName":"search_term_string"}}],"inLanguage":"es"},{"@type":"Person","@id":"https:\/\/pilt.com.ar\/parque-industrial\/#\/schema\/person\/2dfb9e2464de1c3deef20c25c30a8306","name":"PILT","image":{"@type":"ImageObject","inLanguage":"es","@id":"https:\/\/secure.gravatar.com\/avatar\/5e3734c8d8c8e0b0d45f923c14a14d7b90521d573d02f0d91360a777095ee42b?s=96&d=mm&r=g","url":"https:\/\/secure.gravatar.com\/avatar\/5e3734c8d8c8e0b0d45f923c14a14d7b90521d573d02f0d91360a777095ee42b?s=96&d=mm&r=g","contentUrl":"https:\/\/secure.gravatar.com\/avatar\/5e3734c8d8c8e0b0d45f923c14a14d7b90521d573d02f0d91360a777095ee42b?s=96&d=mm&r=g","caption":"PILT"},"url":"https:\/\/pilt.com.ar\/parque-industrial\/author\/pilt\/"}]}},"jetpack_featured_media_url":"https:\/\/i0.wp.com\/pilt.com.ar\/parque-industrial\/wp-content\/uploads\/2022\/05\/TWEET-CONVENIO-CPCIPC-2022-.jpg?fit=1024%2C512&ssl=1","jetpack_sharing_enabled":true,"_links":{"self":[{"href":"https:\/\/pilt.com.ar\/parque-industrial\/wp-json\/wp\/v2\/posts\/2211","targetHints":{"allow":["GET"]}}],"collection":[{"href":"https:\/\/pilt.com.ar\/parque-industrial\/wp-json\/wp\/v2\/posts"}],"about":[{"href":"https:\/\/pilt.com.ar\/parque-industrial\/wp-json\/wp\/v2\/types\/post"}],"author":[{"embeddable":true,"href":"https:\/\/pilt.com.ar\/parque-industrial\/wp-json\/wp\/v2\/users\/3"}],"replies":[{"embeddable":true,"href":"https:\/\/pilt.com.ar\/parque-industrial\/wp-json\/wp\/v2\/comments?post=2211"}],"version-history":[{"count":1,"href":"https:\/\/pilt.com.ar\/parque-industrial\/wp-json\/wp\/v2\/posts\/2211\/revisions"}],"predecessor-version":[{"id":2213,"href":"https:\/\/pilt.com.ar\/parque-industrial\/wp-json\/wp\/v2\/posts\/2211\/revisions\/2213"}],"wp:featuredmedia":[{"embeddable":true,"href":"https:\/\/pilt.com.ar\/parque-industrial\/wp-json\/wp\/v2\/media\/2212"}],"wp:attachment":[{"href":"https:\/\/pilt.com.ar\/parque-industrial\/wp-json\/wp\/v2\/media?parent=2211"}],"wp:term":[{"taxonomy":"category","embeddable":true,"href":"https:\/\/pilt.com.ar\/parque-industrial\/wp-json\/wp\/v2\/categories?post=2211"},{"taxonomy":"post_tag","embeddable":true,"href":"https:\/\/pilt.com.ar\/parque-industrial\/wp-json\/wp\/v2\/tags?post=2211"}],"curies":[{"name":"wp","href":"https:\/\/api.w.org\/{rel}","templated":true}]}}