{"id":2208,"date":"2022-05-06T13:18:21","date_gmt":"2022-05-06T16:18:21","guid":{"rendered":"https:\/\/pilt.com.ar\/parque-industrial\/?p=2208"},"modified":"2022-05-06T13:18:22","modified_gmt":"2022-05-06T16:18:22","slug":"reconocieron-a-industrias-que-se-sumaron-al-pilt-en-2021","status":"publish","type":"post","link":"https:\/\/pilt.com.ar\/parque-industrial\/reconocieron-a-industrias-que-se-sumaron-al-pilt-en-2021\/","title":{"rendered":"RECONOCIERON A INDUSTRIAS QUE SE SUMARON AL PILT EN 2021"},"content":{"rendered":"\n<p class=\"has-text-align-center\"><strong><em>Con la presencia del Intendente municipal Mart\u00edn Gill, en el evento se distinguieron a cinco empresas que se incorporaron durante el a\u00f1o pasado<\/em><\/strong><em>.<\/em><\/p>\n\n\n\n<p class=\"has-text-align-justify\">En el sal\u00f3n de usos m\u00faltiples del Parque Industrial, Log\u00edstico y Tecnol\u00f3gico Villa Mar\u00eda (PILT) se llev\u00f3 a cabo un acto en donde entregaron certificados a empresas que adquirieron lotes para sumarse al predio o llevar a cabo ampliaciones de establecimientos durante el a\u00f1o pasado.<\/p>\n\n\n\n<p class=\"has-text-align-justify\">Del acto particip\u00f3 el intendente Mart\u00edn Gill, quien estuvo acompa\u00f1ado en la oportunidad por el jefe de Gabinete del Departamento Ejecutivo Municipal, H\u00e9ctor Mu\u00f1oz y gerente del PILT, Carlos Montoto Galiano.&nbsp;<\/p>\n\n\n\n<p class=\"has-text-align-justify\">El mandatario hizo menci\u00f3n a los inicios del Parque, cuando en realidad era solo un campo cercano a la ciudad. En ese sentido, record\u00f3 que la intenci\u00f3n fue en primer lugar contar con un espacio para la radicaci\u00f3n de industrias, pero tambi\u00e9n pensar en las condiciones de desarrollo a futuro. Por ese motivo, quienes trabajaron desde el inicio en el proyecto se abocaron a estudiar distintos aspectos relacionados con la planificaci\u00f3n y los modelos de administraci\u00f3n.<\/p>\n\n\n\n<p class=\"has-text-align-justify\">Asimismo, el jefe comunal se\u00f1al\u00f3 que el PILT es \u201cuno de los parques m\u00e1s importantes del interior del pa\u00eds. Siempre fue creciendo y se capitaliz\u00f3 enormemente; de 80 hect\u00e1reas iniciales pas\u00f3 a casi 150\u201d. Adem\u00e1s valor\u00f3 el esfuerzo p\u00fablico, privado y de los trabajadores para impulsar el emprendimiento, pronunci\u00e1ndose a favor de que \u201cnunca se deje de lado la pol\u00edtica de promoci\u00f3n industrial, especialmente aquellas vinculadas a las pymes\u201d.<\/p>\n\n\n\n<p class=\"has-text-align-justify\">A su turno, el gerente del PILT, quien represent\u00f3 al presidente de la entidad Ing. Carlos Pizzorno, resalt\u00f3 la decisi\u00f3n de las empresas que comenzaron a formar parte del Ente o aquellas que definieron ampliar sus estructuras.&nbsp;<\/p>\n\n\n\n<p class=\"has-text-align-justify\">Tambi\u00e9n estuvieron presentes el titular del Ente de Desarrollo Productivo y Tecnol\u00f3gico, Franco Monetti; el titular de AERCA, Juan Carlos Jacobo; las escribanas Alcira Spila y Natalia Dur\u00e1n; secretarios y funcionarios del Departamento Ejecutivo Municipal y directores del Ente.<\/p>\n\n\n\n<p><strong>Las empresas<\/strong><\/p>\n\n\n\n<p>Recibieron los certificados las siguientes empresas:<\/p>\n\n\n\n<ul class=\"wp-block-list\"><li>Ballesteros Mauricio, Nicol\u00e1s y Valeria: f\u00e1brica de aberturas de aluminio, ubicada en dos terrenos de 1.000 m2 aproximadamente cada uno, en la zona metalmec\u00e1nica del parque.<\/li><li>Bonetto C\u00e9sar: laboratorio de vacunas con destino animal, situado en un terreno de 2700 m2.<\/li><li>Genovese Alexis: empresa localizada en el sector de industrias varias, en dos terrenos de 1200 m2 cada uno, cuya fracci\u00f3n de tierra es destinada a la radicaci\u00f3n de una planta de servicio de almacenamiento a terceros.<\/li><li>Guillen Alfredo: planta destinada a la elaboraci\u00f3n y distribuci\u00f3n de productos alimenticios, emplazada en tres terrenos de 2700 m2 cada uno.<\/li><li>Piccinini C\u00e9sar Jos\u00e9: elaboraci\u00f3n y\/o fraccionamiento de insumos y aditivos para productos de panader\u00eda y confiter\u00eda. Se encuentra en el sector alimenticio del PILT, en un terreno de 2.700 m2.<\/li><\/ul>\n","protected":false},"excerpt":{"rendered":"<p>Con la presencia del Intendente municipal Mart\u00edn Gill, en el evento se distinguieron a cinco empresas que se incorporaron durante el a\u00f1o pasado. En el sal\u00f3n de usos m\u00faltiples del Parque Industrial, Log\u00edstico y Tecnol\u00f3gico Villa Mar\u00eda (PILT) se llev\u00f3 a cabo un acto en donde entregaron certificados a empresas que adquirieron lotes para sumarse [&hellip;]<\/p>\n","protected":false},"author":3,"featured_media":2209,"comment_status":"open","ping_status":"open","sticky":false,"template":"","format":"standard","meta":{"_jetpack_memberships_contains_paid_content":false,"footnotes":""},"categories":[2],"tags":[],"class_list":["post-2208","post","type-post","status-publish","format-standard","has-post-thumbnail","hentry","category-noticias"],"yoast_head":"<!-- This site is optimized with the Yoast SEO plugin v27.5 - https:\/\/yoast.com\/product\/yoast-seo-wordpress\/ -->\n<title>RECONOCIERON A INDUSTRIAS QUE SE SUMARON AL PILT EN 2021 - PILT.com.ar<\/title>\n<meta name=\"robots\" content=\"index, follow, max-snippet:-1, max-image-preview:large, max-video-preview:-1\" \/>\n<link rel=\"canonical\" href=\"https:\/\/pilt.com.ar\/parque-industrial\/reconocieron-a-industrias-que-se-sumaron-al-pilt-en-2021\/\" \/>\n<meta property=\"og:locale\" content=\"es_ES\" \/>\n<meta property=\"og:type\" content=\"article\" \/>\n<meta property=\"og:title\" content=\"RECONOCIERON A INDUSTRIAS QUE SE SUMARON AL PILT EN 2021 - PILT.com.ar\" \/>\n<meta property=\"og:description\" content=\"Con la presencia del Intendente municipal Mart\u00edn Gill, en el evento se distinguieron a cinco empresas que se incorporaron durante el a\u00f1o pasado. En el sal\u00f3n de usos m\u00faltiples del Parque Industrial, Log\u00edstico y Tecnol\u00f3gico Villa Mar\u00eda (PILT) se llev\u00f3 a cabo un acto en donde entregaron certificados a empresas que adquirieron lotes para sumarse [&hellip;]\" \/>\n<meta property=\"og:url\" content=\"https:\/\/pilt.com.ar\/parque-industrial\/reconocieron-a-industrias-que-se-sumaron-al-pilt-en-2021\/\" \/>\n<meta property=\"og:site_name\" content=\"PILT.com.ar\" \/>\n<meta property=\"article:published_time\" content=\"2022-05-06T16:18:21+00:00\" \/>\n<meta property=\"article:modified_time\" content=\"2022-05-06T16:18:22+00:00\" \/>\n<meta property=\"og:image\" content=\"https:\/\/i0.wp.com\/pilt.com.ar\/parque-industrial\/wp-content\/uploads\/2022\/05\/WhatsApp-Image-2022-05-06-at-10.44.19.jpeg?fit=1280%2C853&ssl=1\" \/>\n\t<meta property=\"og:image:width\" content=\"1280\" \/>\n\t<meta property=\"og:image:height\" content=\"853\" \/>\n\t<meta property=\"og:image:type\" content=\"image\/jpeg\" \/>\n<meta name=\"author\" content=\"PILT\" \/>\n<meta name=\"twitter:card\" content=\"summary_large_image\" \/>\n<meta name=\"twitter:label1\" content=\"Escrito por\" \/>\n\t<meta name=\"twitter:data1\" content=\"PILT\" \/>\n\t<meta name=\"twitter:label2\" content=\"Tiempo de lectura\" \/>\n\t<meta name=\"twitter:data2\" content=\"3 minutos\" \/>\n<script type=\"application\/ld+json\" class=\"yoast-schema-graph\">{\"@context\":\"https:\\\/\\\/schema.org\",\"@graph\":[{\"@type\":\"Article\",\"@id\":\"https:\\\/\\\/pilt.com.ar\\\/parque-industrial\\\/reconocieron-a-industrias-que-se-sumaron-al-pilt-en-2021\\\/#article\",\"isPartOf\":{\"@id\":\"https:\\\/\\\/pilt.com.ar\\\/parque-industrial\\\/reconocieron-a-industrias-que-se-sumaron-al-pilt-en-2021\\\/\"},\"author\":{\"name\":\"PILT\",\"@id\":\"https:\\\/\\\/pilt.com.ar\\\/parque-industrial\\\/#\\\/schema\\\/person\\\/2dfb9e2464de1c3deef20c25c30a8306\"},\"headline\":\"RECONOCIERON A INDUSTRIAS QUE SE SUMARON AL PILT EN 2021\",\"datePublished\":\"2022-05-06T16:18:21+00:00\",\"dateModified\":\"2022-05-06T16:18:22+00:00\",\"mainEntityOfPage\":{\"@id\":\"https:\\\/\\\/pilt.com.ar\\\/parque-industrial\\\/reconocieron-a-industrias-que-se-sumaron-al-pilt-en-2021\\\/\"},\"wordCount\":504,\"commentCount\":0,\"image\":{\"@id\":\"https:\\\/\\\/pilt.com.ar\\\/parque-industrial\\\/reconocieron-a-industrias-que-se-sumaron-al-pilt-en-2021\\\/#primaryimage\"},\"thumbnailUrl\":\"https:\\\/\\\/i0.wp.com\\\/pilt.com.ar\\\/parque-industrial\\\/wp-content\\\/uploads\\\/2022\\\/05\\\/WhatsApp-Image-2022-05-06-at-10.44.19.jpeg?fit=1280%2C853&ssl=1\",\"articleSection\":[\"Noticias\"],\"inLanguage\":\"es\",\"potentialAction\":[{\"@type\":\"CommentAction\",\"name\":\"Comment\",\"target\":[\"https:\\\/\\\/pilt.com.ar\\\/parque-industrial\\\/reconocieron-a-industrias-que-se-sumaron-al-pilt-en-2021\\\/#respond\"]}]},{\"@type\":\"WebPage\",\"@id\":\"https:\\\/\\\/pilt.com.ar\\\/parque-industrial\\\/reconocieron-a-industrias-que-se-sumaron-al-pilt-en-2021\\\/\",\"url\":\"https:\\\/\\\/pilt.com.ar\\\/parque-industrial\\\/reconocieron-a-industrias-que-se-sumaron-al-pilt-en-2021\\\/\",\"name\":\"RECONOCIERON A INDUSTRIAS QUE SE SUMARON AL PILT EN 2021 - PILT.com.ar\",\"isPartOf\":{\"@id\":\"https:\\\/\\\/pilt.com.ar\\\/parque-industrial\\\/#website\"},\"primaryImageOfPage\":{\"@id\":\"https:\\\/\\\/pilt.com.ar\\\/parque-industrial\\\/reconocieron-a-industrias-que-se-sumaron-al-pilt-en-2021\\\/#primaryimage\"},\"image\":{\"@id\":\"https:\\\/\\\/pilt.com.ar\\\/parque-industrial\\\/reconocieron-a-industrias-que-se-sumaron-al-pilt-en-2021\\\/#primaryimage\"},\"thumbnailUrl\":\"https:\\\/\\\/i0.wp.com\\\/pilt.com.ar\\\/parque-industrial\\\/wp-content\\\/uploads\\\/2022\\\/05\\\/WhatsApp-Image-2022-05-06-at-10.44.19.jpeg?fit=1280%2C853&ssl=1\",\"datePublished\":\"2022-05-06T16:18:21+00:00\",\"dateModified\":\"2022-05-06T16:18:22+00:00\",\"author\":{\"@id\":\"https:\\\/\\\/pilt.com.ar\\\/parque-industrial\\\/#\\\/schema\\\/person\\\/2dfb9e2464de1c3deef20c25c30a8306\"},\"inLanguage\":\"es\",\"potentialAction\":[{\"@type\":\"ReadAction\",\"target\":[\"https:\\\/\\\/pilt.com.ar\\\/parque-industrial\\\/reconocieron-a-industrias-que-se-sumaron-al-pilt-en-2021\\\/\"]}]},{\"@type\":\"ImageObject\",\"inLanguage\":\"es\",\"@id\":\"https:\\\/\\\/pilt.com.ar\\\/parque-industrial\\\/reconocieron-a-industrias-que-se-sumaron-al-pilt-en-2021\\\/#primaryimage\",\"url\":\"https:\\\/\\\/i0.wp.com\\\/pilt.com.ar\\\/parque-industrial\\\/wp-content\\\/uploads\\\/2022\\\/05\\\/WhatsApp-Image-2022-05-06-at-10.44.19.jpeg?fit=1280%2C853&ssl=1\",\"contentUrl\":\"https:\\\/\\\/i0.wp.com\\\/pilt.com.ar\\\/parque-industrial\\\/wp-content\\\/uploads\\\/2022\\\/05\\\/WhatsApp-Image-2022-05-06-at-10.44.19.jpeg?fit=1280%2C853&ssl=1\",\"width\":1280,\"height\":853},{\"@type\":\"WebSite\",\"@id\":\"https:\\\/\\\/pilt.com.ar\\\/parque-industrial\\\/#website\",\"url\":\"https:\\\/\\\/pilt.com.ar\\\/parque-industrial\\\/\",\"name\":\"PILT.com.ar\",\"description\":\"Parque Industrial, Log\u00edstico y Tecnol\u00f3gico Villa Mar\u00eda\",\"potentialAction\":[{\"@type\":\"SearchAction\",\"target\":{\"@type\":\"EntryPoint\",\"urlTemplate\":\"https:\\\/\\\/pilt.com.ar\\\/parque-industrial\\\/?s={search_term_string}\"},\"query-input\":{\"@type\":\"PropertyValueSpecification\",\"valueRequired\":true,\"valueName\":\"search_term_string\"}}],\"inLanguage\":\"es\"},{\"@type\":\"Person\",\"@id\":\"https:\\\/\\\/pilt.com.ar\\\/parque-industrial\\\/#\\\/schema\\\/person\\\/2dfb9e2464de1c3deef20c25c30a8306\",\"name\":\"PILT\",\"image\":{\"@type\":\"ImageObject\",\"inLanguage\":\"es\",\"@id\":\"https:\\\/\\\/secure.gravatar.com\\\/avatar\\\/5e3734c8d8c8e0b0d45f923c14a14d7b90521d573d02f0d91360a777095ee42b?s=96&d=mm&r=g\",\"url\":\"https:\\\/\\\/secure.gravatar.com\\\/avatar\\\/5e3734c8d8c8e0b0d45f923c14a14d7b90521d573d02f0d91360a777095ee42b?s=96&d=mm&r=g\",\"contentUrl\":\"https:\\\/\\\/secure.gravatar.com\\\/avatar\\\/5e3734c8d8c8e0b0d45f923c14a14d7b90521d573d02f0d91360a777095ee42b?s=96&d=mm&r=g\",\"caption\":\"PILT\"},\"url\":\"https:\\\/\\\/pilt.com.ar\\\/parque-industrial\\\/author\\\/pilt\\\/\"}]}<\/script>\n<!-- \/ Yoast SEO plugin. -->","yoast_head_json":{"title":"RECONOCIERON A INDUSTRIAS QUE SE SUMARON AL PILT EN 2021 - PILT.com.ar","robots":{"index":"index","follow":"follow","max-snippet":"max-snippet:-1","max-image-preview":"max-image-preview:large","max-video-preview":"max-video-preview:-1"},"canonical":"https:\/\/pilt.com.ar\/parque-industrial\/reconocieron-a-industrias-que-se-sumaron-al-pilt-en-2021\/","og_locale":"es_ES","og_type":"article","og_title":"RECONOCIERON A INDUSTRIAS QUE SE SUMARON AL PILT EN 2021 - PILT.com.ar","og_description":"Con la presencia del Intendente municipal Mart\u00edn Gill, en el evento se distinguieron a cinco empresas que se incorporaron durante el a\u00f1o pasado. En el sal\u00f3n de usos m\u00faltiples del Parque Industrial, Log\u00edstico y Tecnol\u00f3gico Villa Mar\u00eda (PILT) se llev\u00f3 a cabo un acto en donde entregaron certificados a empresas que adquirieron lotes para sumarse [&hellip;]","og_url":"https:\/\/pilt.com.ar\/parque-industrial\/reconocieron-a-industrias-que-se-sumaron-al-pilt-en-2021\/","og_site_name":"PILT.com.ar","article_published_time":"2022-05-06T16:18:21+00:00","article_modified_time":"2022-05-06T16:18:22+00:00","og_image":[{"width":1280,"height":853,"url":"https:\/\/i0.wp.com\/pilt.com.ar\/parque-industrial\/wp-content\/uploads\/2022\/05\/WhatsApp-Image-2022-05-06-at-10.44.19.jpeg?fit=1280%2C853&ssl=1","type":"image\/jpeg"}],"author":"PILT","twitter_card":"summary_large_image","twitter_misc":{"Escrito por":"PILT","Tiempo de lectura":"3 minutos"},"schema":{"@context":"https:\/\/schema.org","@graph":[{"@type":"Article","@id":"https:\/\/pilt.com.ar\/parque-industrial\/reconocieron-a-industrias-que-se-sumaron-al-pilt-en-2021\/#article","isPartOf":{"@id":"https:\/\/pilt.com.ar\/parque-industrial\/reconocieron-a-industrias-que-se-sumaron-al-pilt-en-2021\/"},"author":{"name":"PILT","@id":"https:\/\/pilt.com.ar\/parque-industrial\/#\/schema\/person\/2dfb9e2464de1c3deef20c25c30a8306"},"headline":"RECONOCIERON A INDUSTRIAS QUE SE SUMARON AL PILT EN 2021","datePublished":"2022-05-06T16:18:21+00:00","dateModified":"2022-05-06T16:18:22+00:00","mainEntityOfPage":{"@id":"https:\/\/pilt.com.ar\/parque-industrial\/reconocieron-a-industrias-que-se-sumaron-al-pilt-en-2021\/"},"wordCount":504,"commentCount":0,"image":{"@id":"https:\/\/pilt.com.ar\/parque-industrial\/reconocieron-a-industrias-que-se-sumaron-al-pilt-en-2021\/#primaryimage"},"thumbnailUrl":"https:\/\/i0.wp.com\/pilt.com.ar\/parque-industrial\/wp-content\/uploads\/2022\/05\/WhatsApp-Image-2022-05-06-at-10.44.19.jpeg?fit=1280%2C853&ssl=1","articleSection":["Noticias"],"inLanguage":"es","potentialAction":[{"@type":"CommentAction","name":"Comment","target":["https:\/\/pilt.com.ar\/parque-industrial\/reconocieron-a-industrias-que-se-sumaron-al-pilt-en-2021\/#respond"]}]},{"@type":"WebPage","@id":"https:\/\/pilt.com.ar\/parque-industrial\/reconocieron-a-industrias-que-se-sumaron-al-pilt-en-2021\/","url":"https:\/\/pilt.com.ar\/parque-industrial\/reconocieron-a-industrias-que-se-sumaron-al-pilt-en-2021\/","name":"RECONOCIERON A INDUSTRIAS QUE SE SUMARON AL PILT EN 2021 - PILT.com.ar","isPartOf":{"@id":"https:\/\/pilt.com.ar\/parque-industrial\/#website"},"primaryImageOfPage":{"@id":"https:\/\/pilt.com.ar\/parque-industrial\/reconocieron-a-industrias-que-se-sumaron-al-pilt-en-2021\/#primaryimage"},"image":{"@id":"https:\/\/pilt.com.ar\/parque-industrial\/reconocieron-a-industrias-que-se-sumaron-al-pilt-en-2021\/#primaryimage"},"thumbnailUrl":"https:\/\/i0.wp.com\/pilt.com.ar\/parque-industrial\/wp-content\/uploads\/2022\/05\/WhatsApp-Image-2022-05-06-at-10.44.19.jpeg?fit=1280%2C853&ssl=1","datePublished":"2022-05-06T16:18:21+00:00","dateModified":"2022-05-06T16:18:22+00:00","author":{"@id":"https:\/\/pilt.com.ar\/parque-industrial\/#\/schema\/person\/2dfb9e2464de1c3deef20c25c30a8306"},"inLanguage":"es","potentialAction":[{"@type":"ReadAction","target":["https:\/\/pilt.com.ar\/parque-industrial\/reconocieron-a-industrias-que-se-sumaron-al-pilt-en-2021\/"]}]},{"@type":"ImageObject","inLanguage":"es","@id":"https:\/\/pilt.com.ar\/parque-industrial\/reconocieron-a-industrias-que-se-sumaron-al-pilt-en-2021\/#primaryimage","url":"https:\/\/i0.wp.com\/pilt.com.ar\/parque-industrial\/wp-content\/uploads\/2022\/05\/WhatsApp-Image-2022-05-06-at-10.44.19.jpeg?fit=1280%2C853&ssl=1","contentUrl":"https:\/\/i0.wp.com\/pilt.com.ar\/parque-industrial\/wp-content\/uploads\/2022\/05\/WhatsApp-Image-2022-05-06-at-10.44.19.jpeg?fit=1280%2C853&ssl=1","width":1280,"height":853},{"@type":"WebSite","@id":"https:\/\/pilt.com.ar\/parque-industrial\/#website","url":"https:\/\/pilt.com.ar\/parque-industrial\/","name":"PILT.com.ar","description":"Parque Industrial, Log\u00edstico y Tecnol\u00f3gico Villa Mar\u00eda","potentialAction":[{"@type":"SearchAction","target":{"@type":"EntryPoint","urlTemplate":"https:\/\/pilt.com.ar\/parque-industrial\/?s={search_term_string}"},"query-input":{"@type":"PropertyValueSpecification","valueRequired":true,"valueName":"search_term_string"}}],"inLanguage":"es"},{"@type":"Person","@id":"https:\/\/pilt.com.ar\/parque-industrial\/#\/schema\/person\/2dfb9e2464de1c3deef20c25c30a8306","name":"PILT","image":{"@type":"ImageObject","inLanguage":"es","@id":"https:\/\/secure.gravatar.com\/avatar\/5e3734c8d8c8e0b0d45f923c14a14d7b90521d573d02f0d91360a777095ee42b?s=96&d=mm&r=g","url":"https:\/\/secure.gravatar.com\/avatar\/5e3734c8d8c8e0b0d45f923c14a14d7b90521d573d02f0d91360a777095ee42b?s=96&d=mm&r=g","contentUrl":"https:\/\/secure.gravatar.com\/avatar\/5e3734c8d8c8e0b0d45f923c14a14d7b90521d573d02f0d91360a777095ee42b?s=96&d=mm&r=g","caption":"PILT"},"url":"https:\/\/pilt.com.ar\/parque-industrial\/author\/pilt\/"}]}},"jetpack_featured_media_url":"https:\/\/i0.wp.com\/pilt.com.ar\/parque-industrial\/wp-content\/uploads\/2022\/05\/WhatsApp-Image-2022-05-06-at-10.44.19.jpeg?fit=1280%2C853&ssl=1","jetpack_sharing_enabled":true,"_links":{"self":[{"href":"https:\/\/pilt.com.ar\/parque-industrial\/wp-json\/wp\/v2\/posts\/2208","targetHints":{"allow":["GET"]}}],"collection":[{"href":"https:\/\/pilt.com.ar\/parque-industrial\/wp-json\/wp\/v2\/posts"}],"about":[{"href":"https:\/\/pilt.com.ar\/parque-industrial\/wp-json\/wp\/v2\/types\/post"}],"author":[{"embeddable":true,"href":"https:\/\/pilt.com.ar\/parque-industrial\/wp-json\/wp\/v2\/users\/3"}],"replies":[{"embeddable":true,"href":"https:\/\/pilt.com.ar\/parque-industrial\/wp-json\/wp\/v2\/comments?post=2208"}],"version-history":[{"count":1,"href":"https:\/\/pilt.com.ar\/parque-industrial\/wp-json\/wp\/v2\/posts\/2208\/revisions"}],"predecessor-version":[{"id":2210,"href":"https:\/\/pilt.com.ar\/parque-industrial\/wp-json\/wp\/v2\/posts\/2208\/revisions\/2210"}],"wp:featuredmedia":[{"embeddable":true,"href":"https:\/\/pilt.com.ar\/parque-industrial\/wp-json\/wp\/v2\/media\/2209"}],"wp:attachment":[{"href":"https:\/\/pilt.com.ar\/parque-industrial\/wp-json\/wp\/v2\/media?parent=2208"}],"wp:term":[{"taxonomy":"category","embeddable":true,"href":"https:\/\/pilt.com.ar\/parque-industrial\/wp-json\/wp\/v2\/categories?post=2208"},{"taxonomy":"post_tag","embeddable":true,"href":"https:\/\/pilt.com.ar\/parque-industrial\/wp-json\/wp\/v2\/tags?post=2208"}],"curies":[{"name":"wp","href":"https:\/\/api.w.org\/{rel}","templated":true}]}}