{"id":2195,"date":"2022-04-29T10:54:38","date_gmt":"2022-04-29T13:54:38","guid":{"rendered":"https:\/\/pilt.com.ar\/parque-industrial\/?p=2195"},"modified":"2022-04-29T10:54:39","modified_gmt":"2022-04-29T13:54:39","slug":"visitaron-el-pilt-miembros-del-departamento-de-jovenes-industriales-de-la-uic","status":"publish","type":"post","link":"https:\/\/pilt.com.ar\/parque-industrial\/visitaron-el-pilt-miembros-del-departamento-de-jovenes-industriales-de-la-uic\/","title":{"rendered":"VISITARON EL PILT MIEMBROS DEL DEPARTAMENTO DE J\u00d3VENES INDUSTRIALES DE LA UIC"},"content":{"rendered":"\n<p class=\"has-text-align-center\"><strong><em>Una nutrida delegaci\u00f3n de empresarios pertenecientes a la entidad provincial se interioriz\u00f3 sobre distintos aspectos del funcionamiento del Parque.<\/em><\/strong><\/p>\n\n\n\n<p class=\"has-text-align-justify\">El presidente del Parque Industrial, Log\u00edstico y Tecnol\u00f3gico Villa Mar\u00eda (PILT), Ing. Carlos Pizzorno, y el gerente de la entidad, Lic. Carlos Montoto Galiano, recibieron a una delegaci\u00f3n del Departamento de J\u00f3venes Industriales de la Uni\u00f3n Industrial de C\u00f3rdoba (UIC), encabezados por su presidente, Federico Rodr\u00edguez, y la vicepresidenta Nadia Ceppo. Los j\u00f3venes concurrieron acompa\u00f1ados por el gerente de AERCA, Lic. Ignacio Tovo.<\/p>\n\n\n\n<p class=\"has-text-align-justify\">El encuentro se concret\u00f3 inicialmente en el sal\u00f3n de usos m\u00faltiples de la Administraci\u00f3n, en donde Pizzorno explic\u00f3 las caracter\u00edsticas productivas de la regi\u00f3n y del propio Parque Industrial, marcando las ventajas que presenta para las organizaciones all\u00ed emplazadas. En ese sentido, indic\u00f3 que el PILT \u201ces una empresa s\u00f3lida y bien capitalizada. Hace 10 a\u00f1os esto era una superficie agr\u00edcola, mientras que en la actualidad cuenta con enormes inversiones, fundamentalmente a partir de la venta de los terrenos\u201d.<\/p>\n\n\n\n<p class=\"has-text-align-justify\">Por otra parte, sostuvo que la entidad no alienta proyectos a los que no ve factibilidad, ya que \u201cno somos una inmobiliaria; no queremos vender terrenos sino que los proyectos funcionen\u201d.<\/p>\n\n\n\n<p class=\"has-text-align-justify\">A su vez, Montoto Galiano coment\u00f3 los alcances del Programa Nave para Emprendedores, que consiste en ofrecer a nuevos desarrollos un espacio f\u00edsico con todas las comodidades para que lleven adelante sus actividades. Adem\u00e1s, enumer\u00f3 datos del predio, como la cantidad de hect\u00e1reas, los servicios de videovigilancia e iluminaci\u00f3n inteligente, que en poco tiempo m\u00e1s se pondr\u00e1 en marcha (que incluir\u00e1 214 puntos de luz), posibilidades de abastecimiento de energ\u00eda, infraestructura y futuro coworking.<\/p>\n\n\n\n<p class=\"has-text-align-justify\">Con posterioridad la comitiva visit\u00f3 una empresa asociada y tambi\u00e9n la Nave para Emprendedores I.<\/p>\n\n\n\n<p><strong>Protocolo de trabajo<\/strong><\/p>\n\n\n\n<p class=\"has-text-align-justify\">Durante el d\u00eda de ayer el gerente del PILT, Lic. Carlos Montoto Galiano, y el decano del Instituto Acad\u00e9mico Pedag\u00f3gico de Ciencias Sociales (IAPCS) de la UNVM, Gabriel Su\u00e1rez Fossaceca, rubricaron un protocolo de trabajo para vincular ambos espacios y realizar tareas en conjunto, en el marco de un convenio marco ya existente entre la casa de altos estudios y el Ente.<\/p>\n\n\n\n<p class=\"has-text-align-justify\">De tal forma, acordaron implementar un Centro de Vinculaci\u00f3n cuyo objetivo principal ser\u00e1 propiciar, asociar y articular la participaci\u00f3n entre las partes, a los fines de cooperar en las actividades de gesti\u00f3n, tendiendo puentes de doble v\u00eda en la realizaci\u00f3n de proyectos y actividades relacionadas a los procesos de formaci\u00f3n y de producci\u00f3n de conocimiento acad\u00e9mico, a partir de las tareas propias inherentes a cada una de las partes.<\/p>\n\n\n\n<p class=\"has-text-align-justify\">Entre las actividades en com\u00fan enumeradas se mencionan pr\u00e1cticas pre-profesionales; pasant\u00edas; espacios de investigaci\u00f3n; proyectos de intervenci\u00f3n; acciones de transferencia, de promoci\u00f3n social, de compromiso ambiental, de concientizaci\u00f3n acerca de desigualdades sociales; defensa de Derechos Humanos; promoci\u00f3n y resguardo de sectores sociales, econ\u00f3micos, culturales, entre otros.<\/p>\n","protected":false},"excerpt":{"rendered":"<p>Una nutrida delegaci\u00f3n de empresarios pertenecientes a la entidad provincial se interioriz\u00f3 sobre distintos aspectos del funcionamiento del Parque. El presidente del Parque Industrial, Log\u00edstico y Tecnol\u00f3gico Villa Mar\u00eda (PILT), Ing. Carlos Pizzorno, y el gerente de la entidad, Lic. Carlos Montoto Galiano, recibieron a una delegaci\u00f3n del Departamento de J\u00f3venes Industriales de la Uni\u00f3n [&hellip;]<\/p>\n","protected":false},"author":3,"featured_media":2196,"comment_status":"open","ping_status":"open","sticky":false,"template":"","format":"standard","meta":{"_jetpack_memberships_contains_paid_content":false,"footnotes":""},"categories":[2],"tags":[],"class_list":["post-2195","post","type-post","status-publish","format-standard","has-post-thumbnail","hentry","category-noticias"],"yoast_head":"<!-- This site is optimized with the Yoast SEO plugin v27.5 - https:\/\/yoast.com\/product\/yoast-seo-wordpress\/ -->\n<title>VISITARON EL PILT MIEMBROS DEL DEPARTAMENTO DE J\u00d3VENES INDUSTRIALES DE LA UIC - PILT.com.ar<\/title>\n<meta name=\"robots\" content=\"index, follow, max-snippet:-1, max-image-preview:large, max-video-preview:-1\" \/>\n<link rel=\"canonical\" href=\"https:\/\/pilt.com.ar\/parque-industrial\/visitaron-el-pilt-miembros-del-departamento-de-jovenes-industriales-de-la-uic\/\" \/>\n<meta property=\"og:locale\" content=\"es_ES\" \/>\n<meta property=\"og:type\" content=\"article\" \/>\n<meta property=\"og:title\" content=\"VISITARON EL PILT MIEMBROS DEL DEPARTAMENTO DE J\u00d3VENES INDUSTRIALES DE LA UIC - PILT.com.ar\" \/>\n<meta property=\"og:description\" content=\"Una nutrida delegaci\u00f3n de empresarios pertenecientes a la entidad provincial se interioriz\u00f3 sobre distintos aspectos del funcionamiento del Parque. El presidente del Parque Industrial, Log\u00edstico y Tecnol\u00f3gico Villa Mar\u00eda (PILT), Ing. Carlos Pizzorno, y el gerente de la entidad, Lic. Carlos Montoto Galiano, recibieron a una delegaci\u00f3n del Departamento de J\u00f3venes Industriales de la Uni\u00f3n [&hellip;]\" \/>\n<meta property=\"og:url\" content=\"https:\/\/pilt.com.ar\/parque-industrial\/visitaron-el-pilt-miembros-del-departamento-de-jovenes-industriales-de-la-uic\/\" \/>\n<meta property=\"og:site_name\" content=\"PILT.com.ar\" \/>\n<meta property=\"article:published_time\" content=\"2022-04-29T13:54:38+00:00\" \/>\n<meta property=\"article:modified_time\" content=\"2022-04-29T13:54:39+00:00\" \/>\n<meta property=\"og:image\" content=\"https:\/\/i0.wp.com\/pilt.com.ar\/parque-industrial\/wp-content\/uploads\/2022\/04\/WhatsApp-Image-2022-04-28-at-16.52.35.jpeg?fit=1280%2C853&ssl=1\" \/>\n\t<meta property=\"og:image:width\" content=\"1280\" \/>\n\t<meta property=\"og:image:height\" content=\"853\" \/>\n\t<meta property=\"og:image:type\" content=\"image\/jpeg\" \/>\n<meta name=\"author\" content=\"PILT\" \/>\n<meta name=\"twitter:card\" content=\"summary_large_image\" \/>\n<meta name=\"twitter:label1\" content=\"Escrito por\" \/>\n\t<meta name=\"twitter:data1\" content=\"PILT\" \/>\n\t<meta name=\"twitter:label2\" content=\"Tiempo de lectura\" \/>\n\t<meta name=\"twitter:data2\" content=\"3 minutos\" \/>\n<script type=\"application\/ld+json\" class=\"yoast-schema-graph\">{\"@context\":\"https:\\\/\\\/schema.org\",\"@graph\":[{\"@type\":\"Article\",\"@id\":\"https:\\\/\\\/pilt.com.ar\\\/parque-industrial\\\/visitaron-el-pilt-miembros-del-departamento-de-jovenes-industriales-de-la-uic\\\/#article\",\"isPartOf\":{\"@id\":\"https:\\\/\\\/pilt.com.ar\\\/parque-industrial\\\/visitaron-el-pilt-miembros-del-departamento-de-jovenes-industriales-de-la-uic\\\/\"},\"author\":{\"name\":\"PILT\",\"@id\":\"https:\\\/\\\/pilt.com.ar\\\/parque-industrial\\\/#\\\/schema\\\/person\\\/2dfb9e2464de1c3deef20c25c30a8306\"},\"headline\":\"VISITARON EL PILT MIEMBROS DEL DEPARTAMENTO DE J\u00d3VENES INDUSTRIALES DE LA UIC\",\"datePublished\":\"2022-04-29T13:54:38+00:00\",\"dateModified\":\"2022-04-29T13:54:39+00:00\",\"mainEntityOfPage\":{\"@id\":\"https:\\\/\\\/pilt.com.ar\\\/parque-industrial\\\/visitaron-el-pilt-miembros-del-departamento-de-jovenes-industriales-de-la-uic\\\/\"},\"wordCount\":519,\"commentCount\":0,\"image\":{\"@id\":\"https:\\\/\\\/pilt.com.ar\\\/parque-industrial\\\/visitaron-el-pilt-miembros-del-departamento-de-jovenes-industriales-de-la-uic\\\/#primaryimage\"},\"thumbnailUrl\":\"https:\\\/\\\/i0.wp.com\\\/pilt.com.ar\\\/parque-industrial\\\/wp-content\\\/uploads\\\/2022\\\/04\\\/WhatsApp-Image-2022-04-28-at-16.52.35.jpeg?fit=1280%2C853&ssl=1\",\"articleSection\":[\"Noticias\"],\"inLanguage\":\"es\",\"potentialAction\":[{\"@type\":\"CommentAction\",\"name\":\"Comment\",\"target\":[\"https:\\\/\\\/pilt.com.ar\\\/parque-industrial\\\/visitaron-el-pilt-miembros-del-departamento-de-jovenes-industriales-de-la-uic\\\/#respond\"]}]},{\"@type\":\"WebPage\",\"@id\":\"https:\\\/\\\/pilt.com.ar\\\/parque-industrial\\\/visitaron-el-pilt-miembros-del-departamento-de-jovenes-industriales-de-la-uic\\\/\",\"url\":\"https:\\\/\\\/pilt.com.ar\\\/parque-industrial\\\/visitaron-el-pilt-miembros-del-departamento-de-jovenes-industriales-de-la-uic\\\/\",\"name\":\"VISITARON EL PILT MIEMBROS DEL DEPARTAMENTO DE J\u00d3VENES INDUSTRIALES DE LA UIC - PILT.com.ar\",\"isPartOf\":{\"@id\":\"https:\\\/\\\/pilt.com.ar\\\/parque-industrial\\\/#website\"},\"primaryImageOfPage\":{\"@id\":\"https:\\\/\\\/pilt.com.ar\\\/parque-industrial\\\/visitaron-el-pilt-miembros-del-departamento-de-jovenes-industriales-de-la-uic\\\/#primaryimage\"},\"image\":{\"@id\":\"https:\\\/\\\/pilt.com.ar\\\/parque-industrial\\\/visitaron-el-pilt-miembros-del-departamento-de-jovenes-industriales-de-la-uic\\\/#primaryimage\"},\"thumbnailUrl\":\"https:\\\/\\\/i0.wp.com\\\/pilt.com.ar\\\/parque-industrial\\\/wp-content\\\/uploads\\\/2022\\\/04\\\/WhatsApp-Image-2022-04-28-at-16.52.35.jpeg?fit=1280%2C853&ssl=1\",\"datePublished\":\"2022-04-29T13:54:38+00:00\",\"dateModified\":\"2022-04-29T13:54:39+00:00\",\"author\":{\"@id\":\"https:\\\/\\\/pilt.com.ar\\\/parque-industrial\\\/#\\\/schema\\\/person\\\/2dfb9e2464de1c3deef20c25c30a8306\"},\"inLanguage\":\"es\",\"potentialAction\":[{\"@type\":\"ReadAction\",\"target\":[\"https:\\\/\\\/pilt.com.ar\\\/parque-industrial\\\/visitaron-el-pilt-miembros-del-departamento-de-jovenes-industriales-de-la-uic\\\/\"]}]},{\"@type\":\"ImageObject\",\"inLanguage\":\"es\",\"@id\":\"https:\\\/\\\/pilt.com.ar\\\/parque-industrial\\\/visitaron-el-pilt-miembros-del-departamento-de-jovenes-industriales-de-la-uic\\\/#primaryimage\",\"url\":\"https:\\\/\\\/i0.wp.com\\\/pilt.com.ar\\\/parque-industrial\\\/wp-content\\\/uploads\\\/2022\\\/04\\\/WhatsApp-Image-2022-04-28-at-16.52.35.jpeg?fit=1280%2C853&ssl=1\",\"contentUrl\":\"https:\\\/\\\/i0.wp.com\\\/pilt.com.ar\\\/parque-industrial\\\/wp-content\\\/uploads\\\/2022\\\/04\\\/WhatsApp-Image-2022-04-28-at-16.52.35.jpeg?fit=1280%2C853&ssl=1\",\"width\":1280,\"height\":853},{\"@type\":\"WebSite\",\"@id\":\"https:\\\/\\\/pilt.com.ar\\\/parque-industrial\\\/#website\",\"url\":\"https:\\\/\\\/pilt.com.ar\\\/parque-industrial\\\/\",\"name\":\"PILT.com.ar\",\"description\":\"Parque Industrial, Log\u00edstico y Tecnol\u00f3gico Villa Mar\u00eda\",\"potentialAction\":[{\"@type\":\"SearchAction\",\"target\":{\"@type\":\"EntryPoint\",\"urlTemplate\":\"https:\\\/\\\/pilt.com.ar\\\/parque-industrial\\\/?s={search_term_string}\"},\"query-input\":{\"@type\":\"PropertyValueSpecification\",\"valueRequired\":true,\"valueName\":\"search_term_string\"}}],\"inLanguage\":\"es\"},{\"@type\":\"Person\",\"@id\":\"https:\\\/\\\/pilt.com.ar\\\/parque-industrial\\\/#\\\/schema\\\/person\\\/2dfb9e2464de1c3deef20c25c30a8306\",\"name\":\"PILT\",\"image\":{\"@type\":\"ImageObject\",\"inLanguage\":\"es\",\"@id\":\"https:\\\/\\\/secure.gravatar.com\\\/avatar\\\/5e3734c8d8c8e0b0d45f923c14a14d7b90521d573d02f0d91360a777095ee42b?s=96&d=mm&r=g\",\"url\":\"https:\\\/\\\/secure.gravatar.com\\\/avatar\\\/5e3734c8d8c8e0b0d45f923c14a14d7b90521d573d02f0d91360a777095ee42b?s=96&d=mm&r=g\",\"contentUrl\":\"https:\\\/\\\/secure.gravatar.com\\\/avatar\\\/5e3734c8d8c8e0b0d45f923c14a14d7b90521d573d02f0d91360a777095ee42b?s=96&d=mm&r=g\",\"caption\":\"PILT\"},\"url\":\"https:\\\/\\\/pilt.com.ar\\\/parque-industrial\\\/author\\\/pilt\\\/\"}]}<\/script>\n<!-- \/ Yoast SEO plugin. -->","yoast_head_json":{"title":"VISITARON EL PILT MIEMBROS DEL DEPARTAMENTO DE J\u00d3VENES INDUSTRIALES DE LA UIC - PILT.com.ar","robots":{"index":"index","follow":"follow","max-snippet":"max-snippet:-1","max-image-preview":"max-image-preview:large","max-video-preview":"max-video-preview:-1"},"canonical":"https:\/\/pilt.com.ar\/parque-industrial\/visitaron-el-pilt-miembros-del-departamento-de-jovenes-industriales-de-la-uic\/","og_locale":"es_ES","og_type":"article","og_title":"VISITARON EL PILT MIEMBROS DEL DEPARTAMENTO DE J\u00d3VENES INDUSTRIALES DE LA UIC - PILT.com.ar","og_description":"Una nutrida delegaci\u00f3n de empresarios pertenecientes a la entidad provincial se interioriz\u00f3 sobre distintos aspectos del funcionamiento del Parque. El presidente del Parque Industrial, Log\u00edstico y Tecnol\u00f3gico Villa Mar\u00eda (PILT), Ing. Carlos Pizzorno, y el gerente de la entidad, Lic. Carlos Montoto Galiano, recibieron a una delegaci\u00f3n del Departamento de J\u00f3venes Industriales de la Uni\u00f3n [&hellip;]","og_url":"https:\/\/pilt.com.ar\/parque-industrial\/visitaron-el-pilt-miembros-del-departamento-de-jovenes-industriales-de-la-uic\/","og_site_name":"PILT.com.ar","article_published_time":"2022-04-29T13:54:38+00:00","article_modified_time":"2022-04-29T13:54:39+00:00","og_image":[{"width":1280,"height":853,"url":"https:\/\/i0.wp.com\/pilt.com.ar\/parque-industrial\/wp-content\/uploads\/2022\/04\/WhatsApp-Image-2022-04-28-at-16.52.35.jpeg?fit=1280%2C853&ssl=1","type":"image\/jpeg"}],"author":"PILT","twitter_card":"summary_large_image","twitter_misc":{"Escrito por":"PILT","Tiempo de lectura":"3 minutos"},"schema":{"@context":"https:\/\/schema.org","@graph":[{"@type":"Article","@id":"https:\/\/pilt.com.ar\/parque-industrial\/visitaron-el-pilt-miembros-del-departamento-de-jovenes-industriales-de-la-uic\/#article","isPartOf":{"@id":"https:\/\/pilt.com.ar\/parque-industrial\/visitaron-el-pilt-miembros-del-departamento-de-jovenes-industriales-de-la-uic\/"},"author":{"name":"PILT","@id":"https:\/\/pilt.com.ar\/parque-industrial\/#\/schema\/person\/2dfb9e2464de1c3deef20c25c30a8306"},"headline":"VISITARON EL PILT MIEMBROS DEL DEPARTAMENTO DE J\u00d3VENES INDUSTRIALES DE LA UIC","datePublished":"2022-04-29T13:54:38+00:00","dateModified":"2022-04-29T13:54:39+00:00","mainEntityOfPage":{"@id":"https:\/\/pilt.com.ar\/parque-industrial\/visitaron-el-pilt-miembros-del-departamento-de-jovenes-industriales-de-la-uic\/"},"wordCount":519,"commentCount":0,"image":{"@id":"https:\/\/pilt.com.ar\/parque-industrial\/visitaron-el-pilt-miembros-del-departamento-de-jovenes-industriales-de-la-uic\/#primaryimage"},"thumbnailUrl":"https:\/\/i0.wp.com\/pilt.com.ar\/parque-industrial\/wp-content\/uploads\/2022\/04\/WhatsApp-Image-2022-04-28-at-16.52.35.jpeg?fit=1280%2C853&ssl=1","articleSection":["Noticias"],"inLanguage":"es","potentialAction":[{"@type":"CommentAction","name":"Comment","target":["https:\/\/pilt.com.ar\/parque-industrial\/visitaron-el-pilt-miembros-del-departamento-de-jovenes-industriales-de-la-uic\/#respond"]}]},{"@type":"WebPage","@id":"https:\/\/pilt.com.ar\/parque-industrial\/visitaron-el-pilt-miembros-del-departamento-de-jovenes-industriales-de-la-uic\/","url":"https:\/\/pilt.com.ar\/parque-industrial\/visitaron-el-pilt-miembros-del-departamento-de-jovenes-industriales-de-la-uic\/","name":"VISITARON EL PILT MIEMBROS DEL DEPARTAMENTO DE J\u00d3VENES INDUSTRIALES DE LA UIC - PILT.com.ar","isPartOf":{"@id":"https:\/\/pilt.com.ar\/parque-industrial\/#website"},"primaryImageOfPage":{"@id":"https:\/\/pilt.com.ar\/parque-industrial\/visitaron-el-pilt-miembros-del-departamento-de-jovenes-industriales-de-la-uic\/#primaryimage"},"image":{"@id":"https:\/\/pilt.com.ar\/parque-industrial\/visitaron-el-pilt-miembros-del-departamento-de-jovenes-industriales-de-la-uic\/#primaryimage"},"thumbnailUrl":"https:\/\/i0.wp.com\/pilt.com.ar\/parque-industrial\/wp-content\/uploads\/2022\/04\/WhatsApp-Image-2022-04-28-at-16.52.35.jpeg?fit=1280%2C853&ssl=1","datePublished":"2022-04-29T13:54:38+00:00","dateModified":"2022-04-29T13:54:39+00:00","author":{"@id":"https:\/\/pilt.com.ar\/parque-industrial\/#\/schema\/person\/2dfb9e2464de1c3deef20c25c30a8306"},"inLanguage":"es","potentialAction":[{"@type":"ReadAction","target":["https:\/\/pilt.com.ar\/parque-industrial\/visitaron-el-pilt-miembros-del-departamento-de-jovenes-industriales-de-la-uic\/"]}]},{"@type":"ImageObject","inLanguage":"es","@id":"https:\/\/pilt.com.ar\/parque-industrial\/visitaron-el-pilt-miembros-del-departamento-de-jovenes-industriales-de-la-uic\/#primaryimage","url":"https:\/\/i0.wp.com\/pilt.com.ar\/parque-industrial\/wp-content\/uploads\/2022\/04\/WhatsApp-Image-2022-04-28-at-16.52.35.jpeg?fit=1280%2C853&ssl=1","contentUrl":"https:\/\/i0.wp.com\/pilt.com.ar\/parque-industrial\/wp-content\/uploads\/2022\/04\/WhatsApp-Image-2022-04-28-at-16.52.35.jpeg?fit=1280%2C853&ssl=1","width":1280,"height":853},{"@type":"WebSite","@id":"https:\/\/pilt.com.ar\/parque-industrial\/#website","url":"https:\/\/pilt.com.ar\/parque-industrial\/","name":"PILT.com.ar","description":"Parque Industrial, Log\u00edstico y Tecnol\u00f3gico Villa Mar\u00eda","potentialAction":[{"@type":"SearchAction","target":{"@type":"EntryPoint","urlTemplate":"https:\/\/pilt.com.ar\/parque-industrial\/?s={search_term_string}"},"query-input":{"@type":"PropertyValueSpecification","valueRequired":true,"valueName":"search_term_string"}}],"inLanguage":"es"},{"@type":"Person","@id":"https:\/\/pilt.com.ar\/parque-industrial\/#\/schema\/person\/2dfb9e2464de1c3deef20c25c30a8306","name":"PILT","image":{"@type":"ImageObject","inLanguage":"es","@id":"https:\/\/secure.gravatar.com\/avatar\/5e3734c8d8c8e0b0d45f923c14a14d7b90521d573d02f0d91360a777095ee42b?s=96&d=mm&r=g","url":"https:\/\/secure.gravatar.com\/avatar\/5e3734c8d8c8e0b0d45f923c14a14d7b90521d573d02f0d91360a777095ee42b?s=96&d=mm&r=g","contentUrl":"https:\/\/secure.gravatar.com\/avatar\/5e3734c8d8c8e0b0d45f923c14a14d7b90521d573d02f0d91360a777095ee42b?s=96&d=mm&r=g","caption":"PILT"},"url":"https:\/\/pilt.com.ar\/parque-industrial\/author\/pilt\/"}]}},"jetpack_featured_media_url":"https:\/\/i0.wp.com\/pilt.com.ar\/parque-industrial\/wp-content\/uploads\/2022\/04\/WhatsApp-Image-2022-04-28-at-16.52.35.jpeg?fit=1280%2C853&ssl=1","jetpack_sharing_enabled":true,"_links":{"self":[{"href":"https:\/\/pilt.com.ar\/parque-industrial\/wp-json\/wp\/v2\/posts\/2195","targetHints":{"allow":["GET"]}}],"collection":[{"href":"https:\/\/pilt.com.ar\/parque-industrial\/wp-json\/wp\/v2\/posts"}],"about":[{"href":"https:\/\/pilt.com.ar\/parque-industrial\/wp-json\/wp\/v2\/types\/post"}],"author":[{"embeddable":true,"href":"https:\/\/pilt.com.ar\/parque-industrial\/wp-json\/wp\/v2\/users\/3"}],"replies":[{"embeddable":true,"href":"https:\/\/pilt.com.ar\/parque-industrial\/wp-json\/wp\/v2\/comments?post=2195"}],"version-history":[{"count":1,"href":"https:\/\/pilt.com.ar\/parque-industrial\/wp-json\/wp\/v2\/posts\/2195\/revisions"}],"predecessor-version":[{"id":2197,"href":"https:\/\/pilt.com.ar\/parque-industrial\/wp-json\/wp\/v2\/posts\/2195\/revisions\/2197"}],"wp:featuredmedia":[{"embeddable":true,"href":"https:\/\/pilt.com.ar\/parque-industrial\/wp-json\/wp\/v2\/media\/2196"}],"wp:attachment":[{"href":"https:\/\/pilt.com.ar\/parque-industrial\/wp-json\/wp\/v2\/media?parent=2195"}],"wp:term":[{"taxonomy":"category","embeddable":true,"href":"https:\/\/pilt.com.ar\/parque-industrial\/wp-json\/wp\/v2\/categories?post=2195"},{"taxonomy":"post_tag","embeddable":true,"href":"https:\/\/pilt.com.ar\/parque-industrial\/wp-json\/wp\/v2\/tags?post=2195"}],"curies":[{"name":"wp","href":"https:\/\/api.w.org\/{rel}","templated":true}]}}