{"id":2192,"date":"2022-04-22T11:04:00","date_gmt":"2022-04-22T14:04:00","guid":{"rendered":"https:\/\/pilt.com.ar\/parque-industrial\/?p=2192"},"modified":"2022-04-22T11:04:00","modified_gmt":"2022-04-22T14:04:00","slug":"reunion-con-representante-de-la-agencia-cordoba-innovar-y-emprender","status":"publish","type":"post","link":"https:\/\/pilt.com.ar\/parque-industrial\/reunion-con-representante-de-la-agencia-cordoba-innovar-y-emprender\/","title":{"rendered":"REUNI\u00d3N CON REPRESENTANTE DE LA AGENCIA C\u00d3RDOBA INNOVAR Y EMPRENDER"},"content":{"rendered":"\n<p class=\"has-text-align-center\"><strong><em>El directorio del PILT mantuvo un encuentro con el gerente AgTech de la repartici\u00f3n provincial para interiorizarse sobre opciones de financiamiento.<\/em><\/strong><\/p>\n\n\n\n<p class=\"has-text-align-justify\">D\u00edas pasados el presidente del Parque Industrial, Log\u00edstico y Tecnol\u00f3gico Villa Mar\u00eda (PILT), ing. Carlos Pizzorno, recibi\u00f3 al gerente AgTech de la Agencia C\u00f3rdoba Innovar y Emprender, quien desarrolla actividades en la sede R\u00edo Cuarto de la entidad. En el encuentro el funcionario relat\u00f3 las acciones que llevan adelante en esa ciudad del sur provincial (\u00fanica sede del interior), enfocadas fundamentalmente en emprendimientos de alto contenido t\u00e9cnico relacionados al sector agropecuario.<\/p>\n\n\n\n<p class=\"has-text-align-justify\">En la oportunidad, el Ing. Pizzorno estuvo acompa\u00f1ado por el Gerente del PILT, Carlos Montoto Galiano, y el resto de los integrantes del Directorio: Abg. Ezequiel Cerezo; Inf. Gustavo G\u00f3mez Arrufat; Diego Colinas; Dante Urli; Alexis Genovese; Cr. Oscar Milanesio y Cr. Alejandro Caruso.<\/p>\n\n\n\n<p class=\"has-text-align-justify\">Durante el encuentro los directivos dialogaron con el gerente de la citada dependencia sobre la importancia de vincular ambos espacios para difundir en la ciudad y regi\u00f3n las actividades relacionadas con el emprendedorismo, particularmente cuestiones inherentes a fondos de coinversi\u00f3n. Vale mencionar que ese tipo de fondeo involucra a un inversor privado que realiza un aporte econ\u00f3mico a un emprendimiento, que tambi\u00e9n cuenta con el acompa\u00f1amiento de Agencia, hasta cierto l\u00edmite seg\u00fan el reglamento previsto.<\/p>\n\n\n\n<p class=\"has-text-align-justify\">Actualmente existe una convocatoria abierta destinada a proyectos cient\u00edfico-tecnol\u00f3gicos que desarrollen actividades enmarcadas en el campo de la biotecnolog\u00eda. Pueden aplicar empresas emplazadas en la provincia con una antig\u00fcedad menor a 7 a\u00f1os, con al menos dos personas, y que &nbsp;cuenten con un acuerdo o compromiso de inversi\u00f3n de un aportante privado (denominado inversor \u00e1ngel), una aceleradora o un fondo de inversi\u00f3n. El m\u00e1ximo aporte al que se puede acceder por parte de la entidad es de 5 millones de pesos.<\/p>\n\n\n\n<p class=\"has-text-align-justify\">El gerente del PILT, Carlos Montoto Galiano, afirm\u00f3 que \u201cnuestra idea siempre es tratar de promover opciones de apoyo financiero blando para los miembros del programa Nave para Emprendedores y, porque no, para el resto de los socios. La intenci\u00f3n es generar un v\u00ednculo para en el futuro ser un referente en este tipo de inversiones a nivel local\u201d.<\/p>\n","protected":false},"excerpt":{"rendered":"<p>El directorio del PILT mantuvo un encuentro con el gerente AgTech de la repartici\u00f3n provincial para interiorizarse sobre opciones de financiamiento. D\u00edas pasados el presidente del Parque Industrial, Log\u00edstico y Tecnol\u00f3gico Villa Mar\u00eda (PILT), ing. Carlos Pizzorno, recibi\u00f3 al gerente AgTech de la Agencia C\u00f3rdoba Innovar y Emprender, quien desarrolla actividades en la sede R\u00edo [&hellip;]<\/p>\n","protected":false},"author":3,"featured_media":2193,"comment_status":"open","ping_status":"open","sticky":false,"template":"","format":"standard","meta":{"_jetpack_memberships_contains_paid_content":false,"footnotes":""},"categories":[2],"tags":[],"class_list":["post-2192","post","type-post","status-publish","format-standard","has-post-thumbnail","hentry","category-noticias"],"yoast_head":"<!-- This site is optimized with the Yoast SEO plugin v27.5 - https:\/\/yoast.com\/product\/yoast-seo-wordpress\/ -->\n<title>REUNI\u00d3N CON REPRESENTANTE DE LA AGENCIA C\u00d3RDOBA INNOVAR Y EMPRENDER - PILT.com.ar<\/title>\n<meta name=\"robots\" content=\"index, follow, max-snippet:-1, max-image-preview:large, max-video-preview:-1\" \/>\n<link rel=\"canonical\" href=\"https:\/\/pilt.com.ar\/parque-industrial\/reunion-con-representante-de-la-agencia-cordoba-innovar-y-emprender\/\" \/>\n<meta property=\"og:locale\" content=\"es_ES\" \/>\n<meta property=\"og:type\" content=\"article\" \/>\n<meta property=\"og:title\" content=\"REUNI\u00d3N CON REPRESENTANTE DE LA AGENCIA C\u00d3RDOBA INNOVAR Y EMPRENDER - PILT.com.ar\" \/>\n<meta property=\"og:description\" content=\"El directorio del PILT mantuvo un encuentro con el gerente AgTech de la repartici\u00f3n provincial para interiorizarse sobre opciones de financiamiento. D\u00edas pasados el presidente del Parque Industrial, Log\u00edstico y Tecnol\u00f3gico Villa Mar\u00eda (PILT), ing. Carlos Pizzorno, recibi\u00f3 al gerente AgTech de la Agencia C\u00f3rdoba Innovar y Emprender, quien desarrolla actividades en la sede R\u00edo [&hellip;]\" \/>\n<meta property=\"og:url\" content=\"https:\/\/pilt.com.ar\/parque-industrial\/reunion-con-representante-de-la-agencia-cordoba-innovar-y-emprender\/\" \/>\n<meta property=\"og:site_name\" content=\"PILT.com.ar\" \/>\n<meta property=\"article:published_time\" content=\"2022-04-22T14:04:00+00:00\" \/>\n<meta property=\"og:image\" content=\"https:\/\/i0.wp.com\/pilt.com.ar\/parque-industrial\/wp-content\/uploads\/2022\/04\/WhatsApp-Image-2022-04-21-at-18.25.20.jpeg?fit=847%2C485&ssl=1\" \/>\n\t<meta property=\"og:image:width\" content=\"847\" \/>\n\t<meta property=\"og:image:height\" content=\"485\" \/>\n\t<meta property=\"og:image:type\" content=\"image\/jpeg\" \/>\n<meta name=\"author\" content=\"PILT\" \/>\n<meta name=\"twitter:card\" content=\"summary_large_image\" \/>\n<meta name=\"twitter:label1\" content=\"Escrito por\" \/>\n\t<meta name=\"twitter:data1\" content=\"PILT\" \/>\n\t<meta name=\"twitter:label2\" content=\"Tiempo de lectura\" \/>\n\t<meta name=\"twitter:data2\" content=\"2 minutos\" \/>\n<script type=\"application\/ld+json\" class=\"yoast-schema-graph\">{\"@context\":\"https:\\\/\\\/schema.org\",\"@graph\":[{\"@type\":\"Article\",\"@id\":\"https:\\\/\\\/pilt.com.ar\\\/parque-industrial\\\/reunion-con-representante-de-la-agencia-cordoba-innovar-y-emprender\\\/#article\",\"isPartOf\":{\"@id\":\"https:\\\/\\\/pilt.com.ar\\\/parque-industrial\\\/reunion-con-representante-de-la-agencia-cordoba-innovar-y-emprender\\\/\"},\"author\":{\"name\":\"PILT\",\"@id\":\"https:\\\/\\\/pilt.com.ar\\\/parque-industrial\\\/#\\\/schema\\\/person\\\/2dfb9e2464de1c3deef20c25c30a8306\"},\"headline\":\"REUNI\u00d3N CON REPRESENTANTE DE LA AGENCIA C\u00d3RDOBA INNOVAR Y EMPRENDER\",\"datePublished\":\"2022-04-22T14:04:00+00:00\",\"mainEntityOfPage\":{\"@id\":\"https:\\\/\\\/pilt.com.ar\\\/parque-industrial\\\/reunion-con-representante-de-la-agencia-cordoba-innovar-y-emprender\\\/\"},\"wordCount\":389,\"commentCount\":0,\"image\":{\"@id\":\"https:\\\/\\\/pilt.com.ar\\\/parque-industrial\\\/reunion-con-representante-de-la-agencia-cordoba-innovar-y-emprender\\\/#primaryimage\"},\"thumbnailUrl\":\"https:\\\/\\\/i0.wp.com\\\/pilt.com.ar\\\/parque-industrial\\\/wp-content\\\/uploads\\\/2022\\\/04\\\/WhatsApp-Image-2022-04-21-at-18.25.20.jpeg?fit=847%2C485&ssl=1\",\"articleSection\":[\"Noticias\"],\"inLanguage\":\"es\",\"potentialAction\":[{\"@type\":\"CommentAction\",\"name\":\"Comment\",\"target\":[\"https:\\\/\\\/pilt.com.ar\\\/parque-industrial\\\/reunion-con-representante-de-la-agencia-cordoba-innovar-y-emprender\\\/#respond\"]}]},{\"@type\":\"WebPage\",\"@id\":\"https:\\\/\\\/pilt.com.ar\\\/parque-industrial\\\/reunion-con-representante-de-la-agencia-cordoba-innovar-y-emprender\\\/\",\"url\":\"https:\\\/\\\/pilt.com.ar\\\/parque-industrial\\\/reunion-con-representante-de-la-agencia-cordoba-innovar-y-emprender\\\/\",\"name\":\"REUNI\u00d3N CON REPRESENTANTE DE LA AGENCIA C\u00d3RDOBA INNOVAR Y EMPRENDER - PILT.com.ar\",\"isPartOf\":{\"@id\":\"https:\\\/\\\/pilt.com.ar\\\/parque-industrial\\\/#website\"},\"primaryImageOfPage\":{\"@id\":\"https:\\\/\\\/pilt.com.ar\\\/parque-industrial\\\/reunion-con-representante-de-la-agencia-cordoba-innovar-y-emprender\\\/#primaryimage\"},\"image\":{\"@id\":\"https:\\\/\\\/pilt.com.ar\\\/parque-industrial\\\/reunion-con-representante-de-la-agencia-cordoba-innovar-y-emprender\\\/#primaryimage\"},\"thumbnailUrl\":\"https:\\\/\\\/i0.wp.com\\\/pilt.com.ar\\\/parque-industrial\\\/wp-content\\\/uploads\\\/2022\\\/04\\\/WhatsApp-Image-2022-04-21-at-18.25.20.jpeg?fit=847%2C485&ssl=1\",\"datePublished\":\"2022-04-22T14:04:00+00:00\",\"author\":{\"@id\":\"https:\\\/\\\/pilt.com.ar\\\/parque-industrial\\\/#\\\/schema\\\/person\\\/2dfb9e2464de1c3deef20c25c30a8306\"},\"inLanguage\":\"es\",\"potentialAction\":[{\"@type\":\"ReadAction\",\"target\":[\"https:\\\/\\\/pilt.com.ar\\\/parque-industrial\\\/reunion-con-representante-de-la-agencia-cordoba-innovar-y-emprender\\\/\"]}]},{\"@type\":\"ImageObject\",\"inLanguage\":\"es\",\"@id\":\"https:\\\/\\\/pilt.com.ar\\\/parque-industrial\\\/reunion-con-representante-de-la-agencia-cordoba-innovar-y-emprender\\\/#primaryimage\",\"url\":\"https:\\\/\\\/i0.wp.com\\\/pilt.com.ar\\\/parque-industrial\\\/wp-content\\\/uploads\\\/2022\\\/04\\\/WhatsApp-Image-2022-04-21-at-18.25.20.jpeg?fit=847%2C485&ssl=1\",\"contentUrl\":\"https:\\\/\\\/i0.wp.com\\\/pilt.com.ar\\\/parque-industrial\\\/wp-content\\\/uploads\\\/2022\\\/04\\\/WhatsApp-Image-2022-04-21-at-18.25.20.jpeg?fit=847%2C485&ssl=1\",\"width\":847,\"height\":485},{\"@type\":\"WebSite\",\"@id\":\"https:\\\/\\\/pilt.com.ar\\\/parque-industrial\\\/#website\",\"url\":\"https:\\\/\\\/pilt.com.ar\\\/parque-industrial\\\/\",\"name\":\"PILT.com.ar\",\"description\":\"Parque Industrial, Log\u00edstico y Tecnol\u00f3gico Villa Mar\u00eda\",\"potentialAction\":[{\"@type\":\"SearchAction\",\"target\":{\"@type\":\"EntryPoint\",\"urlTemplate\":\"https:\\\/\\\/pilt.com.ar\\\/parque-industrial\\\/?s={search_term_string}\"},\"query-input\":{\"@type\":\"PropertyValueSpecification\",\"valueRequired\":true,\"valueName\":\"search_term_string\"}}],\"inLanguage\":\"es\"},{\"@type\":\"Person\",\"@id\":\"https:\\\/\\\/pilt.com.ar\\\/parque-industrial\\\/#\\\/schema\\\/person\\\/2dfb9e2464de1c3deef20c25c30a8306\",\"name\":\"PILT\",\"image\":{\"@type\":\"ImageObject\",\"inLanguage\":\"es\",\"@id\":\"https:\\\/\\\/secure.gravatar.com\\\/avatar\\\/5e3734c8d8c8e0b0d45f923c14a14d7b90521d573d02f0d91360a777095ee42b?s=96&d=mm&r=g\",\"url\":\"https:\\\/\\\/secure.gravatar.com\\\/avatar\\\/5e3734c8d8c8e0b0d45f923c14a14d7b90521d573d02f0d91360a777095ee42b?s=96&d=mm&r=g\",\"contentUrl\":\"https:\\\/\\\/secure.gravatar.com\\\/avatar\\\/5e3734c8d8c8e0b0d45f923c14a14d7b90521d573d02f0d91360a777095ee42b?s=96&d=mm&r=g\",\"caption\":\"PILT\"},\"url\":\"https:\\\/\\\/pilt.com.ar\\\/parque-industrial\\\/author\\\/pilt\\\/\"}]}<\/script>\n<!-- \/ Yoast SEO plugin. -->","yoast_head_json":{"title":"REUNI\u00d3N CON REPRESENTANTE DE LA AGENCIA C\u00d3RDOBA INNOVAR Y EMPRENDER - PILT.com.ar","robots":{"index":"index","follow":"follow","max-snippet":"max-snippet:-1","max-image-preview":"max-image-preview:large","max-video-preview":"max-video-preview:-1"},"canonical":"https:\/\/pilt.com.ar\/parque-industrial\/reunion-con-representante-de-la-agencia-cordoba-innovar-y-emprender\/","og_locale":"es_ES","og_type":"article","og_title":"REUNI\u00d3N CON REPRESENTANTE DE LA AGENCIA C\u00d3RDOBA INNOVAR Y EMPRENDER - PILT.com.ar","og_description":"El directorio del PILT mantuvo un encuentro con el gerente AgTech de la repartici\u00f3n provincial para interiorizarse sobre opciones de financiamiento. D\u00edas pasados el presidente del Parque Industrial, Log\u00edstico y Tecnol\u00f3gico Villa Mar\u00eda (PILT), ing. Carlos Pizzorno, recibi\u00f3 al gerente AgTech de la Agencia C\u00f3rdoba Innovar y Emprender, quien desarrolla actividades en la sede R\u00edo [&hellip;]","og_url":"https:\/\/pilt.com.ar\/parque-industrial\/reunion-con-representante-de-la-agencia-cordoba-innovar-y-emprender\/","og_site_name":"PILT.com.ar","article_published_time":"2022-04-22T14:04:00+00:00","og_image":[{"width":847,"height":485,"url":"https:\/\/i0.wp.com\/pilt.com.ar\/parque-industrial\/wp-content\/uploads\/2022\/04\/WhatsApp-Image-2022-04-21-at-18.25.20.jpeg?fit=847%2C485&ssl=1","type":"image\/jpeg"}],"author":"PILT","twitter_card":"summary_large_image","twitter_misc":{"Escrito por":"PILT","Tiempo de lectura":"2 minutos"},"schema":{"@context":"https:\/\/schema.org","@graph":[{"@type":"Article","@id":"https:\/\/pilt.com.ar\/parque-industrial\/reunion-con-representante-de-la-agencia-cordoba-innovar-y-emprender\/#article","isPartOf":{"@id":"https:\/\/pilt.com.ar\/parque-industrial\/reunion-con-representante-de-la-agencia-cordoba-innovar-y-emprender\/"},"author":{"name":"PILT","@id":"https:\/\/pilt.com.ar\/parque-industrial\/#\/schema\/person\/2dfb9e2464de1c3deef20c25c30a8306"},"headline":"REUNI\u00d3N CON REPRESENTANTE DE LA AGENCIA C\u00d3RDOBA INNOVAR Y EMPRENDER","datePublished":"2022-04-22T14:04:00+00:00","mainEntityOfPage":{"@id":"https:\/\/pilt.com.ar\/parque-industrial\/reunion-con-representante-de-la-agencia-cordoba-innovar-y-emprender\/"},"wordCount":389,"commentCount":0,"image":{"@id":"https:\/\/pilt.com.ar\/parque-industrial\/reunion-con-representante-de-la-agencia-cordoba-innovar-y-emprender\/#primaryimage"},"thumbnailUrl":"https:\/\/i0.wp.com\/pilt.com.ar\/parque-industrial\/wp-content\/uploads\/2022\/04\/WhatsApp-Image-2022-04-21-at-18.25.20.jpeg?fit=847%2C485&ssl=1","articleSection":["Noticias"],"inLanguage":"es","potentialAction":[{"@type":"CommentAction","name":"Comment","target":["https:\/\/pilt.com.ar\/parque-industrial\/reunion-con-representante-de-la-agencia-cordoba-innovar-y-emprender\/#respond"]}]},{"@type":"WebPage","@id":"https:\/\/pilt.com.ar\/parque-industrial\/reunion-con-representante-de-la-agencia-cordoba-innovar-y-emprender\/","url":"https:\/\/pilt.com.ar\/parque-industrial\/reunion-con-representante-de-la-agencia-cordoba-innovar-y-emprender\/","name":"REUNI\u00d3N CON REPRESENTANTE DE LA AGENCIA C\u00d3RDOBA INNOVAR Y EMPRENDER - PILT.com.ar","isPartOf":{"@id":"https:\/\/pilt.com.ar\/parque-industrial\/#website"},"primaryImageOfPage":{"@id":"https:\/\/pilt.com.ar\/parque-industrial\/reunion-con-representante-de-la-agencia-cordoba-innovar-y-emprender\/#primaryimage"},"image":{"@id":"https:\/\/pilt.com.ar\/parque-industrial\/reunion-con-representante-de-la-agencia-cordoba-innovar-y-emprender\/#primaryimage"},"thumbnailUrl":"https:\/\/i0.wp.com\/pilt.com.ar\/parque-industrial\/wp-content\/uploads\/2022\/04\/WhatsApp-Image-2022-04-21-at-18.25.20.jpeg?fit=847%2C485&ssl=1","datePublished":"2022-04-22T14:04:00+00:00","author":{"@id":"https:\/\/pilt.com.ar\/parque-industrial\/#\/schema\/person\/2dfb9e2464de1c3deef20c25c30a8306"},"inLanguage":"es","potentialAction":[{"@type":"ReadAction","target":["https:\/\/pilt.com.ar\/parque-industrial\/reunion-con-representante-de-la-agencia-cordoba-innovar-y-emprender\/"]}]},{"@type":"ImageObject","inLanguage":"es","@id":"https:\/\/pilt.com.ar\/parque-industrial\/reunion-con-representante-de-la-agencia-cordoba-innovar-y-emprender\/#primaryimage","url":"https:\/\/i0.wp.com\/pilt.com.ar\/parque-industrial\/wp-content\/uploads\/2022\/04\/WhatsApp-Image-2022-04-21-at-18.25.20.jpeg?fit=847%2C485&ssl=1","contentUrl":"https:\/\/i0.wp.com\/pilt.com.ar\/parque-industrial\/wp-content\/uploads\/2022\/04\/WhatsApp-Image-2022-04-21-at-18.25.20.jpeg?fit=847%2C485&ssl=1","width":847,"height":485},{"@type":"WebSite","@id":"https:\/\/pilt.com.ar\/parque-industrial\/#website","url":"https:\/\/pilt.com.ar\/parque-industrial\/","name":"PILT.com.ar","description":"Parque Industrial, Log\u00edstico y Tecnol\u00f3gico Villa Mar\u00eda","potentialAction":[{"@type":"SearchAction","target":{"@type":"EntryPoint","urlTemplate":"https:\/\/pilt.com.ar\/parque-industrial\/?s={search_term_string}"},"query-input":{"@type":"PropertyValueSpecification","valueRequired":true,"valueName":"search_term_string"}}],"inLanguage":"es"},{"@type":"Person","@id":"https:\/\/pilt.com.ar\/parque-industrial\/#\/schema\/person\/2dfb9e2464de1c3deef20c25c30a8306","name":"PILT","image":{"@type":"ImageObject","inLanguage":"es","@id":"https:\/\/secure.gravatar.com\/avatar\/5e3734c8d8c8e0b0d45f923c14a14d7b90521d573d02f0d91360a777095ee42b?s=96&d=mm&r=g","url":"https:\/\/secure.gravatar.com\/avatar\/5e3734c8d8c8e0b0d45f923c14a14d7b90521d573d02f0d91360a777095ee42b?s=96&d=mm&r=g","contentUrl":"https:\/\/secure.gravatar.com\/avatar\/5e3734c8d8c8e0b0d45f923c14a14d7b90521d573d02f0d91360a777095ee42b?s=96&d=mm&r=g","caption":"PILT"},"url":"https:\/\/pilt.com.ar\/parque-industrial\/author\/pilt\/"}]}},"jetpack_featured_media_url":"https:\/\/i0.wp.com\/pilt.com.ar\/parque-industrial\/wp-content\/uploads\/2022\/04\/WhatsApp-Image-2022-04-21-at-18.25.20.jpeg?fit=847%2C485&ssl=1","jetpack_sharing_enabled":true,"_links":{"self":[{"href":"https:\/\/pilt.com.ar\/parque-industrial\/wp-json\/wp\/v2\/posts\/2192","targetHints":{"allow":["GET"]}}],"collection":[{"href":"https:\/\/pilt.com.ar\/parque-industrial\/wp-json\/wp\/v2\/posts"}],"about":[{"href":"https:\/\/pilt.com.ar\/parque-industrial\/wp-json\/wp\/v2\/types\/post"}],"author":[{"embeddable":true,"href":"https:\/\/pilt.com.ar\/parque-industrial\/wp-json\/wp\/v2\/users\/3"}],"replies":[{"embeddable":true,"href":"https:\/\/pilt.com.ar\/parque-industrial\/wp-json\/wp\/v2\/comments?post=2192"}],"version-history":[{"count":1,"href":"https:\/\/pilt.com.ar\/parque-industrial\/wp-json\/wp\/v2\/posts\/2192\/revisions"}],"predecessor-version":[{"id":2194,"href":"https:\/\/pilt.com.ar\/parque-industrial\/wp-json\/wp\/v2\/posts\/2192\/revisions\/2194"}],"wp:featuredmedia":[{"embeddable":true,"href":"https:\/\/pilt.com.ar\/parque-industrial\/wp-json\/wp\/v2\/media\/2193"}],"wp:attachment":[{"href":"https:\/\/pilt.com.ar\/parque-industrial\/wp-json\/wp\/v2\/media?parent=2192"}],"wp:term":[{"taxonomy":"category","embeddable":true,"href":"https:\/\/pilt.com.ar\/parque-industrial\/wp-json\/wp\/v2\/categories?post=2192"},{"taxonomy":"post_tag","embeddable":true,"href":"https:\/\/pilt.com.ar\/parque-industrial\/wp-json\/wp\/v2\/tags?post=2192"}],"curies":[{"name":"wp","href":"https:\/\/api.w.org\/{rel}","templated":true}]}}