{"id":2188,"date":"2022-04-13T10:14:35","date_gmt":"2022-04-13T13:14:35","guid":{"rendered":"https:\/\/pilt.com.ar\/parque-industrial\/?p=2188"},"modified":"2022-04-13T10:14:35","modified_gmt":"2022-04-13T13:14:35","slug":"pilt-reconocio-a-empresas-que-compraron-lotes-en-2020","status":"publish","type":"post","link":"https:\/\/pilt.com.ar\/parque-industrial\/pilt-reconocio-a-empresas-que-compraron-lotes-en-2020\/","title":{"rendered":"PILT RECONOCI\u00d3 A EMPRESAS QUE COMPRARON LOTES EN 2020"},"content":{"rendered":"\n<p class=\"has-text-align-center\"><strong><em>Mediante un acto realizado en el sal\u00f3n de usos m\u00faltiples, directivos homenajearon a firmas que se asociaron a la entidad.<\/em><\/strong><\/p>\n\n\n\n<p class=\"has-text-align-justify\">El Parque Industrial, Log\u00edstico y Tecnol\u00f3gico Villa Mar\u00eda (PILT) concret\u00f3 un acto en donde reconoci\u00f3 a cinco empresas que adquirieron lotes en el a\u00f1o 2020. De tal forma, la Administraci\u00f3n del Ente retorna a una pr\u00e1ctica que se vio interrumpida por la pandemia.&nbsp;<\/p>\n\n\n\n<p class=\"has-text-align-justify\">El encuentro cont\u00f3 con la presencia del presidente de la entidad, Ing. Carlos Pizzorno; el titular de la Asociaci\u00f3n de Empresarios Regi\u00f3n Centro Argentino (AERCA), Lic. Juan Carlos Jacobo; el presidente del Ente de Desarrollo Productivo de Villa Mar\u00eda, Cr. Franco Monetti; las escribanas Alcira Spila y Natalia Duran; como as\u00ed tambi\u00e9n el gerente del PILT, Lic. Carlos Montoto Galiano, y directores del Ente.<\/p>\n\n\n\n<p class=\"has-text-align-justify\">En la oportunidad el ingeniero Carlos Pizzorno rememor\u00f3 los inicios de la entidad, valorando a las primeras empresas que invirtieron cuando los servicios con que cuenta el PILT a\u00fan estaban en proyecto. Y afirm\u00f3 que aunque en la actualidad el predio est\u00e1 muy desarrollado \u201cnosotros sentimos que ustedes nos brindan la misma confianza que aquellos primeros compradores. Si\u00e9ntanse respaldados como ellos, ya que van a tener no solamente todo lo que ya es parte de la realidad del Parque Industrial, sino tambi\u00e9n el apoyo de la instituci\u00f3n para poder desarrollar sus empresas\u201d.<\/p>\n\n\n\n<p>Las empresas que fueron reconocidas son las siguientes:<\/p>\n\n\n\n<p class=\"has-text-align-justify\"><strong>Qu\u00edmica Gamma: <\/strong>fabrica y vende por mayor y menor productos de limpieza. Adquiri\u00f3 dos terrenos de 1276 m2 cada uno, dentro del sector de industrias varias. Recibi\u00f3: C\u00e9sar Chiapero, propietario de la empresa.<\/p>\n\n\n\n<p class=\"has-text-align-justify\"><strong>Agromat Granjas: <\/strong>empresa dedicada a la comercializaci\u00f3n de equipamientos tecnol\u00f3gicos para la producci\u00f3n porcina y av\u00edcola. Est\u00e1 emplazada en un terreno de 1000 m2. Recibi\u00f3 Ignacio Bonavena, propietario de la empresa.<strong><\/strong><\/p>\n\n\n\n<p class=\"has-text-align-justify\"><strong>\u00c1lvaro Galera: <\/strong>organizaci\u00f3n que brinda servicios gastron\u00f3micos; compr\u00f3 un terreno de 1047 m2 en el sector de industrias varias. Recibi\u00f3 Jennifer Reynoso, en representaci\u00f3n de la empresa.<\/p>\n\n\n\n<p class=\"has-text-align-justify\"><strong>Moray: <\/strong>empresa que incorpora tecnolog\u00eda a sembradoras, realizando chequeos de equipos, reparaci\u00f3n de cuerpos de siembra y dem\u00e1s elementos para la actividad, adem\u00e1s de brindar capacitaciones a los operarios. Se localiza en el sector metalmec\u00e1nico, sobre un terreno de 1000 m2. Recibieron Andr\u00e9s Rocamundi y Guillermo Chaig, socios.<\/p>\n\n\n\n<p class=\"has-text-align-justify\"><strong>Larrosa Camiones: <\/strong>firma que comercializa camiones y remolques; adquiri\u00f3 dos terrenos de 1000 m2 cada uno. Recibi\u00f3 el propietario, Luis Mar\u00eda Larrosa.<\/p>\n","protected":false},"excerpt":{"rendered":"<p>Mediante un acto realizado en el sal\u00f3n de usos m\u00faltiples, directivos homenajearon a firmas que se asociaron a la entidad. El Parque Industrial, Log\u00edstico y Tecnol\u00f3gico Villa Mar\u00eda (PILT) concret\u00f3 un acto en donde reconoci\u00f3 a cinco empresas que adquirieron lotes en el a\u00f1o 2020. De tal forma, la Administraci\u00f3n del Ente retorna a una [&hellip;]<\/p>\n","protected":false},"author":3,"featured_media":2189,"comment_status":"open","ping_status":"open","sticky":false,"template":"","format":"standard","meta":{"_jetpack_memberships_contains_paid_content":false,"footnotes":""},"categories":[2],"tags":[],"class_list":["post-2188","post","type-post","status-publish","format-standard","has-post-thumbnail","hentry","category-noticias"],"yoast_head":"<!-- This site is optimized with the Yoast SEO plugin v27.5 - https:\/\/yoast.com\/product\/yoast-seo-wordpress\/ -->\n<title>PILT RECONOCI\u00d3 A EMPRESAS QUE COMPRARON LOTES EN 2020 - PILT.com.ar<\/title>\n<meta name=\"robots\" content=\"index, follow, max-snippet:-1, max-image-preview:large, max-video-preview:-1\" \/>\n<link rel=\"canonical\" href=\"https:\/\/pilt.com.ar\/parque-industrial\/pilt-reconocio-a-empresas-que-compraron-lotes-en-2020\/\" \/>\n<meta property=\"og:locale\" content=\"es_ES\" \/>\n<meta property=\"og:type\" content=\"article\" \/>\n<meta property=\"og:title\" content=\"PILT RECONOCI\u00d3 A EMPRESAS QUE COMPRARON LOTES EN 2020 - PILT.com.ar\" \/>\n<meta property=\"og:description\" content=\"Mediante un acto realizado en el sal\u00f3n de usos m\u00faltiples, directivos homenajearon a firmas que se asociaron a la entidad. El Parque Industrial, Log\u00edstico y Tecnol\u00f3gico Villa Mar\u00eda (PILT) concret\u00f3 un acto en donde reconoci\u00f3 a cinco empresas que adquirieron lotes en el a\u00f1o 2020. De tal forma, la Administraci\u00f3n del Ente retorna a una [&hellip;]\" \/>\n<meta property=\"og:url\" content=\"https:\/\/pilt.com.ar\/parque-industrial\/pilt-reconocio-a-empresas-que-compraron-lotes-en-2020\/\" \/>\n<meta property=\"og:site_name\" content=\"PILT.com.ar\" \/>\n<meta property=\"article:published_time\" content=\"2022-04-13T13:14:35+00:00\" \/>\n<meta property=\"og:image\" content=\"https:\/\/i0.wp.com\/pilt.com.ar\/parque-industrial\/wp-content\/uploads\/2022\/04\/WhatsApp-Image-2022-04-13-at-09.55.30.jpeg?fit=1280%2C853&ssl=1\" \/>\n\t<meta property=\"og:image:width\" content=\"1280\" \/>\n\t<meta property=\"og:image:height\" content=\"853\" \/>\n\t<meta property=\"og:image:type\" content=\"image\/jpeg\" \/>\n<meta name=\"author\" content=\"PILT\" \/>\n<meta name=\"twitter:card\" content=\"summary_large_image\" \/>\n<meta name=\"twitter:label1\" content=\"Escrito por\" \/>\n\t<meta name=\"twitter:data1\" content=\"PILT\" \/>\n\t<meta name=\"twitter:label2\" content=\"Tiempo de lectura\" \/>\n\t<meta name=\"twitter:data2\" content=\"2 minutos\" \/>\n<script type=\"application\/ld+json\" class=\"yoast-schema-graph\">{\"@context\":\"https:\\\/\\\/schema.org\",\"@graph\":[{\"@type\":\"Article\",\"@id\":\"https:\\\/\\\/pilt.com.ar\\\/parque-industrial\\\/pilt-reconocio-a-empresas-que-compraron-lotes-en-2020\\\/#article\",\"isPartOf\":{\"@id\":\"https:\\\/\\\/pilt.com.ar\\\/parque-industrial\\\/pilt-reconocio-a-empresas-que-compraron-lotes-en-2020\\\/\"},\"author\":{\"name\":\"PILT\",\"@id\":\"https:\\\/\\\/pilt.com.ar\\\/parque-industrial\\\/#\\\/schema\\\/person\\\/2dfb9e2464de1c3deef20c25c30a8306\"},\"headline\":\"PILT RECONOCI\u00d3 A EMPRESAS QUE COMPRARON LOTES EN 2020\",\"datePublished\":\"2022-04-13T13:14:35+00:00\",\"mainEntityOfPage\":{\"@id\":\"https:\\\/\\\/pilt.com.ar\\\/parque-industrial\\\/pilt-reconocio-a-empresas-que-compraron-lotes-en-2020\\\/\"},\"wordCount\":423,\"commentCount\":0,\"image\":{\"@id\":\"https:\\\/\\\/pilt.com.ar\\\/parque-industrial\\\/pilt-reconocio-a-empresas-que-compraron-lotes-en-2020\\\/#primaryimage\"},\"thumbnailUrl\":\"https:\\\/\\\/i0.wp.com\\\/pilt.com.ar\\\/parque-industrial\\\/wp-content\\\/uploads\\\/2022\\\/04\\\/WhatsApp-Image-2022-04-13-at-09.55.30.jpeg?fit=1280%2C853&ssl=1\",\"articleSection\":[\"Noticias\"],\"inLanguage\":\"es\",\"potentialAction\":[{\"@type\":\"CommentAction\",\"name\":\"Comment\",\"target\":[\"https:\\\/\\\/pilt.com.ar\\\/parque-industrial\\\/pilt-reconocio-a-empresas-que-compraron-lotes-en-2020\\\/#respond\"]}]},{\"@type\":\"WebPage\",\"@id\":\"https:\\\/\\\/pilt.com.ar\\\/parque-industrial\\\/pilt-reconocio-a-empresas-que-compraron-lotes-en-2020\\\/\",\"url\":\"https:\\\/\\\/pilt.com.ar\\\/parque-industrial\\\/pilt-reconocio-a-empresas-que-compraron-lotes-en-2020\\\/\",\"name\":\"PILT RECONOCI\u00d3 A EMPRESAS QUE COMPRARON LOTES EN 2020 - PILT.com.ar\",\"isPartOf\":{\"@id\":\"https:\\\/\\\/pilt.com.ar\\\/parque-industrial\\\/#website\"},\"primaryImageOfPage\":{\"@id\":\"https:\\\/\\\/pilt.com.ar\\\/parque-industrial\\\/pilt-reconocio-a-empresas-que-compraron-lotes-en-2020\\\/#primaryimage\"},\"image\":{\"@id\":\"https:\\\/\\\/pilt.com.ar\\\/parque-industrial\\\/pilt-reconocio-a-empresas-que-compraron-lotes-en-2020\\\/#primaryimage\"},\"thumbnailUrl\":\"https:\\\/\\\/i0.wp.com\\\/pilt.com.ar\\\/parque-industrial\\\/wp-content\\\/uploads\\\/2022\\\/04\\\/WhatsApp-Image-2022-04-13-at-09.55.30.jpeg?fit=1280%2C853&ssl=1\",\"datePublished\":\"2022-04-13T13:14:35+00:00\",\"author\":{\"@id\":\"https:\\\/\\\/pilt.com.ar\\\/parque-industrial\\\/#\\\/schema\\\/person\\\/2dfb9e2464de1c3deef20c25c30a8306\"},\"inLanguage\":\"es\",\"potentialAction\":[{\"@type\":\"ReadAction\",\"target\":[\"https:\\\/\\\/pilt.com.ar\\\/parque-industrial\\\/pilt-reconocio-a-empresas-que-compraron-lotes-en-2020\\\/\"]}]},{\"@type\":\"ImageObject\",\"inLanguage\":\"es\",\"@id\":\"https:\\\/\\\/pilt.com.ar\\\/parque-industrial\\\/pilt-reconocio-a-empresas-que-compraron-lotes-en-2020\\\/#primaryimage\",\"url\":\"https:\\\/\\\/i0.wp.com\\\/pilt.com.ar\\\/parque-industrial\\\/wp-content\\\/uploads\\\/2022\\\/04\\\/WhatsApp-Image-2022-04-13-at-09.55.30.jpeg?fit=1280%2C853&ssl=1\",\"contentUrl\":\"https:\\\/\\\/i0.wp.com\\\/pilt.com.ar\\\/parque-industrial\\\/wp-content\\\/uploads\\\/2022\\\/04\\\/WhatsApp-Image-2022-04-13-at-09.55.30.jpeg?fit=1280%2C853&ssl=1\",\"width\":1280,\"height\":853},{\"@type\":\"WebSite\",\"@id\":\"https:\\\/\\\/pilt.com.ar\\\/parque-industrial\\\/#website\",\"url\":\"https:\\\/\\\/pilt.com.ar\\\/parque-industrial\\\/\",\"name\":\"PILT.com.ar\",\"description\":\"Parque Industrial, Log\u00edstico y Tecnol\u00f3gico Villa Mar\u00eda\",\"potentialAction\":[{\"@type\":\"SearchAction\",\"target\":{\"@type\":\"EntryPoint\",\"urlTemplate\":\"https:\\\/\\\/pilt.com.ar\\\/parque-industrial\\\/?s={search_term_string}\"},\"query-input\":{\"@type\":\"PropertyValueSpecification\",\"valueRequired\":true,\"valueName\":\"search_term_string\"}}],\"inLanguage\":\"es\"},{\"@type\":\"Person\",\"@id\":\"https:\\\/\\\/pilt.com.ar\\\/parque-industrial\\\/#\\\/schema\\\/person\\\/2dfb9e2464de1c3deef20c25c30a8306\",\"name\":\"PILT\",\"image\":{\"@type\":\"ImageObject\",\"inLanguage\":\"es\",\"@id\":\"https:\\\/\\\/secure.gravatar.com\\\/avatar\\\/5e3734c8d8c8e0b0d45f923c14a14d7b90521d573d02f0d91360a777095ee42b?s=96&d=mm&r=g\",\"url\":\"https:\\\/\\\/secure.gravatar.com\\\/avatar\\\/5e3734c8d8c8e0b0d45f923c14a14d7b90521d573d02f0d91360a777095ee42b?s=96&d=mm&r=g\",\"contentUrl\":\"https:\\\/\\\/secure.gravatar.com\\\/avatar\\\/5e3734c8d8c8e0b0d45f923c14a14d7b90521d573d02f0d91360a777095ee42b?s=96&d=mm&r=g\",\"caption\":\"PILT\"},\"url\":\"https:\\\/\\\/pilt.com.ar\\\/parque-industrial\\\/author\\\/pilt\\\/\"}]}<\/script>\n<!-- \/ Yoast SEO plugin. -->","yoast_head_json":{"title":"PILT RECONOCI\u00d3 A EMPRESAS QUE COMPRARON LOTES EN 2020 - PILT.com.ar","robots":{"index":"index","follow":"follow","max-snippet":"max-snippet:-1","max-image-preview":"max-image-preview:large","max-video-preview":"max-video-preview:-1"},"canonical":"https:\/\/pilt.com.ar\/parque-industrial\/pilt-reconocio-a-empresas-que-compraron-lotes-en-2020\/","og_locale":"es_ES","og_type":"article","og_title":"PILT RECONOCI\u00d3 A EMPRESAS QUE COMPRARON LOTES EN 2020 - PILT.com.ar","og_description":"Mediante un acto realizado en el sal\u00f3n de usos m\u00faltiples, directivos homenajearon a firmas que se asociaron a la entidad. El Parque Industrial, Log\u00edstico y Tecnol\u00f3gico Villa Mar\u00eda (PILT) concret\u00f3 un acto en donde reconoci\u00f3 a cinco empresas que adquirieron lotes en el a\u00f1o 2020. De tal forma, la Administraci\u00f3n del Ente retorna a una [&hellip;]","og_url":"https:\/\/pilt.com.ar\/parque-industrial\/pilt-reconocio-a-empresas-que-compraron-lotes-en-2020\/","og_site_name":"PILT.com.ar","article_published_time":"2022-04-13T13:14:35+00:00","og_image":[{"width":1280,"height":853,"url":"https:\/\/i0.wp.com\/pilt.com.ar\/parque-industrial\/wp-content\/uploads\/2022\/04\/WhatsApp-Image-2022-04-13-at-09.55.30.jpeg?fit=1280%2C853&ssl=1","type":"image\/jpeg"}],"author":"PILT","twitter_card":"summary_large_image","twitter_misc":{"Escrito por":"PILT","Tiempo de lectura":"2 minutos"},"schema":{"@context":"https:\/\/schema.org","@graph":[{"@type":"Article","@id":"https:\/\/pilt.com.ar\/parque-industrial\/pilt-reconocio-a-empresas-que-compraron-lotes-en-2020\/#article","isPartOf":{"@id":"https:\/\/pilt.com.ar\/parque-industrial\/pilt-reconocio-a-empresas-que-compraron-lotes-en-2020\/"},"author":{"name":"PILT","@id":"https:\/\/pilt.com.ar\/parque-industrial\/#\/schema\/person\/2dfb9e2464de1c3deef20c25c30a8306"},"headline":"PILT RECONOCI\u00d3 A EMPRESAS QUE COMPRARON LOTES EN 2020","datePublished":"2022-04-13T13:14:35+00:00","mainEntityOfPage":{"@id":"https:\/\/pilt.com.ar\/parque-industrial\/pilt-reconocio-a-empresas-que-compraron-lotes-en-2020\/"},"wordCount":423,"commentCount":0,"image":{"@id":"https:\/\/pilt.com.ar\/parque-industrial\/pilt-reconocio-a-empresas-que-compraron-lotes-en-2020\/#primaryimage"},"thumbnailUrl":"https:\/\/i0.wp.com\/pilt.com.ar\/parque-industrial\/wp-content\/uploads\/2022\/04\/WhatsApp-Image-2022-04-13-at-09.55.30.jpeg?fit=1280%2C853&ssl=1","articleSection":["Noticias"],"inLanguage":"es","potentialAction":[{"@type":"CommentAction","name":"Comment","target":["https:\/\/pilt.com.ar\/parque-industrial\/pilt-reconocio-a-empresas-que-compraron-lotes-en-2020\/#respond"]}]},{"@type":"WebPage","@id":"https:\/\/pilt.com.ar\/parque-industrial\/pilt-reconocio-a-empresas-que-compraron-lotes-en-2020\/","url":"https:\/\/pilt.com.ar\/parque-industrial\/pilt-reconocio-a-empresas-que-compraron-lotes-en-2020\/","name":"PILT RECONOCI\u00d3 A EMPRESAS QUE COMPRARON LOTES EN 2020 - PILT.com.ar","isPartOf":{"@id":"https:\/\/pilt.com.ar\/parque-industrial\/#website"},"primaryImageOfPage":{"@id":"https:\/\/pilt.com.ar\/parque-industrial\/pilt-reconocio-a-empresas-que-compraron-lotes-en-2020\/#primaryimage"},"image":{"@id":"https:\/\/pilt.com.ar\/parque-industrial\/pilt-reconocio-a-empresas-que-compraron-lotes-en-2020\/#primaryimage"},"thumbnailUrl":"https:\/\/i0.wp.com\/pilt.com.ar\/parque-industrial\/wp-content\/uploads\/2022\/04\/WhatsApp-Image-2022-04-13-at-09.55.30.jpeg?fit=1280%2C853&ssl=1","datePublished":"2022-04-13T13:14:35+00:00","author":{"@id":"https:\/\/pilt.com.ar\/parque-industrial\/#\/schema\/person\/2dfb9e2464de1c3deef20c25c30a8306"},"inLanguage":"es","potentialAction":[{"@type":"ReadAction","target":["https:\/\/pilt.com.ar\/parque-industrial\/pilt-reconocio-a-empresas-que-compraron-lotes-en-2020\/"]}]},{"@type":"ImageObject","inLanguage":"es","@id":"https:\/\/pilt.com.ar\/parque-industrial\/pilt-reconocio-a-empresas-que-compraron-lotes-en-2020\/#primaryimage","url":"https:\/\/i0.wp.com\/pilt.com.ar\/parque-industrial\/wp-content\/uploads\/2022\/04\/WhatsApp-Image-2022-04-13-at-09.55.30.jpeg?fit=1280%2C853&ssl=1","contentUrl":"https:\/\/i0.wp.com\/pilt.com.ar\/parque-industrial\/wp-content\/uploads\/2022\/04\/WhatsApp-Image-2022-04-13-at-09.55.30.jpeg?fit=1280%2C853&ssl=1","width":1280,"height":853},{"@type":"WebSite","@id":"https:\/\/pilt.com.ar\/parque-industrial\/#website","url":"https:\/\/pilt.com.ar\/parque-industrial\/","name":"PILT.com.ar","description":"Parque Industrial, Log\u00edstico y Tecnol\u00f3gico Villa Mar\u00eda","potentialAction":[{"@type":"SearchAction","target":{"@type":"EntryPoint","urlTemplate":"https:\/\/pilt.com.ar\/parque-industrial\/?s={search_term_string}"},"query-input":{"@type":"PropertyValueSpecification","valueRequired":true,"valueName":"search_term_string"}}],"inLanguage":"es"},{"@type":"Person","@id":"https:\/\/pilt.com.ar\/parque-industrial\/#\/schema\/person\/2dfb9e2464de1c3deef20c25c30a8306","name":"PILT","image":{"@type":"ImageObject","inLanguage":"es","@id":"https:\/\/secure.gravatar.com\/avatar\/5e3734c8d8c8e0b0d45f923c14a14d7b90521d573d02f0d91360a777095ee42b?s=96&d=mm&r=g","url":"https:\/\/secure.gravatar.com\/avatar\/5e3734c8d8c8e0b0d45f923c14a14d7b90521d573d02f0d91360a777095ee42b?s=96&d=mm&r=g","contentUrl":"https:\/\/secure.gravatar.com\/avatar\/5e3734c8d8c8e0b0d45f923c14a14d7b90521d573d02f0d91360a777095ee42b?s=96&d=mm&r=g","caption":"PILT"},"url":"https:\/\/pilt.com.ar\/parque-industrial\/author\/pilt\/"}]}},"jetpack_featured_media_url":"https:\/\/i0.wp.com\/pilt.com.ar\/parque-industrial\/wp-content\/uploads\/2022\/04\/WhatsApp-Image-2022-04-13-at-09.55.30.jpeg?fit=1280%2C853&ssl=1","jetpack_sharing_enabled":true,"_links":{"self":[{"href":"https:\/\/pilt.com.ar\/parque-industrial\/wp-json\/wp\/v2\/posts\/2188","targetHints":{"allow":["GET"]}}],"collection":[{"href":"https:\/\/pilt.com.ar\/parque-industrial\/wp-json\/wp\/v2\/posts"}],"about":[{"href":"https:\/\/pilt.com.ar\/parque-industrial\/wp-json\/wp\/v2\/types\/post"}],"author":[{"embeddable":true,"href":"https:\/\/pilt.com.ar\/parque-industrial\/wp-json\/wp\/v2\/users\/3"}],"replies":[{"embeddable":true,"href":"https:\/\/pilt.com.ar\/parque-industrial\/wp-json\/wp\/v2\/comments?post=2188"}],"version-history":[{"count":1,"href":"https:\/\/pilt.com.ar\/parque-industrial\/wp-json\/wp\/v2\/posts\/2188\/revisions"}],"predecessor-version":[{"id":2190,"href":"https:\/\/pilt.com.ar\/parque-industrial\/wp-json\/wp\/v2\/posts\/2188\/revisions\/2190"}],"wp:featuredmedia":[{"embeddable":true,"href":"https:\/\/pilt.com.ar\/parque-industrial\/wp-json\/wp\/v2\/media\/2189"}],"wp:attachment":[{"href":"https:\/\/pilt.com.ar\/parque-industrial\/wp-json\/wp\/v2\/media?parent=2188"}],"wp:term":[{"taxonomy":"category","embeddable":true,"href":"https:\/\/pilt.com.ar\/parque-industrial\/wp-json\/wp\/v2\/categories?post=2188"},{"taxonomy":"post_tag","embeddable":true,"href":"https:\/\/pilt.com.ar\/parque-industrial\/wp-json\/wp\/v2\/tags?post=2188"}],"curies":[{"name":"wp","href":"https:\/\/api.w.org\/{rel}","templated":true}]}}