{"id":2185,"date":"2022-04-08T09:09:19","date_gmt":"2022-04-08T12:09:19","guid":{"rendered":"https:\/\/pilt.com.ar\/parque-industrial\/?p=2185"},"modified":"2022-04-08T09:09:20","modified_gmt":"2022-04-08T12:09:20","slug":"el-pilt-suscribio-un-importante-convenio-con-ceprocor","status":"publish","type":"post","link":"https:\/\/pilt.com.ar\/parque-industrial\/el-pilt-suscribio-un-importante-convenio-con-ceprocor\/","title":{"rendered":"EL PILT SUSCRIBI\u00d3 UN IMPORTANTE CONVENIO CON CEPROCOR"},"content":{"rendered":"\n<p class=\"has-text-align-center\"><strong><em>A partir de ahora las empresas podr\u00e1n solicitar asistencia tecnol\u00f3gica a la entidad provincial o capacitaci\u00f3n para sus empleados, entre otras opciones.<\/em><\/strong><\/p>\n\n\n\n<p class=\"has-text-align-justify\">El Parque Industrial, Log\u00edstico y Tecnol\u00f3gico Villa Mar\u00eda (PILT) firm\u00f3 d\u00edas pasados un convenio con el Centro de Excelencia de Productos y Procesos (CEPROCOR), a los fines de que el organismo provincial brinde asistencia a las empresas socias del Ente.<\/p>\n\n\n\n<p class=\"has-text-align-justify\">En ese sentido, se acord\u00f3 que empresas del PILT pueda solicitar asistencia y\/o cursos de capacitaci\u00f3n para el personal; llevar adelante proyectos de investigaci\u00f3n y desarrollo conjunto entre empresas y CEPROCOR; intercambio de informaci\u00f3n orientada a la identificaci\u00f3n de necesidades o demandas, oportunidades de mejoras de productos, procesos y\/o cualquier otra instancia que pudiera derivar en nuevas iniciativas; participaci\u00f3n conjunta en eventos de inter\u00e9s mutuo, como jornadas de investigaci\u00f3n, rondas de negocios o congresos; y descuentos especiales sobre servicios requeridos, entre otras posibilidades.<\/p>\n\n\n\n<p class=\"has-text-align-justify\">En la oportunidad, el intendente municipal, Mart\u00edn Gill y el titular del PILT, ing. Carlos Pizzorno, recibieron al ministro de Ciencia y Tecnolog\u00eda de la Provincia, Pablo De Chiara. Tambi\u00e9n participaron el acto el ministro de Industria, Comercio y Miner\u00eda de la Provincia, Eduardo Accastello; la presidenta de la Agencia C\u00f3rdoba Cultura, Nora Bedano; la legisladora provincial Liliana Abraham; funcionarios provinciales, municipales y miembros del directorio de Ente.<\/p>\n\n\n\n<p class=\"has-text-align-justify\">El titular del Departamento Ejecutivo Municipal se\u00f1al\u00f3 que el convenio acerca a las empresas la posibilidad de realizar estudios e investigaciones para avanzar en su desarrollo, a la vez que afirm\u00f3: \u201cEl Parque de Villa Mar\u00eda es una de las experiencias m\u00e1s virtuosas en la ciudad en los \u00faltimos 20 a\u00f1os, con una pol\u00edtica de vinculaci\u00f3n entre sector p\u00fablico y privado\u201d.<\/p>\n\n\n\n<p class=\"has-text-align-justify\">Por su parte, el presidente del PILT, ing. Carlos Pizzorno, resalt\u00f3 el prestigio del CEPROCOR para la investigaci\u00f3n y desarrollo de productos y procesos, por lo cual la vinculaci\u00f3n con el organismo es muy importante para las empresas que conforman la entidad. En tanto que el ministro De Chiara celebr\u00f3 el acontecimiento, subrayando que para la dependencia que lidera \u201ces un gusto muy grande poder plasmar este acuerdo, demostrando el trabajo en equipo con el fin de mejorar la competitividad y fortalecer el sector\u00bb.<\/p>\n","protected":false},"excerpt":{"rendered":"<p>A partir de ahora las empresas podr\u00e1n solicitar asistencia tecnol\u00f3gica a la entidad provincial o capacitaci\u00f3n para sus empleados, entre otras opciones. El Parque Industrial, Log\u00edstico y Tecnol\u00f3gico Villa Mar\u00eda (PILT) firm\u00f3 d\u00edas pasados un convenio con el Centro de Excelencia de Productos y Procesos (CEPROCOR), a los fines de que el organismo provincial brinde [&hellip;]<\/p>\n","protected":false},"author":3,"featured_media":2186,"comment_status":"open","ping_status":"open","sticky":false,"template":"","format":"standard","meta":{"_jetpack_memberships_contains_paid_content":false,"footnotes":""},"categories":[2],"tags":[],"class_list":["post-2185","post","type-post","status-publish","format-standard","has-post-thumbnail","hentry","category-noticias"],"yoast_head":"<!-- This site is optimized with the Yoast SEO plugin v27.5 - https:\/\/yoast.com\/product\/yoast-seo-wordpress\/ -->\n<title>EL PILT SUSCRIBI\u00d3 UN IMPORTANTE CONVENIO CON CEPROCOR - PILT.com.ar<\/title>\n<meta name=\"robots\" content=\"index, follow, max-snippet:-1, max-image-preview:large, max-video-preview:-1\" \/>\n<link rel=\"canonical\" href=\"https:\/\/pilt.com.ar\/parque-industrial\/el-pilt-suscribio-un-importante-convenio-con-ceprocor\/\" \/>\n<meta property=\"og:locale\" content=\"es_ES\" \/>\n<meta property=\"og:type\" content=\"article\" \/>\n<meta property=\"og:title\" content=\"EL PILT SUSCRIBI\u00d3 UN IMPORTANTE CONVENIO CON CEPROCOR - PILT.com.ar\" \/>\n<meta property=\"og:description\" content=\"A partir de ahora las empresas podr\u00e1n solicitar asistencia tecnol\u00f3gica a la entidad provincial o capacitaci\u00f3n para sus empleados, entre otras opciones. El Parque Industrial, Log\u00edstico y Tecnol\u00f3gico Villa Mar\u00eda (PILT) firm\u00f3 d\u00edas pasados un convenio con el Centro de Excelencia de Productos y Procesos (CEPROCOR), a los fines de que el organismo provincial brinde [&hellip;]\" \/>\n<meta property=\"og:url\" content=\"https:\/\/pilt.com.ar\/parque-industrial\/el-pilt-suscribio-un-importante-convenio-con-ceprocor\/\" \/>\n<meta property=\"og:site_name\" content=\"PILT.com.ar\" \/>\n<meta property=\"article:published_time\" content=\"2022-04-08T12:09:19+00:00\" \/>\n<meta property=\"article:modified_time\" content=\"2022-04-08T12:09:20+00:00\" \/>\n<meta property=\"og:image\" content=\"https:\/\/i0.wp.com\/pilt.com.ar\/parque-industrial\/wp-content\/uploads\/2022\/04\/WhatsApp-Image-2022-04-07-at-11.31.43-1.jpeg?fit=1280%2C853&ssl=1\" \/>\n\t<meta property=\"og:image:width\" content=\"1280\" \/>\n\t<meta property=\"og:image:height\" content=\"853\" \/>\n\t<meta property=\"og:image:type\" content=\"image\/jpeg\" \/>\n<meta name=\"author\" content=\"PILT\" \/>\n<meta name=\"twitter:card\" content=\"summary_large_image\" \/>\n<meta name=\"twitter:label1\" content=\"Escrito por\" \/>\n\t<meta name=\"twitter:data1\" content=\"PILT\" \/>\n\t<meta name=\"twitter:label2\" content=\"Tiempo de lectura\" \/>\n\t<meta name=\"twitter:data2\" content=\"2 minutos\" \/>\n<script type=\"application\/ld+json\" class=\"yoast-schema-graph\">{\"@context\":\"https:\\\/\\\/schema.org\",\"@graph\":[{\"@type\":\"Article\",\"@id\":\"https:\\\/\\\/pilt.com.ar\\\/parque-industrial\\\/el-pilt-suscribio-un-importante-convenio-con-ceprocor\\\/#article\",\"isPartOf\":{\"@id\":\"https:\\\/\\\/pilt.com.ar\\\/parque-industrial\\\/el-pilt-suscribio-un-importante-convenio-con-ceprocor\\\/\"},\"author\":{\"name\":\"PILT\",\"@id\":\"https:\\\/\\\/pilt.com.ar\\\/parque-industrial\\\/#\\\/schema\\\/person\\\/2dfb9e2464de1c3deef20c25c30a8306\"},\"headline\":\"EL PILT SUSCRIBI\u00d3 UN IMPORTANTE CONVENIO CON CEPROCOR\",\"datePublished\":\"2022-04-08T12:09:19+00:00\",\"dateModified\":\"2022-04-08T12:09:20+00:00\",\"mainEntityOfPage\":{\"@id\":\"https:\\\/\\\/pilt.com.ar\\\/parque-industrial\\\/el-pilt-suscribio-un-importante-convenio-con-ceprocor\\\/\"},\"wordCount\":395,\"commentCount\":0,\"image\":{\"@id\":\"https:\\\/\\\/pilt.com.ar\\\/parque-industrial\\\/el-pilt-suscribio-un-importante-convenio-con-ceprocor\\\/#primaryimage\"},\"thumbnailUrl\":\"https:\\\/\\\/i0.wp.com\\\/pilt.com.ar\\\/parque-industrial\\\/wp-content\\\/uploads\\\/2022\\\/04\\\/WhatsApp-Image-2022-04-07-at-11.31.43-1.jpeg?fit=1280%2C853&ssl=1\",\"articleSection\":[\"Noticias\"],\"inLanguage\":\"es\",\"potentialAction\":[{\"@type\":\"CommentAction\",\"name\":\"Comment\",\"target\":[\"https:\\\/\\\/pilt.com.ar\\\/parque-industrial\\\/el-pilt-suscribio-un-importante-convenio-con-ceprocor\\\/#respond\"]}]},{\"@type\":\"WebPage\",\"@id\":\"https:\\\/\\\/pilt.com.ar\\\/parque-industrial\\\/el-pilt-suscribio-un-importante-convenio-con-ceprocor\\\/\",\"url\":\"https:\\\/\\\/pilt.com.ar\\\/parque-industrial\\\/el-pilt-suscribio-un-importante-convenio-con-ceprocor\\\/\",\"name\":\"EL PILT SUSCRIBI\u00d3 UN IMPORTANTE CONVENIO CON CEPROCOR - PILT.com.ar\",\"isPartOf\":{\"@id\":\"https:\\\/\\\/pilt.com.ar\\\/parque-industrial\\\/#website\"},\"primaryImageOfPage\":{\"@id\":\"https:\\\/\\\/pilt.com.ar\\\/parque-industrial\\\/el-pilt-suscribio-un-importante-convenio-con-ceprocor\\\/#primaryimage\"},\"image\":{\"@id\":\"https:\\\/\\\/pilt.com.ar\\\/parque-industrial\\\/el-pilt-suscribio-un-importante-convenio-con-ceprocor\\\/#primaryimage\"},\"thumbnailUrl\":\"https:\\\/\\\/i0.wp.com\\\/pilt.com.ar\\\/parque-industrial\\\/wp-content\\\/uploads\\\/2022\\\/04\\\/WhatsApp-Image-2022-04-07-at-11.31.43-1.jpeg?fit=1280%2C853&ssl=1\",\"datePublished\":\"2022-04-08T12:09:19+00:00\",\"dateModified\":\"2022-04-08T12:09:20+00:00\",\"author\":{\"@id\":\"https:\\\/\\\/pilt.com.ar\\\/parque-industrial\\\/#\\\/schema\\\/person\\\/2dfb9e2464de1c3deef20c25c30a8306\"},\"inLanguage\":\"es\",\"potentialAction\":[{\"@type\":\"ReadAction\",\"target\":[\"https:\\\/\\\/pilt.com.ar\\\/parque-industrial\\\/el-pilt-suscribio-un-importante-convenio-con-ceprocor\\\/\"]}]},{\"@type\":\"ImageObject\",\"inLanguage\":\"es\",\"@id\":\"https:\\\/\\\/pilt.com.ar\\\/parque-industrial\\\/el-pilt-suscribio-un-importante-convenio-con-ceprocor\\\/#primaryimage\",\"url\":\"https:\\\/\\\/i0.wp.com\\\/pilt.com.ar\\\/parque-industrial\\\/wp-content\\\/uploads\\\/2022\\\/04\\\/WhatsApp-Image-2022-04-07-at-11.31.43-1.jpeg?fit=1280%2C853&ssl=1\",\"contentUrl\":\"https:\\\/\\\/i0.wp.com\\\/pilt.com.ar\\\/parque-industrial\\\/wp-content\\\/uploads\\\/2022\\\/04\\\/WhatsApp-Image-2022-04-07-at-11.31.43-1.jpeg?fit=1280%2C853&ssl=1\",\"width\":1280,\"height\":853},{\"@type\":\"WebSite\",\"@id\":\"https:\\\/\\\/pilt.com.ar\\\/parque-industrial\\\/#website\",\"url\":\"https:\\\/\\\/pilt.com.ar\\\/parque-industrial\\\/\",\"name\":\"PILT.com.ar\",\"description\":\"Parque Industrial, Log\u00edstico y Tecnol\u00f3gico Villa Mar\u00eda\",\"potentialAction\":[{\"@type\":\"SearchAction\",\"target\":{\"@type\":\"EntryPoint\",\"urlTemplate\":\"https:\\\/\\\/pilt.com.ar\\\/parque-industrial\\\/?s={search_term_string}\"},\"query-input\":{\"@type\":\"PropertyValueSpecification\",\"valueRequired\":true,\"valueName\":\"search_term_string\"}}],\"inLanguage\":\"es\"},{\"@type\":\"Person\",\"@id\":\"https:\\\/\\\/pilt.com.ar\\\/parque-industrial\\\/#\\\/schema\\\/person\\\/2dfb9e2464de1c3deef20c25c30a8306\",\"name\":\"PILT\",\"image\":{\"@type\":\"ImageObject\",\"inLanguage\":\"es\",\"@id\":\"https:\\\/\\\/secure.gravatar.com\\\/avatar\\\/5e3734c8d8c8e0b0d45f923c14a14d7b90521d573d02f0d91360a777095ee42b?s=96&d=mm&r=g\",\"url\":\"https:\\\/\\\/secure.gravatar.com\\\/avatar\\\/5e3734c8d8c8e0b0d45f923c14a14d7b90521d573d02f0d91360a777095ee42b?s=96&d=mm&r=g\",\"contentUrl\":\"https:\\\/\\\/secure.gravatar.com\\\/avatar\\\/5e3734c8d8c8e0b0d45f923c14a14d7b90521d573d02f0d91360a777095ee42b?s=96&d=mm&r=g\",\"caption\":\"PILT\"},\"url\":\"https:\\\/\\\/pilt.com.ar\\\/parque-industrial\\\/author\\\/pilt\\\/\"}]}<\/script>\n<!-- \/ Yoast SEO plugin. -->","yoast_head_json":{"title":"EL PILT SUSCRIBI\u00d3 UN IMPORTANTE CONVENIO CON CEPROCOR - PILT.com.ar","robots":{"index":"index","follow":"follow","max-snippet":"max-snippet:-1","max-image-preview":"max-image-preview:large","max-video-preview":"max-video-preview:-1"},"canonical":"https:\/\/pilt.com.ar\/parque-industrial\/el-pilt-suscribio-un-importante-convenio-con-ceprocor\/","og_locale":"es_ES","og_type":"article","og_title":"EL PILT SUSCRIBI\u00d3 UN IMPORTANTE CONVENIO CON CEPROCOR - PILT.com.ar","og_description":"A partir de ahora las empresas podr\u00e1n solicitar asistencia tecnol\u00f3gica a la entidad provincial o capacitaci\u00f3n para sus empleados, entre otras opciones. El Parque Industrial, Log\u00edstico y Tecnol\u00f3gico Villa Mar\u00eda (PILT) firm\u00f3 d\u00edas pasados un convenio con el Centro de Excelencia de Productos y Procesos (CEPROCOR), a los fines de que el organismo provincial brinde [&hellip;]","og_url":"https:\/\/pilt.com.ar\/parque-industrial\/el-pilt-suscribio-un-importante-convenio-con-ceprocor\/","og_site_name":"PILT.com.ar","article_published_time":"2022-04-08T12:09:19+00:00","article_modified_time":"2022-04-08T12:09:20+00:00","og_image":[{"width":1280,"height":853,"url":"https:\/\/i0.wp.com\/pilt.com.ar\/parque-industrial\/wp-content\/uploads\/2022\/04\/WhatsApp-Image-2022-04-07-at-11.31.43-1.jpeg?fit=1280%2C853&ssl=1","type":"image\/jpeg"}],"author":"PILT","twitter_card":"summary_large_image","twitter_misc":{"Escrito por":"PILT","Tiempo de lectura":"2 minutos"},"schema":{"@context":"https:\/\/schema.org","@graph":[{"@type":"Article","@id":"https:\/\/pilt.com.ar\/parque-industrial\/el-pilt-suscribio-un-importante-convenio-con-ceprocor\/#article","isPartOf":{"@id":"https:\/\/pilt.com.ar\/parque-industrial\/el-pilt-suscribio-un-importante-convenio-con-ceprocor\/"},"author":{"name":"PILT","@id":"https:\/\/pilt.com.ar\/parque-industrial\/#\/schema\/person\/2dfb9e2464de1c3deef20c25c30a8306"},"headline":"EL PILT SUSCRIBI\u00d3 UN IMPORTANTE CONVENIO CON CEPROCOR","datePublished":"2022-04-08T12:09:19+00:00","dateModified":"2022-04-08T12:09:20+00:00","mainEntityOfPage":{"@id":"https:\/\/pilt.com.ar\/parque-industrial\/el-pilt-suscribio-un-importante-convenio-con-ceprocor\/"},"wordCount":395,"commentCount":0,"image":{"@id":"https:\/\/pilt.com.ar\/parque-industrial\/el-pilt-suscribio-un-importante-convenio-con-ceprocor\/#primaryimage"},"thumbnailUrl":"https:\/\/i0.wp.com\/pilt.com.ar\/parque-industrial\/wp-content\/uploads\/2022\/04\/WhatsApp-Image-2022-04-07-at-11.31.43-1.jpeg?fit=1280%2C853&ssl=1","articleSection":["Noticias"],"inLanguage":"es","potentialAction":[{"@type":"CommentAction","name":"Comment","target":["https:\/\/pilt.com.ar\/parque-industrial\/el-pilt-suscribio-un-importante-convenio-con-ceprocor\/#respond"]}]},{"@type":"WebPage","@id":"https:\/\/pilt.com.ar\/parque-industrial\/el-pilt-suscribio-un-importante-convenio-con-ceprocor\/","url":"https:\/\/pilt.com.ar\/parque-industrial\/el-pilt-suscribio-un-importante-convenio-con-ceprocor\/","name":"EL PILT SUSCRIBI\u00d3 UN IMPORTANTE CONVENIO CON CEPROCOR - PILT.com.ar","isPartOf":{"@id":"https:\/\/pilt.com.ar\/parque-industrial\/#website"},"primaryImageOfPage":{"@id":"https:\/\/pilt.com.ar\/parque-industrial\/el-pilt-suscribio-un-importante-convenio-con-ceprocor\/#primaryimage"},"image":{"@id":"https:\/\/pilt.com.ar\/parque-industrial\/el-pilt-suscribio-un-importante-convenio-con-ceprocor\/#primaryimage"},"thumbnailUrl":"https:\/\/i0.wp.com\/pilt.com.ar\/parque-industrial\/wp-content\/uploads\/2022\/04\/WhatsApp-Image-2022-04-07-at-11.31.43-1.jpeg?fit=1280%2C853&ssl=1","datePublished":"2022-04-08T12:09:19+00:00","dateModified":"2022-04-08T12:09:20+00:00","author":{"@id":"https:\/\/pilt.com.ar\/parque-industrial\/#\/schema\/person\/2dfb9e2464de1c3deef20c25c30a8306"},"inLanguage":"es","potentialAction":[{"@type":"ReadAction","target":["https:\/\/pilt.com.ar\/parque-industrial\/el-pilt-suscribio-un-importante-convenio-con-ceprocor\/"]}]},{"@type":"ImageObject","inLanguage":"es","@id":"https:\/\/pilt.com.ar\/parque-industrial\/el-pilt-suscribio-un-importante-convenio-con-ceprocor\/#primaryimage","url":"https:\/\/i0.wp.com\/pilt.com.ar\/parque-industrial\/wp-content\/uploads\/2022\/04\/WhatsApp-Image-2022-04-07-at-11.31.43-1.jpeg?fit=1280%2C853&ssl=1","contentUrl":"https:\/\/i0.wp.com\/pilt.com.ar\/parque-industrial\/wp-content\/uploads\/2022\/04\/WhatsApp-Image-2022-04-07-at-11.31.43-1.jpeg?fit=1280%2C853&ssl=1","width":1280,"height":853},{"@type":"WebSite","@id":"https:\/\/pilt.com.ar\/parque-industrial\/#website","url":"https:\/\/pilt.com.ar\/parque-industrial\/","name":"PILT.com.ar","description":"Parque Industrial, Log\u00edstico y Tecnol\u00f3gico Villa Mar\u00eda","potentialAction":[{"@type":"SearchAction","target":{"@type":"EntryPoint","urlTemplate":"https:\/\/pilt.com.ar\/parque-industrial\/?s={search_term_string}"},"query-input":{"@type":"PropertyValueSpecification","valueRequired":true,"valueName":"search_term_string"}}],"inLanguage":"es"},{"@type":"Person","@id":"https:\/\/pilt.com.ar\/parque-industrial\/#\/schema\/person\/2dfb9e2464de1c3deef20c25c30a8306","name":"PILT","image":{"@type":"ImageObject","inLanguage":"es","@id":"https:\/\/secure.gravatar.com\/avatar\/5e3734c8d8c8e0b0d45f923c14a14d7b90521d573d02f0d91360a777095ee42b?s=96&d=mm&r=g","url":"https:\/\/secure.gravatar.com\/avatar\/5e3734c8d8c8e0b0d45f923c14a14d7b90521d573d02f0d91360a777095ee42b?s=96&d=mm&r=g","contentUrl":"https:\/\/secure.gravatar.com\/avatar\/5e3734c8d8c8e0b0d45f923c14a14d7b90521d573d02f0d91360a777095ee42b?s=96&d=mm&r=g","caption":"PILT"},"url":"https:\/\/pilt.com.ar\/parque-industrial\/author\/pilt\/"}]}},"jetpack_featured_media_url":"https:\/\/i0.wp.com\/pilt.com.ar\/parque-industrial\/wp-content\/uploads\/2022\/04\/WhatsApp-Image-2022-04-07-at-11.31.43-1.jpeg?fit=1280%2C853&ssl=1","jetpack_sharing_enabled":true,"_links":{"self":[{"href":"https:\/\/pilt.com.ar\/parque-industrial\/wp-json\/wp\/v2\/posts\/2185","targetHints":{"allow":["GET"]}}],"collection":[{"href":"https:\/\/pilt.com.ar\/parque-industrial\/wp-json\/wp\/v2\/posts"}],"about":[{"href":"https:\/\/pilt.com.ar\/parque-industrial\/wp-json\/wp\/v2\/types\/post"}],"author":[{"embeddable":true,"href":"https:\/\/pilt.com.ar\/parque-industrial\/wp-json\/wp\/v2\/users\/3"}],"replies":[{"embeddable":true,"href":"https:\/\/pilt.com.ar\/parque-industrial\/wp-json\/wp\/v2\/comments?post=2185"}],"version-history":[{"count":1,"href":"https:\/\/pilt.com.ar\/parque-industrial\/wp-json\/wp\/v2\/posts\/2185\/revisions"}],"predecessor-version":[{"id":2187,"href":"https:\/\/pilt.com.ar\/parque-industrial\/wp-json\/wp\/v2\/posts\/2185\/revisions\/2187"}],"wp:featuredmedia":[{"embeddable":true,"href":"https:\/\/pilt.com.ar\/parque-industrial\/wp-json\/wp\/v2\/media\/2186"}],"wp:attachment":[{"href":"https:\/\/pilt.com.ar\/parque-industrial\/wp-json\/wp\/v2\/media?parent=2185"}],"wp:term":[{"taxonomy":"category","embeddable":true,"href":"https:\/\/pilt.com.ar\/parque-industrial\/wp-json\/wp\/v2\/categories?post=2185"},{"taxonomy":"post_tag","embeddable":true,"href":"https:\/\/pilt.com.ar\/parque-industrial\/wp-json\/wp\/v2\/tags?post=2185"}],"curies":[{"name":"wp","href":"https:\/\/api.w.org\/{rel}","templated":true}]}}