{"id":2182,"date":"2022-04-08T09:07:33","date_gmt":"2022-04-08T12:07:33","guid":{"rendered":"https:\/\/pilt.com.ar\/parque-industrial\/?p=2182"},"modified":"2022-04-08T09:07:33","modified_gmt":"2022-04-08T12:07:33","slug":"se-firmo-un-convenio-de-cooperacion-con-el-instituto-de-extension-de-la-unvm","status":"publish","type":"post","link":"https:\/\/pilt.com.ar\/parque-industrial\/se-firmo-un-convenio-de-cooperacion-con-el-instituto-de-extension-de-la-unvm\/","title":{"rendered":"SE FIRM\u00d3 UN CONVENIO DE COOPERACI\u00d3N CON EL INSTITUTO DE EXTENSI\u00d3N DE LA UNVM"},"content":{"rendered":"\n<p class=\"has-text-align-center\"><strong><em>Carlos Montoto Galeano, gerente del PILT, rubric\u00f3 el acuerdo para que los socios del Ente accedan a beneficios<\/em><\/strong><\/p>\n\n\n\n<p class=\"has-text-align-justify\">El Parque Industrial, Log\u00edstico y Tecnol\u00f3gico Villa Mar\u00eda (PILT) firm\u00f3 un convenio de cooperaci\u00f3n y complementaci\u00f3n con el Instituto de Extensi\u00f3n de la Universidad Nacional de Villa Mar\u00eda (UNVM), con la finalidad de que los asociados obtengan descuentos y beneficios sobre los servicios que brinda dicho organismo.<\/p>\n\n\n\n<p class=\"has-text-align-justify\">En ese sentido, las empresas y emprendedores que forman parte del PILT podr\u00e1n lograr importantes beneficios en relaci\u00f3n a la oferta de capacitaci\u00f3n que cuenta el Instituto (cursos, seminarios o diplomados), o incluso este \u00faltimo puede plantear actividades dirigidas especialmente a las organizaciones, ya sean aranceladas o gratuitas. Tambi\u00e9n vale mencionar que la dependencia universitaria cuenta con un \u00e1rea espec\u00edfica relacionada a la propiedad intelectual, que entiende en aspectos de registraci\u00f3n de marcas y patentes, tema que puede ser de gran inter\u00e9s para los miembros del Parque.<\/p>\n\n\n\n<p class=\"has-text-align-justify\">Estuvieron presentes en la oportunidad el gerente del PILT, Carlos Montoto Galeano, que concurri\u00f3 en representaci\u00f3n del presidente Ing. Carlos Pizzorno; la directora del Instituto de Extensi\u00f3n de la UNVM, Gabriela Redondo; y el director de Transferencia Cient\u00edfico \u2013 Tecnol\u00f3gica, Dar\u00edo Poncio.<\/p>\n\n\n\n<p class=\"has-text-align-justify\">Al momento de la firma, Montoto Galeano valor\u00f3 la importancia del convenio, subrayando la vinculaci\u00f3n con la instituci\u00f3n educativa y destacando adem\u00e1s que uno de los objetivos de la gesti\u00f3n es acercar beneficios concretos para los asociados. \u201cEn este caso una de las cuestiones principales est\u00e1 relacionada con la protecci\u00f3n de patentes y marcas\u201d, afirm\u00f3.<\/p>\n","protected":false},"excerpt":{"rendered":"<p>Carlos Montoto Galeano, gerente del PILT, rubric\u00f3 el acuerdo para que los socios del Ente accedan a beneficios El Parque Industrial, Log\u00edstico y Tecnol\u00f3gico Villa Mar\u00eda (PILT) firm\u00f3 un convenio de cooperaci\u00f3n y complementaci\u00f3n con el Instituto de Extensi\u00f3n de la Universidad Nacional de Villa Mar\u00eda (UNVM), con la finalidad de que los asociados obtengan [&hellip;]<\/p>\n","protected":false},"author":3,"featured_media":2183,"comment_status":"open","ping_status":"open","sticky":false,"template":"","format":"standard","meta":{"_jetpack_memberships_contains_paid_content":false,"footnotes":""},"categories":[2],"tags":[],"class_list":["post-2182","post","type-post","status-publish","format-standard","has-post-thumbnail","hentry","category-noticias"],"yoast_head":"<!-- This site is optimized with the Yoast SEO plugin v27.5 - https:\/\/yoast.com\/product\/yoast-seo-wordpress\/ -->\n<title>SE FIRM\u00d3 UN CONVENIO DE COOPERACI\u00d3N CON EL INSTITUTO DE EXTENSI\u00d3N DE LA UNVM - PILT.com.ar<\/title>\n<meta name=\"robots\" content=\"index, follow, max-snippet:-1, max-image-preview:large, max-video-preview:-1\" \/>\n<link rel=\"canonical\" href=\"https:\/\/pilt.com.ar\/parque-industrial\/se-firmo-un-convenio-de-cooperacion-con-el-instituto-de-extension-de-la-unvm\/\" \/>\n<meta property=\"og:locale\" content=\"es_ES\" \/>\n<meta property=\"og:type\" content=\"article\" \/>\n<meta property=\"og:title\" content=\"SE FIRM\u00d3 UN CONVENIO DE COOPERACI\u00d3N CON EL INSTITUTO DE EXTENSI\u00d3N DE LA UNVM - PILT.com.ar\" \/>\n<meta property=\"og:description\" content=\"Carlos Montoto Galeano, gerente del PILT, rubric\u00f3 el acuerdo para que los socios del Ente accedan a beneficios El Parque Industrial, Log\u00edstico y Tecnol\u00f3gico Villa Mar\u00eda (PILT) firm\u00f3 un convenio de cooperaci\u00f3n y complementaci\u00f3n con el Instituto de Extensi\u00f3n de la Universidad Nacional de Villa Mar\u00eda (UNVM), con la finalidad de que los asociados obtengan [&hellip;]\" \/>\n<meta property=\"og:url\" content=\"https:\/\/pilt.com.ar\/parque-industrial\/se-firmo-un-convenio-de-cooperacion-con-el-instituto-de-extension-de-la-unvm\/\" \/>\n<meta property=\"og:site_name\" content=\"PILT.com.ar\" \/>\n<meta property=\"article:published_time\" content=\"2022-04-08T12:07:33+00:00\" \/>\n<meta property=\"og:image\" content=\"https:\/\/i0.wp.com\/pilt.com.ar\/parque-industrial\/wp-content\/uploads\/2022\/04\/WhatsApp-Image-2022-03-31-at-15.16.54.jpeg?fit=1280%2C853&ssl=1\" \/>\n\t<meta property=\"og:image:width\" content=\"1280\" \/>\n\t<meta property=\"og:image:height\" content=\"853\" \/>\n\t<meta property=\"og:image:type\" content=\"image\/jpeg\" \/>\n<meta name=\"author\" content=\"PILT\" \/>\n<meta name=\"twitter:card\" content=\"summary_large_image\" \/>\n<meta name=\"twitter:label1\" content=\"Escrito por\" \/>\n\t<meta name=\"twitter:data1\" content=\"PILT\" \/>\n\t<meta name=\"twitter:label2\" content=\"Tiempo de lectura\" \/>\n\t<meta name=\"twitter:data2\" content=\"2 minutos\" \/>\n<script type=\"application\/ld+json\" class=\"yoast-schema-graph\">{\"@context\":\"https:\\\/\\\/schema.org\",\"@graph\":[{\"@type\":\"Article\",\"@id\":\"https:\\\/\\\/pilt.com.ar\\\/parque-industrial\\\/se-firmo-un-convenio-de-cooperacion-con-el-instituto-de-extension-de-la-unvm\\\/#article\",\"isPartOf\":{\"@id\":\"https:\\\/\\\/pilt.com.ar\\\/parque-industrial\\\/se-firmo-un-convenio-de-cooperacion-con-el-instituto-de-extension-de-la-unvm\\\/\"},\"author\":{\"name\":\"PILT\",\"@id\":\"https:\\\/\\\/pilt.com.ar\\\/parque-industrial\\\/#\\\/schema\\\/person\\\/2dfb9e2464de1c3deef20c25c30a8306\"},\"headline\":\"SE FIRM\u00d3 UN CONVENIO DE COOPERACI\u00d3N CON EL INSTITUTO DE EXTENSI\u00d3N DE LA UNVM\",\"datePublished\":\"2022-04-08T12:07:33+00:00\",\"mainEntityOfPage\":{\"@id\":\"https:\\\/\\\/pilt.com.ar\\\/parque-industrial\\\/se-firmo-un-convenio-de-cooperacion-con-el-instituto-de-extension-de-la-unvm\\\/\"},\"wordCount\":288,\"commentCount\":0,\"image\":{\"@id\":\"https:\\\/\\\/pilt.com.ar\\\/parque-industrial\\\/se-firmo-un-convenio-de-cooperacion-con-el-instituto-de-extension-de-la-unvm\\\/#primaryimage\"},\"thumbnailUrl\":\"https:\\\/\\\/i0.wp.com\\\/pilt.com.ar\\\/parque-industrial\\\/wp-content\\\/uploads\\\/2022\\\/04\\\/WhatsApp-Image-2022-03-31-at-15.16.54.jpeg?fit=1280%2C853&ssl=1\",\"articleSection\":[\"Noticias\"],\"inLanguage\":\"es\",\"potentialAction\":[{\"@type\":\"CommentAction\",\"name\":\"Comment\",\"target\":[\"https:\\\/\\\/pilt.com.ar\\\/parque-industrial\\\/se-firmo-un-convenio-de-cooperacion-con-el-instituto-de-extension-de-la-unvm\\\/#respond\"]}]},{\"@type\":\"WebPage\",\"@id\":\"https:\\\/\\\/pilt.com.ar\\\/parque-industrial\\\/se-firmo-un-convenio-de-cooperacion-con-el-instituto-de-extension-de-la-unvm\\\/\",\"url\":\"https:\\\/\\\/pilt.com.ar\\\/parque-industrial\\\/se-firmo-un-convenio-de-cooperacion-con-el-instituto-de-extension-de-la-unvm\\\/\",\"name\":\"SE FIRM\u00d3 UN CONVENIO DE COOPERACI\u00d3N CON EL INSTITUTO DE EXTENSI\u00d3N DE LA UNVM - PILT.com.ar\",\"isPartOf\":{\"@id\":\"https:\\\/\\\/pilt.com.ar\\\/parque-industrial\\\/#website\"},\"primaryImageOfPage\":{\"@id\":\"https:\\\/\\\/pilt.com.ar\\\/parque-industrial\\\/se-firmo-un-convenio-de-cooperacion-con-el-instituto-de-extension-de-la-unvm\\\/#primaryimage\"},\"image\":{\"@id\":\"https:\\\/\\\/pilt.com.ar\\\/parque-industrial\\\/se-firmo-un-convenio-de-cooperacion-con-el-instituto-de-extension-de-la-unvm\\\/#primaryimage\"},\"thumbnailUrl\":\"https:\\\/\\\/i0.wp.com\\\/pilt.com.ar\\\/parque-industrial\\\/wp-content\\\/uploads\\\/2022\\\/04\\\/WhatsApp-Image-2022-03-31-at-15.16.54.jpeg?fit=1280%2C853&ssl=1\",\"datePublished\":\"2022-04-08T12:07:33+00:00\",\"author\":{\"@id\":\"https:\\\/\\\/pilt.com.ar\\\/parque-industrial\\\/#\\\/schema\\\/person\\\/2dfb9e2464de1c3deef20c25c30a8306\"},\"inLanguage\":\"es\",\"potentialAction\":[{\"@type\":\"ReadAction\",\"target\":[\"https:\\\/\\\/pilt.com.ar\\\/parque-industrial\\\/se-firmo-un-convenio-de-cooperacion-con-el-instituto-de-extension-de-la-unvm\\\/\"]}]},{\"@type\":\"ImageObject\",\"inLanguage\":\"es\",\"@id\":\"https:\\\/\\\/pilt.com.ar\\\/parque-industrial\\\/se-firmo-un-convenio-de-cooperacion-con-el-instituto-de-extension-de-la-unvm\\\/#primaryimage\",\"url\":\"https:\\\/\\\/i0.wp.com\\\/pilt.com.ar\\\/parque-industrial\\\/wp-content\\\/uploads\\\/2022\\\/04\\\/WhatsApp-Image-2022-03-31-at-15.16.54.jpeg?fit=1280%2C853&ssl=1\",\"contentUrl\":\"https:\\\/\\\/i0.wp.com\\\/pilt.com.ar\\\/parque-industrial\\\/wp-content\\\/uploads\\\/2022\\\/04\\\/WhatsApp-Image-2022-03-31-at-15.16.54.jpeg?fit=1280%2C853&ssl=1\",\"width\":1280,\"height\":853},{\"@type\":\"WebSite\",\"@id\":\"https:\\\/\\\/pilt.com.ar\\\/parque-industrial\\\/#website\",\"url\":\"https:\\\/\\\/pilt.com.ar\\\/parque-industrial\\\/\",\"name\":\"PILT.com.ar\",\"description\":\"Parque Industrial, Log\u00edstico y Tecnol\u00f3gico Villa Mar\u00eda\",\"potentialAction\":[{\"@type\":\"SearchAction\",\"target\":{\"@type\":\"EntryPoint\",\"urlTemplate\":\"https:\\\/\\\/pilt.com.ar\\\/parque-industrial\\\/?s={search_term_string}\"},\"query-input\":{\"@type\":\"PropertyValueSpecification\",\"valueRequired\":true,\"valueName\":\"search_term_string\"}}],\"inLanguage\":\"es\"},{\"@type\":\"Person\",\"@id\":\"https:\\\/\\\/pilt.com.ar\\\/parque-industrial\\\/#\\\/schema\\\/person\\\/2dfb9e2464de1c3deef20c25c30a8306\",\"name\":\"PILT\",\"image\":{\"@type\":\"ImageObject\",\"inLanguage\":\"es\",\"@id\":\"https:\\\/\\\/secure.gravatar.com\\\/avatar\\\/5e3734c8d8c8e0b0d45f923c14a14d7b90521d573d02f0d91360a777095ee42b?s=96&d=mm&r=g\",\"url\":\"https:\\\/\\\/secure.gravatar.com\\\/avatar\\\/5e3734c8d8c8e0b0d45f923c14a14d7b90521d573d02f0d91360a777095ee42b?s=96&d=mm&r=g\",\"contentUrl\":\"https:\\\/\\\/secure.gravatar.com\\\/avatar\\\/5e3734c8d8c8e0b0d45f923c14a14d7b90521d573d02f0d91360a777095ee42b?s=96&d=mm&r=g\",\"caption\":\"PILT\"},\"url\":\"https:\\\/\\\/pilt.com.ar\\\/parque-industrial\\\/author\\\/pilt\\\/\"}]}<\/script>\n<!-- \/ Yoast SEO plugin. -->","yoast_head_json":{"title":"SE FIRM\u00d3 UN CONVENIO DE COOPERACI\u00d3N CON EL INSTITUTO DE EXTENSI\u00d3N DE LA UNVM - PILT.com.ar","robots":{"index":"index","follow":"follow","max-snippet":"max-snippet:-1","max-image-preview":"max-image-preview:large","max-video-preview":"max-video-preview:-1"},"canonical":"https:\/\/pilt.com.ar\/parque-industrial\/se-firmo-un-convenio-de-cooperacion-con-el-instituto-de-extension-de-la-unvm\/","og_locale":"es_ES","og_type":"article","og_title":"SE FIRM\u00d3 UN CONVENIO DE COOPERACI\u00d3N CON EL INSTITUTO DE EXTENSI\u00d3N DE LA UNVM - PILT.com.ar","og_description":"Carlos Montoto Galeano, gerente del PILT, rubric\u00f3 el acuerdo para que los socios del Ente accedan a beneficios El Parque Industrial, Log\u00edstico y Tecnol\u00f3gico Villa Mar\u00eda (PILT) firm\u00f3 un convenio de cooperaci\u00f3n y complementaci\u00f3n con el Instituto de Extensi\u00f3n de la Universidad Nacional de Villa Mar\u00eda (UNVM), con la finalidad de que los asociados obtengan [&hellip;]","og_url":"https:\/\/pilt.com.ar\/parque-industrial\/se-firmo-un-convenio-de-cooperacion-con-el-instituto-de-extension-de-la-unvm\/","og_site_name":"PILT.com.ar","article_published_time":"2022-04-08T12:07:33+00:00","og_image":[{"width":1280,"height":853,"url":"https:\/\/i0.wp.com\/pilt.com.ar\/parque-industrial\/wp-content\/uploads\/2022\/04\/WhatsApp-Image-2022-03-31-at-15.16.54.jpeg?fit=1280%2C853&ssl=1","type":"image\/jpeg"}],"author":"PILT","twitter_card":"summary_large_image","twitter_misc":{"Escrito por":"PILT","Tiempo de lectura":"2 minutos"},"schema":{"@context":"https:\/\/schema.org","@graph":[{"@type":"Article","@id":"https:\/\/pilt.com.ar\/parque-industrial\/se-firmo-un-convenio-de-cooperacion-con-el-instituto-de-extension-de-la-unvm\/#article","isPartOf":{"@id":"https:\/\/pilt.com.ar\/parque-industrial\/se-firmo-un-convenio-de-cooperacion-con-el-instituto-de-extension-de-la-unvm\/"},"author":{"name":"PILT","@id":"https:\/\/pilt.com.ar\/parque-industrial\/#\/schema\/person\/2dfb9e2464de1c3deef20c25c30a8306"},"headline":"SE FIRM\u00d3 UN CONVENIO DE COOPERACI\u00d3N CON EL INSTITUTO DE EXTENSI\u00d3N DE LA UNVM","datePublished":"2022-04-08T12:07:33+00:00","mainEntityOfPage":{"@id":"https:\/\/pilt.com.ar\/parque-industrial\/se-firmo-un-convenio-de-cooperacion-con-el-instituto-de-extension-de-la-unvm\/"},"wordCount":288,"commentCount":0,"image":{"@id":"https:\/\/pilt.com.ar\/parque-industrial\/se-firmo-un-convenio-de-cooperacion-con-el-instituto-de-extension-de-la-unvm\/#primaryimage"},"thumbnailUrl":"https:\/\/i0.wp.com\/pilt.com.ar\/parque-industrial\/wp-content\/uploads\/2022\/04\/WhatsApp-Image-2022-03-31-at-15.16.54.jpeg?fit=1280%2C853&ssl=1","articleSection":["Noticias"],"inLanguage":"es","potentialAction":[{"@type":"CommentAction","name":"Comment","target":["https:\/\/pilt.com.ar\/parque-industrial\/se-firmo-un-convenio-de-cooperacion-con-el-instituto-de-extension-de-la-unvm\/#respond"]}]},{"@type":"WebPage","@id":"https:\/\/pilt.com.ar\/parque-industrial\/se-firmo-un-convenio-de-cooperacion-con-el-instituto-de-extension-de-la-unvm\/","url":"https:\/\/pilt.com.ar\/parque-industrial\/se-firmo-un-convenio-de-cooperacion-con-el-instituto-de-extension-de-la-unvm\/","name":"SE FIRM\u00d3 UN CONVENIO DE COOPERACI\u00d3N CON EL INSTITUTO DE EXTENSI\u00d3N DE LA UNVM - PILT.com.ar","isPartOf":{"@id":"https:\/\/pilt.com.ar\/parque-industrial\/#website"},"primaryImageOfPage":{"@id":"https:\/\/pilt.com.ar\/parque-industrial\/se-firmo-un-convenio-de-cooperacion-con-el-instituto-de-extension-de-la-unvm\/#primaryimage"},"image":{"@id":"https:\/\/pilt.com.ar\/parque-industrial\/se-firmo-un-convenio-de-cooperacion-con-el-instituto-de-extension-de-la-unvm\/#primaryimage"},"thumbnailUrl":"https:\/\/i0.wp.com\/pilt.com.ar\/parque-industrial\/wp-content\/uploads\/2022\/04\/WhatsApp-Image-2022-03-31-at-15.16.54.jpeg?fit=1280%2C853&ssl=1","datePublished":"2022-04-08T12:07:33+00:00","author":{"@id":"https:\/\/pilt.com.ar\/parque-industrial\/#\/schema\/person\/2dfb9e2464de1c3deef20c25c30a8306"},"inLanguage":"es","potentialAction":[{"@type":"ReadAction","target":["https:\/\/pilt.com.ar\/parque-industrial\/se-firmo-un-convenio-de-cooperacion-con-el-instituto-de-extension-de-la-unvm\/"]}]},{"@type":"ImageObject","inLanguage":"es","@id":"https:\/\/pilt.com.ar\/parque-industrial\/se-firmo-un-convenio-de-cooperacion-con-el-instituto-de-extension-de-la-unvm\/#primaryimage","url":"https:\/\/i0.wp.com\/pilt.com.ar\/parque-industrial\/wp-content\/uploads\/2022\/04\/WhatsApp-Image-2022-03-31-at-15.16.54.jpeg?fit=1280%2C853&ssl=1","contentUrl":"https:\/\/i0.wp.com\/pilt.com.ar\/parque-industrial\/wp-content\/uploads\/2022\/04\/WhatsApp-Image-2022-03-31-at-15.16.54.jpeg?fit=1280%2C853&ssl=1","width":1280,"height":853},{"@type":"WebSite","@id":"https:\/\/pilt.com.ar\/parque-industrial\/#website","url":"https:\/\/pilt.com.ar\/parque-industrial\/","name":"PILT.com.ar","description":"Parque Industrial, Log\u00edstico y Tecnol\u00f3gico Villa Mar\u00eda","potentialAction":[{"@type":"SearchAction","target":{"@type":"EntryPoint","urlTemplate":"https:\/\/pilt.com.ar\/parque-industrial\/?s={search_term_string}"},"query-input":{"@type":"PropertyValueSpecification","valueRequired":true,"valueName":"search_term_string"}}],"inLanguage":"es"},{"@type":"Person","@id":"https:\/\/pilt.com.ar\/parque-industrial\/#\/schema\/person\/2dfb9e2464de1c3deef20c25c30a8306","name":"PILT","image":{"@type":"ImageObject","inLanguage":"es","@id":"https:\/\/secure.gravatar.com\/avatar\/5e3734c8d8c8e0b0d45f923c14a14d7b90521d573d02f0d91360a777095ee42b?s=96&d=mm&r=g","url":"https:\/\/secure.gravatar.com\/avatar\/5e3734c8d8c8e0b0d45f923c14a14d7b90521d573d02f0d91360a777095ee42b?s=96&d=mm&r=g","contentUrl":"https:\/\/secure.gravatar.com\/avatar\/5e3734c8d8c8e0b0d45f923c14a14d7b90521d573d02f0d91360a777095ee42b?s=96&d=mm&r=g","caption":"PILT"},"url":"https:\/\/pilt.com.ar\/parque-industrial\/author\/pilt\/"}]}},"jetpack_featured_media_url":"https:\/\/i0.wp.com\/pilt.com.ar\/parque-industrial\/wp-content\/uploads\/2022\/04\/WhatsApp-Image-2022-03-31-at-15.16.54.jpeg?fit=1280%2C853&ssl=1","jetpack_sharing_enabled":true,"_links":{"self":[{"href":"https:\/\/pilt.com.ar\/parque-industrial\/wp-json\/wp\/v2\/posts\/2182","targetHints":{"allow":["GET"]}}],"collection":[{"href":"https:\/\/pilt.com.ar\/parque-industrial\/wp-json\/wp\/v2\/posts"}],"about":[{"href":"https:\/\/pilt.com.ar\/parque-industrial\/wp-json\/wp\/v2\/types\/post"}],"author":[{"embeddable":true,"href":"https:\/\/pilt.com.ar\/parque-industrial\/wp-json\/wp\/v2\/users\/3"}],"replies":[{"embeddable":true,"href":"https:\/\/pilt.com.ar\/parque-industrial\/wp-json\/wp\/v2\/comments?post=2182"}],"version-history":[{"count":1,"href":"https:\/\/pilt.com.ar\/parque-industrial\/wp-json\/wp\/v2\/posts\/2182\/revisions"}],"predecessor-version":[{"id":2184,"href":"https:\/\/pilt.com.ar\/parque-industrial\/wp-json\/wp\/v2\/posts\/2182\/revisions\/2184"}],"wp:featuredmedia":[{"embeddable":true,"href":"https:\/\/pilt.com.ar\/parque-industrial\/wp-json\/wp\/v2\/media\/2183"}],"wp:attachment":[{"href":"https:\/\/pilt.com.ar\/parque-industrial\/wp-json\/wp\/v2\/media?parent=2182"}],"wp:term":[{"taxonomy":"category","embeddable":true,"href":"https:\/\/pilt.com.ar\/parque-industrial\/wp-json\/wp\/v2\/categories?post=2182"},{"taxonomy":"post_tag","embeddable":true,"href":"https:\/\/pilt.com.ar\/parque-industrial\/wp-json\/wp\/v2\/tags?post=2182"}],"curies":[{"name":"wp","href":"https:\/\/api.w.org\/{rel}","templated":true}]}}