{"id":2136,"date":"2022-03-10T13:24:27","date_gmt":"2022-03-10T16:24:27","guid":{"rendered":"https:\/\/pilt.com.ar\/parque-industrial\/?p=2136"},"modified":"2022-03-10T13:24:27","modified_gmt":"2022-03-10T16:24:27","slug":"el-gerente-del-pilt-se-reunio-con-el-decano-del-instituto-de-ciencias-sociales-de-la-unvm","status":"publish","type":"post","link":"https:\/\/pilt.com.ar\/parque-industrial\/el-gerente-del-pilt-se-reunio-con-el-decano-del-instituto-de-ciencias-sociales-de-la-unvm\/","title":{"rendered":"EL GERENTE DEL PILT SE REUNI\u00d3 CON EL DECANO DEL INSTITUTO DE CIENCIAS SOCIALES DE LA UNVM"},"content":{"rendered":"\n<p class=\"has-text-align-center\"><strong><em>Carlos Montoto Galiano mantuvo una reuni\u00f3n de trabajo con Gabriel Su\u00e1rez Fonseca, en donde delinearon posibles formas de vinculaci\u00f3n entre ambos espacios.<\/em><\/strong><\/p>\n\n\n\n<p>En la oportunidad dialogaron sobre la importancia de vincular las organizaciones, teniendo en cuenta los puntos de interacci\u00f3n entre ellas. En ese sentido, se avanz\u00f3 en la idea de promover la apertura de pasant\u00edas acad\u00e9micas en el PILT, a los fines de brindar a estudiantes avanzados de carreras afines espacios para que puedan realizar pr\u00e1cticas pre profesionales en la Administraci\u00f3n de la entidad o empresas asociadas.<\/p>\n\n\n\n<p>En el sal\u00f3n de usos m\u00faltiples del Parque Industrial, Log\u00edstico y Tecnol\u00f3gico Villa Mar\u00eda (PILT), el gerente de la entidad, Carlos Montoto Galiano, junto a la responsable de Vinculaci\u00f3n, \u00c1ngela S\u00e1ez, recibi\u00f3 al titular del Instituto Acad\u00e9mico Pedag\u00f3gico de Ciencias Sociales de la Universidad Nacional de Villa Mar\u00eda (IAPCS), Gabriel Su\u00e1rez Fonseca, quien concurri\u00f3 acompa\u00f1ado por la secretaria de Investigaci\u00f3n y Extensi\u00f3n de dicho instituto, Carla Avenda\u00f1o Manelli.<\/p>\n\n\n\n<p>Asimismo, desde el IAPCS se se\u00f1al\u00f3 como un aspecto significativo la detecci\u00f3n de cuestiones problem\u00e1ticas para el desarrollo empresarial que puedan ser abordadas por investigaciones acad\u00e9micas, con el objetivo de impulsar la generaci\u00f3n de conocimiento de valor para las organizaciones que conforman el parque. Para ello, se propuso mantener encuentros con responsables de las firmas para visualizar necesidades manifiestas o latentes.<\/p>\n\n\n\n<p>Vale mencionar que ambas instituciones coincidieron en la relevancia de construir una relaci\u00f3n permanente, por lo que trabajar\u00e1n para generar un protocolo de trabajo.<\/p>\n","protected":false},"excerpt":{"rendered":"<p>Carlos Montoto Galiano mantuvo una reuni\u00f3n de trabajo con Gabriel Su\u00e1rez Fonseca, en donde delinearon posibles formas de vinculaci\u00f3n entre ambos espacios. En la oportunidad dialogaron sobre la importancia de vincular las organizaciones, teniendo en cuenta los puntos de interacci\u00f3n entre ellas. En ese sentido, se avanz\u00f3 en la idea de promover la apertura de [&hellip;]<\/p>\n","protected":false},"author":3,"featured_media":2137,"comment_status":"open","ping_status":"open","sticky":false,"template":"","format":"standard","meta":{"_jetpack_memberships_contains_paid_content":false,"footnotes":""},"categories":[2],"tags":[],"class_list":["post-2136","post","type-post","status-publish","format-standard","has-post-thumbnail","hentry","category-noticias"],"yoast_head":"<!-- This site is optimized with the Yoast SEO plugin v27.5 - https:\/\/yoast.com\/product\/yoast-seo-wordpress\/ -->\n<title>EL GERENTE DEL PILT SE REUNI\u00d3 CON EL DECANO DEL INSTITUTO DE CIENCIAS SOCIALES DE LA UNVM - PILT.com.ar<\/title>\n<meta name=\"robots\" content=\"index, follow, max-snippet:-1, max-image-preview:large, max-video-preview:-1\" \/>\n<link rel=\"canonical\" href=\"https:\/\/pilt.com.ar\/parque-industrial\/el-gerente-del-pilt-se-reunio-con-el-decano-del-instituto-de-ciencias-sociales-de-la-unvm\/\" \/>\n<meta property=\"og:locale\" content=\"es_ES\" \/>\n<meta property=\"og:type\" content=\"article\" \/>\n<meta property=\"og:title\" content=\"EL GERENTE DEL PILT SE REUNI\u00d3 CON EL DECANO DEL INSTITUTO DE CIENCIAS SOCIALES DE LA UNVM - PILT.com.ar\" \/>\n<meta property=\"og:description\" content=\"Carlos Montoto Galiano mantuvo una reuni\u00f3n de trabajo con Gabriel Su\u00e1rez Fonseca, en donde delinearon posibles formas de vinculaci\u00f3n entre ambos espacios. En la oportunidad dialogaron sobre la importancia de vincular las organizaciones, teniendo en cuenta los puntos de interacci\u00f3n entre ellas. En ese sentido, se avanz\u00f3 en la idea de promover la apertura de [&hellip;]\" \/>\n<meta property=\"og:url\" content=\"https:\/\/pilt.com.ar\/parque-industrial\/el-gerente-del-pilt-se-reunio-con-el-decano-del-instituto-de-ciencias-sociales-de-la-unvm\/\" \/>\n<meta property=\"og:site_name\" content=\"PILT.com.ar\" \/>\n<meta property=\"article:published_time\" content=\"2022-03-10T16:24:27+00:00\" \/>\n<meta property=\"og:image\" content=\"https:\/\/i0.wp.com\/pilt.com.ar\/parque-industrial\/wp-content\/uploads\/2022\/03\/WhatsApp-Image-2022-03-10-at-11.50.31.jpeg?fit=1280%2C1092&ssl=1\" \/>\n\t<meta property=\"og:image:width\" content=\"1280\" \/>\n\t<meta property=\"og:image:height\" content=\"1092\" \/>\n\t<meta property=\"og:image:type\" content=\"image\/jpeg\" \/>\n<meta name=\"author\" content=\"PILT\" \/>\n<meta name=\"twitter:card\" content=\"summary_large_image\" \/>\n<meta name=\"twitter:label1\" content=\"Escrito por\" \/>\n\t<meta name=\"twitter:data1\" content=\"PILT\" \/>\n\t<meta name=\"twitter:label2\" content=\"Tiempo de lectura\" \/>\n\t<meta name=\"twitter:data2\" content=\"1 minuto\" \/>\n<script type=\"application\/ld+json\" class=\"yoast-schema-graph\">{\"@context\":\"https:\\\/\\\/schema.org\",\"@graph\":[{\"@type\":\"Article\",\"@id\":\"https:\\\/\\\/pilt.com.ar\\\/parque-industrial\\\/el-gerente-del-pilt-se-reunio-con-el-decano-del-instituto-de-ciencias-sociales-de-la-unvm\\\/#article\",\"isPartOf\":{\"@id\":\"https:\\\/\\\/pilt.com.ar\\\/parque-industrial\\\/el-gerente-del-pilt-se-reunio-con-el-decano-del-instituto-de-ciencias-sociales-de-la-unvm\\\/\"},\"author\":{\"name\":\"PILT\",\"@id\":\"https:\\\/\\\/pilt.com.ar\\\/parque-industrial\\\/#\\\/schema\\\/person\\\/2dfb9e2464de1c3deef20c25c30a8306\"},\"headline\":\"EL GERENTE DEL PILT SE REUNI\u00d3 CON EL DECANO DEL INSTITUTO DE CIENCIAS SOCIALES DE LA UNVM\",\"datePublished\":\"2022-03-10T16:24:27+00:00\",\"mainEntityOfPage\":{\"@id\":\"https:\\\/\\\/pilt.com.ar\\\/parque-industrial\\\/el-gerente-del-pilt-se-reunio-con-el-decano-del-instituto-de-ciencias-sociales-de-la-unvm\\\/\"},\"wordCount\":288,\"commentCount\":0,\"image\":{\"@id\":\"https:\\\/\\\/pilt.com.ar\\\/parque-industrial\\\/el-gerente-del-pilt-se-reunio-con-el-decano-del-instituto-de-ciencias-sociales-de-la-unvm\\\/#primaryimage\"},\"thumbnailUrl\":\"https:\\\/\\\/i0.wp.com\\\/pilt.com.ar\\\/parque-industrial\\\/wp-content\\\/uploads\\\/2022\\\/03\\\/WhatsApp-Image-2022-03-10-at-11.50.31.jpeg?fit=1280%2C1092&ssl=1\",\"articleSection\":[\"Noticias\"],\"inLanguage\":\"es\",\"potentialAction\":[{\"@type\":\"CommentAction\",\"name\":\"Comment\",\"target\":[\"https:\\\/\\\/pilt.com.ar\\\/parque-industrial\\\/el-gerente-del-pilt-se-reunio-con-el-decano-del-instituto-de-ciencias-sociales-de-la-unvm\\\/#respond\"]}]},{\"@type\":\"WebPage\",\"@id\":\"https:\\\/\\\/pilt.com.ar\\\/parque-industrial\\\/el-gerente-del-pilt-se-reunio-con-el-decano-del-instituto-de-ciencias-sociales-de-la-unvm\\\/\",\"url\":\"https:\\\/\\\/pilt.com.ar\\\/parque-industrial\\\/el-gerente-del-pilt-se-reunio-con-el-decano-del-instituto-de-ciencias-sociales-de-la-unvm\\\/\",\"name\":\"EL GERENTE DEL PILT SE REUNI\u00d3 CON EL DECANO DEL INSTITUTO DE CIENCIAS SOCIALES DE LA UNVM - PILT.com.ar\",\"isPartOf\":{\"@id\":\"https:\\\/\\\/pilt.com.ar\\\/parque-industrial\\\/#website\"},\"primaryImageOfPage\":{\"@id\":\"https:\\\/\\\/pilt.com.ar\\\/parque-industrial\\\/el-gerente-del-pilt-se-reunio-con-el-decano-del-instituto-de-ciencias-sociales-de-la-unvm\\\/#primaryimage\"},\"image\":{\"@id\":\"https:\\\/\\\/pilt.com.ar\\\/parque-industrial\\\/el-gerente-del-pilt-se-reunio-con-el-decano-del-instituto-de-ciencias-sociales-de-la-unvm\\\/#primaryimage\"},\"thumbnailUrl\":\"https:\\\/\\\/i0.wp.com\\\/pilt.com.ar\\\/parque-industrial\\\/wp-content\\\/uploads\\\/2022\\\/03\\\/WhatsApp-Image-2022-03-10-at-11.50.31.jpeg?fit=1280%2C1092&ssl=1\",\"datePublished\":\"2022-03-10T16:24:27+00:00\",\"author\":{\"@id\":\"https:\\\/\\\/pilt.com.ar\\\/parque-industrial\\\/#\\\/schema\\\/person\\\/2dfb9e2464de1c3deef20c25c30a8306\"},\"inLanguage\":\"es\",\"potentialAction\":[{\"@type\":\"ReadAction\",\"target\":[\"https:\\\/\\\/pilt.com.ar\\\/parque-industrial\\\/el-gerente-del-pilt-se-reunio-con-el-decano-del-instituto-de-ciencias-sociales-de-la-unvm\\\/\"]}]},{\"@type\":\"ImageObject\",\"inLanguage\":\"es\",\"@id\":\"https:\\\/\\\/pilt.com.ar\\\/parque-industrial\\\/el-gerente-del-pilt-se-reunio-con-el-decano-del-instituto-de-ciencias-sociales-de-la-unvm\\\/#primaryimage\",\"url\":\"https:\\\/\\\/i0.wp.com\\\/pilt.com.ar\\\/parque-industrial\\\/wp-content\\\/uploads\\\/2022\\\/03\\\/WhatsApp-Image-2022-03-10-at-11.50.31.jpeg?fit=1280%2C1092&ssl=1\",\"contentUrl\":\"https:\\\/\\\/i0.wp.com\\\/pilt.com.ar\\\/parque-industrial\\\/wp-content\\\/uploads\\\/2022\\\/03\\\/WhatsApp-Image-2022-03-10-at-11.50.31.jpeg?fit=1280%2C1092&ssl=1\",\"width\":1280,\"height\":1092},{\"@type\":\"WebSite\",\"@id\":\"https:\\\/\\\/pilt.com.ar\\\/parque-industrial\\\/#website\",\"url\":\"https:\\\/\\\/pilt.com.ar\\\/parque-industrial\\\/\",\"name\":\"PILT.com.ar\",\"description\":\"Parque Industrial, Log\u00edstico y Tecnol\u00f3gico Villa Mar\u00eda\",\"potentialAction\":[{\"@type\":\"SearchAction\",\"target\":{\"@type\":\"EntryPoint\",\"urlTemplate\":\"https:\\\/\\\/pilt.com.ar\\\/parque-industrial\\\/?s={search_term_string}\"},\"query-input\":{\"@type\":\"PropertyValueSpecification\",\"valueRequired\":true,\"valueName\":\"search_term_string\"}}],\"inLanguage\":\"es\"},{\"@type\":\"Person\",\"@id\":\"https:\\\/\\\/pilt.com.ar\\\/parque-industrial\\\/#\\\/schema\\\/person\\\/2dfb9e2464de1c3deef20c25c30a8306\",\"name\":\"PILT\",\"image\":{\"@type\":\"ImageObject\",\"inLanguage\":\"es\",\"@id\":\"https:\\\/\\\/secure.gravatar.com\\\/avatar\\\/5e3734c8d8c8e0b0d45f923c14a14d7b90521d573d02f0d91360a777095ee42b?s=96&d=mm&r=g\",\"url\":\"https:\\\/\\\/secure.gravatar.com\\\/avatar\\\/5e3734c8d8c8e0b0d45f923c14a14d7b90521d573d02f0d91360a777095ee42b?s=96&d=mm&r=g\",\"contentUrl\":\"https:\\\/\\\/secure.gravatar.com\\\/avatar\\\/5e3734c8d8c8e0b0d45f923c14a14d7b90521d573d02f0d91360a777095ee42b?s=96&d=mm&r=g\",\"caption\":\"PILT\"},\"url\":\"https:\\\/\\\/pilt.com.ar\\\/parque-industrial\\\/author\\\/pilt\\\/\"}]}<\/script>\n<!-- \/ Yoast SEO plugin. -->","yoast_head_json":{"title":"EL GERENTE DEL PILT SE REUNI\u00d3 CON EL DECANO DEL INSTITUTO DE CIENCIAS SOCIALES DE LA UNVM - PILT.com.ar","robots":{"index":"index","follow":"follow","max-snippet":"max-snippet:-1","max-image-preview":"max-image-preview:large","max-video-preview":"max-video-preview:-1"},"canonical":"https:\/\/pilt.com.ar\/parque-industrial\/el-gerente-del-pilt-se-reunio-con-el-decano-del-instituto-de-ciencias-sociales-de-la-unvm\/","og_locale":"es_ES","og_type":"article","og_title":"EL GERENTE DEL PILT SE REUNI\u00d3 CON EL DECANO DEL INSTITUTO DE CIENCIAS SOCIALES DE LA UNVM - PILT.com.ar","og_description":"Carlos Montoto Galiano mantuvo una reuni\u00f3n de trabajo con Gabriel Su\u00e1rez Fonseca, en donde delinearon posibles formas de vinculaci\u00f3n entre ambos espacios. En la oportunidad dialogaron sobre la importancia de vincular las organizaciones, teniendo en cuenta los puntos de interacci\u00f3n entre ellas. En ese sentido, se avanz\u00f3 en la idea de promover la apertura de [&hellip;]","og_url":"https:\/\/pilt.com.ar\/parque-industrial\/el-gerente-del-pilt-se-reunio-con-el-decano-del-instituto-de-ciencias-sociales-de-la-unvm\/","og_site_name":"PILT.com.ar","article_published_time":"2022-03-10T16:24:27+00:00","og_image":[{"width":1280,"height":1092,"url":"https:\/\/i0.wp.com\/pilt.com.ar\/parque-industrial\/wp-content\/uploads\/2022\/03\/WhatsApp-Image-2022-03-10-at-11.50.31.jpeg?fit=1280%2C1092&ssl=1","type":"image\/jpeg"}],"author":"PILT","twitter_card":"summary_large_image","twitter_misc":{"Escrito por":"PILT","Tiempo de lectura":"1 minuto"},"schema":{"@context":"https:\/\/schema.org","@graph":[{"@type":"Article","@id":"https:\/\/pilt.com.ar\/parque-industrial\/el-gerente-del-pilt-se-reunio-con-el-decano-del-instituto-de-ciencias-sociales-de-la-unvm\/#article","isPartOf":{"@id":"https:\/\/pilt.com.ar\/parque-industrial\/el-gerente-del-pilt-se-reunio-con-el-decano-del-instituto-de-ciencias-sociales-de-la-unvm\/"},"author":{"name":"PILT","@id":"https:\/\/pilt.com.ar\/parque-industrial\/#\/schema\/person\/2dfb9e2464de1c3deef20c25c30a8306"},"headline":"EL GERENTE DEL PILT SE REUNI\u00d3 CON EL DECANO DEL INSTITUTO DE CIENCIAS SOCIALES DE LA UNVM","datePublished":"2022-03-10T16:24:27+00:00","mainEntityOfPage":{"@id":"https:\/\/pilt.com.ar\/parque-industrial\/el-gerente-del-pilt-se-reunio-con-el-decano-del-instituto-de-ciencias-sociales-de-la-unvm\/"},"wordCount":288,"commentCount":0,"image":{"@id":"https:\/\/pilt.com.ar\/parque-industrial\/el-gerente-del-pilt-se-reunio-con-el-decano-del-instituto-de-ciencias-sociales-de-la-unvm\/#primaryimage"},"thumbnailUrl":"https:\/\/i0.wp.com\/pilt.com.ar\/parque-industrial\/wp-content\/uploads\/2022\/03\/WhatsApp-Image-2022-03-10-at-11.50.31.jpeg?fit=1280%2C1092&ssl=1","articleSection":["Noticias"],"inLanguage":"es","potentialAction":[{"@type":"CommentAction","name":"Comment","target":["https:\/\/pilt.com.ar\/parque-industrial\/el-gerente-del-pilt-se-reunio-con-el-decano-del-instituto-de-ciencias-sociales-de-la-unvm\/#respond"]}]},{"@type":"WebPage","@id":"https:\/\/pilt.com.ar\/parque-industrial\/el-gerente-del-pilt-se-reunio-con-el-decano-del-instituto-de-ciencias-sociales-de-la-unvm\/","url":"https:\/\/pilt.com.ar\/parque-industrial\/el-gerente-del-pilt-se-reunio-con-el-decano-del-instituto-de-ciencias-sociales-de-la-unvm\/","name":"EL GERENTE DEL PILT SE REUNI\u00d3 CON EL DECANO DEL INSTITUTO DE CIENCIAS SOCIALES DE LA UNVM - PILT.com.ar","isPartOf":{"@id":"https:\/\/pilt.com.ar\/parque-industrial\/#website"},"primaryImageOfPage":{"@id":"https:\/\/pilt.com.ar\/parque-industrial\/el-gerente-del-pilt-se-reunio-con-el-decano-del-instituto-de-ciencias-sociales-de-la-unvm\/#primaryimage"},"image":{"@id":"https:\/\/pilt.com.ar\/parque-industrial\/el-gerente-del-pilt-se-reunio-con-el-decano-del-instituto-de-ciencias-sociales-de-la-unvm\/#primaryimage"},"thumbnailUrl":"https:\/\/i0.wp.com\/pilt.com.ar\/parque-industrial\/wp-content\/uploads\/2022\/03\/WhatsApp-Image-2022-03-10-at-11.50.31.jpeg?fit=1280%2C1092&ssl=1","datePublished":"2022-03-10T16:24:27+00:00","author":{"@id":"https:\/\/pilt.com.ar\/parque-industrial\/#\/schema\/person\/2dfb9e2464de1c3deef20c25c30a8306"},"inLanguage":"es","potentialAction":[{"@type":"ReadAction","target":["https:\/\/pilt.com.ar\/parque-industrial\/el-gerente-del-pilt-se-reunio-con-el-decano-del-instituto-de-ciencias-sociales-de-la-unvm\/"]}]},{"@type":"ImageObject","inLanguage":"es","@id":"https:\/\/pilt.com.ar\/parque-industrial\/el-gerente-del-pilt-se-reunio-con-el-decano-del-instituto-de-ciencias-sociales-de-la-unvm\/#primaryimage","url":"https:\/\/i0.wp.com\/pilt.com.ar\/parque-industrial\/wp-content\/uploads\/2022\/03\/WhatsApp-Image-2022-03-10-at-11.50.31.jpeg?fit=1280%2C1092&ssl=1","contentUrl":"https:\/\/i0.wp.com\/pilt.com.ar\/parque-industrial\/wp-content\/uploads\/2022\/03\/WhatsApp-Image-2022-03-10-at-11.50.31.jpeg?fit=1280%2C1092&ssl=1","width":1280,"height":1092},{"@type":"WebSite","@id":"https:\/\/pilt.com.ar\/parque-industrial\/#website","url":"https:\/\/pilt.com.ar\/parque-industrial\/","name":"PILT.com.ar","description":"Parque Industrial, Log\u00edstico y Tecnol\u00f3gico Villa Mar\u00eda","potentialAction":[{"@type":"SearchAction","target":{"@type":"EntryPoint","urlTemplate":"https:\/\/pilt.com.ar\/parque-industrial\/?s={search_term_string}"},"query-input":{"@type":"PropertyValueSpecification","valueRequired":true,"valueName":"search_term_string"}}],"inLanguage":"es"},{"@type":"Person","@id":"https:\/\/pilt.com.ar\/parque-industrial\/#\/schema\/person\/2dfb9e2464de1c3deef20c25c30a8306","name":"PILT","image":{"@type":"ImageObject","inLanguage":"es","@id":"https:\/\/secure.gravatar.com\/avatar\/5e3734c8d8c8e0b0d45f923c14a14d7b90521d573d02f0d91360a777095ee42b?s=96&d=mm&r=g","url":"https:\/\/secure.gravatar.com\/avatar\/5e3734c8d8c8e0b0d45f923c14a14d7b90521d573d02f0d91360a777095ee42b?s=96&d=mm&r=g","contentUrl":"https:\/\/secure.gravatar.com\/avatar\/5e3734c8d8c8e0b0d45f923c14a14d7b90521d573d02f0d91360a777095ee42b?s=96&d=mm&r=g","caption":"PILT"},"url":"https:\/\/pilt.com.ar\/parque-industrial\/author\/pilt\/"}]}},"jetpack_featured_media_url":"https:\/\/i0.wp.com\/pilt.com.ar\/parque-industrial\/wp-content\/uploads\/2022\/03\/WhatsApp-Image-2022-03-10-at-11.50.31.jpeg?fit=1280%2C1092&ssl=1","jetpack_sharing_enabled":true,"_links":{"self":[{"href":"https:\/\/pilt.com.ar\/parque-industrial\/wp-json\/wp\/v2\/posts\/2136","targetHints":{"allow":["GET"]}}],"collection":[{"href":"https:\/\/pilt.com.ar\/parque-industrial\/wp-json\/wp\/v2\/posts"}],"about":[{"href":"https:\/\/pilt.com.ar\/parque-industrial\/wp-json\/wp\/v2\/types\/post"}],"author":[{"embeddable":true,"href":"https:\/\/pilt.com.ar\/parque-industrial\/wp-json\/wp\/v2\/users\/3"}],"replies":[{"embeddable":true,"href":"https:\/\/pilt.com.ar\/parque-industrial\/wp-json\/wp\/v2\/comments?post=2136"}],"version-history":[{"count":1,"href":"https:\/\/pilt.com.ar\/parque-industrial\/wp-json\/wp\/v2\/posts\/2136\/revisions"}],"predecessor-version":[{"id":2138,"href":"https:\/\/pilt.com.ar\/parque-industrial\/wp-json\/wp\/v2\/posts\/2136\/revisions\/2138"}],"wp:featuredmedia":[{"embeddable":true,"href":"https:\/\/pilt.com.ar\/parque-industrial\/wp-json\/wp\/v2\/media\/2137"}],"wp:attachment":[{"href":"https:\/\/pilt.com.ar\/parque-industrial\/wp-json\/wp\/v2\/media?parent=2136"}],"wp:term":[{"taxonomy":"category","embeddable":true,"href":"https:\/\/pilt.com.ar\/parque-industrial\/wp-json\/wp\/v2\/categories?post=2136"},{"taxonomy":"post_tag","embeddable":true,"href":"https:\/\/pilt.com.ar\/parque-industrial\/wp-json\/wp\/v2\/tags?post=2136"}],"curies":[{"name":"wp","href":"https:\/\/api.w.org\/{rel}","templated":true}]}}