{"id":2112,"date":"2022-03-04T12:05:45","date_gmt":"2022-03-04T15:05:45","guid":{"rendered":"https:\/\/pilt.com.ar\/parque-industrial\/?p=2112"},"modified":"2022-03-04T12:27:13","modified_gmt":"2022-03-04T15:27:13","slug":"abrio-sus-puertas-la-nave-de-moray-sas-en-pilt","status":"publish","type":"post","link":"https:\/\/pilt.com.ar\/parque-industrial\/abrio-sus-puertas-la-nave-de-moray-sas-en-pilt\/","title":{"rendered":"ABRI\u00d3 SUS PUERTAS LA NAVE DE MORAY SAS EN PILT"},"content":{"rendered":"\n<p class=\"has-text-align-center\"><strong><em>Con la presencia del secretario de Agricultura de la Provincia, Marcos Blanda, y directivos de la firma Presicion Planting, la empresa inaugur\u00f3 un centro de servicios a sembradoras.<\/em><\/strong><\/p>\n\n\n\n<p class=\"has-text-align-justify\">Otra tarde de j\u00fabilo se vivi\u00f3 en el Parque Industrial, Log\u00edstico y Tecnol\u00f3gico Villa Mar\u00eda (PILT) con la inauguraci\u00f3n de la nave que mont\u00f3 la empresa Moray SAS, que estar\u00e1 dedicada a la atenci\u00f3n e incorporaci\u00f3n de tecnolog\u00eda a sembradoras, equipamiento fundamental para el \u00e9xito de los planteos productivos.<\/p>\n\n\n\n<p class=\"has-text-align-justify\">En la oportunidad estuvieron presentes el secretario de Agricultura de C\u00f3rdoba, Marcos Blanda; el secretario de Planeamiento, Relaciones Institucionales y Vinculaci\u00f3n Comunitaria&nbsp; de la Municipalidad de Villa Mar\u00eda, Otto Wester; el presidente del Ente de Desarrollo Productivo y Tecnol\u00f3gico, Franco Monetti; el titular del PILT, ing. Carlos Pizzorno; el gerente del Ente, Carlos Montoto y directores; representantes de la empresa Precision Planting e invitados especiales.<\/p>\n\n\n\n<p class=\"has-text-align-justify\">Andr\u00e9s Rocamundi, socio de la firma, detall\u00f3 los objetivos que se plantearon cuando decidieron llevar adelante el proyecto y resalt\u00f3 la elecci\u00f3n del Parque Industrial para localizar la nave.<\/p>\n\n\n\n<p class=\"has-text-align-justify\">\u201cNo tuvimos ninguna duda que lo \u00edbamos a hacer ac\u00e1 porque ten\u00edamos la infraestructura y el nivel de servicios que necesita este emprendimiento; pero principalmente encontramos una excelente gesti\u00f3n que acerc\u00f3 y puso todo a nuestra disposici\u00f3n, d\u00e1ndonos facilidades para implementar nuestra idea. Siempre decimos que nuestros clientes requieren lo mejor; por eso decidimos hacerlo de la mejor manera\u201d.<\/p>\n\n\n\n<p class=\"has-text-align-justify\">Por su parte, el ingeniero Carlos Pizzorno resalt\u00f3 el esfuerzo realizado por los empresarios para alcanzar sus sue\u00f1os y valor\u00f3 la cultura productiva de la regi\u00f3n y la provincia, que se sobrepone a las adversidades.&nbsp; Asimismo, agradeci\u00f3 la elecci\u00f3n del PILT para desarrollar el proyecto, a la vez que augur\u00f3 \u201cun futuro promisorio y un largo camino de \u00e9xitos, para beneficio de los empresarios que han hecho la inversi\u00f3n pero tambi\u00e9n para el beneficio de toda la ciudad\u201d.<\/p>\n\n\n\n<p class=\"has-text-align-justify\">Vale mencionar que Moray SAS se dedica a la comercializaci\u00f3n de semillas de ma\u00edz y de tecnolog\u00eda de agricultura de precisi\u00f3n, a trav\u00e9s de la distribuci\u00f3n de equipamiento de la firma Presicion Planting. En el centro de atenci\u00f3n a sembradoras realizar\u00e1n chequeos de equipos, reparaci\u00f3n de cuerpos de siembra y dem\u00e1s elementos para la actividad, y a\u00f1adir\u00e1n dispositivos tecnol\u00f3gicos. Adem\u00e1s, en el nuevo espacio brindar\u00e1n capacitaciones a los operarios sobre el uso de tecnolog\u00eda de siembra y demostraciones de funcionamiento.<\/p>\n","protected":false},"excerpt":{"rendered":"<p>Con la presencia del secretario de Agricultura de la Provincia, Marcos Blanda, y directivos de la firma Presicion Planting, la empresa inaugur\u00f3 un centro de servicios a sembradoras. Otra tarde de j\u00fabilo se vivi\u00f3 en el Parque Industrial, Log\u00edstico y Tecnol\u00f3gico Villa Mar\u00eda (PILT) con la inauguraci\u00f3n de la nave que mont\u00f3 la empresa Moray [&hellip;]<\/p>\n","protected":false},"author":3,"featured_media":2131,"comment_status":"open","ping_status":"open","sticky":false,"template":"","format":"standard","meta":{"_jetpack_memberships_contains_paid_content":false,"footnotes":""},"categories":[2],"tags":[],"class_list":["post-2112","post","type-post","status-publish","format-standard","has-post-thumbnail","hentry","category-noticias"],"yoast_head":"<!-- This site is optimized with the Yoast SEO plugin v27.5 - https:\/\/yoast.com\/product\/yoast-seo-wordpress\/ -->\n<title>ABRI\u00d3 SUS PUERTAS LA NAVE DE MORAY SAS EN PILT - PILT.com.ar<\/title>\n<meta name=\"robots\" content=\"index, follow, max-snippet:-1, max-image-preview:large, max-video-preview:-1\" \/>\n<link rel=\"canonical\" href=\"https:\/\/pilt.com.ar\/parque-industrial\/abrio-sus-puertas-la-nave-de-moray-sas-en-pilt\/\" \/>\n<meta property=\"og:locale\" content=\"es_ES\" \/>\n<meta property=\"og:type\" content=\"article\" \/>\n<meta property=\"og:title\" content=\"ABRI\u00d3 SUS PUERTAS LA NAVE DE MORAY SAS EN PILT - PILT.com.ar\" \/>\n<meta property=\"og:description\" content=\"Con la presencia del secretario de Agricultura de la Provincia, Marcos Blanda, y directivos de la firma Presicion Planting, la empresa inaugur\u00f3 un centro de servicios a sembradoras. Otra tarde de j\u00fabilo se vivi\u00f3 en el Parque Industrial, Log\u00edstico y Tecnol\u00f3gico Villa Mar\u00eda (PILT) con la inauguraci\u00f3n de la nave que mont\u00f3 la empresa Moray [&hellip;]\" \/>\n<meta property=\"og:url\" content=\"https:\/\/pilt.com.ar\/parque-industrial\/abrio-sus-puertas-la-nave-de-moray-sas-en-pilt\/\" \/>\n<meta property=\"og:site_name\" content=\"PILT.com.ar\" \/>\n<meta property=\"article:published_time\" content=\"2022-03-04T15:05:45+00:00\" \/>\n<meta property=\"article:modified_time\" content=\"2022-03-04T15:27:13+00:00\" \/>\n<meta property=\"og:image\" content=\"https:\/\/i0.wp.com\/pilt.com.ar\/parque-industrial\/wp-content\/uploads\/2022\/03\/WhatsApp-Image-2022-03-04-at-12.24.42.jpeg?fit=1248%2C1280&ssl=1\" \/>\n\t<meta property=\"og:image:width\" content=\"1248\" \/>\n\t<meta property=\"og:image:height\" content=\"1280\" \/>\n\t<meta property=\"og:image:type\" content=\"image\/jpeg\" \/>\n<meta name=\"author\" content=\"PILT\" \/>\n<meta name=\"twitter:card\" content=\"summary_large_image\" \/>\n<meta name=\"twitter:label1\" content=\"Escrito por\" \/>\n\t<meta name=\"twitter:data1\" content=\"PILT\" \/>\n\t<meta name=\"twitter:label2\" content=\"Tiempo de lectura\" \/>\n\t<meta name=\"twitter:data2\" content=\"2 minutos\" \/>\n<script type=\"application\/ld+json\" class=\"yoast-schema-graph\">{\"@context\":\"https:\\\/\\\/schema.org\",\"@graph\":[{\"@type\":\"Article\",\"@id\":\"https:\\\/\\\/pilt.com.ar\\\/parque-industrial\\\/abrio-sus-puertas-la-nave-de-moray-sas-en-pilt\\\/#article\",\"isPartOf\":{\"@id\":\"https:\\\/\\\/pilt.com.ar\\\/parque-industrial\\\/abrio-sus-puertas-la-nave-de-moray-sas-en-pilt\\\/\"},\"author\":{\"name\":\"PILT\",\"@id\":\"https:\\\/\\\/pilt.com.ar\\\/parque-industrial\\\/#\\\/schema\\\/person\\\/2dfb9e2464de1c3deef20c25c30a8306\"},\"headline\":\"ABRI\u00d3 SUS PUERTAS LA NAVE DE MORAY SAS EN PILT\",\"datePublished\":\"2022-03-04T15:05:45+00:00\",\"dateModified\":\"2022-03-04T15:27:13+00:00\",\"mainEntityOfPage\":{\"@id\":\"https:\\\/\\\/pilt.com.ar\\\/parque-industrial\\\/abrio-sus-puertas-la-nave-de-moray-sas-en-pilt\\\/\"},\"wordCount\":439,\"commentCount\":0,\"image\":{\"@id\":\"https:\\\/\\\/pilt.com.ar\\\/parque-industrial\\\/abrio-sus-puertas-la-nave-de-moray-sas-en-pilt\\\/#primaryimage\"},\"thumbnailUrl\":\"https:\\\/\\\/i0.wp.com\\\/pilt.com.ar\\\/parque-industrial\\\/wp-content\\\/uploads\\\/2022\\\/03\\\/WhatsApp-Image-2022-03-04-at-12.24.42.jpeg?fit=1248%2C1280&ssl=1\",\"articleSection\":[\"Noticias\"],\"inLanguage\":\"es\",\"potentialAction\":[{\"@type\":\"CommentAction\",\"name\":\"Comment\",\"target\":[\"https:\\\/\\\/pilt.com.ar\\\/parque-industrial\\\/abrio-sus-puertas-la-nave-de-moray-sas-en-pilt\\\/#respond\"]}]},{\"@type\":\"WebPage\",\"@id\":\"https:\\\/\\\/pilt.com.ar\\\/parque-industrial\\\/abrio-sus-puertas-la-nave-de-moray-sas-en-pilt\\\/\",\"url\":\"https:\\\/\\\/pilt.com.ar\\\/parque-industrial\\\/abrio-sus-puertas-la-nave-de-moray-sas-en-pilt\\\/\",\"name\":\"ABRI\u00d3 SUS PUERTAS LA NAVE DE MORAY SAS EN PILT - PILT.com.ar\",\"isPartOf\":{\"@id\":\"https:\\\/\\\/pilt.com.ar\\\/parque-industrial\\\/#website\"},\"primaryImageOfPage\":{\"@id\":\"https:\\\/\\\/pilt.com.ar\\\/parque-industrial\\\/abrio-sus-puertas-la-nave-de-moray-sas-en-pilt\\\/#primaryimage\"},\"image\":{\"@id\":\"https:\\\/\\\/pilt.com.ar\\\/parque-industrial\\\/abrio-sus-puertas-la-nave-de-moray-sas-en-pilt\\\/#primaryimage\"},\"thumbnailUrl\":\"https:\\\/\\\/i0.wp.com\\\/pilt.com.ar\\\/parque-industrial\\\/wp-content\\\/uploads\\\/2022\\\/03\\\/WhatsApp-Image-2022-03-04-at-12.24.42.jpeg?fit=1248%2C1280&ssl=1\",\"datePublished\":\"2022-03-04T15:05:45+00:00\",\"dateModified\":\"2022-03-04T15:27:13+00:00\",\"author\":{\"@id\":\"https:\\\/\\\/pilt.com.ar\\\/parque-industrial\\\/#\\\/schema\\\/person\\\/2dfb9e2464de1c3deef20c25c30a8306\"},\"inLanguage\":\"es\",\"potentialAction\":[{\"@type\":\"ReadAction\",\"target\":[\"https:\\\/\\\/pilt.com.ar\\\/parque-industrial\\\/abrio-sus-puertas-la-nave-de-moray-sas-en-pilt\\\/\"]}]},{\"@type\":\"ImageObject\",\"inLanguage\":\"es\",\"@id\":\"https:\\\/\\\/pilt.com.ar\\\/parque-industrial\\\/abrio-sus-puertas-la-nave-de-moray-sas-en-pilt\\\/#primaryimage\",\"url\":\"https:\\\/\\\/i0.wp.com\\\/pilt.com.ar\\\/parque-industrial\\\/wp-content\\\/uploads\\\/2022\\\/03\\\/WhatsApp-Image-2022-03-04-at-12.24.42.jpeg?fit=1248%2C1280&ssl=1\",\"contentUrl\":\"https:\\\/\\\/i0.wp.com\\\/pilt.com.ar\\\/parque-industrial\\\/wp-content\\\/uploads\\\/2022\\\/03\\\/WhatsApp-Image-2022-03-04-at-12.24.42.jpeg?fit=1248%2C1280&ssl=1\",\"width\":1248,\"height\":1280},{\"@type\":\"WebSite\",\"@id\":\"https:\\\/\\\/pilt.com.ar\\\/parque-industrial\\\/#website\",\"url\":\"https:\\\/\\\/pilt.com.ar\\\/parque-industrial\\\/\",\"name\":\"PILT.com.ar\",\"description\":\"Parque Industrial, Log\u00edstico y Tecnol\u00f3gico Villa Mar\u00eda\",\"potentialAction\":[{\"@type\":\"SearchAction\",\"target\":{\"@type\":\"EntryPoint\",\"urlTemplate\":\"https:\\\/\\\/pilt.com.ar\\\/parque-industrial\\\/?s={search_term_string}\"},\"query-input\":{\"@type\":\"PropertyValueSpecification\",\"valueRequired\":true,\"valueName\":\"search_term_string\"}}],\"inLanguage\":\"es\"},{\"@type\":\"Person\",\"@id\":\"https:\\\/\\\/pilt.com.ar\\\/parque-industrial\\\/#\\\/schema\\\/person\\\/2dfb9e2464de1c3deef20c25c30a8306\",\"name\":\"PILT\",\"image\":{\"@type\":\"ImageObject\",\"inLanguage\":\"es\",\"@id\":\"https:\\\/\\\/secure.gravatar.com\\\/avatar\\\/5e3734c8d8c8e0b0d45f923c14a14d7b90521d573d02f0d91360a777095ee42b?s=96&d=mm&r=g\",\"url\":\"https:\\\/\\\/secure.gravatar.com\\\/avatar\\\/5e3734c8d8c8e0b0d45f923c14a14d7b90521d573d02f0d91360a777095ee42b?s=96&d=mm&r=g\",\"contentUrl\":\"https:\\\/\\\/secure.gravatar.com\\\/avatar\\\/5e3734c8d8c8e0b0d45f923c14a14d7b90521d573d02f0d91360a777095ee42b?s=96&d=mm&r=g\",\"caption\":\"PILT\"},\"url\":\"https:\\\/\\\/pilt.com.ar\\\/parque-industrial\\\/author\\\/pilt\\\/\"}]}<\/script>\n<!-- \/ Yoast SEO plugin. -->","yoast_head_json":{"title":"ABRI\u00d3 SUS PUERTAS LA NAVE DE MORAY SAS EN PILT - PILT.com.ar","robots":{"index":"index","follow":"follow","max-snippet":"max-snippet:-1","max-image-preview":"max-image-preview:large","max-video-preview":"max-video-preview:-1"},"canonical":"https:\/\/pilt.com.ar\/parque-industrial\/abrio-sus-puertas-la-nave-de-moray-sas-en-pilt\/","og_locale":"es_ES","og_type":"article","og_title":"ABRI\u00d3 SUS PUERTAS LA NAVE DE MORAY SAS EN PILT - PILT.com.ar","og_description":"Con la presencia del secretario de Agricultura de la Provincia, Marcos Blanda, y directivos de la firma Presicion Planting, la empresa inaugur\u00f3 un centro de servicios a sembradoras. Otra tarde de j\u00fabilo se vivi\u00f3 en el Parque Industrial, Log\u00edstico y Tecnol\u00f3gico Villa Mar\u00eda (PILT) con la inauguraci\u00f3n de la nave que mont\u00f3 la empresa Moray [&hellip;]","og_url":"https:\/\/pilt.com.ar\/parque-industrial\/abrio-sus-puertas-la-nave-de-moray-sas-en-pilt\/","og_site_name":"PILT.com.ar","article_published_time":"2022-03-04T15:05:45+00:00","article_modified_time":"2022-03-04T15:27:13+00:00","og_image":[{"width":1248,"height":1280,"url":"https:\/\/i0.wp.com\/pilt.com.ar\/parque-industrial\/wp-content\/uploads\/2022\/03\/WhatsApp-Image-2022-03-04-at-12.24.42.jpeg?fit=1248%2C1280&ssl=1","type":"image\/jpeg"}],"author":"PILT","twitter_card":"summary_large_image","twitter_misc":{"Escrito por":"PILT","Tiempo de lectura":"2 minutos"},"schema":{"@context":"https:\/\/schema.org","@graph":[{"@type":"Article","@id":"https:\/\/pilt.com.ar\/parque-industrial\/abrio-sus-puertas-la-nave-de-moray-sas-en-pilt\/#article","isPartOf":{"@id":"https:\/\/pilt.com.ar\/parque-industrial\/abrio-sus-puertas-la-nave-de-moray-sas-en-pilt\/"},"author":{"name":"PILT","@id":"https:\/\/pilt.com.ar\/parque-industrial\/#\/schema\/person\/2dfb9e2464de1c3deef20c25c30a8306"},"headline":"ABRI\u00d3 SUS PUERTAS LA NAVE DE MORAY SAS EN PILT","datePublished":"2022-03-04T15:05:45+00:00","dateModified":"2022-03-04T15:27:13+00:00","mainEntityOfPage":{"@id":"https:\/\/pilt.com.ar\/parque-industrial\/abrio-sus-puertas-la-nave-de-moray-sas-en-pilt\/"},"wordCount":439,"commentCount":0,"image":{"@id":"https:\/\/pilt.com.ar\/parque-industrial\/abrio-sus-puertas-la-nave-de-moray-sas-en-pilt\/#primaryimage"},"thumbnailUrl":"https:\/\/i0.wp.com\/pilt.com.ar\/parque-industrial\/wp-content\/uploads\/2022\/03\/WhatsApp-Image-2022-03-04-at-12.24.42.jpeg?fit=1248%2C1280&ssl=1","articleSection":["Noticias"],"inLanguage":"es","potentialAction":[{"@type":"CommentAction","name":"Comment","target":["https:\/\/pilt.com.ar\/parque-industrial\/abrio-sus-puertas-la-nave-de-moray-sas-en-pilt\/#respond"]}]},{"@type":"WebPage","@id":"https:\/\/pilt.com.ar\/parque-industrial\/abrio-sus-puertas-la-nave-de-moray-sas-en-pilt\/","url":"https:\/\/pilt.com.ar\/parque-industrial\/abrio-sus-puertas-la-nave-de-moray-sas-en-pilt\/","name":"ABRI\u00d3 SUS PUERTAS LA NAVE DE MORAY SAS EN PILT - PILT.com.ar","isPartOf":{"@id":"https:\/\/pilt.com.ar\/parque-industrial\/#website"},"primaryImageOfPage":{"@id":"https:\/\/pilt.com.ar\/parque-industrial\/abrio-sus-puertas-la-nave-de-moray-sas-en-pilt\/#primaryimage"},"image":{"@id":"https:\/\/pilt.com.ar\/parque-industrial\/abrio-sus-puertas-la-nave-de-moray-sas-en-pilt\/#primaryimage"},"thumbnailUrl":"https:\/\/i0.wp.com\/pilt.com.ar\/parque-industrial\/wp-content\/uploads\/2022\/03\/WhatsApp-Image-2022-03-04-at-12.24.42.jpeg?fit=1248%2C1280&ssl=1","datePublished":"2022-03-04T15:05:45+00:00","dateModified":"2022-03-04T15:27:13+00:00","author":{"@id":"https:\/\/pilt.com.ar\/parque-industrial\/#\/schema\/person\/2dfb9e2464de1c3deef20c25c30a8306"},"inLanguage":"es","potentialAction":[{"@type":"ReadAction","target":["https:\/\/pilt.com.ar\/parque-industrial\/abrio-sus-puertas-la-nave-de-moray-sas-en-pilt\/"]}]},{"@type":"ImageObject","inLanguage":"es","@id":"https:\/\/pilt.com.ar\/parque-industrial\/abrio-sus-puertas-la-nave-de-moray-sas-en-pilt\/#primaryimage","url":"https:\/\/i0.wp.com\/pilt.com.ar\/parque-industrial\/wp-content\/uploads\/2022\/03\/WhatsApp-Image-2022-03-04-at-12.24.42.jpeg?fit=1248%2C1280&ssl=1","contentUrl":"https:\/\/i0.wp.com\/pilt.com.ar\/parque-industrial\/wp-content\/uploads\/2022\/03\/WhatsApp-Image-2022-03-04-at-12.24.42.jpeg?fit=1248%2C1280&ssl=1","width":1248,"height":1280},{"@type":"WebSite","@id":"https:\/\/pilt.com.ar\/parque-industrial\/#website","url":"https:\/\/pilt.com.ar\/parque-industrial\/","name":"PILT.com.ar","description":"Parque Industrial, Log\u00edstico y Tecnol\u00f3gico Villa Mar\u00eda","potentialAction":[{"@type":"SearchAction","target":{"@type":"EntryPoint","urlTemplate":"https:\/\/pilt.com.ar\/parque-industrial\/?s={search_term_string}"},"query-input":{"@type":"PropertyValueSpecification","valueRequired":true,"valueName":"search_term_string"}}],"inLanguage":"es"},{"@type":"Person","@id":"https:\/\/pilt.com.ar\/parque-industrial\/#\/schema\/person\/2dfb9e2464de1c3deef20c25c30a8306","name":"PILT","image":{"@type":"ImageObject","inLanguage":"es","@id":"https:\/\/secure.gravatar.com\/avatar\/5e3734c8d8c8e0b0d45f923c14a14d7b90521d573d02f0d91360a777095ee42b?s=96&d=mm&r=g","url":"https:\/\/secure.gravatar.com\/avatar\/5e3734c8d8c8e0b0d45f923c14a14d7b90521d573d02f0d91360a777095ee42b?s=96&d=mm&r=g","contentUrl":"https:\/\/secure.gravatar.com\/avatar\/5e3734c8d8c8e0b0d45f923c14a14d7b90521d573d02f0d91360a777095ee42b?s=96&d=mm&r=g","caption":"PILT"},"url":"https:\/\/pilt.com.ar\/parque-industrial\/author\/pilt\/"}]}},"jetpack_featured_media_url":"https:\/\/i0.wp.com\/pilt.com.ar\/parque-industrial\/wp-content\/uploads\/2022\/03\/WhatsApp-Image-2022-03-04-at-12.24.42.jpeg?fit=1248%2C1280&ssl=1","jetpack_sharing_enabled":true,"_links":{"self":[{"href":"https:\/\/pilt.com.ar\/parque-industrial\/wp-json\/wp\/v2\/posts\/2112","targetHints":{"allow":["GET"]}}],"collection":[{"href":"https:\/\/pilt.com.ar\/parque-industrial\/wp-json\/wp\/v2\/posts"}],"about":[{"href":"https:\/\/pilt.com.ar\/parque-industrial\/wp-json\/wp\/v2\/types\/post"}],"author":[{"embeddable":true,"href":"https:\/\/pilt.com.ar\/parque-industrial\/wp-json\/wp\/v2\/users\/3"}],"replies":[{"embeddable":true,"href":"https:\/\/pilt.com.ar\/parque-industrial\/wp-json\/wp\/v2\/comments?post=2112"}],"version-history":[{"count":1,"href":"https:\/\/pilt.com.ar\/parque-industrial\/wp-json\/wp\/v2\/posts\/2112\/revisions"}],"predecessor-version":[{"id":2116,"href":"https:\/\/pilt.com.ar\/parque-industrial\/wp-json\/wp\/v2\/posts\/2112\/revisions\/2116"}],"wp:featuredmedia":[{"embeddable":true,"href":"https:\/\/pilt.com.ar\/parque-industrial\/wp-json\/wp\/v2\/media\/2131"}],"wp:attachment":[{"href":"https:\/\/pilt.com.ar\/parque-industrial\/wp-json\/wp\/v2\/media?parent=2112"}],"wp:term":[{"taxonomy":"category","embeddable":true,"href":"https:\/\/pilt.com.ar\/parque-industrial\/wp-json\/wp\/v2\/categories?post=2112"},{"taxonomy":"post_tag","embeddable":true,"href":"https:\/\/pilt.com.ar\/parque-industrial\/wp-json\/wp\/v2\/tags?post=2112"}],"curies":[{"name":"wp","href":"https:\/\/api.w.org\/{rel}","templated":true}]}}