{"id":2109,"date":"2022-03-04T11:30:47","date_gmt":"2022-03-04T14:30:47","guid":{"rendered":"https:\/\/pilt.com.ar\/parque-industrial\/?p=2109"},"modified":"2022-03-04T11:30:48","modified_gmt":"2022-03-04T14:30:48","slug":"convenio-con-el-consejo-de-ciencias-informatica","status":"publish","type":"post","link":"https:\/\/pilt.com.ar\/parque-industrial\/convenio-con-el-consejo-de-ciencias-informatica\/","title":{"rendered":"CONVENIO CON EL CONSEJO DE CIENCIAS INFORM\u00c1TICA"},"content":{"rendered":"\n<p class=\"has-text-align-center\"><em>Abarca diferentes aspectos de inter\u00e9s para las dos entidades. Conformar\u00e1n una comisi\u00f3n mixta para elaborar propuestas.<\/em><\/p>\n\n\n\n<p class=\"has-text-align-justify\">El Parque Industrial, Log\u00edstico y Tecnol\u00f3gico Villa Mar\u00eda (PILT) firm\u00f3 un convenio de colaboraci\u00f3n sobre distintos aspectos con el Consejo Profesional de Ciencias Inform\u00e1tica de la Provincia de C\u00f3rdoba (CPCICP).<\/p>\n\n\n\n<p class=\"has-text-align-justify\">El mismo contempla diversos campos, como la realizaci\u00f3n de actividades formativas, culturares, deportivas, de divulgaci\u00f3n o actualizaci\u00f3n cient\u00edfica o profesional; prestaci\u00f3n de servicios profesionales, t\u00e9cnicos o docentes, as\u00ed como el desarrollo de investigaciones de inter\u00e9s para el PILT; evacuaci\u00f3n de informes y elaboraci\u00f3n de estudios; colaboraci\u00f3n en los programas de cooperaci\u00f3n con entidades nacionales o extranjeras, organismos gubernamentales o no gubernamentales y en proyectos de financiamiento nacional o internacional; entre otras.<\/p>\n\n\n\n<p class=\"has-text-align-justify\">Vale decir que para avanzar en los aspectos mencionados se prev\u00e9 la realizaci\u00f3n de convenios anexos. Asimismo, se conformar\u00e1 una comisi\u00f3n mixta de trabajo para elaborar el cronograma de actividades anuales a desarrollar.<\/p>\n\n\n\n<p class=\"has-text-align-justify\">El acuerdo entre ambas entidades fue firmado por Carlos Montoto, gerente del PILT, y Fernando Villagra, titular del CPCIPC.<\/p>\n\n\n\n<p><strong>ANR para mejorar la competitividad de las empresas&nbsp;&nbsp;<\/strong><\/p>\n\n\n\n<p class=\"has-text-align-justify\">El Ministerio de Desarrollo Productivo de la Naci\u00f3n abri\u00f3 la convocatoria para empresas interesadas en participar del Programa de Apoyo a la Competitividad (PAC) que ofrece Aportes no Reembolsables (ANR) para desarrollar proyectos y mejorar la competitividad de las MiPyMEs. El financiamiento puede llegar a $3.000.000.<\/p>\n\n\n\n<p>El ANR puede cubrir como m\u00e1ximo el 70% del proyecto y puede destinarse a:<\/p>\n\n\n\n<ul class=\"wp-block-list\"><li><strong>Asistencia t\u00e9cnica:<\/strong>&nbsp;con cobertura de hasta el 70% de cada actividad. Si la asistencia es sobre mejora medioambiental, puede cubrir hasta el 80%.<\/li><li><strong>Adquisici\u00f3n de bienes de capital relacionados con la asistencia t\u00e9cnica:<\/strong>&nbsp;con cobertura de hasta el 60% del monto de la adquisici\u00f3n. No debe superar el 30% del monto total del ANR. Los bienes adquiridos deben provenir de pa\u00edses elegibles para el BID, en moneda nacional y sin incluir el IVA.<\/li><li><strong>Gastos de legalizaci\u00f3n o certificaci\u00f3n:<\/strong>&nbsp;pueden ser cubiertos en un 100%, con un monto m\u00e1ximo de $15.000.<\/li><li><strong>Gastos de formulaci\u00f3n y acompa\u00f1amiento:<\/strong>&nbsp;pueden ser cubiertos en un 100% con un m\u00e1ximo del 5% del ANR aprobado y un tope de $100.000.<\/li><\/ul>\n\n\n\n<p class=\"has-text-align-justify\">El plazo para postular el proyecto vence el 26\/3\/2022. M\u00e1s informaci\u00f3n en www.argentina.gob.ar\/produccion<\/p>\n\n\n\n<p><\/p>\n","protected":false},"excerpt":{"rendered":"<p>Abarca diferentes aspectos de inter\u00e9s para las dos entidades. Conformar\u00e1n una comisi\u00f3n mixta para elaborar propuestas. El Parque Industrial, Log\u00edstico y Tecnol\u00f3gico Villa Mar\u00eda (PILT) firm\u00f3 un convenio de colaboraci\u00f3n sobre distintos aspectos con el Consejo Profesional de Ciencias Inform\u00e1tica de la Provincia de C\u00f3rdoba (CPCICP). El mismo contempla diversos campos, como la realizaci\u00f3n de [&hellip;]<\/p>\n","protected":false},"author":3,"featured_media":2110,"comment_status":"open","ping_status":"open","sticky":false,"template":"","format":"standard","meta":{"_jetpack_memberships_contains_paid_content":false,"footnotes":""},"categories":[2],"tags":[],"class_list":["post-2109","post","type-post","status-publish","format-standard","has-post-thumbnail","hentry","category-noticias"],"yoast_head":"<!-- This site is optimized with the Yoast SEO plugin v27.5 - https:\/\/yoast.com\/product\/yoast-seo-wordpress\/ -->\n<title>CONVENIO CON EL CONSEJO DE CIENCIAS INFORM\u00c1TICA - PILT.com.ar<\/title>\n<meta name=\"robots\" content=\"index, follow, max-snippet:-1, max-image-preview:large, max-video-preview:-1\" \/>\n<link rel=\"canonical\" href=\"https:\/\/pilt.com.ar\/parque-industrial\/convenio-con-el-consejo-de-ciencias-informatica\/\" \/>\n<meta property=\"og:locale\" content=\"es_ES\" \/>\n<meta property=\"og:type\" content=\"article\" \/>\n<meta property=\"og:title\" content=\"CONVENIO CON EL CONSEJO DE CIENCIAS INFORM\u00c1TICA - PILT.com.ar\" \/>\n<meta property=\"og:description\" content=\"Abarca diferentes aspectos de inter\u00e9s para las dos entidades. Conformar\u00e1n una comisi\u00f3n mixta para elaborar propuestas. El Parque Industrial, Log\u00edstico y Tecnol\u00f3gico Villa Mar\u00eda (PILT) firm\u00f3 un convenio de colaboraci\u00f3n sobre distintos aspectos con el Consejo Profesional de Ciencias Inform\u00e1tica de la Provincia de C\u00f3rdoba (CPCICP). El mismo contempla diversos campos, como la realizaci\u00f3n de [&hellip;]\" \/>\n<meta property=\"og:url\" content=\"https:\/\/pilt.com.ar\/parque-industrial\/convenio-con-el-consejo-de-ciencias-informatica\/\" \/>\n<meta property=\"og:site_name\" content=\"PILT.com.ar\" \/>\n<meta property=\"article:published_time\" content=\"2022-03-04T14:30:47+00:00\" \/>\n<meta property=\"article:modified_time\" content=\"2022-03-04T14:30:48+00:00\" \/>\n<meta property=\"og:image\" content=\"https:\/\/i0.wp.com\/pilt.com.ar\/parque-industrial\/wp-content\/uploads\/2022\/03\/WhatsApp-Image-2022-03-04-at-11.26.09.jpeg?fit=1280%2C853&ssl=1\" \/>\n\t<meta property=\"og:image:width\" content=\"1280\" \/>\n\t<meta property=\"og:image:height\" content=\"853\" \/>\n\t<meta property=\"og:image:type\" content=\"image\/jpeg\" \/>\n<meta name=\"author\" content=\"PILT\" \/>\n<meta name=\"twitter:card\" content=\"summary_large_image\" \/>\n<meta name=\"twitter:label1\" content=\"Escrito por\" \/>\n\t<meta name=\"twitter:data1\" content=\"PILT\" \/>\n\t<meta name=\"twitter:label2\" content=\"Tiempo de lectura\" \/>\n\t<meta name=\"twitter:data2\" content=\"2 minutos\" \/>\n<script type=\"application\/ld+json\" class=\"yoast-schema-graph\">{\"@context\":\"https:\\\/\\\/schema.org\",\"@graph\":[{\"@type\":\"Article\",\"@id\":\"https:\\\/\\\/pilt.com.ar\\\/parque-industrial\\\/convenio-con-el-consejo-de-ciencias-informatica\\\/#article\",\"isPartOf\":{\"@id\":\"https:\\\/\\\/pilt.com.ar\\\/parque-industrial\\\/convenio-con-el-consejo-de-ciencias-informatica\\\/\"},\"author\":{\"name\":\"PILT\",\"@id\":\"https:\\\/\\\/pilt.com.ar\\\/parque-industrial\\\/#\\\/schema\\\/person\\\/2dfb9e2464de1c3deef20c25c30a8306\"},\"headline\":\"CONVENIO CON EL CONSEJO DE CIENCIAS INFORM\u00c1TICA\",\"datePublished\":\"2022-03-04T14:30:47+00:00\",\"dateModified\":\"2022-03-04T14:30:48+00:00\",\"mainEntityOfPage\":{\"@id\":\"https:\\\/\\\/pilt.com.ar\\\/parque-industrial\\\/convenio-con-el-consejo-de-ciencias-informatica\\\/\"},\"wordCount\":407,\"commentCount\":0,\"image\":{\"@id\":\"https:\\\/\\\/pilt.com.ar\\\/parque-industrial\\\/convenio-con-el-consejo-de-ciencias-informatica\\\/#primaryimage\"},\"thumbnailUrl\":\"https:\\\/\\\/i0.wp.com\\\/pilt.com.ar\\\/parque-industrial\\\/wp-content\\\/uploads\\\/2022\\\/03\\\/WhatsApp-Image-2022-03-04-at-11.26.09.jpeg?fit=1280%2C853&ssl=1\",\"articleSection\":[\"Noticias\"],\"inLanguage\":\"es\",\"potentialAction\":[{\"@type\":\"CommentAction\",\"name\":\"Comment\",\"target\":[\"https:\\\/\\\/pilt.com.ar\\\/parque-industrial\\\/convenio-con-el-consejo-de-ciencias-informatica\\\/#respond\"]}]},{\"@type\":\"WebPage\",\"@id\":\"https:\\\/\\\/pilt.com.ar\\\/parque-industrial\\\/convenio-con-el-consejo-de-ciencias-informatica\\\/\",\"url\":\"https:\\\/\\\/pilt.com.ar\\\/parque-industrial\\\/convenio-con-el-consejo-de-ciencias-informatica\\\/\",\"name\":\"CONVENIO CON EL CONSEJO DE CIENCIAS INFORM\u00c1TICA - PILT.com.ar\",\"isPartOf\":{\"@id\":\"https:\\\/\\\/pilt.com.ar\\\/parque-industrial\\\/#website\"},\"primaryImageOfPage\":{\"@id\":\"https:\\\/\\\/pilt.com.ar\\\/parque-industrial\\\/convenio-con-el-consejo-de-ciencias-informatica\\\/#primaryimage\"},\"image\":{\"@id\":\"https:\\\/\\\/pilt.com.ar\\\/parque-industrial\\\/convenio-con-el-consejo-de-ciencias-informatica\\\/#primaryimage\"},\"thumbnailUrl\":\"https:\\\/\\\/i0.wp.com\\\/pilt.com.ar\\\/parque-industrial\\\/wp-content\\\/uploads\\\/2022\\\/03\\\/WhatsApp-Image-2022-03-04-at-11.26.09.jpeg?fit=1280%2C853&ssl=1\",\"datePublished\":\"2022-03-04T14:30:47+00:00\",\"dateModified\":\"2022-03-04T14:30:48+00:00\",\"author\":{\"@id\":\"https:\\\/\\\/pilt.com.ar\\\/parque-industrial\\\/#\\\/schema\\\/person\\\/2dfb9e2464de1c3deef20c25c30a8306\"},\"inLanguage\":\"es\",\"potentialAction\":[{\"@type\":\"ReadAction\",\"target\":[\"https:\\\/\\\/pilt.com.ar\\\/parque-industrial\\\/convenio-con-el-consejo-de-ciencias-informatica\\\/\"]}]},{\"@type\":\"ImageObject\",\"inLanguage\":\"es\",\"@id\":\"https:\\\/\\\/pilt.com.ar\\\/parque-industrial\\\/convenio-con-el-consejo-de-ciencias-informatica\\\/#primaryimage\",\"url\":\"https:\\\/\\\/i0.wp.com\\\/pilt.com.ar\\\/parque-industrial\\\/wp-content\\\/uploads\\\/2022\\\/03\\\/WhatsApp-Image-2022-03-04-at-11.26.09.jpeg?fit=1280%2C853&ssl=1\",\"contentUrl\":\"https:\\\/\\\/i0.wp.com\\\/pilt.com.ar\\\/parque-industrial\\\/wp-content\\\/uploads\\\/2022\\\/03\\\/WhatsApp-Image-2022-03-04-at-11.26.09.jpeg?fit=1280%2C853&ssl=1\",\"width\":1280,\"height\":853},{\"@type\":\"WebSite\",\"@id\":\"https:\\\/\\\/pilt.com.ar\\\/parque-industrial\\\/#website\",\"url\":\"https:\\\/\\\/pilt.com.ar\\\/parque-industrial\\\/\",\"name\":\"PILT.com.ar\",\"description\":\"Parque Industrial, Log\u00edstico y Tecnol\u00f3gico Villa Mar\u00eda\",\"potentialAction\":[{\"@type\":\"SearchAction\",\"target\":{\"@type\":\"EntryPoint\",\"urlTemplate\":\"https:\\\/\\\/pilt.com.ar\\\/parque-industrial\\\/?s={search_term_string}\"},\"query-input\":{\"@type\":\"PropertyValueSpecification\",\"valueRequired\":true,\"valueName\":\"search_term_string\"}}],\"inLanguage\":\"es\"},{\"@type\":\"Person\",\"@id\":\"https:\\\/\\\/pilt.com.ar\\\/parque-industrial\\\/#\\\/schema\\\/person\\\/2dfb9e2464de1c3deef20c25c30a8306\",\"name\":\"PILT\",\"image\":{\"@type\":\"ImageObject\",\"inLanguage\":\"es\",\"@id\":\"https:\\\/\\\/secure.gravatar.com\\\/avatar\\\/5e3734c8d8c8e0b0d45f923c14a14d7b90521d573d02f0d91360a777095ee42b?s=96&d=mm&r=g\",\"url\":\"https:\\\/\\\/secure.gravatar.com\\\/avatar\\\/5e3734c8d8c8e0b0d45f923c14a14d7b90521d573d02f0d91360a777095ee42b?s=96&d=mm&r=g\",\"contentUrl\":\"https:\\\/\\\/secure.gravatar.com\\\/avatar\\\/5e3734c8d8c8e0b0d45f923c14a14d7b90521d573d02f0d91360a777095ee42b?s=96&d=mm&r=g\",\"caption\":\"PILT\"},\"url\":\"https:\\\/\\\/pilt.com.ar\\\/parque-industrial\\\/author\\\/pilt\\\/\"}]}<\/script>\n<!-- \/ Yoast SEO plugin. -->","yoast_head_json":{"title":"CONVENIO CON EL CONSEJO DE CIENCIAS INFORM\u00c1TICA - PILT.com.ar","robots":{"index":"index","follow":"follow","max-snippet":"max-snippet:-1","max-image-preview":"max-image-preview:large","max-video-preview":"max-video-preview:-1"},"canonical":"https:\/\/pilt.com.ar\/parque-industrial\/convenio-con-el-consejo-de-ciencias-informatica\/","og_locale":"es_ES","og_type":"article","og_title":"CONVENIO CON EL CONSEJO DE CIENCIAS INFORM\u00c1TICA - PILT.com.ar","og_description":"Abarca diferentes aspectos de inter\u00e9s para las dos entidades. Conformar\u00e1n una comisi\u00f3n mixta para elaborar propuestas. El Parque Industrial, Log\u00edstico y Tecnol\u00f3gico Villa Mar\u00eda (PILT) firm\u00f3 un convenio de colaboraci\u00f3n sobre distintos aspectos con el Consejo Profesional de Ciencias Inform\u00e1tica de la Provincia de C\u00f3rdoba (CPCICP). El mismo contempla diversos campos, como la realizaci\u00f3n de [&hellip;]","og_url":"https:\/\/pilt.com.ar\/parque-industrial\/convenio-con-el-consejo-de-ciencias-informatica\/","og_site_name":"PILT.com.ar","article_published_time":"2022-03-04T14:30:47+00:00","article_modified_time":"2022-03-04T14:30:48+00:00","og_image":[{"width":1280,"height":853,"url":"https:\/\/i0.wp.com\/pilt.com.ar\/parque-industrial\/wp-content\/uploads\/2022\/03\/WhatsApp-Image-2022-03-04-at-11.26.09.jpeg?fit=1280%2C853&ssl=1","type":"image\/jpeg"}],"author":"PILT","twitter_card":"summary_large_image","twitter_misc":{"Escrito por":"PILT","Tiempo de lectura":"2 minutos"},"schema":{"@context":"https:\/\/schema.org","@graph":[{"@type":"Article","@id":"https:\/\/pilt.com.ar\/parque-industrial\/convenio-con-el-consejo-de-ciencias-informatica\/#article","isPartOf":{"@id":"https:\/\/pilt.com.ar\/parque-industrial\/convenio-con-el-consejo-de-ciencias-informatica\/"},"author":{"name":"PILT","@id":"https:\/\/pilt.com.ar\/parque-industrial\/#\/schema\/person\/2dfb9e2464de1c3deef20c25c30a8306"},"headline":"CONVENIO CON EL CONSEJO DE CIENCIAS INFORM\u00c1TICA","datePublished":"2022-03-04T14:30:47+00:00","dateModified":"2022-03-04T14:30:48+00:00","mainEntityOfPage":{"@id":"https:\/\/pilt.com.ar\/parque-industrial\/convenio-con-el-consejo-de-ciencias-informatica\/"},"wordCount":407,"commentCount":0,"image":{"@id":"https:\/\/pilt.com.ar\/parque-industrial\/convenio-con-el-consejo-de-ciencias-informatica\/#primaryimage"},"thumbnailUrl":"https:\/\/i0.wp.com\/pilt.com.ar\/parque-industrial\/wp-content\/uploads\/2022\/03\/WhatsApp-Image-2022-03-04-at-11.26.09.jpeg?fit=1280%2C853&ssl=1","articleSection":["Noticias"],"inLanguage":"es","potentialAction":[{"@type":"CommentAction","name":"Comment","target":["https:\/\/pilt.com.ar\/parque-industrial\/convenio-con-el-consejo-de-ciencias-informatica\/#respond"]}]},{"@type":"WebPage","@id":"https:\/\/pilt.com.ar\/parque-industrial\/convenio-con-el-consejo-de-ciencias-informatica\/","url":"https:\/\/pilt.com.ar\/parque-industrial\/convenio-con-el-consejo-de-ciencias-informatica\/","name":"CONVENIO CON EL CONSEJO DE CIENCIAS INFORM\u00c1TICA - PILT.com.ar","isPartOf":{"@id":"https:\/\/pilt.com.ar\/parque-industrial\/#website"},"primaryImageOfPage":{"@id":"https:\/\/pilt.com.ar\/parque-industrial\/convenio-con-el-consejo-de-ciencias-informatica\/#primaryimage"},"image":{"@id":"https:\/\/pilt.com.ar\/parque-industrial\/convenio-con-el-consejo-de-ciencias-informatica\/#primaryimage"},"thumbnailUrl":"https:\/\/i0.wp.com\/pilt.com.ar\/parque-industrial\/wp-content\/uploads\/2022\/03\/WhatsApp-Image-2022-03-04-at-11.26.09.jpeg?fit=1280%2C853&ssl=1","datePublished":"2022-03-04T14:30:47+00:00","dateModified":"2022-03-04T14:30:48+00:00","author":{"@id":"https:\/\/pilt.com.ar\/parque-industrial\/#\/schema\/person\/2dfb9e2464de1c3deef20c25c30a8306"},"inLanguage":"es","potentialAction":[{"@type":"ReadAction","target":["https:\/\/pilt.com.ar\/parque-industrial\/convenio-con-el-consejo-de-ciencias-informatica\/"]}]},{"@type":"ImageObject","inLanguage":"es","@id":"https:\/\/pilt.com.ar\/parque-industrial\/convenio-con-el-consejo-de-ciencias-informatica\/#primaryimage","url":"https:\/\/i0.wp.com\/pilt.com.ar\/parque-industrial\/wp-content\/uploads\/2022\/03\/WhatsApp-Image-2022-03-04-at-11.26.09.jpeg?fit=1280%2C853&ssl=1","contentUrl":"https:\/\/i0.wp.com\/pilt.com.ar\/parque-industrial\/wp-content\/uploads\/2022\/03\/WhatsApp-Image-2022-03-04-at-11.26.09.jpeg?fit=1280%2C853&ssl=1","width":1280,"height":853},{"@type":"WebSite","@id":"https:\/\/pilt.com.ar\/parque-industrial\/#website","url":"https:\/\/pilt.com.ar\/parque-industrial\/","name":"PILT.com.ar","description":"Parque Industrial, Log\u00edstico y Tecnol\u00f3gico Villa Mar\u00eda","potentialAction":[{"@type":"SearchAction","target":{"@type":"EntryPoint","urlTemplate":"https:\/\/pilt.com.ar\/parque-industrial\/?s={search_term_string}"},"query-input":{"@type":"PropertyValueSpecification","valueRequired":true,"valueName":"search_term_string"}}],"inLanguage":"es"},{"@type":"Person","@id":"https:\/\/pilt.com.ar\/parque-industrial\/#\/schema\/person\/2dfb9e2464de1c3deef20c25c30a8306","name":"PILT","image":{"@type":"ImageObject","inLanguage":"es","@id":"https:\/\/secure.gravatar.com\/avatar\/5e3734c8d8c8e0b0d45f923c14a14d7b90521d573d02f0d91360a777095ee42b?s=96&d=mm&r=g","url":"https:\/\/secure.gravatar.com\/avatar\/5e3734c8d8c8e0b0d45f923c14a14d7b90521d573d02f0d91360a777095ee42b?s=96&d=mm&r=g","contentUrl":"https:\/\/secure.gravatar.com\/avatar\/5e3734c8d8c8e0b0d45f923c14a14d7b90521d573d02f0d91360a777095ee42b?s=96&d=mm&r=g","caption":"PILT"},"url":"https:\/\/pilt.com.ar\/parque-industrial\/author\/pilt\/"}]}},"jetpack_featured_media_url":"https:\/\/i0.wp.com\/pilt.com.ar\/parque-industrial\/wp-content\/uploads\/2022\/03\/WhatsApp-Image-2022-03-04-at-11.26.09.jpeg?fit=1280%2C853&ssl=1","jetpack_sharing_enabled":true,"_links":{"self":[{"href":"https:\/\/pilt.com.ar\/parque-industrial\/wp-json\/wp\/v2\/posts\/2109","targetHints":{"allow":["GET"]}}],"collection":[{"href":"https:\/\/pilt.com.ar\/parque-industrial\/wp-json\/wp\/v2\/posts"}],"about":[{"href":"https:\/\/pilt.com.ar\/parque-industrial\/wp-json\/wp\/v2\/types\/post"}],"author":[{"embeddable":true,"href":"https:\/\/pilt.com.ar\/parque-industrial\/wp-json\/wp\/v2\/users\/3"}],"replies":[{"embeddable":true,"href":"https:\/\/pilt.com.ar\/parque-industrial\/wp-json\/wp\/v2\/comments?post=2109"}],"version-history":[{"count":1,"href":"https:\/\/pilt.com.ar\/parque-industrial\/wp-json\/wp\/v2\/posts\/2109\/revisions"}],"predecessor-version":[{"id":2111,"href":"https:\/\/pilt.com.ar\/parque-industrial\/wp-json\/wp\/v2\/posts\/2109\/revisions\/2111"}],"wp:featuredmedia":[{"embeddable":true,"href":"https:\/\/pilt.com.ar\/parque-industrial\/wp-json\/wp\/v2\/media\/2110"}],"wp:attachment":[{"href":"https:\/\/pilt.com.ar\/parque-industrial\/wp-json\/wp\/v2\/media?parent=2109"}],"wp:term":[{"taxonomy":"category","embeddable":true,"href":"https:\/\/pilt.com.ar\/parque-industrial\/wp-json\/wp\/v2\/categories?post=2109"},{"taxonomy":"post_tag","embeddable":true,"href":"https:\/\/pilt.com.ar\/parque-industrial\/wp-json\/wp\/v2\/tags?post=2109"}],"curies":[{"name":"wp","href":"https:\/\/api.w.org\/{rel}","templated":true}]}}