{"id":2106,"date":"2022-02-17T16:14:31","date_gmt":"2022-02-17T19:14:31","guid":{"rendered":"https:\/\/pilt.com.ar\/parque-industrial\/?p=2106"},"modified":"2022-02-17T16:14:32","modified_gmt":"2022-02-17T19:14:32","slug":"martin-gill-veo-el-futuro-del-parque-con-un-profundo-crecimiento","status":"publish","type":"post","link":"https:\/\/pilt.com.ar\/parque-industrial\/martin-gill-veo-el-futuro-del-parque-con-un-profundo-crecimiento\/","title":{"rendered":"MART\u00cdN GILL: \u201cVEO EL FUTURO DEL PARQUE CON UN PROFUNDO CRECIMIENTO\u201d"},"content":{"rendered":"\n<p class=\"has-text-align-center\"><strong><em>El intendente municipal se refiri\u00f3 al presente y futuro del PILT, subrayando la competitividad que ofrece y la pol\u00edtica activa para promover emprendimientos.<\/em><\/strong><\/p>\n\n\n\n<p class=\"has-text-align-justify\">El intendente Mart\u00edn Gill valor\u00f3 la impronta y el desarrollo del Parque Industrial, Log\u00edstico y Tecnol\u00f3gico Villa Mar\u00eda (PILT), afirmando que se trata de una s\u00edntesis de la vinculaci\u00f3n virtuosa entre Estado y capital privado. Destac\u00f3 los distintos aspectos que brindan competitividad a la entidad, como su ubicaci\u00f3n y servicios, a la vez de marcar la importancia que tiene en la promoci\u00f3n del emprendedorismo, a trav\u00e9s del aporte de espacios f\u00edsicos para llevar adelante proyectos productivos.<\/p>\n\n\n\n<p class=\"has-text-align-justify\">\u201cVeo el futuro del Parque con un profundo crecimiento. Hemos iniciado una serie de inauguraciones de emprendimientos, pero hay otros que est\u00e1n en construcci\u00f3n o ampliando sus plantas, lo que es sumamente importante\u201d, sostuvo el titular del Departamento Ejecutivo Municipal\u201d. A la vez, resalt\u00f3 el escenario econ\u00f3mico actual, ya que \u201chemos pasado de a\u00f1os de retracci\u00f3n de la actividad industrial, no solo por la pandemia sino por un proceso que se inicia a fines de 2018, cuando empieza a caer el uso de la capacidad instalada de la industria. Hoy no solo se ha recuperado lo perdido en la pandemia sino que estamos en los niveles de fines de 2017 y principios de 2018; eso implica un enorme potencial porque tambi\u00e9n se avizora para este a\u00f1o un proceso de crecimiento econ\u00f3mico\u201d, afirm\u00f3.<\/p>\n\n\n\n<p class=\"has-text-align-justify\">A\u00f1adi\u00f3 adem\u00e1s el PILT representa una \u201cs\u00edntesis de la vinculaci\u00f3n entre el Estado y el capital privado. Cuando uno le suma a una ciudad como la nuestra, ubicada en un corredor productivo equidistante de las dos ciudades m\u00e1s importantes del interior del pa\u00eds, con cruce de rutas nacionales, con presencia de universidades y escuelas t\u00e9cnicas que forman los mejores recursos humanos, un emprendimiento asociativo con todos los servicios, como pavimento; seguridad; tratamiento de efluentes; transporte p\u00fablico; gas; energ\u00eda el\u00e9ctrica; asesoramiento en la b\u00fasqueda de nuevos horizontes; y comercio exterior, las cosas se hacen m\u00e1s f\u00e1ciles\u201d.<\/p>\n\n\n\n<p class=\"has-text-align-justify\">En ese sentido, expres\u00f3 que si bien la regi\u00f3n es altamente competitiva para receptar inversiones, recalc\u00f3 que la pol\u00edtica puesta en pr\u00e1ctica por la entidad no se limita a acoger las demandas y vender lotes, sino que promueve la actividad.<\/p>\n\n\n\n<p class=\"has-text-align-justify\">\u201cCuando empezamos a pensar en la Nave para Emprendedores ten\u00edamos dudas en la respuesta. Y nos qued\u00f3 chico; incluso los 8 lugares se tuvieron que transformar en 4, porque los proyectos eran muy competitivos e innovadores; pero el mayor pedido que tuvimos fue del rubro alimentaci\u00f3n. Por eso apenas terminamos de ocupar la primera nave ya empezamos a trabajar en la otra\u201d, detall\u00f3. Asimismo, subray\u00f3 que es el \u00fanico parque industrial de Argentina \u201cque tiene estos espacios; que sobre un primer desarrollo embrionario se eval\u00faa y acompa\u00f1a con instalaciones, con acceso al cr\u00e9dito y otras herramientas para dejarlos funcionando, con mercados y crecimiento. Por eso me imagino un PILT cada vez m\u00e1s grande, con mayor cantidad de empresas y diversificaci\u00f3n, que es otra de sus caracter\u00edsticas\u201d.<\/p>\n","protected":false},"excerpt":{"rendered":"<p>El intendente municipal se refiri\u00f3 al presente y futuro del PILT, subrayando la competitividad que ofrece y la pol\u00edtica activa para promover emprendimientos. El intendente Mart\u00edn Gill valor\u00f3 la impronta y el desarrollo del Parque Industrial, Log\u00edstico y Tecnol\u00f3gico Villa Mar\u00eda (PILT), afirmando que se trata de una s\u00edntesis de la vinculaci\u00f3n virtuosa entre Estado [&hellip;]<\/p>\n","protected":false},"author":3,"featured_media":2107,"comment_status":"open","ping_status":"open","sticky":false,"template":"","format":"standard","meta":{"_jetpack_memberships_contains_paid_content":false,"footnotes":""},"categories":[2],"tags":[],"class_list":["post-2106","post","type-post","status-publish","format-standard","has-post-thumbnail","hentry","category-noticias"],"yoast_head":"<!-- This site is optimized with the Yoast SEO plugin v27.5 - https:\/\/yoast.com\/product\/yoast-seo-wordpress\/ -->\n<title>MART\u00cdN GILL: \u201cVEO EL FUTURO DEL PARQUE CON UN PROFUNDO CRECIMIENTO\u201d - PILT.com.ar<\/title>\n<meta name=\"robots\" content=\"index, follow, max-snippet:-1, max-image-preview:large, max-video-preview:-1\" \/>\n<link rel=\"canonical\" href=\"https:\/\/pilt.com.ar\/parque-industrial\/martin-gill-veo-el-futuro-del-parque-con-un-profundo-crecimiento\/\" \/>\n<meta property=\"og:locale\" content=\"es_ES\" \/>\n<meta property=\"og:type\" content=\"article\" \/>\n<meta property=\"og:title\" content=\"MART\u00cdN GILL: \u201cVEO EL FUTURO DEL PARQUE CON UN PROFUNDO CRECIMIENTO\u201d - PILT.com.ar\" \/>\n<meta property=\"og:description\" content=\"El intendente municipal se refiri\u00f3 al presente y futuro del PILT, subrayando la competitividad que ofrece y la pol\u00edtica activa para promover emprendimientos. El intendente Mart\u00edn Gill valor\u00f3 la impronta y el desarrollo del Parque Industrial, Log\u00edstico y Tecnol\u00f3gico Villa Mar\u00eda (PILT), afirmando que se trata de una s\u00edntesis de la vinculaci\u00f3n virtuosa entre Estado [&hellip;]\" \/>\n<meta property=\"og:url\" content=\"https:\/\/pilt.com.ar\/parque-industrial\/martin-gill-veo-el-futuro-del-parque-con-un-profundo-crecimiento\/\" \/>\n<meta property=\"og:site_name\" content=\"PILT.com.ar\" \/>\n<meta property=\"article:published_time\" content=\"2022-02-17T19:14:31+00:00\" \/>\n<meta property=\"article:modified_time\" content=\"2022-02-17T19:14:32+00:00\" \/>\n<meta property=\"og:image\" content=\"https:\/\/i0.wp.com\/pilt.com.ar\/parque-industrial\/wp-content\/uploads\/2022\/02\/WhatsApp-Image-2022-02-17-at-11.58.37.jpeg?fit=895%2C554&ssl=1\" \/>\n\t<meta property=\"og:image:width\" content=\"895\" \/>\n\t<meta property=\"og:image:height\" content=\"554\" \/>\n\t<meta property=\"og:image:type\" content=\"image\/jpeg\" \/>\n<meta name=\"author\" content=\"PILT\" \/>\n<meta name=\"twitter:card\" content=\"summary_large_image\" \/>\n<meta name=\"twitter:label1\" content=\"Escrito por\" \/>\n\t<meta name=\"twitter:data1\" content=\"PILT\" \/>\n\t<meta name=\"twitter:label2\" content=\"Tiempo de lectura\" \/>\n\t<meta name=\"twitter:data2\" content=\"3 minutos\" \/>\n<script type=\"application\/ld+json\" class=\"yoast-schema-graph\">{\"@context\":\"https:\\\/\\\/schema.org\",\"@graph\":[{\"@type\":\"Article\",\"@id\":\"https:\\\/\\\/pilt.com.ar\\\/parque-industrial\\\/martin-gill-veo-el-futuro-del-parque-con-un-profundo-crecimiento\\\/#article\",\"isPartOf\":{\"@id\":\"https:\\\/\\\/pilt.com.ar\\\/parque-industrial\\\/martin-gill-veo-el-futuro-del-parque-con-un-profundo-crecimiento\\\/\"},\"author\":{\"name\":\"PILT\",\"@id\":\"https:\\\/\\\/pilt.com.ar\\\/parque-industrial\\\/#\\\/schema\\\/person\\\/2dfb9e2464de1c3deef20c25c30a8306\"},\"headline\":\"MART\u00cdN GILL: \u201cVEO EL FUTURO DEL PARQUE CON UN PROFUNDO CRECIMIENTO\u201d\",\"datePublished\":\"2022-02-17T19:14:31+00:00\",\"dateModified\":\"2022-02-17T19:14:32+00:00\",\"mainEntityOfPage\":{\"@id\":\"https:\\\/\\\/pilt.com.ar\\\/parque-industrial\\\/martin-gill-veo-el-futuro-del-parque-con-un-profundo-crecimiento\\\/\"},\"wordCount\":542,\"commentCount\":0,\"image\":{\"@id\":\"https:\\\/\\\/pilt.com.ar\\\/parque-industrial\\\/martin-gill-veo-el-futuro-del-parque-con-un-profundo-crecimiento\\\/#primaryimage\"},\"thumbnailUrl\":\"https:\\\/\\\/i0.wp.com\\\/pilt.com.ar\\\/parque-industrial\\\/wp-content\\\/uploads\\\/2022\\\/02\\\/WhatsApp-Image-2022-02-17-at-11.58.37.jpeg?fit=895%2C554&ssl=1\",\"articleSection\":[\"Noticias\"],\"inLanguage\":\"es\",\"potentialAction\":[{\"@type\":\"CommentAction\",\"name\":\"Comment\",\"target\":[\"https:\\\/\\\/pilt.com.ar\\\/parque-industrial\\\/martin-gill-veo-el-futuro-del-parque-con-un-profundo-crecimiento\\\/#respond\"]}]},{\"@type\":\"WebPage\",\"@id\":\"https:\\\/\\\/pilt.com.ar\\\/parque-industrial\\\/martin-gill-veo-el-futuro-del-parque-con-un-profundo-crecimiento\\\/\",\"url\":\"https:\\\/\\\/pilt.com.ar\\\/parque-industrial\\\/martin-gill-veo-el-futuro-del-parque-con-un-profundo-crecimiento\\\/\",\"name\":\"MART\u00cdN GILL: \u201cVEO EL FUTURO DEL PARQUE CON UN PROFUNDO CRECIMIENTO\u201d - PILT.com.ar\",\"isPartOf\":{\"@id\":\"https:\\\/\\\/pilt.com.ar\\\/parque-industrial\\\/#website\"},\"primaryImageOfPage\":{\"@id\":\"https:\\\/\\\/pilt.com.ar\\\/parque-industrial\\\/martin-gill-veo-el-futuro-del-parque-con-un-profundo-crecimiento\\\/#primaryimage\"},\"image\":{\"@id\":\"https:\\\/\\\/pilt.com.ar\\\/parque-industrial\\\/martin-gill-veo-el-futuro-del-parque-con-un-profundo-crecimiento\\\/#primaryimage\"},\"thumbnailUrl\":\"https:\\\/\\\/i0.wp.com\\\/pilt.com.ar\\\/parque-industrial\\\/wp-content\\\/uploads\\\/2022\\\/02\\\/WhatsApp-Image-2022-02-17-at-11.58.37.jpeg?fit=895%2C554&ssl=1\",\"datePublished\":\"2022-02-17T19:14:31+00:00\",\"dateModified\":\"2022-02-17T19:14:32+00:00\",\"author\":{\"@id\":\"https:\\\/\\\/pilt.com.ar\\\/parque-industrial\\\/#\\\/schema\\\/person\\\/2dfb9e2464de1c3deef20c25c30a8306\"},\"inLanguage\":\"es\",\"potentialAction\":[{\"@type\":\"ReadAction\",\"target\":[\"https:\\\/\\\/pilt.com.ar\\\/parque-industrial\\\/martin-gill-veo-el-futuro-del-parque-con-un-profundo-crecimiento\\\/\"]}]},{\"@type\":\"ImageObject\",\"inLanguage\":\"es\",\"@id\":\"https:\\\/\\\/pilt.com.ar\\\/parque-industrial\\\/martin-gill-veo-el-futuro-del-parque-con-un-profundo-crecimiento\\\/#primaryimage\",\"url\":\"https:\\\/\\\/i0.wp.com\\\/pilt.com.ar\\\/parque-industrial\\\/wp-content\\\/uploads\\\/2022\\\/02\\\/WhatsApp-Image-2022-02-17-at-11.58.37.jpeg?fit=895%2C554&ssl=1\",\"contentUrl\":\"https:\\\/\\\/i0.wp.com\\\/pilt.com.ar\\\/parque-industrial\\\/wp-content\\\/uploads\\\/2022\\\/02\\\/WhatsApp-Image-2022-02-17-at-11.58.37.jpeg?fit=895%2C554&ssl=1\",\"width\":895,\"height\":554},{\"@type\":\"WebSite\",\"@id\":\"https:\\\/\\\/pilt.com.ar\\\/parque-industrial\\\/#website\",\"url\":\"https:\\\/\\\/pilt.com.ar\\\/parque-industrial\\\/\",\"name\":\"PILT.com.ar\",\"description\":\"Parque Industrial, Log\u00edstico y Tecnol\u00f3gico Villa Mar\u00eda\",\"potentialAction\":[{\"@type\":\"SearchAction\",\"target\":{\"@type\":\"EntryPoint\",\"urlTemplate\":\"https:\\\/\\\/pilt.com.ar\\\/parque-industrial\\\/?s={search_term_string}\"},\"query-input\":{\"@type\":\"PropertyValueSpecification\",\"valueRequired\":true,\"valueName\":\"search_term_string\"}}],\"inLanguage\":\"es\"},{\"@type\":\"Person\",\"@id\":\"https:\\\/\\\/pilt.com.ar\\\/parque-industrial\\\/#\\\/schema\\\/person\\\/2dfb9e2464de1c3deef20c25c30a8306\",\"name\":\"PILT\",\"image\":{\"@type\":\"ImageObject\",\"inLanguage\":\"es\",\"@id\":\"https:\\\/\\\/secure.gravatar.com\\\/avatar\\\/5e3734c8d8c8e0b0d45f923c14a14d7b90521d573d02f0d91360a777095ee42b?s=96&d=mm&r=g\",\"url\":\"https:\\\/\\\/secure.gravatar.com\\\/avatar\\\/5e3734c8d8c8e0b0d45f923c14a14d7b90521d573d02f0d91360a777095ee42b?s=96&d=mm&r=g\",\"contentUrl\":\"https:\\\/\\\/secure.gravatar.com\\\/avatar\\\/5e3734c8d8c8e0b0d45f923c14a14d7b90521d573d02f0d91360a777095ee42b?s=96&d=mm&r=g\",\"caption\":\"PILT\"},\"url\":\"https:\\\/\\\/pilt.com.ar\\\/parque-industrial\\\/author\\\/pilt\\\/\"}]}<\/script>\n<!-- \/ Yoast SEO plugin. -->","yoast_head_json":{"title":"MART\u00cdN GILL: \u201cVEO EL FUTURO DEL PARQUE CON UN PROFUNDO CRECIMIENTO\u201d - PILT.com.ar","robots":{"index":"index","follow":"follow","max-snippet":"max-snippet:-1","max-image-preview":"max-image-preview:large","max-video-preview":"max-video-preview:-1"},"canonical":"https:\/\/pilt.com.ar\/parque-industrial\/martin-gill-veo-el-futuro-del-parque-con-un-profundo-crecimiento\/","og_locale":"es_ES","og_type":"article","og_title":"MART\u00cdN GILL: \u201cVEO EL FUTURO DEL PARQUE CON UN PROFUNDO CRECIMIENTO\u201d - PILT.com.ar","og_description":"El intendente municipal se refiri\u00f3 al presente y futuro del PILT, subrayando la competitividad que ofrece y la pol\u00edtica activa para promover emprendimientos. El intendente Mart\u00edn Gill valor\u00f3 la impronta y el desarrollo del Parque Industrial, Log\u00edstico y Tecnol\u00f3gico Villa Mar\u00eda (PILT), afirmando que se trata de una s\u00edntesis de la vinculaci\u00f3n virtuosa entre Estado [&hellip;]","og_url":"https:\/\/pilt.com.ar\/parque-industrial\/martin-gill-veo-el-futuro-del-parque-con-un-profundo-crecimiento\/","og_site_name":"PILT.com.ar","article_published_time":"2022-02-17T19:14:31+00:00","article_modified_time":"2022-02-17T19:14:32+00:00","og_image":[{"width":895,"height":554,"url":"https:\/\/i0.wp.com\/pilt.com.ar\/parque-industrial\/wp-content\/uploads\/2022\/02\/WhatsApp-Image-2022-02-17-at-11.58.37.jpeg?fit=895%2C554&ssl=1","type":"image\/jpeg"}],"author":"PILT","twitter_card":"summary_large_image","twitter_misc":{"Escrito por":"PILT","Tiempo de lectura":"3 minutos"},"schema":{"@context":"https:\/\/schema.org","@graph":[{"@type":"Article","@id":"https:\/\/pilt.com.ar\/parque-industrial\/martin-gill-veo-el-futuro-del-parque-con-un-profundo-crecimiento\/#article","isPartOf":{"@id":"https:\/\/pilt.com.ar\/parque-industrial\/martin-gill-veo-el-futuro-del-parque-con-un-profundo-crecimiento\/"},"author":{"name":"PILT","@id":"https:\/\/pilt.com.ar\/parque-industrial\/#\/schema\/person\/2dfb9e2464de1c3deef20c25c30a8306"},"headline":"MART\u00cdN GILL: \u201cVEO EL FUTURO DEL PARQUE CON UN PROFUNDO CRECIMIENTO\u201d","datePublished":"2022-02-17T19:14:31+00:00","dateModified":"2022-02-17T19:14:32+00:00","mainEntityOfPage":{"@id":"https:\/\/pilt.com.ar\/parque-industrial\/martin-gill-veo-el-futuro-del-parque-con-un-profundo-crecimiento\/"},"wordCount":542,"commentCount":0,"image":{"@id":"https:\/\/pilt.com.ar\/parque-industrial\/martin-gill-veo-el-futuro-del-parque-con-un-profundo-crecimiento\/#primaryimage"},"thumbnailUrl":"https:\/\/i0.wp.com\/pilt.com.ar\/parque-industrial\/wp-content\/uploads\/2022\/02\/WhatsApp-Image-2022-02-17-at-11.58.37.jpeg?fit=895%2C554&ssl=1","articleSection":["Noticias"],"inLanguage":"es","potentialAction":[{"@type":"CommentAction","name":"Comment","target":["https:\/\/pilt.com.ar\/parque-industrial\/martin-gill-veo-el-futuro-del-parque-con-un-profundo-crecimiento\/#respond"]}]},{"@type":"WebPage","@id":"https:\/\/pilt.com.ar\/parque-industrial\/martin-gill-veo-el-futuro-del-parque-con-un-profundo-crecimiento\/","url":"https:\/\/pilt.com.ar\/parque-industrial\/martin-gill-veo-el-futuro-del-parque-con-un-profundo-crecimiento\/","name":"MART\u00cdN GILL: \u201cVEO EL FUTURO DEL PARQUE CON UN PROFUNDO CRECIMIENTO\u201d - PILT.com.ar","isPartOf":{"@id":"https:\/\/pilt.com.ar\/parque-industrial\/#website"},"primaryImageOfPage":{"@id":"https:\/\/pilt.com.ar\/parque-industrial\/martin-gill-veo-el-futuro-del-parque-con-un-profundo-crecimiento\/#primaryimage"},"image":{"@id":"https:\/\/pilt.com.ar\/parque-industrial\/martin-gill-veo-el-futuro-del-parque-con-un-profundo-crecimiento\/#primaryimage"},"thumbnailUrl":"https:\/\/i0.wp.com\/pilt.com.ar\/parque-industrial\/wp-content\/uploads\/2022\/02\/WhatsApp-Image-2022-02-17-at-11.58.37.jpeg?fit=895%2C554&ssl=1","datePublished":"2022-02-17T19:14:31+00:00","dateModified":"2022-02-17T19:14:32+00:00","author":{"@id":"https:\/\/pilt.com.ar\/parque-industrial\/#\/schema\/person\/2dfb9e2464de1c3deef20c25c30a8306"},"inLanguage":"es","potentialAction":[{"@type":"ReadAction","target":["https:\/\/pilt.com.ar\/parque-industrial\/martin-gill-veo-el-futuro-del-parque-con-un-profundo-crecimiento\/"]}]},{"@type":"ImageObject","inLanguage":"es","@id":"https:\/\/pilt.com.ar\/parque-industrial\/martin-gill-veo-el-futuro-del-parque-con-un-profundo-crecimiento\/#primaryimage","url":"https:\/\/i0.wp.com\/pilt.com.ar\/parque-industrial\/wp-content\/uploads\/2022\/02\/WhatsApp-Image-2022-02-17-at-11.58.37.jpeg?fit=895%2C554&ssl=1","contentUrl":"https:\/\/i0.wp.com\/pilt.com.ar\/parque-industrial\/wp-content\/uploads\/2022\/02\/WhatsApp-Image-2022-02-17-at-11.58.37.jpeg?fit=895%2C554&ssl=1","width":895,"height":554},{"@type":"WebSite","@id":"https:\/\/pilt.com.ar\/parque-industrial\/#website","url":"https:\/\/pilt.com.ar\/parque-industrial\/","name":"PILT.com.ar","description":"Parque Industrial, Log\u00edstico y Tecnol\u00f3gico Villa Mar\u00eda","potentialAction":[{"@type":"SearchAction","target":{"@type":"EntryPoint","urlTemplate":"https:\/\/pilt.com.ar\/parque-industrial\/?s={search_term_string}"},"query-input":{"@type":"PropertyValueSpecification","valueRequired":true,"valueName":"search_term_string"}}],"inLanguage":"es"},{"@type":"Person","@id":"https:\/\/pilt.com.ar\/parque-industrial\/#\/schema\/person\/2dfb9e2464de1c3deef20c25c30a8306","name":"PILT","image":{"@type":"ImageObject","inLanguage":"es","@id":"https:\/\/secure.gravatar.com\/avatar\/5e3734c8d8c8e0b0d45f923c14a14d7b90521d573d02f0d91360a777095ee42b?s=96&d=mm&r=g","url":"https:\/\/secure.gravatar.com\/avatar\/5e3734c8d8c8e0b0d45f923c14a14d7b90521d573d02f0d91360a777095ee42b?s=96&d=mm&r=g","contentUrl":"https:\/\/secure.gravatar.com\/avatar\/5e3734c8d8c8e0b0d45f923c14a14d7b90521d573d02f0d91360a777095ee42b?s=96&d=mm&r=g","caption":"PILT"},"url":"https:\/\/pilt.com.ar\/parque-industrial\/author\/pilt\/"}]}},"jetpack_featured_media_url":"https:\/\/i0.wp.com\/pilt.com.ar\/parque-industrial\/wp-content\/uploads\/2022\/02\/WhatsApp-Image-2022-02-17-at-11.58.37.jpeg?fit=895%2C554&ssl=1","jetpack_sharing_enabled":true,"_links":{"self":[{"href":"https:\/\/pilt.com.ar\/parque-industrial\/wp-json\/wp\/v2\/posts\/2106","targetHints":{"allow":["GET"]}}],"collection":[{"href":"https:\/\/pilt.com.ar\/parque-industrial\/wp-json\/wp\/v2\/posts"}],"about":[{"href":"https:\/\/pilt.com.ar\/parque-industrial\/wp-json\/wp\/v2\/types\/post"}],"author":[{"embeddable":true,"href":"https:\/\/pilt.com.ar\/parque-industrial\/wp-json\/wp\/v2\/users\/3"}],"replies":[{"embeddable":true,"href":"https:\/\/pilt.com.ar\/parque-industrial\/wp-json\/wp\/v2\/comments?post=2106"}],"version-history":[{"count":1,"href":"https:\/\/pilt.com.ar\/parque-industrial\/wp-json\/wp\/v2\/posts\/2106\/revisions"}],"predecessor-version":[{"id":2108,"href":"https:\/\/pilt.com.ar\/parque-industrial\/wp-json\/wp\/v2\/posts\/2106\/revisions\/2108"}],"wp:featuredmedia":[{"embeddable":true,"href":"https:\/\/pilt.com.ar\/parque-industrial\/wp-json\/wp\/v2\/media\/2107"}],"wp:attachment":[{"href":"https:\/\/pilt.com.ar\/parque-industrial\/wp-json\/wp\/v2\/media?parent=2106"}],"wp:term":[{"taxonomy":"category","embeddable":true,"href":"https:\/\/pilt.com.ar\/parque-industrial\/wp-json\/wp\/v2\/categories?post=2106"},{"taxonomy":"post_tag","embeddable":true,"href":"https:\/\/pilt.com.ar\/parque-industrial\/wp-json\/wp\/v2\/tags?post=2106"}],"curies":[{"name":"wp","href":"https:\/\/api.w.org\/{rel}","templated":true}]}}