{"id":2098,"date":"2022-02-11T09:44:15","date_gmt":"2022-02-11T12:44:15","guid":{"rendered":"https:\/\/pilt.com.ar\/parque-industrial\/?p=2098"},"modified":"2022-02-11T09:44:16","modified_gmt":"2022-02-11T12:44:16","slug":"con-la-presencia-del-intendente-martin-gill-se-inauguro-una-planta-industrial-en-el-pilt","status":"publish","type":"post","link":"https:\/\/pilt.com.ar\/parque-industrial\/con-la-presencia-del-intendente-martin-gill-se-inauguro-una-planta-industrial-en-el-pilt\/","title":{"rendered":"CON LA PRESENCIA DEL INTENDENTE MART\u00cdN GILL SE INAUGUR\u00d3 UNA PLANTA INDUSTRIAL EN EL PILT"},"content":{"rendered":"\n<p class=\"has-text-align-center\"><strong><em>Autoridades municipales, representantes empresarios y directivos educativos participaron de la apertura de Alimentos y Servicios, firma que elabora productos l\u00e1cteos<\/em><\/strong><em>.<\/em><\/p>\n\n\n\n<p class=\"has-text-align-justify\">Con alegr\u00eda y esperanza, como ocurre cuando se ponen en marcha proyectos productivos, se vivi\u00f3 la apertura de una nueva planta en el Parque Industrial, Log\u00edstico y Tecnol\u00f3gico Villa Mar\u00eda (PILT).<\/p>\n\n\n\n<p class=\"has-text-align-justify\">El producto principal de Alimentos y Servicios es crema pasteurizada, pero a\u00f1adir\u00e1 nuevas unidades de negocios, como yogures en distintas presentaciones, flanes y postres. Vale decir que en la nave la firma concentrar\u00e1 todas las actividades productivas que actualmente realiza en espacios situados en diferentes localidades. La planta cuenta con alrededor de 400 m2 y cuando alcance su plena capacidad podr\u00eda requerir 10&nbsp;o 12 puestos de trabajo.&nbsp;<\/p>\n\n\n\n<p class=\"has-text-align-justify\">En la oportunidad, el titular de la firma N\u00e9stor Panzani relat\u00f3 acompa\u00f1ado por su familia la historia de la empresa, subrayando que en la actualidad \u201cestamos entre las dos o tres marcas m\u00e1s requeridas en C\u00f3rdoba capital\u201d.<\/p>\n\n\n\n<p class=\"has-text-align-justify\">Posteriormente, el presidente del PILT, ingeniero Carlos Pizzorno, resalt\u00f3 la importancia de la inauguraci\u00f3n para la entidad y tambi\u00e9n para la familia que desarroll\u00f3 la empresa, augurando un futuro promisorio.<\/p>\n\n\n\n<p class=\"has-text-align-justify\">\u201cNuestro objetivo en el Parque es generar empresas, de manera que hoy se concreta nuestra raz\u00f3n de ser. Nos sumamos a la alegr\u00eda de la familia, de quien tiene la responsabilidad principal del proyecto, N\u00e9stor Panzani, y tras \u00e9l estamos todos los directores de la entidad y colaboradores, celebrando esta apertura\u201d, destac\u00f3.<\/p>\n\n\n\n<p class=\"has-text-align-justify\">Por su parte, el intendente municipal Mart\u00edn Gill mencion\u00f3 tres elementos \u201cdistintivos de nuestra ciudad: familia, emprendedorismo y educaci\u00f3n\u201d, se\u00f1alando &nbsp;que la mayor\u00eda de los desarrollos \u201cnacen de la conjunci\u00f3n de esos tres ingredientes\u201d.<\/p>\n\n\n\n<p class=\"has-text-align-justify\">Asimismo, expres\u00f3 que el Parque Industrial \u201ces la experiencia m\u00e1s virtuosa entre el capital y el Estado en la historia de Villa Mar\u00eda. Lo que vemos es solo el cimiento de lo que vendr\u00e1. No es casual que esta empresa est\u00e9 a 100 metros de un pr\u00f3ximo desaf\u00edo que la entidad est\u00e1 llevando adelante con Aportes No Reintegrables (ANR) del Ministerio de Desarrollo Productivo de la Naci\u00f3n, que es una incubadora de empresas de base alimenticia. Quiz\u00e1s si eso estaba cuando N\u00e9stor gener\u00f3 su proyecto llegaba antes aqu\u00ed\u201d, enfatiz\u00f3 el intendente municipal.<\/p>\n","protected":false},"excerpt":{"rendered":"<p>Autoridades municipales, representantes empresarios y directivos educativos participaron de la apertura de Alimentos y Servicios, firma que elabora productos l\u00e1cteos. Con alegr\u00eda y esperanza, como ocurre cuando se ponen en marcha proyectos productivos, se vivi\u00f3 la apertura de una nueva planta en el Parque Industrial, Log\u00edstico y Tecnol\u00f3gico Villa Mar\u00eda (PILT). El producto principal de [&hellip;]<\/p>\n","protected":false},"author":3,"featured_media":2099,"comment_status":"open","ping_status":"open","sticky":false,"template":"","format":"standard","meta":{"_jetpack_memberships_contains_paid_content":false,"footnotes":""},"categories":[2],"tags":[],"class_list":["post-2098","post","type-post","status-publish","format-standard","has-post-thumbnail","hentry","category-noticias"],"yoast_head":"<!-- This site is optimized with the Yoast SEO plugin v27.5 - https:\/\/yoast.com\/product\/yoast-seo-wordpress\/ -->\n<title>CON LA PRESENCIA DEL INTENDENTE MART\u00cdN GILL SE INAUGUR\u00d3 UNA PLANTA INDUSTRIAL EN EL PILT - PILT.com.ar<\/title>\n<meta name=\"robots\" content=\"index, follow, max-snippet:-1, max-image-preview:large, max-video-preview:-1\" \/>\n<link rel=\"canonical\" href=\"https:\/\/pilt.com.ar\/parque-industrial\/con-la-presencia-del-intendente-martin-gill-se-inauguro-una-planta-industrial-en-el-pilt\/\" \/>\n<meta property=\"og:locale\" content=\"es_ES\" \/>\n<meta property=\"og:type\" content=\"article\" \/>\n<meta property=\"og:title\" content=\"CON LA PRESENCIA DEL INTENDENTE MART\u00cdN GILL SE INAUGUR\u00d3 UNA PLANTA INDUSTRIAL EN EL PILT - PILT.com.ar\" \/>\n<meta property=\"og:description\" content=\"Autoridades municipales, representantes empresarios y directivos educativos participaron de la apertura de Alimentos y Servicios, firma que elabora productos l\u00e1cteos. Con alegr\u00eda y esperanza, como ocurre cuando se ponen en marcha proyectos productivos, se vivi\u00f3 la apertura de una nueva planta en el Parque Industrial, Log\u00edstico y Tecnol\u00f3gico Villa Mar\u00eda (PILT). El producto principal de [&hellip;]\" \/>\n<meta property=\"og:url\" content=\"https:\/\/pilt.com.ar\/parque-industrial\/con-la-presencia-del-intendente-martin-gill-se-inauguro-una-planta-industrial-en-el-pilt\/\" \/>\n<meta property=\"og:site_name\" content=\"PILT.com.ar\" \/>\n<meta property=\"article:published_time\" content=\"2022-02-11T12:44:15+00:00\" \/>\n<meta property=\"article:modified_time\" content=\"2022-02-11T12:44:16+00:00\" \/>\n<meta property=\"og:image\" content=\"https:\/\/i0.wp.com\/pilt.com.ar\/parque-industrial\/wp-content\/uploads\/2022\/02\/WhatsApp-Image-2022-02-11-at-08.50.42.jpeg?fit=1600%2C1200&ssl=1\" \/>\n\t<meta property=\"og:image:width\" content=\"1600\" \/>\n\t<meta property=\"og:image:height\" content=\"1200\" \/>\n\t<meta property=\"og:image:type\" content=\"image\/jpeg\" \/>\n<meta name=\"author\" content=\"PILT\" \/>\n<meta name=\"twitter:card\" content=\"summary_large_image\" \/>\n<meta name=\"twitter:label1\" content=\"Escrito por\" \/>\n\t<meta name=\"twitter:data1\" content=\"PILT\" \/>\n\t<meta name=\"twitter:label2\" content=\"Tiempo de lectura\" \/>\n\t<meta name=\"twitter:data2\" content=\"2 minutos\" \/>\n<script type=\"application\/ld+json\" class=\"yoast-schema-graph\">{\"@context\":\"https:\\\/\\\/schema.org\",\"@graph\":[{\"@type\":\"Article\",\"@id\":\"https:\\\/\\\/pilt.com.ar\\\/parque-industrial\\\/con-la-presencia-del-intendente-martin-gill-se-inauguro-una-planta-industrial-en-el-pilt\\\/#article\",\"isPartOf\":{\"@id\":\"https:\\\/\\\/pilt.com.ar\\\/parque-industrial\\\/con-la-presencia-del-intendente-martin-gill-se-inauguro-una-planta-industrial-en-el-pilt\\\/\"},\"author\":{\"name\":\"PILT\",\"@id\":\"https:\\\/\\\/pilt.com.ar\\\/parque-industrial\\\/#\\\/schema\\\/person\\\/2dfb9e2464de1c3deef20c25c30a8306\"},\"headline\":\"CON LA PRESENCIA DEL INTENDENTE MART\u00cdN GILL SE INAUGUR\u00d3 UNA PLANTA INDUSTRIAL EN EL PILT\",\"datePublished\":\"2022-02-11T12:44:15+00:00\",\"dateModified\":\"2022-02-11T12:44:16+00:00\",\"mainEntityOfPage\":{\"@id\":\"https:\\\/\\\/pilt.com.ar\\\/parque-industrial\\\/con-la-presencia-del-intendente-martin-gill-se-inauguro-una-planta-industrial-en-el-pilt\\\/\"},\"wordCount\":407,\"commentCount\":0,\"image\":{\"@id\":\"https:\\\/\\\/pilt.com.ar\\\/parque-industrial\\\/con-la-presencia-del-intendente-martin-gill-se-inauguro-una-planta-industrial-en-el-pilt\\\/#primaryimage\"},\"thumbnailUrl\":\"https:\\\/\\\/i0.wp.com\\\/pilt.com.ar\\\/parque-industrial\\\/wp-content\\\/uploads\\\/2022\\\/02\\\/WhatsApp-Image-2022-02-11-at-08.50.42.jpeg?fit=1600%2C1200&ssl=1\",\"articleSection\":[\"Noticias\"],\"inLanguage\":\"es\",\"potentialAction\":[{\"@type\":\"CommentAction\",\"name\":\"Comment\",\"target\":[\"https:\\\/\\\/pilt.com.ar\\\/parque-industrial\\\/con-la-presencia-del-intendente-martin-gill-se-inauguro-una-planta-industrial-en-el-pilt\\\/#respond\"]}]},{\"@type\":\"WebPage\",\"@id\":\"https:\\\/\\\/pilt.com.ar\\\/parque-industrial\\\/con-la-presencia-del-intendente-martin-gill-se-inauguro-una-planta-industrial-en-el-pilt\\\/\",\"url\":\"https:\\\/\\\/pilt.com.ar\\\/parque-industrial\\\/con-la-presencia-del-intendente-martin-gill-se-inauguro-una-planta-industrial-en-el-pilt\\\/\",\"name\":\"CON LA PRESENCIA DEL INTENDENTE MART\u00cdN GILL SE INAUGUR\u00d3 UNA PLANTA INDUSTRIAL EN EL PILT - PILT.com.ar\",\"isPartOf\":{\"@id\":\"https:\\\/\\\/pilt.com.ar\\\/parque-industrial\\\/#website\"},\"primaryImageOfPage\":{\"@id\":\"https:\\\/\\\/pilt.com.ar\\\/parque-industrial\\\/con-la-presencia-del-intendente-martin-gill-se-inauguro-una-planta-industrial-en-el-pilt\\\/#primaryimage\"},\"image\":{\"@id\":\"https:\\\/\\\/pilt.com.ar\\\/parque-industrial\\\/con-la-presencia-del-intendente-martin-gill-se-inauguro-una-planta-industrial-en-el-pilt\\\/#primaryimage\"},\"thumbnailUrl\":\"https:\\\/\\\/i0.wp.com\\\/pilt.com.ar\\\/parque-industrial\\\/wp-content\\\/uploads\\\/2022\\\/02\\\/WhatsApp-Image-2022-02-11-at-08.50.42.jpeg?fit=1600%2C1200&ssl=1\",\"datePublished\":\"2022-02-11T12:44:15+00:00\",\"dateModified\":\"2022-02-11T12:44:16+00:00\",\"author\":{\"@id\":\"https:\\\/\\\/pilt.com.ar\\\/parque-industrial\\\/#\\\/schema\\\/person\\\/2dfb9e2464de1c3deef20c25c30a8306\"},\"inLanguage\":\"es\",\"potentialAction\":[{\"@type\":\"ReadAction\",\"target\":[\"https:\\\/\\\/pilt.com.ar\\\/parque-industrial\\\/con-la-presencia-del-intendente-martin-gill-se-inauguro-una-planta-industrial-en-el-pilt\\\/\"]}]},{\"@type\":\"ImageObject\",\"inLanguage\":\"es\",\"@id\":\"https:\\\/\\\/pilt.com.ar\\\/parque-industrial\\\/con-la-presencia-del-intendente-martin-gill-se-inauguro-una-planta-industrial-en-el-pilt\\\/#primaryimage\",\"url\":\"https:\\\/\\\/i0.wp.com\\\/pilt.com.ar\\\/parque-industrial\\\/wp-content\\\/uploads\\\/2022\\\/02\\\/WhatsApp-Image-2022-02-11-at-08.50.42.jpeg?fit=1600%2C1200&ssl=1\",\"contentUrl\":\"https:\\\/\\\/i0.wp.com\\\/pilt.com.ar\\\/parque-industrial\\\/wp-content\\\/uploads\\\/2022\\\/02\\\/WhatsApp-Image-2022-02-11-at-08.50.42.jpeg?fit=1600%2C1200&ssl=1\",\"width\":1600,\"height\":1200},{\"@type\":\"WebSite\",\"@id\":\"https:\\\/\\\/pilt.com.ar\\\/parque-industrial\\\/#website\",\"url\":\"https:\\\/\\\/pilt.com.ar\\\/parque-industrial\\\/\",\"name\":\"PILT.com.ar\",\"description\":\"Parque Industrial, Log\u00edstico y Tecnol\u00f3gico Villa Mar\u00eda\",\"potentialAction\":[{\"@type\":\"SearchAction\",\"target\":{\"@type\":\"EntryPoint\",\"urlTemplate\":\"https:\\\/\\\/pilt.com.ar\\\/parque-industrial\\\/?s={search_term_string}\"},\"query-input\":{\"@type\":\"PropertyValueSpecification\",\"valueRequired\":true,\"valueName\":\"search_term_string\"}}],\"inLanguage\":\"es\"},{\"@type\":\"Person\",\"@id\":\"https:\\\/\\\/pilt.com.ar\\\/parque-industrial\\\/#\\\/schema\\\/person\\\/2dfb9e2464de1c3deef20c25c30a8306\",\"name\":\"PILT\",\"image\":{\"@type\":\"ImageObject\",\"inLanguage\":\"es\",\"@id\":\"https:\\\/\\\/secure.gravatar.com\\\/avatar\\\/5e3734c8d8c8e0b0d45f923c14a14d7b90521d573d02f0d91360a777095ee42b?s=96&d=mm&r=g\",\"url\":\"https:\\\/\\\/secure.gravatar.com\\\/avatar\\\/5e3734c8d8c8e0b0d45f923c14a14d7b90521d573d02f0d91360a777095ee42b?s=96&d=mm&r=g\",\"contentUrl\":\"https:\\\/\\\/secure.gravatar.com\\\/avatar\\\/5e3734c8d8c8e0b0d45f923c14a14d7b90521d573d02f0d91360a777095ee42b?s=96&d=mm&r=g\",\"caption\":\"PILT\"},\"url\":\"https:\\\/\\\/pilt.com.ar\\\/parque-industrial\\\/author\\\/pilt\\\/\"}]}<\/script>\n<!-- \/ Yoast SEO plugin. -->","yoast_head_json":{"title":"CON LA PRESENCIA DEL INTENDENTE MART\u00cdN GILL SE INAUGUR\u00d3 UNA PLANTA INDUSTRIAL EN EL PILT - PILT.com.ar","robots":{"index":"index","follow":"follow","max-snippet":"max-snippet:-1","max-image-preview":"max-image-preview:large","max-video-preview":"max-video-preview:-1"},"canonical":"https:\/\/pilt.com.ar\/parque-industrial\/con-la-presencia-del-intendente-martin-gill-se-inauguro-una-planta-industrial-en-el-pilt\/","og_locale":"es_ES","og_type":"article","og_title":"CON LA PRESENCIA DEL INTENDENTE MART\u00cdN GILL SE INAUGUR\u00d3 UNA PLANTA INDUSTRIAL EN EL PILT - PILT.com.ar","og_description":"Autoridades municipales, representantes empresarios y directivos educativos participaron de la apertura de Alimentos y Servicios, firma que elabora productos l\u00e1cteos. Con alegr\u00eda y esperanza, como ocurre cuando se ponen en marcha proyectos productivos, se vivi\u00f3 la apertura de una nueva planta en el Parque Industrial, Log\u00edstico y Tecnol\u00f3gico Villa Mar\u00eda (PILT). El producto principal de [&hellip;]","og_url":"https:\/\/pilt.com.ar\/parque-industrial\/con-la-presencia-del-intendente-martin-gill-se-inauguro-una-planta-industrial-en-el-pilt\/","og_site_name":"PILT.com.ar","article_published_time":"2022-02-11T12:44:15+00:00","article_modified_time":"2022-02-11T12:44:16+00:00","og_image":[{"width":1600,"height":1200,"url":"https:\/\/i0.wp.com\/pilt.com.ar\/parque-industrial\/wp-content\/uploads\/2022\/02\/WhatsApp-Image-2022-02-11-at-08.50.42.jpeg?fit=1600%2C1200&ssl=1","type":"image\/jpeg"}],"author":"PILT","twitter_card":"summary_large_image","twitter_misc":{"Escrito por":"PILT","Tiempo de lectura":"2 minutos"},"schema":{"@context":"https:\/\/schema.org","@graph":[{"@type":"Article","@id":"https:\/\/pilt.com.ar\/parque-industrial\/con-la-presencia-del-intendente-martin-gill-se-inauguro-una-planta-industrial-en-el-pilt\/#article","isPartOf":{"@id":"https:\/\/pilt.com.ar\/parque-industrial\/con-la-presencia-del-intendente-martin-gill-se-inauguro-una-planta-industrial-en-el-pilt\/"},"author":{"name":"PILT","@id":"https:\/\/pilt.com.ar\/parque-industrial\/#\/schema\/person\/2dfb9e2464de1c3deef20c25c30a8306"},"headline":"CON LA PRESENCIA DEL INTENDENTE MART\u00cdN GILL SE INAUGUR\u00d3 UNA PLANTA INDUSTRIAL EN EL PILT","datePublished":"2022-02-11T12:44:15+00:00","dateModified":"2022-02-11T12:44:16+00:00","mainEntityOfPage":{"@id":"https:\/\/pilt.com.ar\/parque-industrial\/con-la-presencia-del-intendente-martin-gill-se-inauguro-una-planta-industrial-en-el-pilt\/"},"wordCount":407,"commentCount":0,"image":{"@id":"https:\/\/pilt.com.ar\/parque-industrial\/con-la-presencia-del-intendente-martin-gill-se-inauguro-una-planta-industrial-en-el-pilt\/#primaryimage"},"thumbnailUrl":"https:\/\/i0.wp.com\/pilt.com.ar\/parque-industrial\/wp-content\/uploads\/2022\/02\/WhatsApp-Image-2022-02-11-at-08.50.42.jpeg?fit=1600%2C1200&ssl=1","articleSection":["Noticias"],"inLanguage":"es","potentialAction":[{"@type":"CommentAction","name":"Comment","target":["https:\/\/pilt.com.ar\/parque-industrial\/con-la-presencia-del-intendente-martin-gill-se-inauguro-una-planta-industrial-en-el-pilt\/#respond"]}]},{"@type":"WebPage","@id":"https:\/\/pilt.com.ar\/parque-industrial\/con-la-presencia-del-intendente-martin-gill-se-inauguro-una-planta-industrial-en-el-pilt\/","url":"https:\/\/pilt.com.ar\/parque-industrial\/con-la-presencia-del-intendente-martin-gill-se-inauguro-una-planta-industrial-en-el-pilt\/","name":"CON LA PRESENCIA DEL INTENDENTE MART\u00cdN GILL SE INAUGUR\u00d3 UNA PLANTA INDUSTRIAL EN EL PILT - PILT.com.ar","isPartOf":{"@id":"https:\/\/pilt.com.ar\/parque-industrial\/#website"},"primaryImageOfPage":{"@id":"https:\/\/pilt.com.ar\/parque-industrial\/con-la-presencia-del-intendente-martin-gill-se-inauguro-una-planta-industrial-en-el-pilt\/#primaryimage"},"image":{"@id":"https:\/\/pilt.com.ar\/parque-industrial\/con-la-presencia-del-intendente-martin-gill-se-inauguro-una-planta-industrial-en-el-pilt\/#primaryimage"},"thumbnailUrl":"https:\/\/i0.wp.com\/pilt.com.ar\/parque-industrial\/wp-content\/uploads\/2022\/02\/WhatsApp-Image-2022-02-11-at-08.50.42.jpeg?fit=1600%2C1200&ssl=1","datePublished":"2022-02-11T12:44:15+00:00","dateModified":"2022-02-11T12:44:16+00:00","author":{"@id":"https:\/\/pilt.com.ar\/parque-industrial\/#\/schema\/person\/2dfb9e2464de1c3deef20c25c30a8306"},"inLanguage":"es","potentialAction":[{"@type":"ReadAction","target":["https:\/\/pilt.com.ar\/parque-industrial\/con-la-presencia-del-intendente-martin-gill-se-inauguro-una-planta-industrial-en-el-pilt\/"]}]},{"@type":"ImageObject","inLanguage":"es","@id":"https:\/\/pilt.com.ar\/parque-industrial\/con-la-presencia-del-intendente-martin-gill-se-inauguro-una-planta-industrial-en-el-pilt\/#primaryimage","url":"https:\/\/i0.wp.com\/pilt.com.ar\/parque-industrial\/wp-content\/uploads\/2022\/02\/WhatsApp-Image-2022-02-11-at-08.50.42.jpeg?fit=1600%2C1200&ssl=1","contentUrl":"https:\/\/i0.wp.com\/pilt.com.ar\/parque-industrial\/wp-content\/uploads\/2022\/02\/WhatsApp-Image-2022-02-11-at-08.50.42.jpeg?fit=1600%2C1200&ssl=1","width":1600,"height":1200},{"@type":"WebSite","@id":"https:\/\/pilt.com.ar\/parque-industrial\/#website","url":"https:\/\/pilt.com.ar\/parque-industrial\/","name":"PILT.com.ar","description":"Parque Industrial, Log\u00edstico y Tecnol\u00f3gico Villa Mar\u00eda","potentialAction":[{"@type":"SearchAction","target":{"@type":"EntryPoint","urlTemplate":"https:\/\/pilt.com.ar\/parque-industrial\/?s={search_term_string}"},"query-input":{"@type":"PropertyValueSpecification","valueRequired":true,"valueName":"search_term_string"}}],"inLanguage":"es"},{"@type":"Person","@id":"https:\/\/pilt.com.ar\/parque-industrial\/#\/schema\/person\/2dfb9e2464de1c3deef20c25c30a8306","name":"PILT","image":{"@type":"ImageObject","inLanguage":"es","@id":"https:\/\/secure.gravatar.com\/avatar\/5e3734c8d8c8e0b0d45f923c14a14d7b90521d573d02f0d91360a777095ee42b?s=96&d=mm&r=g","url":"https:\/\/secure.gravatar.com\/avatar\/5e3734c8d8c8e0b0d45f923c14a14d7b90521d573d02f0d91360a777095ee42b?s=96&d=mm&r=g","contentUrl":"https:\/\/secure.gravatar.com\/avatar\/5e3734c8d8c8e0b0d45f923c14a14d7b90521d573d02f0d91360a777095ee42b?s=96&d=mm&r=g","caption":"PILT"},"url":"https:\/\/pilt.com.ar\/parque-industrial\/author\/pilt\/"}]}},"jetpack_featured_media_url":"https:\/\/i0.wp.com\/pilt.com.ar\/parque-industrial\/wp-content\/uploads\/2022\/02\/WhatsApp-Image-2022-02-11-at-08.50.42.jpeg?fit=1600%2C1200&ssl=1","jetpack_sharing_enabled":true,"_links":{"self":[{"href":"https:\/\/pilt.com.ar\/parque-industrial\/wp-json\/wp\/v2\/posts\/2098","targetHints":{"allow":["GET"]}}],"collection":[{"href":"https:\/\/pilt.com.ar\/parque-industrial\/wp-json\/wp\/v2\/posts"}],"about":[{"href":"https:\/\/pilt.com.ar\/parque-industrial\/wp-json\/wp\/v2\/types\/post"}],"author":[{"embeddable":true,"href":"https:\/\/pilt.com.ar\/parque-industrial\/wp-json\/wp\/v2\/users\/3"}],"replies":[{"embeddable":true,"href":"https:\/\/pilt.com.ar\/parque-industrial\/wp-json\/wp\/v2\/comments?post=2098"}],"version-history":[{"count":1,"href":"https:\/\/pilt.com.ar\/parque-industrial\/wp-json\/wp\/v2\/posts\/2098\/revisions"}],"predecessor-version":[{"id":2100,"href":"https:\/\/pilt.com.ar\/parque-industrial\/wp-json\/wp\/v2\/posts\/2098\/revisions\/2100"}],"wp:featuredmedia":[{"embeddable":true,"href":"https:\/\/pilt.com.ar\/parque-industrial\/wp-json\/wp\/v2\/media\/2099"}],"wp:attachment":[{"href":"https:\/\/pilt.com.ar\/parque-industrial\/wp-json\/wp\/v2\/media?parent=2098"}],"wp:term":[{"taxonomy":"category","embeddable":true,"href":"https:\/\/pilt.com.ar\/parque-industrial\/wp-json\/wp\/v2\/categories?post=2098"},{"taxonomy":"post_tag","embeddable":true,"href":"https:\/\/pilt.com.ar\/parque-industrial\/wp-json\/wp\/v2\/tags?post=2098"}],"curies":[{"name":"wp","href":"https:\/\/api.w.org\/{rel}","templated":true}]}}