{"id":2095,"date":"2022-02-04T09:46:54","date_gmt":"2022-02-04T12:46:54","guid":{"rendered":"https:\/\/pilt.com.ar\/parque-industrial\/?p=2095"},"modified":"2022-02-04T09:46:55","modified_gmt":"2022-02-04T12:46:55","slug":"casos-exitosos-en-la-nave-para-emprendedores-i","status":"publish","type":"post","link":"https:\/\/pilt.com.ar\/parque-industrial\/casos-exitosos-en-la-nave-para-emprendedores-i\/","title":{"rendered":"CASOS EXITOSOS EN LA NAVE PARA EMPRENDEDORES I"},"content":{"rendered":"\n<p class=\"has-text-align-center\"><strong><em>Empresas que se sumaron al programa del PILT tuvieron una gran evoluci\u00f3n e incorporaron mano de obra<\/em><\/strong><\/p>\n\n\n\n<p class=\"has-text-align-justify\">Todav\u00eda no se cumpli\u00f3 un a\u00f1o desde que se instal\u00f3 Industrias Magno, la primera empresa en ocupar un espacio en la Nave para Emprendedores I del Parque Industrial, Log\u00edstico y Tecnol\u00f3gico Villa Mar\u00eda (PILT). Y a pesar del corto lapso de tiempo transcurrido, los emprendimientos est\u00e1n marcando un importante crecimiento, incrementado la producci\u00f3n y los puestos de trabajo para llevar a cabo las tareas.<\/p>\n\n\n\n<p class=\"has-text-align-justify\"><strong>Industrias Magno<\/strong> desarroll\u00f3 un producto innovador, denominado e-Milk, que sirve para distribuir y pasteurizar la leche que sale desde el tambo hacia las guacheras, es decir, la que se les da a los terneros. El equipo permite a los operarios realizar el trabajo reduciendo tiempo y esfuerzo. El proyecto viene registrando una evoluci\u00f3n significativa.<\/p>\n\n\n\n<p class=\"has-text-align-justify\">\u201cCuando llegamos al Parque, en marzo del a\u00f1o pasado, \u00e9ramos tres personas trabajando full time; hoy somos 13. A pesar que 2021 fue un a\u00f1o muy dif\u00edcil para varios sectores, nosotros crecimos much\u00edsimo\u201d, indic\u00f3 Diego Audano, socio de la firma.<\/p>\n\n\n\n<p class=\"has-text-align-justify\">Los nuevos miembros del equipo ocupan espacios en distintas \u00e1reas, como servicio post-venta, producci\u00f3n, compras y administraci\u00f3n.<\/p>\n\n\n\n<p class=\"has-text-align-justify\">El incremento del personal fue de la mano con la demanda. \u201cSiempre producimos bajo pedido y quer\u00edamos acortar los plazos entre el ingreso de la orden de trabajo y la entrega. Primero fabric\u00e1bamos 2 equipos mensuales; despu\u00e9s pasamos a 4 y hoy estamos en 8 por mes; y todav\u00eda no llegamos a bajar el tiempo de entrega porque la demanda fue subiendo acompa\u00f1ando a la producci\u00f3n\u201d, se\u00f1al\u00f3. &nbsp;<\/p>\n\n\n\n<p class=\"has-text-align-justify\">Para graficar, en 2020 en la empresa fabric\u00f3 24 dispositivos, mientras que el a\u00f1o pasado duplic\u00f3 su producci\u00f3n, cerrando con 49. En ese camino la firma sum\u00f3 otro sal\u00f3n, ya que necesitaba espacio para poder progresar. El emprendedor se\u00f1al\u00f3 que aunque pueden optimizar el uso de los salones, incorporando m\u00e1s estanter\u00edas o utilizando otro lugar para acopiar materiales e insumos, no descarta m\u00e1s adelante encarar su propia nave en el PILT.<\/p>\n\n\n\n<p class=\"has-text-align-justify\">\u201cLa verdad es que estamos muy contentos porque el avance fue vertiginoso. Logramos armar un grupo de trabajo muy bueno, gente con la que da placer trabajar\u201d, subray\u00f3 Audano.<\/p>\n\n\n\n<p><strong>DyFma<\/strong><\/p>\n\n\n\n<p class=\"has-text-align-justify\">La empresa <strong>DyFma<\/strong> tambi\u00e9n experiment\u00f3 un interesante desarrollo desde que est\u00e1 en el PILT. El emprendimiento elabora dispositivos vinculados a la producci\u00f3n de nueces (tradicional o de castilla y pec\u00e1n), almendras y casta\u00f1as; arman m\u00e1quinas en serie, que son las m\u00e1s demandadas, y otras de mayor porte que realizan a pedido de los clientes. En la actualidad se est\u00e1n orientando m\u00e1s a las que permiten partir la c\u00e1scara y separar la pulpa.<\/p>\n\n\n\n<p class=\"has-text-align-justify\">La firma tambi\u00e9n ocupa dos salones de la Nave para Emprendedores I y, al igual que Magno, debi\u00f3 sumar recursos humanos desde que est\u00e1 en el Parque. \u201c\u00c9ramos 4 personas e ingresaron 3 m\u00e1s. La idea de este a\u00f1o es acomodar la empresa para seguir avanzando; por eso incorporamos m\u00e1s gente\u201d, destac\u00f3 Marcelo Primo, uno de los socios.<\/p>\n\n\n\n<p class=\"has-text-align-justify\">A la vez, manifest\u00f3 que estar en el PILT \u201ctiene un gran plus cuando la gente va; entrar al predio no es lo mismo que ir a un galp\u00f3n en un barrio. Adem\u00e1s de la comodidad y los servicios, lo m\u00e1s importante es eso: el perfil que tom\u00f3 el proyecto\u201d.<\/p>\n\n\n\n<p class=\"has-text-align-justify\">\u201cNosotros decimos que en un momento \u00e9ramos taller; despu\u00e9s pasamos a ser f\u00e1brica y hoy ya somos una empresa, obviamente que en nuestra escala. Apostamos a hacer algo serio y eso te lo da en un porcentaje grande el Parque Industrial\u201d, agreg\u00f3.<\/p>\n\n\n\n<p class=\"has-text-align-justify\">Uno de los objetivos que se plantearon en DyFma es exportar a mercados lim\u00edtrofes, como Chile y Brasil. Hacia all\u00ed est\u00e1n enfocado el trabajo y las expectativas.<\/p>\n","protected":false},"excerpt":{"rendered":"<p>Empresas que se sumaron al programa del PILT tuvieron una gran evoluci\u00f3n e incorporaron mano de obra Todav\u00eda no se cumpli\u00f3 un a\u00f1o desde que se instal\u00f3 Industrias Magno, la primera empresa en ocupar un espacio en la Nave para Emprendedores I del Parque Industrial, Log\u00edstico y Tecnol\u00f3gico Villa Mar\u00eda (PILT). Y a pesar del [&hellip;]<\/p>\n","protected":false},"author":3,"featured_media":2096,"comment_status":"open","ping_status":"open","sticky":false,"template":"","format":"standard","meta":{"_jetpack_memberships_contains_paid_content":false,"footnotes":""},"categories":[2],"tags":[],"class_list":["post-2095","post","type-post","status-publish","format-standard","has-post-thumbnail","hentry","category-noticias"],"yoast_head":"<!-- This site is optimized with the Yoast SEO plugin v27.5 - https:\/\/yoast.com\/product\/yoast-seo-wordpress\/ -->\n<title>CASOS EXITOSOS EN LA NAVE PARA EMPRENDEDORES I - PILT.com.ar<\/title>\n<meta name=\"robots\" content=\"index, follow, max-snippet:-1, max-image-preview:large, max-video-preview:-1\" \/>\n<link rel=\"canonical\" href=\"https:\/\/pilt.com.ar\/parque-industrial\/casos-exitosos-en-la-nave-para-emprendedores-i\/\" \/>\n<meta property=\"og:locale\" content=\"es_ES\" \/>\n<meta property=\"og:type\" content=\"article\" \/>\n<meta property=\"og:title\" content=\"CASOS EXITOSOS EN LA NAVE PARA EMPRENDEDORES I - PILT.com.ar\" \/>\n<meta property=\"og:description\" content=\"Empresas que se sumaron al programa del PILT tuvieron una gran evoluci\u00f3n e incorporaron mano de obra Todav\u00eda no se cumpli\u00f3 un a\u00f1o desde que se instal\u00f3 Industrias Magno, la primera empresa en ocupar un espacio en la Nave para Emprendedores I del Parque Industrial, Log\u00edstico y Tecnol\u00f3gico Villa Mar\u00eda (PILT). Y a pesar del [&hellip;]\" \/>\n<meta property=\"og:url\" content=\"https:\/\/pilt.com.ar\/parque-industrial\/casos-exitosos-en-la-nave-para-emprendedores-i\/\" \/>\n<meta property=\"og:site_name\" content=\"PILT.com.ar\" \/>\n<meta property=\"article:published_time\" content=\"2022-02-04T12:46:54+00:00\" \/>\n<meta property=\"article:modified_time\" content=\"2022-02-04T12:46:55+00:00\" \/>\n<meta property=\"og:image\" content=\"https:\/\/i0.wp.com\/pilt.com.ar\/parque-industrial\/wp-content\/uploads\/2022\/02\/WhatsApp-Image-2022-02-04-at-09.38.27.jpeg?fit=1600%2C1200&ssl=1\" \/>\n\t<meta property=\"og:image:width\" content=\"1600\" \/>\n\t<meta property=\"og:image:height\" content=\"1200\" \/>\n\t<meta property=\"og:image:type\" content=\"image\/jpeg\" \/>\n<meta name=\"author\" content=\"PILT\" \/>\n<meta name=\"twitter:card\" content=\"summary_large_image\" \/>\n<meta name=\"twitter:label1\" content=\"Escrito por\" \/>\n\t<meta name=\"twitter:data1\" content=\"PILT\" \/>\n\t<meta name=\"twitter:label2\" content=\"Tiempo de lectura\" \/>\n\t<meta name=\"twitter:data2\" content=\"3 minutos\" \/>\n<script type=\"application\/ld+json\" class=\"yoast-schema-graph\">{\"@context\":\"https:\\\/\\\/schema.org\",\"@graph\":[{\"@type\":\"Article\",\"@id\":\"https:\\\/\\\/pilt.com.ar\\\/parque-industrial\\\/casos-exitosos-en-la-nave-para-emprendedores-i\\\/#article\",\"isPartOf\":{\"@id\":\"https:\\\/\\\/pilt.com.ar\\\/parque-industrial\\\/casos-exitosos-en-la-nave-para-emprendedores-i\\\/\"},\"author\":{\"name\":\"PILT\",\"@id\":\"https:\\\/\\\/pilt.com.ar\\\/parque-industrial\\\/#\\\/schema\\\/person\\\/2dfb9e2464de1c3deef20c25c30a8306\"},\"headline\":\"CASOS EXITOSOS EN LA NAVE PARA EMPRENDEDORES I\",\"datePublished\":\"2022-02-04T12:46:54+00:00\",\"dateModified\":\"2022-02-04T12:46:55+00:00\",\"mainEntityOfPage\":{\"@id\":\"https:\\\/\\\/pilt.com.ar\\\/parque-industrial\\\/casos-exitosos-en-la-nave-para-emprendedores-i\\\/\"},\"wordCount\":657,\"commentCount\":0,\"image\":{\"@id\":\"https:\\\/\\\/pilt.com.ar\\\/parque-industrial\\\/casos-exitosos-en-la-nave-para-emprendedores-i\\\/#primaryimage\"},\"thumbnailUrl\":\"https:\\\/\\\/i0.wp.com\\\/pilt.com.ar\\\/parque-industrial\\\/wp-content\\\/uploads\\\/2022\\\/02\\\/WhatsApp-Image-2022-02-04-at-09.38.27.jpeg?fit=1600%2C1200&ssl=1\",\"articleSection\":[\"Noticias\"],\"inLanguage\":\"es\",\"potentialAction\":[{\"@type\":\"CommentAction\",\"name\":\"Comment\",\"target\":[\"https:\\\/\\\/pilt.com.ar\\\/parque-industrial\\\/casos-exitosos-en-la-nave-para-emprendedores-i\\\/#respond\"]}]},{\"@type\":\"WebPage\",\"@id\":\"https:\\\/\\\/pilt.com.ar\\\/parque-industrial\\\/casos-exitosos-en-la-nave-para-emprendedores-i\\\/\",\"url\":\"https:\\\/\\\/pilt.com.ar\\\/parque-industrial\\\/casos-exitosos-en-la-nave-para-emprendedores-i\\\/\",\"name\":\"CASOS EXITOSOS EN LA NAVE PARA EMPRENDEDORES I - PILT.com.ar\",\"isPartOf\":{\"@id\":\"https:\\\/\\\/pilt.com.ar\\\/parque-industrial\\\/#website\"},\"primaryImageOfPage\":{\"@id\":\"https:\\\/\\\/pilt.com.ar\\\/parque-industrial\\\/casos-exitosos-en-la-nave-para-emprendedores-i\\\/#primaryimage\"},\"image\":{\"@id\":\"https:\\\/\\\/pilt.com.ar\\\/parque-industrial\\\/casos-exitosos-en-la-nave-para-emprendedores-i\\\/#primaryimage\"},\"thumbnailUrl\":\"https:\\\/\\\/i0.wp.com\\\/pilt.com.ar\\\/parque-industrial\\\/wp-content\\\/uploads\\\/2022\\\/02\\\/WhatsApp-Image-2022-02-04-at-09.38.27.jpeg?fit=1600%2C1200&ssl=1\",\"datePublished\":\"2022-02-04T12:46:54+00:00\",\"dateModified\":\"2022-02-04T12:46:55+00:00\",\"author\":{\"@id\":\"https:\\\/\\\/pilt.com.ar\\\/parque-industrial\\\/#\\\/schema\\\/person\\\/2dfb9e2464de1c3deef20c25c30a8306\"},\"inLanguage\":\"es\",\"potentialAction\":[{\"@type\":\"ReadAction\",\"target\":[\"https:\\\/\\\/pilt.com.ar\\\/parque-industrial\\\/casos-exitosos-en-la-nave-para-emprendedores-i\\\/\"]}]},{\"@type\":\"ImageObject\",\"inLanguage\":\"es\",\"@id\":\"https:\\\/\\\/pilt.com.ar\\\/parque-industrial\\\/casos-exitosos-en-la-nave-para-emprendedores-i\\\/#primaryimage\",\"url\":\"https:\\\/\\\/i0.wp.com\\\/pilt.com.ar\\\/parque-industrial\\\/wp-content\\\/uploads\\\/2022\\\/02\\\/WhatsApp-Image-2022-02-04-at-09.38.27.jpeg?fit=1600%2C1200&ssl=1\",\"contentUrl\":\"https:\\\/\\\/i0.wp.com\\\/pilt.com.ar\\\/parque-industrial\\\/wp-content\\\/uploads\\\/2022\\\/02\\\/WhatsApp-Image-2022-02-04-at-09.38.27.jpeg?fit=1600%2C1200&ssl=1\",\"width\":1600,\"height\":1200},{\"@type\":\"WebSite\",\"@id\":\"https:\\\/\\\/pilt.com.ar\\\/parque-industrial\\\/#website\",\"url\":\"https:\\\/\\\/pilt.com.ar\\\/parque-industrial\\\/\",\"name\":\"PILT.com.ar\",\"description\":\"Parque Industrial, Log\u00edstico y Tecnol\u00f3gico Villa Mar\u00eda\",\"potentialAction\":[{\"@type\":\"SearchAction\",\"target\":{\"@type\":\"EntryPoint\",\"urlTemplate\":\"https:\\\/\\\/pilt.com.ar\\\/parque-industrial\\\/?s={search_term_string}\"},\"query-input\":{\"@type\":\"PropertyValueSpecification\",\"valueRequired\":true,\"valueName\":\"search_term_string\"}}],\"inLanguage\":\"es\"},{\"@type\":\"Person\",\"@id\":\"https:\\\/\\\/pilt.com.ar\\\/parque-industrial\\\/#\\\/schema\\\/person\\\/2dfb9e2464de1c3deef20c25c30a8306\",\"name\":\"PILT\",\"image\":{\"@type\":\"ImageObject\",\"inLanguage\":\"es\",\"@id\":\"https:\\\/\\\/secure.gravatar.com\\\/avatar\\\/5e3734c8d8c8e0b0d45f923c14a14d7b90521d573d02f0d91360a777095ee42b?s=96&d=mm&r=g\",\"url\":\"https:\\\/\\\/secure.gravatar.com\\\/avatar\\\/5e3734c8d8c8e0b0d45f923c14a14d7b90521d573d02f0d91360a777095ee42b?s=96&d=mm&r=g\",\"contentUrl\":\"https:\\\/\\\/secure.gravatar.com\\\/avatar\\\/5e3734c8d8c8e0b0d45f923c14a14d7b90521d573d02f0d91360a777095ee42b?s=96&d=mm&r=g\",\"caption\":\"PILT\"},\"url\":\"https:\\\/\\\/pilt.com.ar\\\/parque-industrial\\\/author\\\/pilt\\\/\"}]}<\/script>\n<!-- \/ Yoast SEO plugin. -->","yoast_head_json":{"title":"CASOS EXITOSOS EN LA NAVE PARA EMPRENDEDORES I - PILT.com.ar","robots":{"index":"index","follow":"follow","max-snippet":"max-snippet:-1","max-image-preview":"max-image-preview:large","max-video-preview":"max-video-preview:-1"},"canonical":"https:\/\/pilt.com.ar\/parque-industrial\/casos-exitosos-en-la-nave-para-emprendedores-i\/","og_locale":"es_ES","og_type":"article","og_title":"CASOS EXITOSOS EN LA NAVE PARA EMPRENDEDORES I - PILT.com.ar","og_description":"Empresas que se sumaron al programa del PILT tuvieron una gran evoluci\u00f3n e incorporaron mano de obra Todav\u00eda no se cumpli\u00f3 un a\u00f1o desde que se instal\u00f3 Industrias Magno, la primera empresa en ocupar un espacio en la Nave para Emprendedores I del Parque Industrial, Log\u00edstico y Tecnol\u00f3gico Villa Mar\u00eda (PILT). Y a pesar del [&hellip;]","og_url":"https:\/\/pilt.com.ar\/parque-industrial\/casos-exitosos-en-la-nave-para-emprendedores-i\/","og_site_name":"PILT.com.ar","article_published_time":"2022-02-04T12:46:54+00:00","article_modified_time":"2022-02-04T12:46:55+00:00","og_image":[{"width":1600,"height":1200,"url":"https:\/\/i0.wp.com\/pilt.com.ar\/parque-industrial\/wp-content\/uploads\/2022\/02\/WhatsApp-Image-2022-02-04-at-09.38.27.jpeg?fit=1600%2C1200&ssl=1","type":"image\/jpeg"}],"author":"PILT","twitter_card":"summary_large_image","twitter_misc":{"Escrito por":"PILT","Tiempo de lectura":"3 minutos"},"schema":{"@context":"https:\/\/schema.org","@graph":[{"@type":"Article","@id":"https:\/\/pilt.com.ar\/parque-industrial\/casos-exitosos-en-la-nave-para-emprendedores-i\/#article","isPartOf":{"@id":"https:\/\/pilt.com.ar\/parque-industrial\/casos-exitosos-en-la-nave-para-emprendedores-i\/"},"author":{"name":"PILT","@id":"https:\/\/pilt.com.ar\/parque-industrial\/#\/schema\/person\/2dfb9e2464de1c3deef20c25c30a8306"},"headline":"CASOS EXITOSOS EN LA NAVE PARA EMPRENDEDORES I","datePublished":"2022-02-04T12:46:54+00:00","dateModified":"2022-02-04T12:46:55+00:00","mainEntityOfPage":{"@id":"https:\/\/pilt.com.ar\/parque-industrial\/casos-exitosos-en-la-nave-para-emprendedores-i\/"},"wordCount":657,"commentCount":0,"image":{"@id":"https:\/\/pilt.com.ar\/parque-industrial\/casos-exitosos-en-la-nave-para-emprendedores-i\/#primaryimage"},"thumbnailUrl":"https:\/\/i0.wp.com\/pilt.com.ar\/parque-industrial\/wp-content\/uploads\/2022\/02\/WhatsApp-Image-2022-02-04-at-09.38.27.jpeg?fit=1600%2C1200&ssl=1","articleSection":["Noticias"],"inLanguage":"es","potentialAction":[{"@type":"CommentAction","name":"Comment","target":["https:\/\/pilt.com.ar\/parque-industrial\/casos-exitosos-en-la-nave-para-emprendedores-i\/#respond"]}]},{"@type":"WebPage","@id":"https:\/\/pilt.com.ar\/parque-industrial\/casos-exitosos-en-la-nave-para-emprendedores-i\/","url":"https:\/\/pilt.com.ar\/parque-industrial\/casos-exitosos-en-la-nave-para-emprendedores-i\/","name":"CASOS EXITOSOS EN LA NAVE PARA EMPRENDEDORES I - PILT.com.ar","isPartOf":{"@id":"https:\/\/pilt.com.ar\/parque-industrial\/#website"},"primaryImageOfPage":{"@id":"https:\/\/pilt.com.ar\/parque-industrial\/casos-exitosos-en-la-nave-para-emprendedores-i\/#primaryimage"},"image":{"@id":"https:\/\/pilt.com.ar\/parque-industrial\/casos-exitosos-en-la-nave-para-emprendedores-i\/#primaryimage"},"thumbnailUrl":"https:\/\/i0.wp.com\/pilt.com.ar\/parque-industrial\/wp-content\/uploads\/2022\/02\/WhatsApp-Image-2022-02-04-at-09.38.27.jpeg?fit=1600%2C1200&ssl=1","datePublished":"2022-02-04T12:46:54+00:00","dateModified":"2022-02-04T12:46:55+00:00","author":{"@id":"https:\/\/pilt.com.ar\/parque-industrial\/#\/schema\/person\/2dfb9e2464de1c3deef20c25c30a8306"},"inLanguage":"es","potentialAction":[{"@type":"ReadAction","target":["https:\/\/pilt.com.ar\/parque-industrial\/casos-exitosos-en-la-nave-para-emprendedores-i\/"]}]},{"@type":"ImageObject","inLanguage":"es","@id":"https:\/\/pilt.com.ar\/parque-industrial\/casos-exitosos-en-la-nave-para-emprendedores-i\/#primaryimage","url":"https:\/\/i0.wp.com\/pilt.com.ar\/parque-industrial\/wp-content\/uploads\/2022\/02\/WhatsApp-Image-2022-02-04-at-09.38.27.jpeg?fit=1600%2C1200&ssl=1","contentUrl":"https:\/\/i0.wp.com\/pilt.com.ar\/parque-industrial\/wp-content\/uploads\/2022\/02\/WhatsApp-Image-2022-02-04-at-09.38.27.jpeg?fit=1600%2C1200&ssl=1","width":1600,"height":1200},{"@type":"WebSite","@id":"https:\/\/pilt.com.ar\/parque-industrial\/#website","url":"https:\/\/pilt.com.ar\/parque-industrial\/","name":"PILT.com.ar","description":"Parque Industrial, Log\u00edstico y Tecnol\u00f3gico Villa Mar\u00eda","potentialAction":[{"@type":"SearchAction","target":{"@type":"EntryPoint","urlTemplate":"https:\/\/pilt.com.ar\/parque-industrial\/?s={search_term_string}"},"query-input":{"@type":"PropertyValueSpecification","valueRequired":true,"valueName":"search_term_string"}}],"inLanguage":"es"},{"@type":"Person","@id":"https:\/\/pilt.com.ar\/parque-industrial\/#\/schema\/person\/2dfb9e2464de1c3deef20c25c30a8306","name":"PILT","image":{"@type":"ImageObject","inLanguage":"es","@id":"https:\/\/secure.gravatar.com\/avatar\/5e3734c8d8c8e0b0d45f923c14a14d7b90521d573d02f0d91360a777095ee42b?s=96&d=mm&r=g","url":"https:\/\/secure.gravatar.com\/avatar\/5e3734c8d8c8e0b0d45f923c14a14d7b90521d573d02f0d91360a777095ee42b?s=96&d=mm&r=g","contentUrl":"https:\/\/secure.gravatar.com\/avatar\/5e3734c8d8c8e0b0d45f923c14a14d7b90521d573d02f0d91360a777095ee42b?s=96&d=mm&r=g","caption":"PILT"},"url":"https:\/\/pilt.com.ar\/parque-industrial\/author\/pilt\/"}]}},"jetpack_featured_media_url":"https:\/\/i0.wp.com\/pilt.com.ar\/parque-industrial\/wp-content\/uploads\/2022\/02\/WhatsApp-Image-2022-02-04-at-09.38.27.jpeg?fit=1600%2C1200&ssl=1","jetpack_sharing_enabled":true,"_links":{"self":[{"href":"https:\/\/pilt.com.ar\/parque-industrial\/wp-json\/wp\/v2\/posts\/2095","targetHints":{"allow":["GET"]}}],"collection":[{"href":"https:\/\/pilt.com.ar\/parque-industrial\/wp-json\/wp\/v2\/posts"}],"about":[{"href":"https:\/\/pilt.com.ar\/parque-industrial\/wp-json\/wp\/v2\/types\/post"}],"author":[{"embeddable":true,"href":"https:\/\/pilt.com.ar\/parque-industrial\/wp-json\/wp\/v2\/users\/3"}],"replies":[{"embeddable":true,"href":"https:\/\/pilt.com.ar\/parque-industrial\/wp-json\/wp\/v2\/comments?post=2095"}],"version-history":[{"count":1,"href":"https:\/\/pilt.com.ar\/parque-industrial\/wp-json\/wp\/v2\/posts\/2095\/revisions"}],"predecessor-version":[{"id":2097,"href":"https:\/\/pilt.com.ar\/parque-industrial\/wp-json\/wp\/v2\/posts\/2095\/revisions\/2097"}],"wp:featuredmedia":[{"embeddable":true,"href":"https:\/\/pilt.com.ar\/parque-industrial\/wp-json\/wp\/v2\/media\/2096"}],"wp:attachment":[{"href":"https:\/\/pilt.com.ar\/parque-industrial\/wp-json\/wp\/v2\/media?parent=2095"}],"wp:term":[{"taxonomy":"category","embeddable":true,"href":"https:\/\/pilt.com.ar\/parque-industrial\/wp-json\/wp\/v2\/categories?post=2095"},{"taxonomy":"post_tag","embeddable":true,"href":"https:\/\/pilt.com.ar\/parque-industrial\/wp-json\/wp\/v2\/tags?post=2095"}],"curies":[{"name":"wp","href":"https:\/\/api.w.org\/{rel}","templated":true}]}}