{"id":2053,"date":"2022-01-28T09:50:21","date_gmt":"2022-01-28T12:50:21","guid":{"rendered":"https:\/\/pilt.com.ar\/parque-industrial\/?p=2053"},"modified":"2022-01-28T09:50:22","modified_gmt":"2022-01-28T12:50:22","slug":"pyl-neumaticos-realiza-una-importante-ampliacion-para-anadir-nueva-unidad-de-negocios","status":"publish","type":"post","link":"https:\/\/pilt.com.ar\/parque-industrial\/pyl-neumaticos-realiza-una-importante-ampliacion-para-anadir-nueva-unidad-de-negocios\/","title":{"rendered":"PYL NEUM\u00c1TICOS REALIZA UNA IMPORTANTE AMPLIACI\u00d3N PARA A\u00d1ADIR NUEVA UNIDAD DE NEGOCIOS"},"content":{"rendered":"\n<p class=\"has-text-align-center\"><strong><em>La empresa, que fue la primera planta industrial que se inaugur\u00f3 en el PILT en el a\u00f1o 2013, construye una nave de 1000 metros cuadrados. Adem\u00e1s, planean nuevos desarrollos.<\/em><\/strong>}<\/p>\n\n\n\n<p class=\"has-text-align-justify\">PyL Neum\u00e1ticos, empresa que cuenta con una planta de reconstrucci\u00f3n de neum\u00e1ticos de camiones en el Parque Industrial, Log\u00edstico y Tecnol\u00f3gico Villa Mar\u00eda (PILT), est\u00e1 llevando adelante una importante ampliaci\u00f3n para atender a otro sector, a trav\u00e9s del proceso de retacado de neum\u00e1ticos agr\u00edcolas.<\/p>\n\n\n\n<p class=\"has-text-align-justify\">Vale decir que se trata de una nueva nave, que tendr\u00e1 1000 metros cuadrados de superficie (igual que la actual), con la que estar\u00e1 unida en un espacio donde compartir\u00e1n parte del proceso productivo y dep\u00f3sitos. Seg\u00fan explic\u00f3 uno de los socios, Valent\u00edn L\u00f3pez, la intenci\u00f3n es comenzar las actividades en pocos meses m\u00e1s, ya que en pocos d\u00edas se colocar\u00e1 el cerramiento de la estructura. El equipamiento para el retacado (reconstrucci\u00f3n de los tacos) ya fue adquirido y permitir\u00e1 procesar unos 250 neum\u00e1ticos mensuales. Las inversiones para el nuevo emprendimiento tambi\u00e9n contemplan al \u00e1rea log\u00edstica.<\/p>\n\n\n\n<p class=\"has-text-align-justify\">Por otra parte, m\u00e1s proyectos involucran a la empresa. La actual planta duplicar\u00e1 su capacidad productiva con la incorporaci\u00f3n de nuevos equipos. De tal manera, pasar\u00e1 de reconstruir 400 neum\u00e1ticos por mes a 800. Asimismo, para la atenci\u00f3n de los clientes, la firma est\u00e1 finalizando la construcci\u00f3n de un play\u00f3n para camiones.<\/p>\n\n\n\n<p class=\"has-text-align-justify\">L\u00f3pez explic\u00f3 que avanzaron en esas iniciativas porque existe un \u201cfaltante generalizado de producto, tanto de camiones como agr\u00edcolas, lo que hace que se incrementen las necesidades y los clientes. La demanda ha crecido\u201d.<\/p>\n\n\n\n<p class=\"has-text-align-justify\">Un aspecto relevante es que la nueva unidad de negocios, m\u00e1s la ampliaci\u00f3n de la capacidad productiva de la actual, requerir\u00e1 la incorporaci\u00f3n de nueva mano de obra.<\/p>\n\n\n\n<p><strong>M\u00e1s proyectos<\/strong><\/p>\n\n\n\n<p class=\"has-text-align-justify\">Otro desarrollo en marcha tiene que ver con la reutilizaci\u00f3n de neum\u00e1ticos en desuso, bajo el concepto de econom\u00eda circular. En ese sentido, la firma trabaja en un proyecto para concretar una planta en el mismo predio que permita avanzar en una soluci\u00f3n para la disposici\u00f3n final del producto, que genera un grave problema ambiental en todo el pa\u00eds.<\/p>\n\n\n\n<p class=\"has-text-align-justify\">Por ese motivo, la idea es proceder a la separaci\u00f3n de sus componentes (caucho, fibra textil y metal) para reciclarlos. La empresa explora junto a una organizaci\u00f3n vinculada a la vivienda social la posibilidad de fabricar tejas de caucho molido para insertarlas en la industria de la construcci\u00f3n.<\/p>\n","protected":false},"excerpt":{"rendered":"<p>La empresa, que fue la primera planta industrial que se inaugur\u00f3 en el PILT en el a\u00f1o 2013, construye una nave de 1000 metros cuadrados. Adem\u00e1s, planean nuevos desarrollos.} PyL Neum\u00e1ticos, empresa que cuenta con una planta de reconstrucci\u00f3n de neum\u00e1ticos de camiones en el Parque Industrial, Log\u00edstico y Tecnol\u00f3gico Villa Mar\u00eda (PILT), est\u00e1 llevando [&hellip;]<\/p>\n","protected":false},"author":3,"featured_media":2055,"comment_status":"open","ping_status":"open","sticky":false,"template":"","format":"standard","meta":{"_jetpack_memberships_contains_paid_content":false,"footnotes":""},"categories":[2],"tags":[],"class_list":["post-2053","post","type-post","status-publish","format-standard","has-post-thumbnail","hentry","category-noticias"],"yoast_head":"<!-- This site is optimized with the Yoast SEO plugin v27.5 - https:\/\/yoast.com\/product\/yoast-seo-wordpress\/ -->\n<title>PYL NEUM\u00c1TICOS REALIZA UNA IMPORTANTE AMPLIACI\u00d3N PARA A\u00d1ADIR NUEVA UNIDAD DE NEGOCIOS - PILT.com.ar<\/title>\n<meta name=\"robots\" content=\"index, follow, max-snippet:-1, max-image-preview:large, max-video-preview:-1\" \/>\n<link rel=\"canonical\" href=\"https:\/\/pilt.com.ar\/parque-industrial\/pyl-neumaticos-realiza-una-importante-ampliacion-para-anadir-nueva-unidad-de-negocios\/\" \/>\n<meta property=\"og:locale\" content=\"es_ES\" \/>\n<meta property=\"og:type\" content=\"article\" \/>\n<meta property=\"og:title\" content=\"PYL NEUM\u00c1TICOS REALIZA UNA IMPORTANTE AMPLIACI\u00d3N PARA A\u00d1ADIR NUEVA UNIDAD DE NEGOCIOS - PILT.com.ar\" \/>\n<meta property=\"og:description\" content=\"La empresa, que fue la primera planta industrial que se inaugur\u00f3 en el PILT en el a\u00f1o 2013, construye una nave de 1000 metros cuadrados. Adem\u00e1s, planean nuevos desarrollos.} PyL Neum\u00e1ticos, empresa que cuenta con una planta de reconstrucci\u00f3n de neum\u00e1ticos de camiones en el Parque Industrial, Log\u00edstico y Tecnol\u00f3gico Villa Mar\u00eda (PILT), est\u00e1 llevando [&hellip;]\" \/>\n<meta property=\"og:url\" content=\"https:\/\/pilt.com.ar\/parque-industrial\/pyl-neumaticos-realiza-una-importante-ampliacion-para-anadir-nueva-unidad-de-negocios\/\" \/>\n<meta property=\"og:site_name\" content=\"PILT.com.ar\" \/>\n<meta property=\"article:published_time\" content=\"2022-01-28T12:50:21+00:00\" \/>\n<meta property=\"article:modified_time\" content=\"2022-01-28T12:50:22+00:00\" \/>\n<meta property=\"og:image\" content=\"https:\/\/i0.wp.com\/pilt.com.ar\/parque-industrial\/wp-content\/uploads\/2022\/01\/WhatsApp-Image-2022-01-27-at-19.00.14.jpeg?fit=1280%2C853&ssl=1\" \/>\n\t<meta property=\"og:image:width\" content=\"1280\" \/>\n\t<meta property=\"og:image:height\" content=\"853\" \/>\n\t<meta property=\"og:image:type\" content=\"image\/jpeg\" \/>\n<meta name=\"author\" content=\"PILT\" \/>\n<meta name=\"twitter:card\" content=\"summary_large_image\" \/>\n<meta name=\"twitter:label1\" content=\"Escrito por\" \/>\n\t<meta name=\"twitter:data1\" content=\"PILT\" \/>\n\t<meta name=\"twitter:label2\" content=\"Tiempo de lectura\" \/>\n\t<meta name=\"twitter:data2\" content=\"2 minutos\" \/>\n<script type=\"application\/ld+json\" class=\"yoast-schema-graph\">{\"@context\":\"https:\\\/\\\/schema.org\",\"@graph\":[{\"@type\":\"Article\",\"@id\":\"https:\\\/\\\/pilt.com.ar\\\/parque-industrial\\\/pyl-neumaticos-realiza-una-importante-ampliacion-para-anadir-nueva-unidad-de-negocios\\\/#article\",\"isPartOf\":{\"@id\":\"https:\\\/\\\/pilt.com.ar\\\/parque-industrial\\\/pyl-neumaticos-realiza-una-importante-ampliacion-para-anadir-nueva-unidad-de-negocios\\\/\"},\"author\":{\"name\":\"PILT\",\"@id\":\"https:\\\/\\\/pilt.com.ar\\\/parque-industrial\\\/#\\\/schema\\\/person\\\/2dfb9e2464de1c3deef20c25c30a8306\"},\"headline\":\"PYL NEUM\u00c1TICOS REALIZA UNA IMPORTANTE AMPLIACI\u00d3N PARA A\u00d1ADIR NUEVA UNIDAD DE NEGOCIOS\",\"datePublished\":\"2022-01-28T12:50:21+00:00\",\"dateModified\":\"2022-01-28T12:50:22+00:00\",\"mainEntityOfPage\":{\"@id\":\"https:\\\/\\\/pilt.com.ar\\\/parque-industrial\\\/pyl-neumaticos-realiza-una-importante-ampliacion-para-anadir-nueva-unidad-de-negocios\\\/\"},\"wordCount\":446,\"commentCount\":0,\"image\":{\"@id\":\"https:\\\/\\\/pilt.com.ar\\\/parque-industrial\\\/pyl-neumaticos-realiza-una-importante-ampliacion-para-anadir-nueva-unidad-de-negocios\\\/#primaryimage\"},\"thumbnailUrl\":\"https:\\\/\\\/i0.wp.com\\\/pilt.com.ar\\\/parque-industrial\\\/wp-content\\\/uploads\\\/2022\\\/01\\\/WhatsApp-Image-2022-01-27-at-19.00.14.jpeg?fit=1280%2C853&ssl=1\",\"articleSection\":[\"Noticias\"],\"inLanguage\":\"es\",\"potentialAction\":[{\"@type\":\"CommentAction\",\"name\":\"Comment\",\"target\":[\"https:\\\/\\\/pilt.com.ar\\\/parque-industrial\\\/pyl-neumaticos-realiza-una-importante-ampliacion-para-anadir-nueva-unidad-de-negocios\\\/#respond\"]}]},{\"@type\":\"WebPage\",\"@id\":\"https:\\\/\\\/pilt.com.ar\\\/parque-industrial\\\/pyl-neumaticos-realiza-una-importante-ampliacion-para-anadir-nueva-unidad-de-negocios\\\/\",\"url\":\"https:\\\/\\\/pilt.com.ar\\\/parque-industrial\\\/pyl-neumaticos-realiza-una-importante-ampliacion-para-anadir-nueva-unidad-de-negocios\\\/\",\"name\":\"PYL NEUM\u00c1TICOS REALIZA UNA IMPORTANTE AMPLIACI\u00d3N PARA A\u00d1ADIR NUEVA UNIDAD DE NEGOCIOS - PILT.com.ar\",\"isPartOf\":{\"@id\":\"https:\\\/\\\/pilt.com.ar\\\/parque-industrial\\\/#website\"},\"primaryImageOfPage\":{\"@id\":\"https:\\\/\\\/pilt.com.ar\\\/parque-industrial\\\/pyl-neumaticos-realiza-una-importante-ampliacion-para-anadir-nueva-unidad-de-negocios\\\/#primaryimage\"},\"image\":{\"@id\":\"https:\\\/\\\/pilt.com.ar\\\/parque-industrial\\\/pyl-neumaticos-realiza-una-importante-ampliacion-para-anadir-nueva-unidad-de-negocios\\\/#primaryimage\"},\"thumbnailUrl\":\"https:\\\/\\\/i0.wp.com\\\/pilt.com.ar\\\/parque-industrial\\\/wp-content\\\/uploads\\\/2022\\\/01\\\/WhatsApp-Image-2022-01-27-at-19.00.14.jpeg?fit=1280%2C853&ssl=1\",\"datePublished\":\"2022-01-28T12:50:21+00:00\",\"dateModified\":\"2022-01-28T12:50:22+00:00\",\"author\":{\"@id\":\"https:\\\/\\\/pilt.com.ar\\\/parque-industrial\\\/#\\\/schema\\\/person\\\/2dfb9e2464de1c3deef20c25c30a8306\"},\"inLanguage\":\"es\",\"potentialAction\":[{\"@type\":\"ReadAction\",\"target\":[\"https:\\\/\\\/pilt.com.ar\\\/parque-industrial\\\/pyl-neumaticos-realiza-una-importante-ampliacion-para-anadir-nueva-unidad-de-negocios\\\/\"]}]},{\"@type\":\"ImageObject\",\"inLanguage\":\"es\",\"@id\":\"https:\\\/\\\/pilt.com.ar\\\/parque-industrial\\\/pyl-neumaticos-realiza-una-importante-ampliacion-para-anadir-nueva-unidad-de-negocios\\\/#primaryimage\",\"url\":\"https:\\\/\\\/i0.wp.com\\\/pilt.com.ar\\\/parque-industrial\\\/wp-content\\\/uploads\\\/2022\\\/01\\\/WhatsApp-Image-2022-01-27-at-19.00.14.jpeg?fit=1280%2C853&ssl=1\",\"contentUrl\":\"https:\\\/\\\/i0.wp.com\\\/pilt.com.ar\\\/parque-industrial\\\/wp-content\\\/uploads\\\/2022\\\/01\\\/WhatsApp-Image-2022-01-27-at-19.00.14.jpeg?fit=1280%2C853&ssl=1\",\"width\":1280,\"height\":853},{\"@type\":\"WebSite\",\"@id\":\"https:\\\/\\\/pilt.com.ar\\\/parque-industrial\\\/#website\",\"url\":\"https:\\\/\\\/pilt.com.ar\\\/parque-industrial\\\/\",\"name\":\"PILT.com.ar\",\"description\":\"Parque Industrial, Log\u00edstico y Tecnol\u00f3gico Villa Mar\u00eda\",\"potentialAction\":[{\"@type\":\"SearchAction\",\"target\":{\"@type\":\"EntryPoint\",\"urlTemplate\":\"https:\\\/\\\/pilt.com.ar\\\/parque-industrial\\\/?s={search_term_string}\"},\"query-input\":{\"@type\":\"PropertyValueSpecification\",\"valueRequired\":true,\"valueName\":\"search_term_string\"}}],\"inLanguage\":\"es\"},{\"@type\":\"Person\",\"@id\":\"https:\\\/\\\/pilt.com.ar\\\/parque-industrial\\\/#\\\/schema\\\/person\\\/2dfb9e2464de1c3deef20c25c30a8306\",\"name\":\"PILT\",\"image\":{\"@type\":\"ImageObject\",\"inLanguage\":\"es\",\"@id\":\"https:\\\/\\\/secure.gravatar.com\\\/avatar\\\/5e3734c8d8c8e0b0d45f923c14a14d7b90521d573d02f0d91360a777095ee42b?s=96&d=mm&r=g\",\"url\":\"https:\\\/\\\/secure.gravatar.com\\\/avatar\\\/5e3734c8d8c8e0b0d45f923c14a14d7b90521d573d02f0d91360a777095ee42b?s=96&d=mm&r=g\",\"contentUrl\":\"https:\\\/\\\/secure.gravatar.com\\\/avatar\\\/5e3734c8d8c8e0b0d45f923c14a14d7b90521d573d02f0d91360a777095ee42b?s=96&d=mm&r=g\",\"caption\":\"PILT\"},\"url\":\"https:\\\/\\\/pilt.com.ar\\\/parque-industrial\\\/author\\\/pilt\\\/\"}]}<\/script>\n<!-- \/ Yoast SEO plugin. -->","yoast_head_json":{"title":"PYL NEUM\u00c1TICOS REALIZA UNA IMPORTANTE AMPLIACI\u00d3N PARA A\u00d1ADIR NUEVA UNIDAD DE NEGOCIOS - PILT.com.ar","robots":{"index":"index","follow":"follow","max-snippet":"max-snippet:-1","max-image-preview":"max-image-preview:large","max-video-preview":"max-video-preview:-1"},"canonical":"https:\/\/pilt.com.ar\/parque-industrial\/pyl-neumaticos-realiza-una-importante-ampliacion-para-anadir-nueva-unidad-de-negocios\/","og_locale":"es_ES","og_type":"article","og_title":"PYL NEUM\u00c1TICOS REALIZA UNA IMPORTANTE AMPLIACI\u00d3N PARA A\u00d1ADIR NUEVA UNIDAD DE NEGOCIOS - PILT.com.ar","og_description":"La empresa, que fue la primera planta industrial que se inaugur\u00f3 en el PILT en el a\u00f1o 2013, construye una nave de 1000 metros cuadrados. Adem\u00e1s, planean nuevos desarrollos.} PyL Neum\u00e1ticos, empresa que cuenta con una planta de reconstrucci\u00f3n de neum\u00e1ticos de camiones en el Parque Industrial, Log\u00edstico y Tecnol\u00f3gico Villa Mar\u00eda (PILT), est\u00e1 llevando [&hellip;]","og_url":"https:\/\/pilt.com.ar\/parque-industrial\/pyl-neumaticos-realiza-una-importante-ampliacion-para-anadir-nueva-unidad-de-negocios\/","og_site_name":"PILT.com.ar","article_published_time":"2022-01-28T12:50:21+00:00","article_modified_time":"2022-01-28T12:50:22+00:00","og_image":[{"width":1280,"height":853,"url":"https:\/\/i0.wp.com\/pilt.com.ar\/parque-industrial\/wp-content\/uploads\/2022\/01\/WhatsApp-Image-2022-01-27-at-19.00.14.jpeg?fit=1280%2C853&ssl=1","type":"image\/jpeg"}],"author":"PILT","twitter_card":"summary_large_image","twitter_misc":{"Escrito por":"PILT","Tiempo de lectura":"2 minutos"},"schema":{"@context":"https:\/\/schema.org","@graph":[{"@type":"Article","@id":"https:\/\/pilt.com.ar\/parque-industrial\/pyl-neumaticos-realiza-una-importante-ampliacion-para-anadir-nueva-unidad-de-negocios\/#article","isPartOf":{"@id":"https:\/\/pilt.com.ar\/parque-industrial\/pyl-neumaticos-realiza-una-importante-ampliacion-para-anadir-nueva-unidad-de-negocios\/"},"author":{"name":"PILT","@id":"https:\/\/pilt.com.ar\/parque-industrial\/#\/schema\/person\/2dfb9e2464de1c3deef20c25c30a8306"},"headline":"PYL NEUM\u00c1TICOS REALIZA UNA IMPORTANTE AMPLIACI\u00d3N PARA A\u00d1ADIR NUEVA UNIDAD DE NEGOCIOS","datePublished":"2022-01-28T12:50:21+00:00","dateModified":"2022-01-28T12:50:22+00:00","mainEntityOfPage":{"@id":"https:\/\/pilt.com.ar\/parque-industrial\/pyl-neumaticos-realiza-una-importante-ampliacion-para-anadir-nueva-unidad-de-negocios\/"},"wordCount":446,"commentCount":0,"image":{"@id":"https:\/\/pilt.com.ar\/parque-industrial\/pyl-neumaticos-realiza-una-importante-ampliacion-para-anadir-nueva-unidad-de-negocios\/#primaryimage"},"thumbnailUrl":"https:\/\/i0.wp.com\/pilt.com.ar\/parque-industrial\/wp-content\/uploads\/2022\/01\/WhatsApp-Image-2022-01-27-at-19.00.14.jpeg?fit=1280%2C853&ssl=1","articleSection":["Noticias"],"inLanguage":"es","potentialAction":[{"@type":"CommentAction","name":"Comment","target":["https:\/\/pilt.com.ar\/parque-industrial\/pyl-neumaticos-realiza-una-importante-ampliacion-para-anadir-nueva-unidad-de-negocios\/#respond"]}]},{"@type":"WebPage","@id":"https:\/\/pilt.com.ar\/parque-industrial\/pyl-neumaticos-realiza-una-importante-ampliacion-para-anadir-nueva-unidad-de-negocios\/","url":"https:\/\/pilt.com.ar\/parque-industrial\/pyl-neumaticos-realiza-una-importante-ampliacion-para-anadir-nueva-unidad-de-negocios\/","name":"PYL NEUM\u00c1TICOS REALIZA UNA IMPORTANTE AMPLIACI\u00d3N PARA A\u00d1ADIR NUEVA UNIDAD DE NEGOCIOS - PILT.com.ar","isPartOf":{"@id":"https:\/\/pilt.com.ar\/parque-industrial\/#website"},"primaryImageOfPage":{"@id":"https:\/\/pilt.com.ar\/parque-industrial\/pyl-neumaticos-realiza-una-importante-ampliacion-para-anadir-nueva-unidad-de-negocios\/#primaryimage"},"image":{"@id":"https:\/\/pilt.com.ar\/parque-industrial\/pyl-neumaticos-realiza-una-importante-ampliacion-para-anadir-nueva-unidad-de-negocios\/#primaryimage"},"thumbnailUrl":"https:\/\/i0.wp.com\/pilt.com.ar\/parque-industrial\/wp-content\/uploads\/2022\/01\/WhatsApp-Image-2022-01-27-at-19.00.14.jpeg?fit=1280%2C853&ssl=1","datePublished":"2022-01-28T12:50:21+00:00","dateModified":"2022-01-28T12:50:22+00:00","author":{"@id":"https:\/\/pilt.com.ar\/parque-industrial\/#\/schema\/person\/2dfb9e2464de1c3deef20c25c30a8306"},"inLanguage":"es","potentialAction":[{"@type":"ReadAction","target":["https:\/\/pilt.com.ar\/parque-industrial\/pyl-neumaticos-realiza-una-importante-ampliacion-para-anadir-nueva-unidad-de-negocios\/"]}]},{"@type":"ImageObject","inLanguage":"es","@id":"https:\/\/pilt.com.ar\/parque-industrial\/pyl-neumaticos-realiza-una-importante-ampliacion-para-anadir-nueva-unidad-de-negocios\/#primaryimage","url":"https:\/\/i0.wp.com\/pilt.com.ar\/parque-industrial\/wp-content\/uploads\/2022\/01\/WhatsApp-Image-2022-01-27-at-19.00.14.jpeg?fit=1280%2C853&ssl=1","contentUrl":"https:\/\/i0.wp.com\/pilt.com.ar\/parque-industrial\/wp-content\/uploads\/2022\/01\/WhatsApp-Image-2022-01-27-at-19.00.14.jpeg?fit=1280%2C853&ssl=1","width":1280,"height":853},{"@type":"WebSite","@id":"https:\/\/pilt.com.ar\/parque-industrial\/#website","url":"https:\/\/pilt.com.ar\/parque-industrial\/","name":"PILT.com.ar","description":"Parque Industrial, Log\u00edstico y Tecnol\u00f3gico Villa Mar\u00eda","potentialAction":[{"@type":"SearchAction","target":{"@type":"EntryPoint","urlTemplate":"https:\/\/pilt.com.ar\/parque-industrial\/?s={search_term_string}"},"query-input":{"@type":"PropertyValueSpecification","valueRequired":true,"valueName":"search_term_string"}}],"inLanguage":"es"},{"@type":"Person","@id":"https:\/\/pilt.com.ar\/parque-industrial\/#\/schema\/person\/2dfb9e2464de1c3deef20c25c30a8306","name":"PILT","image":{"@type":"ImageObject","inLanguage":"es","@id":"https:\/\/secure.gravatar.com\/avatar\/5e3734c8d8c8e0b0d45f923c14a14d7b90521d573d02f0d91360a777095ee42b?s=96&d=mm&r=g","url":"https:\/\/secure.gravatar.com\/avatar\/5e3734c8d8c8e0b0d45f923c14a14d7b90521d573d02f0d91360a777095ee42b?s=96&d=mm&r=g","contentUrl":"https:\/\/secure.gravatar.com\/avatar\/5e3734c8d8c8e0b0d45f923c14a14d7b90521d573d02f0d91360a777095ee42b?s=96&d=mm&r=g","caption":"PILT"},"url":"https:\/\/pilt.com.ar\/parque-industrial\/author\/pilt\/"}]}},"jetpack_featured_media_url":"https:\/\/i0.wp.com\/pilt.com.ar\/parque-industrial\/wp-content\/uploads\/2022\/01\/WhatsApp-Image-2022-01-27-at-19.00.14.jpeg?fit=1280%2C853&ssl=1","jetpack_sharing_enabled":true,"_links":{"self":[{"href":"https:\/\/pilt.com.ar\/parque-industrial\/wp-json\/wp\/v2\/posts\/2053","targetHints":{"allow":["GET"]}}],"collection":[{"href":"https:\/\/pilt.com.ar\/parque-industrial\/wp-json\/wp\/v2\/posts"}],"about":[{"href":"https:\/\/pilt.com.ar\/parque-industrial\/wp-json\/wp\/v2\/types\/post"}],"author":[{"embeddable":true,"href":"https:\/\/pilt.com.ar\/parque-industrial\/wp-json\/wp\/v2\/users\/3"}],"replies":[{"embeddable":true,"href":"https:\/\/pilt.com.ar\/parque-industrial\/wp-json\/wp\/v2\/comments?post=2053"}],"version-history":[{"count":1,"href":"https:\/\/pilt.com.ar\/parque-industrial\/wp-json\/wp\/v2\/posts\/2053\/revisions"}],"predecessor-version":[{"id":2056,"href":"https:\/\/pilt.com.ar\/parque-industrial\/wp-json\/wp\/v2\/posts\/2053\/revisions\/2056"}],"wp:featuredmedia":[{"embeddable":true,"href":"https:\/\/pilt.com.ar\/parque-industrial\/wp-json\/wp\/v2\/media\/2055"}],"wp:attachment":[{"href":"https:\/\/pilt.com.ar\/parque-industrial\/wp-json\/wp\/v2\/media?parent=2053"}],"wp:term":[{"taxonomy":"category","embeddable":true,"href":"https:\/\/pilt.com.ar\/parque-industrial\/wp-json\/wp\/v2\/categories?post=2053"},{"taxonomy":"post_tag","embeddable":true,"href":"https:\/\/pilt.com.ar\/parque-industrial\/wp-json\/wp\/v2\/tags?post=2053"}],"curies":[{"name":"wp","href":"https:\/\/api.w.org\/{rel}","templated":true}]}}