{"id":2048,"date":"2022-01-20T15:15:02","date_gmt":"2022-01-20T18:15:02","guid":{"rendered":"https:\/\/pilt.com.ar\/parque-industrial\/?p=2048"},"modified":"2022-01-20T15:15:02","modified_gmt":"2022-01-20T18:15:02","slug":"avanza-la-obra-de-la-nave-para-emprendedores-ii","status":"publish","type":"post","link":"https:\/\/pilt.com.ar\/parque-industrial\/avanza-la-obra-de-la-nave-para-emprendedores-ii\/","title":{"rendered":"AVANZA LA OBRA DE LA NAVE PARA EMPRENDEDORES II"},"content":{"rendered":"\n<p class=\"has-text-align-center\"><strong><em>No paran las tareas en el espacio destinado a albergar desarrollos del rubro alimentaci\u00f3n. Adem\u00e1s, el personal interviniente realiz\u00f3 un curso sobre seguridad para evitar accidentes.<\/em><\/strong><\/p>\n\n\n\n<p class=\"has-text-align-justify\">En el Parque Industrial, Log\u00edstico y Tecnol\u00f3gico Villa Mar\u00eda (PILT) contin\u00faan las obras correspondientes a la nueva Nave para Emprendedores. En los \u00faltimos d\u00edas se complet\u00f3 con \u00e9xito la colocaci\u00f3n de panales termoaislantes en la cubierta del techo, los que fueron fabricados especialmente para satisfacer las necesidades t\u00e9cnicas del proyecto. El trabajo fue producto de una minuciosa programaci\u00f3n de cada tarea relacionada con la elevaci\u00f3n y fijaci\u00f3n de los citados paneles, de m\u00e1s de 15 metros de longitud. En ese sentido, se colocaron 100 dispositivos de ese tipo, respetando aspectos vinculados a la calidad y seguridad constructiva.<\/p>\n\n\n\n<p class=\"has-text-align-justify\">Teniendo en cuenta esa premisa, fue de singular importancia ofrecer a todo el personal interviniente un curso sobre materiales, herramientas, equipos, elementos y procedimientos de seguridad a utilizar, como as\u00ed tambi\u00e9n acerca de los riesgos a afrontar en las operaciones en altura. La intenci\u00f3n es evitar accidentes en obra a partir del compromiso de quienes llevan a cabo las tareas.<\/p>\n\n\n\n<p class=\"has-text-align-justify\">Vale decir que un equipo de profesionales de la ingenier\u00eda y arquitectura acompa\u00f1\u00f3 en todo momento el desarrollo de las operaciones, bajo la supervisi\u00f3n del especialista en seguridad Marcos Marino.<\/p>\n\n\n\n<p><strong>Nave<\/strong><\/p>\n\n\n\n<p class=\"has-text-align-justify\">El proyecto contempla la construcci\u00f3n de una nave industrial de 30 metros de frente por 50 de largo, completando una superficie \u00fatil de 1.500 metros cuadrados. All\u00ed se alojar\u00e1n ocho locales de iguales dimensiones, contando cada uno de ellos con todos los servicios necesarios para poder realizar las actividades productivas, incluido el tratamiento de efluentes. El desarrollo se completa con una calle perimetral iluminada y se\u00f1alizada, que facilitar\u00e1 el ingreso a los locales.&nbsp;<\/p>\n\n\n\n<p class=\"has-text-align-justify\">Una vez finalizada la obra se receptar\u00e1n las solicitudes de los interesados, las que ser\u00e1n analizadas por una comisi\u00f3n evaluadora constituida por representantes de distintas instituciones vinculadas al ecosistema emprendedor.<\/p>\n\n\n\n<p class=\"has-text-align-justify\">El Programa Nave para Emprendedores posibilita a n\u00f3veles empresas el acceso a un espacio con todas las comodidades y requisitos para llevar adelante la producci\u00f3n, con un alquiler sensiblemente menor al de mercado, el que se va incrementando progresivamente a medida que los proyectos se fortalecen.&nbsp;<\/p>\n","protected":false},"excerpt":{"rendered":"<p>No paran las tareas en el espacio destinado a albergar desarrollos del rubro alimentaci\u00f3n. Adem\u00e1s, el personal interviniente realiz\u00f3 un curso sobre seguridad para evitar accidentes. En el Parque Industrial, Log\u00edstico y Tecnol\u00f3gico Villa Mar\u00eda (PILT) contin\u00faan las obras correspondientes a la nueva Nave para Emprendedores. En los \u00faltimos d\u00edas se complet\u00f3 con \u00e9xito la [&hellip;]<\/p>\n","protected":false},"author":3,"featured_media":2049,"comment_status":"open","ping_status":"open","sticky":false,"template":"","format":"standard","meta":{"_jetpack_memberships_contains_paid_content":false,"footnotes":""},"categories":[2],"tags":[],"class_list":["post-2048","post","type-post","status-publish","format-standard","has-post-thumbnail","hentry","category-noticias"],"yoast_head":"<!-- This site is optimized with the Yoast SEO plugin v27.5 - https:\/\/yoast.com\/product\/yoast-seo-wordpress\/ -->\n<title>AVANZA LA OBRA DE LA NAVE PARA EMPRENDEDORES II - PILT.com.ar<\/title>\n<meta name=\"robots\" content=\"index, follow, max-snippet:-1, max-image-preview:large, max-video-preview:-1\" \/>\n<link rel=\"canonical\" href=\"https:\/\/pilt.com.ar\/parque-industrial\/avanza-la-obra-de-la-nave-para-emprendedores-ii\/\" \/>\n<meta property=\"og:locale\" content=\"es_ES\" \/>\n<meta property=\"og:type\" content=\"article\" \/>\n<meta property=\"og:title\" content=\"AVANZA LA OBRA DE LA NAVE PARA EMPRENDEDORES II - PILT.com.ar\" \/>\n<meta property=\"og:description\" content=\"No paran las tareas en el espacio destinado a albergar desarrollos del rubro alimentaci\u00f3n. Adem\u00e1s, el personal interviniente realiz\u00f3 un curso sobre seguridad para evitar accidentes. En el Parque Industrial, Log\u00edstico y Tecnol\u00f3gico Villa Mar\u00eda (PILT) contin\u00faan las obras correspondientes a la nueva Nave para Emprendedores. En los \u00faltimos d\u00edas se complet\u00f3 con \u00e9xito la [&hellip;]\" \/>\n<meta property=\"og:url\" content=\"https:\/\/pilt.com.ar\/parque-industrial\/avanza-la-obra-de-la-nave-para-emprendedores-ii\/\" \/>\n<meta property=\"og:site_name\" content=\"PILT.com.ar\" \/>\n<meta property=\"article:published_time\" content=\"2022-01-20T18:15:02+00:00\" \/>\n<meta property=\"og:image\" content=\"https:\/\/i0.wp.com\/pilt.com.ar\/parque-industrial\/wp-content\/uploads\/2022\/01\/WhatsApp-Image-2022-01-20-at-11.46.42.jpeg?fit=697%2C392&ssl=1\" \/>\n\t<meta property=\"og:image:width\" content=\"697\" \/>\n\t<meta property=\"og:image:height\" content=\"392\" \/>\n\t<meta property=\"og:image:type\" content=\"image\/jpeg\" \/>\n<meta name=\"author\" content=\"PILT\" \/>\n<meta name=\"twitter:card\" content=\"summary_large_image\" \/>\n<meta name=\"twitter:label1\" content=\"Escrito por\" \/>\n\t<meta name=\"twitter:data1\" content=\"PILT\" \/>\n\t<meta name=\"twitter:label2\" content=\"Tiempo de lectura\" \/>\n\t<meta name=\"twitter:data2\" content=\"2 minutos\" \/>\n<script type=\"application\/ld+json\" class=\"yoast-schema-graph\">{\"@context\":\"https:\\\/\\\/schema.org\",\"@graph\":[{\"@type\":\"Article\",\"@id\":\"https:\\\/\\\/pilt.com.ar\\\/parque-industrial\\\/avanza-la-obra-de-la-nave-para-emprendedores-ii\\\/#article\",\"isPartOf\":{\"@id\":\"https:\\\/\\\/pilt.com.ar\\\/parque-industrial\\\/avanza-la-obra-de-la-nave-para-emprendedores-ii\\\/\"},\"author\":{\"name\":\"PILT\",\"@id\":\"https:\\\/\\\/pilt.com.ar\\\/parque-industrial\\\/#\\\/schema\\\/person\\\/2dfb9e2464de1c3deef20c25c30a8306\"},\"headline\":\"AVANZA LA OBRA DE LA NAVE PARA EMPRENDEDORES II\",\"datePublished\":\"2022-01-20T18:15:02+00:00\",\"mainEntityOfPage\":{\"@id\":\"https:\\\/\\\/pilt.com.ar\\\/parque-industrial\\\/avanza-la-obra-de-la-nave-para-emprendedores-ii\\\/\"},\"wordCount\":394,\"commentCount\":0,\"image\":{\"@id\":\"https:\\\/\\\/pilt.com.ar\\\/parque-industrial\\\/avanza-la-obra-de-la-nave-para-emprendedores-ii\\\/#primaryimage\"},\"thumbnailUrl\":\"https:\\\/\\\/i0.wp.com\\\/pilt.com.ar\\\/parque-industrial\\\/wp-content\\\/uploads\\\/2022\\\/01\\\/WhatsApp-Image-2022-01-20-at-11.46.42.jpeg?fit=697%2C392&ssl=1\",\"articleSection\":[\"Noticias\"],\"inLanguage\":\"es\",\"potentialAction\":[{\"@type\":\"CommentAction\",\"name\":\"Comment\",\"target\":[\"https:\\\/\\\/pilt.com.ar\\\/parque-industrial\\\/avanza-la-obra-de-la-nave-para-emprendedores-ii\\\/#respond\"]}]},{\"@type\":\"WebPage\",\"@id\":\"https:\\\/\\\/pilt.com.ar\\\/parque-industrial\\\/avanza-la-obra-de-la-nave-para-emprendedores-ii\\\/\",\"url\":\"https:\\\/\\\/pilt.com.ar\\\/parque-industrial\\\/avanza-la-obra-de-la-nave-para-emprendedores-ii\\\/\",\"name\":\"AVANZA LA OBRA DE LA NAVE PARA EMPRENDEDORES II - PILT.com.ar\",\"isPartOf\":{\"@id\":\"https:\\\/\\\/pilt.com.ar\\\/parque-industrial\\\/#website\"},\"primaryImageOfPage\":{\"@id\":\"https:\\\/\\\/pilt.com.ar\\\/parque-industrial\\\/avanza-la-obra-de-la-nave-para-emprendedores-ii\\\/#primaryimage\"},\"image\":{\"@id\":\"https:\\\/\\\/pilt.com.ar\\\/parque-industrial\\\/avanza-la-obra-de-la-nave-para-emprendedores-ii\\\/#primaryimage\"},\"thumbnailUrl\":\"https:\\\/\\\/i0.wp.com\\\/pilt.com.ar\\\/parque-industrial\\\/wp-content\\\/uploads\\\/2022\\\/01\\\/WhatsApp-Image-2022-01-20-at-11.46.42.jpeg?fit=697%2C392&ssl=1\",\"datePublished\":\"2022-01-20T18:15:02+00:00\",\"author\":{\"@id\":\"https:\\\/\\\/pilt.com.ar\\\/parque-industrial\\\/#\\\/schema\\\/person\\\/2dfb9e2464de1c3deef20c25c30a8306\"},\"inLanguage\":\"es\",\"potentialAction\":[{\"@type\":\"ReadAction\",\"target\":[\"https:\\\/\\\/pilt.com.ar\\\/parque-industrial\\\/avanza-la-obra-de-la-nave-para-emprendedores-ii\\\/\"]}]},{\"@type\":\"ImageObject\",\"inLanguage\":\"es\",\"@id\":\"https:\\\/\\\/pilt.com.ar\\\/parque-industrial\\\/avanza-la-obra-de-la-nave-para-emprendedores-ii\\\/#primaryimage\",\"url\":\"https:\\\/\\\/i0.wp.com\\\/pilt.com.ar\\\/parque-industrial\\\/wp-content\\\/uploads\\\/2022\\\/01\\\/WhatsApp-Image-2022-01-20-at-11.46.42.jpeg?fit=697%2C392&ssl=1\",\"contentUrl\":\"https:\\\/\\\/i0.wp.com\\\/pilt.com.ar\\\/parque-industrial\\\/wp-content\\\/uploads\\\/2022\\\/01\\\/WhatsApp-Image-2022-01-20-at-11.46.42.jpeg?fit=697%2C392&ssl=1\",\"width\":697,\"height\":392},{\"@type\":\"WebSite\",\"@id\":\"https:\\\/\\\/pilt.com.ar\\\/parque-industrial\\\/#website\",\"url\":\"https:\\\/\\\/pilt.com.ar\\\/parque-industrial\\\/\",\"name\":\"PILT.com.ar\",\"description\":\"Parque Industrial, Log\u00edstico y Tecnol\u00f3gico Villa Mar\u00eda\",\"potentialAction\":[{\"@type\":\"SearchAction\",\"target\":{\"@type\":\"EntryPoint\",\"urlTemplate\":\"https:\\\/\\\/pilt.com.ar\\\/parque-industrial\\\/?s={search_term_string}\"},\"query-input\":{\"@type\":\"PropertyValueSpecification\",\"valueRequired\":true,\"valueName\":\"search_term_string\"}}],\"inLanguage\":\"es\"},{\"@type\":\"Person\",\"@id\":\"https:\\\/\\\/pilt.com.ar\\\/parque-industrial\\\/#\\\/schema\\\/person\\\/2dfb9e2464de1c3deef20c25c30a8306\",\"name\":\"PILT\",\"image\":{\"@type\":\"ImageObject\",\"inLanguage\":\"es\",\"@id\":\"https:\\\/\\\/secure.gravatar.com\\\/avatar\\\/5e3734c8d8c8e0b0d45f923c14a14d7b90521d573d02f0d91360a777095ee42b?s=96&d=mm&r=g\",\"url\":\"https:\\\/\\\/secure.gravatar.com\\\/avatar\\\/5e3734c8d8c8e0b0d45f923c14a14d7b90521d573d02f0d91360a777095ee42b?s=96&d=mm&r=g\",\"contentUrl\":\"https:\\\/\\\/secure.gravatar.com\\\/avatar\\\/5e3734c8d8c8e0b0d45f923c14a14d7b90521d573d02f0d91360a777095ee42b?s=96&d=mm&r=g\",\"caption\":\"PILT\"},\"url\":\"https:\\\/\\\/pilt.com.ar\\\/parque-industrial\\\/author\\\/pilt\\\/\"}]}<\/script>\n<!-- \/ Yoast SEO plugin. -->","yoast_head_json":{"title":"AVANZA LA OBRA DE LA NAVE PARA EMPRENDEDORES II - PILT.com.ar","robots":{"index":"index","follow":"follow","max-snippet":"max-snippet:-1","max-image-preview":"max-image-preview:large","max-video-preview":"max-video-preview:-1"},"canonical":"https:\/\/pilt.com.ar\/parque-industrial\/avanza-la-obra-de-la-nave-para-emprendedores-ii\/","og_locale":"es_ES","og_type":"article","og_title":"AVANZA LA OBRA DE LA NAVE PARA EMPRENDEDORES II - PILT.com.ar","og_description":"No paran las tareas en el espacio destinado a albergar desarrollos del rubro alimentaci\u00f3n. Adem\u00e1s, el personal interviniente realiz\u00f3 un curso sobre seguridad para evitar accidentes. En el Parque Industrial, Log\u00edstico y Tecnol\u00f3gico Villa Mar\u00eda (PILT) contin\u00faan las obras correspondientes a la nueva Nave para Emprendedores. En los \u00faltimos d\u00edas se complet\u00f3 con \u00e9xito la [&hellip;]","og_url":"https:\/\/pilt.com.ar\/parque-industrial\/avanza-la-obra-de-la-nave-para-emprendedores-ii\/","og_site_name":"PILT.com.ar","article_published_time":"2022-01-20T18:15:02+00:00","og_image":[{"width":697,"height":392,"url":"https:\/\/i0.wp.com\/pilt.com.ar\/parque-industrial\/wp-content\/uploads\/2022\/01\/WhatsApp-Image-2022-01-20-at-11.46.42.jpeg?fit=697%2C392&ssl=1","type":"image\/jpeg"}],"author":"PILT","twitter_card":"summary_large_image","twitter_misc":{"Escrito por":"PILT","Tiempo de lectura":"2 minutos"},"schema":{"@context":"https:\/\/schema.org","@graph":[{"@type":"Article","@id":"https:\/\/pilt.com.ar\/parque-industrial\/avanza-la-obra-de-la-nave-para-emprendedores-ii\/#article","isPartOf":{"@id":"https:\/\/pilt.com.ar\/parque-industrial\/avanza-la-obra-de-la-nave-para-emprendedores-ii\/"},"author":{"name":"PILT","@id":"https:\/\/pilt.com.ar\/parque-industrial\/#\/schema\/person\/2dfb9e2464de1c3deef20c25c30a8306"},"headline":"AVANZA LA OBRA DE LA NAVE PARA EMPRENDEDORES II","datePublished":"2022-01-20T18:15:02+00:00","mainEntityOfPage":{"@id":"https:\/\/pilt.com.ar\/parque-industrial\/avanza-la-obra-de-la-nave-para-emprendedores-ii\/"},"wordCount":394,"commentCount":0,"image":{"@id":"https:\/\/pilt.com.ar\/parque-industrial\/avanza-la-obra-de-la-nave-para-emprendedores-ii\/#primaryimage"},"thumbnailUrl":"https:\/\/i0.wp.com\/pilt.com.ar\/parque-industrial\/wp-content\/uploads\/2022\/01\/WhatsApp-Image-2022-01-20-at-11.46.42.jpeg?fit=697%2C392&ssl=1","articleSection":["Noticias"],"inLanguage":"es","potentialAction":[{"@type":"CommentAction","name":"Comment","target":["https:\/\/pilt.com.ar\/parque-industrial\/avanza-la-obra-de-la-nave-para-emprendedores-ii\/#respond"]}]},{"@type":"WebPage","@id":"https:\/\/pilt.com.ar\/parque-industrial\/avanza-la-obra-de-la-nave-para-emprendedores-ii\/","url":"https:\/\/pilt.com.ar\/parque-industrial\/avanza-la-obra-de-la-nave-para-emprendedores-ii\/","name":"AVANZA LA OBRA DE LA NAVE PARA EMPRENDEDORES II - PILT.com.ar","isPartOf":{"@id":"https:\/\/pilt.com.ar\/parque-industrial\/#website"},"primaryImageOfPage":{"@id":"https:\/\/pilt.com.ar\/parque-industrial\/avanza-la-obra-de-la-nave-para-emprendedores-ii\/#primaryimage"},"image":{"@id":"https:\/\/pilt.com.ar\/parque-industrial\/avanza-la-obra-de-la-nave-para-emprendedores-ii\/#primaryimage"},"thumbnailUrl":"https:\/\/i0.wp.com\/pilt.com.ar\/parque-industrial\/wp-content\/uploads\/2022\/01\/WhatsApp-Image-2022-01-20-at-11.46.42.jpeg?fit=697%2C392&ssl=1","datePublished":"2022-01-20T18:15:02+00:00","author":{"@id":"https:\/\/pilt.com.ar\/parque-industrial\/#\/schema\/person\/2dfb9e2464de1c3deef20c25c30a8306"},"inLanguage":"es","potentialAction":[{"@type":"ReadAction","target":["https:\/\/pilt.com.ar\/parque-industrial\/avanza-la-obra-de-la-nave-para-emprendedores-ii\/"]}]},{"@type":"ImageObject","inLanguage":"es","@id":"https:\/\/pilt.com.ar\/parque-industrial\/avanza-la-obra-de-la-nave-para-emprendedores-ii\/#primaryimage","url":"https:\/\/i0.wp.com\/pilt.com.ar\/parque-industrial\/wp-content\/uploads\/2022\/01\/WhatsApp-Image-2022-01-20-at-11.46.42.jpeg?fit=697%2C392&ssl=1","contentUrl":"https:\/\/i0.wp.com\/pilt.com.ar\/parque-industrial\/wp-content\/uploads\/2022\/01\/WhatsApp-Image-2022-01-20-at-11.46.42.jpeg?fit=697%2C392&ssl=1","width":697,"height":392},{"@type":"WebSite","@id":"https:\/\/pilt.com.ar\/parque-industrial\/#website","url":"https:\/\/pilt.com.ar\/parque-industrial\/","name":"PILT.com.ar","description":"Parque Industrial, Log\u00edstico y Tecnol\u00f3gico Villa Mar\u00eda","potentialAction":[{"@type":"SearchAction","target":{"@type":"EntryPoint","urlTemplate":"https:\/\/pilt.com.ar\/parque-industrial\/?s={search_term_string}"},"query-input":{"@type":"PropertyValueSpecification","valueRequired":true,"valueName":"search_term_string"}}],"inLanguage":"es"},{"@type":"Person","@id":"https:\/\/pilt.com.ar\/parque-industrial\/#\/schema\/person\/2dfb9e2464de1c3deef20c25c30a8306","name":"PILT","image":{"@type":"ImageObject","inLanguage":"es","@id":"https:\/\/secure.gravatar.com\/avatar\/5e3734c8d8c8e0b0d45f923c14a14d7b90521d573d02f0d91360a777095ee42b?s=96&d=mm&r=g","url":"https:\/\/secure.gravatar.com\/avatar\/5e3734c8d8c8e0b0d45f923c14a14d7b90521d573d02f0d91360a777095ee42b?s=96&d=mm&r=g","contentUrl":"https:\/\/secure.gravatar.com\/avatar\/5e3734c8d8c8e0b0d45f923c14a14d7b90521d573d02f0d91360a777095ee42b?s=96&d=mm&r=g","caption":"PILT"},"url":"https:\/\/pilt.com.ar\/parque-industrial\/author\/pilt\/"}]}},"jetpack_featured_media_url":"https:\/\/i0.wp.com\/pilt.com.ar\/parque-industrial\/wp-content\/uploads\/2022\/01\/WhatsApp-Image-2022-01-20-at-11.46.42.jpeg?fit=697%2C392&ssl=1","jetpack_sharing_enabled":true,"_links":{"self":[{"href":"https:\/\/pilt.com.ar\/parque-industrial\/wp-json\/wp\/v2\/posts\/2048","targetHints":{"allow":["GET"]}}],"collection":[{"href":"https:\/\/pilt.com.ar\/parque-industrial\/wp-json\/wp\/v2\/posts"}],"about":[{"href":"https:\/\/pilt.com.ar\/parque-industrial\/wp-json\/wp\/v2\/types\/post"}],"author":[{"embeddable":true,"href":"https:\/\/pilt.com.ar\/parque-industrial\/wp-json\/wp\/v2\/users\/3"}],"replies":[{"embeddable":true,"href":"https:\/\/pilt.com.ar\/parque-industrial\/wp-json\/wp\/v2\/comments?post=2048"}],"version-history":[{"count":1,"href":"https:\/\/pilt.com.ar\/parque-industrial\/wp-json\/wp\/v2\/posts\/2048\/revisions"}],"predecessor-version":[{"id":2050,"href":"https:\/\/pilt.com.ar\/parque-industrial\/wp-json\/wp\/v2\/posts\/2048\/revisions\/2050"}],"wp:featuredmedia":[{"embeddable":true,"href":"https:\/\/pilt.com.ar\/parque-industrial\/wp-json\/wp\/v2\/media\/2049"}],"wp:attachment":[{"href":"https:\/\/pilt.com.ar\/parque-industrial\/wp-json\/wp\/v2\/media?parent=2048"}],"wp:term":[{"taxonomy":"category","embeddable":true,"href":"https:\/\/pilt.com.ar\/parque-industrial\/wp-json\/wp\/v2\/categories?post=2048"},{"taxonomy":"post_tag","embeddable":true,"href":"https:\/\/pilt.com.ar\/parque-industrial\/wp-json\/wp\/v2\/tags?post=2048"}],"curies":[{"name":"wp","href":"https:\/\/api.w.org\/{rel}","templated":true}]}}