{"id":2045,"date":"2022-01-13T14:58:35","date_gmt":"2022-01-13T17:58:35","guid":{"rendered":"https:\/\/pilt.com.ar\/parque-industrial\/?p=2045"},"modified":"2022-01-13T14:58:35","modified_gmt":"2022-01-13T17:58:35","slug":"en-breve-se-habilitara-el-area-de-coworking-y-cafeteria-en-el-parque","status":"publish","type":"post","link":"https:\/\/pilt.com.ar\/parque-industrial\/en-breve-se-habilitara-el-area-de-coworking-y-cafeteria-en-el-parque\/","title":{"rendered":"EN BREVE SE HABILITAR\u00c1 EL \u00c1REA DE COWORKING Y CAFETER\u00cdA EN EL PARQUE"},"content":{"rendered":"\n<p class=\"has-text-align-center\"><strong><em>Restan solo detalles para que el espacio est\u00e9 disponible para las empresas que forman parte del Ente.<\/em><\/strong><\/p>\n\n\n\n<p class=\"has-text-align-justify\">El coworking y cafeter\u00eda del Parque Industrial, Log\u00edstico y Tecnol\u00f3gico Villa Mar\u00eda (PILT) ya es una realidad. Con la finalizaci\u00f3n de la etapa constructiva, la colocaci\u00f3n de la infraestructura de servicios necesarias y la adquisici\u00f3n del mobiliario, la nueva \u00e1rea podr\u00e1 comenzar a brindar importantes servicios para quienes concurren al predio.<\/p>\n\n\n\n<p class=\"has-text-align-justify\">En ese sentido, el edificio ya cuenta con el tendido el\u00e9ctrico, equipos de climatizaci\u00f3n, c\u00e1maras de seguridad y sistema de Wifi 6, de \u00faltima generaci\u00f3n. Adem\u00e1s, ya se dispone del mobiliario para llevar a cabo las distintas tareas.<\/p>\n\n\n\n<p class=\"has-text-align-justify\">Vale decir coworking tiene 16 puestos&nbsp;individuales en el espacio compartido de trabajo; dos boxes semiprivados para 3 personas; lugar com\u00fan para la recepci\u00f3n de clientes y sala de reuni\u00f3n privada con capacidad para 6 \u2013 8 personas. Adem\u00e1s, quienes concurran dispondr\u00e1n de mini lockers, como as\u00ed tambi\u00e9n de recursos inform\u00e1ticos y audiovisuales. Para su uso, los interesados tendr\u00e1n distintas opciones: abono mensual, plan semanal, weekend o diario.<\/p>\n\n\n\n<p class=\"has-text-align-justify\">Otro servicio importante que se suma en el mismo edificio es la cafeter\u00eda. De tal manera, m\u00e1s all\u00e1 de quienes concurran a realizar tareas, todas las empresas, socios y colaboradores del PILT podr\u00e1n contar con un espacio de takeaway\/shop, cafeter\u00eda, viandas y minimercado con productos alimenticios y bebidas. De tal manera, las personas que diariamente llevan a cabo actividades en el Parque no deber\u00e1n buscar productos fuera del predio.<\/p>\n","protected":false},"excerpt":{"rendered":"<p>Restan solo detalles para que el espacio est\u00e9 disponible para las empresas que forman parte del Ente. El coworking y cafeter\u00eda del Parque Industrial, Log\u00edstico y Tecnol\u00f3gico Villa Mar\u00eda (PILT) ya es una realidad. Con la finalizaci\u00f3n de la etapa constructiva, la colocaci\u00f3n de la infraestructura de servicios necesarias y la adquisici\u00f3n del mobiliario, la [&hellip;]<\/p>\n","protected":false},"author":3,"featured_media":2046,"comment_status":"open","ping_status":"open","sticky":false,"template":"","format":"standard","meta":{"_jetpack_memberships_contains_paid_content":false,"footnotes":""},"categories":[2],"tags":[],"class_list":["post-2045","post","type-post","status-publish","format-standard","has-post-thumbnail","hentry","category-noticias"],"yoast_head":"<!-- This site is optimized with the Yoast SEO plugin v27.5 - https:\/\/yoast.com\/product\/yoast-seo-wordpress\/ -->\n<title>EN BREVE SE HABILITAR\u00c1 EL \u00c1REA DE COWORKING Y CAFETER\u00cdA EN EL PARQUE - PILT.com.ar<\/title>\n<meta name=\"robots\" content=\"index, follow, max-snippet:-1, max-image-preview:large, max-video-preview:-1\" \/>\n<link rel=\"canonical\" href=\"https:\/\/pilt.com.ar\/parque-industrial\/en-breve-se-habilitara-el-area-de-coworking-y-cafeteria-en-el-parque\/\" \/>\n<meta property=\"og:locale\" content=\"es_ES\" \/>\n<meta property=\"og:type\" content=\"article\" \/>\n<meta property=\"og:title\" content=\"EN BREVE SE HABILITAR\u00c1 EL \u00c1REA DE COWORKING Y CAFETER\u00cdA EN EL PARQUE - PILT.com.ar\" \/>\n<meta property=\"og:description\" content=\"Restan solo detalles para que el espacio est\u00e9 disponible para las empresas que forman parte del Ente. El coworking y cafeter\u00eda del Parque Industrial, Log\u00edstico y Tecnol\u00f3gico Villa Mar\u00eda (PILT) ya es una realidad. Con la finalizaci\u00f3n de la etapa constructiva, la colocaci\u00f3n de la infraestructura de servicios necesarias y la adquisici\u00f3n del mobiliario, la [&hellip;]\" \/>\n<meta property=\"og:url\" content=\"https:\/\/pilt.com.ar\/parque-industrial\/en-breve-se-habilitara-el-area-de-coworking-y-cafeteria-en-el-parque\/\" \/>\n<meta property=\"og:site_name\" content=\"PILT.com.ar\" \/>\n<meta property=\"article:published_time\" content=\"2022-01-13T17:58:35+00:00\" \/>\n<meta property=\"og:image\" content=\"https:\/\/i0.wp.com\/pilt.com.ar\/parque-industrial\/wp-content\/uploads\/2022\/01\/WhatsApp-Image-2022-01-13-at-10.52.59-1.jpeg?fit=941%2C664&ssl=1\" \/>\n\t<meta property=\"og:image:width\" content=\"941\" \/>\n\t<meta property=\"og:image:height\" content=\"664\" \/>\n\t<meta property=\"og:image:type\" content=\"image\/jpeg\" \/>\n<meta name=\"author\" content=\"PILT\" \/>\n<meta name=\"twitter:card\" content=\"summary_large_image\" \/>\n<meta name=\"twitter:label1\" content=\"Escrito por\" \/>\n\t<meta name=\"twitter:data1\" content=\"PILT\" \/>\n\t<meta name=\"twitter:label2\" content=\"Tiempo de lectura\" \/>\n\t<meta name=\"twitter:data2\" content=\"2 minutos\" \/>\n<script type=\"application\/ld+json\" class=\"yoast-schema-graph\">{\"@context\":\"https:\\\/\\\/schema.org\",\"@graph\":[{\"@type\":\"Article\",\"@id\":\"https:\\\/\\\/pilt.com.ar\\\/parque-industrial\\\/en-breve-se-habilitara-el-area-de-coworking-y-cafeteria-en-el-parque\\\/#article\",\"isPartOf\":{\"@id\":\"https:\\\/\\\/pilt.com.ar\\\/parque-industrial\\\/en-breve-se-habilitara-el-area-de-coworking-y-cafeteria-en-el-parque\\\/\"},\"author\":{\"name\":\"PILT\",\"@id\":\"https:\\\/\\\/pilt.com.ar\\\/parque-industrial\\\/#\\\/schema\\\/person\\\/2dfb9e2464de1c3deef20c25c30a8306\"},\"headline\":\"EN BREVE SE HABILITAR\u00c1 EL \u00c1REA DE COWORKING Y CAFETER\u00cdA EN EL PARQUE\",\"datePublished\":\"2022-01-13T17:58:35+00:00\",\"mainEntityOfPage\":{\"@id\":\"https:\\\/\\\/pilt.com.ar\\\/parque-industrial\\\/en-breve-se-habilitara-el-area-de-coworking-y-cafeteria-en-el-parque\\\/\"},\"wordCount\":278,\"commentCount\":0,\"image\":{\"@id\":\"https:\\\/\\\/pilt.com.ar\\\/parque-industrial\\\/en-breve-se-habilitara-el-area-de-coworking-y-cafeteria-en-el-parque\\\/#primaryimage\"},\"thumbnailUrl\":\"https:\\\/\\\/i0.wp.com\\\/pilt.com.ar\\\/parque-industrial\\\/wp-content\\\/uploads\\\/2022\\\/01\\\/WhatsApp-Image-2022-01-13-at-10.52.59-1.jpeg?fit=941%2C664&ssl=1\",\"articleSection\":[\"Noticias\"],\"inLanguage\":\"es\",\"potentialAction\":[{\"@type\":\"CommentAction\",\"name\":\"Comment\",\"target\":[\"https:\\\/\\\/pilt.com.ar\\\/parque-industrial\\\/en-breve-se-habilitara-el-area-de-coworking-y-cafeteria-en-el-parque\\\/#respond\"]}]},{\"@type\":\"WebPage\",\"@id\":\"https:\\\/\\\/pilt.com.ar\\\/parque-industrial\\\/en-breve-se-habilitara-el-area-de-coworking-y-cafeteria-en-el-parque\\\/\",\"url\":\"https:\\\/\\\/pilt.com.ar\\\/parque-industrial\\\/en-breve-se-habilitara-el-area-de-coworking-y-cafeteria-en-el-parque\\\/\",\"name\":\"EN BREVE SE HABILITAR\u00c1 EL \u00c1REA DE COWORKING Y CAFETER\u00cdA EN EL PARQUE - PILT.com.ar\",\"isPartOf\":{\"@id\":\"https:\\\/\\\/pilt.com.ar\\\/parque-industrial\\\/#website\"},\"primaryImageOfPage\":{\"@id\":\"https:\\\/\\\/pilt.com.ar\\\/parque-industrial\\\/en-breve-se-habilitara-el-area-de-coworking-y-cafeteria-en-el-parque\\\/#primaryimage\"},\"image\":{\"@id\":\"https:\\\/\\\/pilt.com.ar\\\/parque-industrial\\\/en-breve-se-habilitara-el-area-de-coworking-y-cafeteria-en-el-parque\\\/#primaryimage\"},\"thumbnailUrl\":\"https:\\\/\\\/i0.wp.com\\\/pilt.com.ar\\\/parque-industrial\\\/wp-content\\\/uploads\\\/2022\\\/01\\\/WhatsApp-Image-2022-01-13-at-10.52.59-1.jpeg?fit=941%2C664&ssl=1\",\"datePublished\":\"2022-01-13T17:58:35+00:00\",\"author\":{\"@id\":\"https:\\\/\\\/pilt.com.ar\\\/parque-industrial\\\/#\\\/schema\\\/person\\\/2dfb9e2464de1c3deef20c25c30a8306\"},\"inLanguage\":\"es\",\"potentialAction\":[{\"@type\":\"ReadAction\",\"target\":[\"https:\\\/\\\/pilt.com.ar\\\/parque-industrial\\\/en-breve-se-habilitara-el-area-de-coworking-y-cafeteria-en-el-parque\\\/\"]}]},{\"@type\":\"ImageObject\",\"inLanguage\":\"es\",\"@id\":\"https:\\\/\\\/pilt.com.ar\\\/parque-industrial\\\/en-breve-se-habilitara-el-area-de-coworking-y-cafeteria-en-el-parque\\\/#primaryimage\",\"url\":\"https:\\\/\\\/i0.wp.com\\\/pilt.com.ar\\\/parque-industrial\\\/wp-content\\\/uploads\\\/2022\\\/01\\\/WhatsApp-Image-2022-01-13-at-10.52.59-1.jpeg?fit=941%2C664&ssl=1\",\"contentUrl\":\"https:\\\/\\\/i0.wp.com\\\/pilt.com.ar\\\/parque-industrial\\\/wp-content\\\/uploads\\\/2022\\\/01\\\/WhatsApp-Image-2022-01-13-at-10.52.59-1.jpeg?fit=941%2C664&ssl=1\",\"width\":941,\"height\":664},{\"@type\":\"WebSite\",\"@id\":\"https:\\\/\\\/pilt.com.ar\\\/parque-industrial\\\/#website\",\"url\":\"https:\\\/\\\/pilt.com.ar\\\/parque-industrial\\\/\",\"name\":\"PILT.com.ar\",\"description\":\"Parque Industrial, Log\u00edstico y Tecnol\u00f3gico Villa Mar\u00eda\",\"potentialAction\":[{\"@type\":\"SearchAction\",\"target\":{\"@type\":\"EntryPoint\",\"urlTemplate\":\"https:\\\/\\\/pilt.com.ar\\\/parque-industrial\\\/?s={search_term_string}\"},\"query-input\":{\"@type\":\"PropertyValueSpecification\",\"valueRequired\":true,\"valueName\":\"search_term_string\"}}],\"inLanguage\":\"es\"},{\"@type\":\"Person\",\"@id\":\"https:\\\/\\\/pilt.com.ar\\\/parque-industrial\\\/#\\\/schema\\\/person\\\/2dfb9e2464de1c3deef20c25c30a8306\",\"name\":\"PILT\",\"image\":{\"@type\":\"ImageObject\",\"inLanguage\":\"es\",\"@id\":\"https:\\\/\\\/secure.gravatar.com\\\/avatar\\\/5e3734c8d8c8e0b0d45f923c14a14d7b90521d573d02f0d91360a777095ee42b?s=96&d=mm&r=g\",\"url\":\"https:\\\/\\\/secure.gravatar.com\\\/avatar\\\/5e3734c8d8c8e0b0d45f923c14a14d7b90521d573d02f0d91360a777095ee42b?s=96&d=mm&r=g\",\"contentUrl\":\"https:\\\/\\\/secure.gravatar.com\\\/avatar\\\/5e3734c8d8c8e0b0d45f923c14a14d7b90521d573d02f0d91360a777095ee42b?s=96&d=mm&r=g\",\"caption\":\"PILT\"},\"url\":\"https:\\\/\\\/pilt.com.ar\\\/parque-industrial\\\/author\\\/pilt\\\/\"}]}<\/script>\n<!-- \/ Yoast SEO plugin. -->","yoast_head_json":{"title":"EN BREVE SE HABILITAR\u00c1 EL \u00c1REA DE COWORKING Y CAFETER\u00cdA EN EL PARQUE - PILT.com.ar","robots":{"index":"index","follow":"follow","max-snippet":"max-snippet:-1","max-image-preview":"max-image-preview:large","max-video-preview":"max-video-preview:-1"},"canonical":"https:\/\/pilt.com.ar\/parque-industrial\/en-breve-se-habilitara-el-area-de-coworking-y-cafeteria-en-el-parque\/","og_locale":"es_ES","og_type":"article","og_title":"EN BREVE SE HABILITAR\u00c1 EL \u00c1REA DE COWORKING Y CAFETER\u00cdA EN EL PARQUE - PILT.com.ar","og_description":"Restan solo detalles para que el espacio est\u00e9 disponible para las empresas que forman parte del Ente. El coworking y cafeter\u00eda del Parque Industrial, Log\u00edstico y Tecnol\u00f3gico Villa Mar\u00eda (PILT) ya es una realidad. Con la finalizaci\u00f3n de la etapa constructiva, la colocaci\u00f3n de la infraestructura de servicios necesarias y la adquisici\u00f3n del mobiliario, la [&hellip;]","og_url":"https:\/\/pilt.com.ar\/parque-industrial\/en-breve-se-habilitara-el-area-de-coworking-y-cafeteria-en-el-parque\/","og_site_name":"PILT.com.ar","article_published_time":"2022-01-13T17:58:35+00:00","og_image":[{"width":941,"height":664,"url":"https:\/\/i0.wp.com\/pilt.com.ar\/parque-industrial\/wp-content\/uploads\/2022\/01\/WhatsApp-Image-2022-01-13-at-10.52.59-1.jpeg?fit=941%2C664&ssl=1","type":"image\/jpeg"}],"author":"PILT","twitter_card":"summary_large_image","twitter_misc":{"Escrito por":"PILT","Tiempo de lectura":"2 minutos"},"schema":{"@context":"https:\/\/schema.org","@graph":[{"@type":"Article","@id":"https:\/\/pilt.com.ar\/parque-industrial\/en-breve-se-habilitara-el-area-de-coworking-y-cafeteria-en-el-parque\/#article","isPartOf":{"@id":"https:\/\/pilt.com.ar\/parque-industrial\/en-breve-se-habilitara-el-area-de-coworking-y-cafeteria-en-el-parque\/"},"author":{"name":"PILT","@id":"https:\/\/pilt.com.ar\/parque-industrial\/#\/schema\/person\/2dfb9e2464de1c3deef20c25c30a8306"},"headline":"EN BREVE SE HABILITAR\u00c1 EL \u00c1REA DE COWORKING Y CAFETER\u00cdA EN EL PARQUE","datePublished":"2022-01-13T17:58:35+00:00","mainEntityOfPage":{"@id":"https:\/\/pilt.com.ar\/parque-industrial\/en-breve-se-habilitara-el-area-de-coworking-y-cafeteria-en-el-parque\/"},"wordCount":278,"commentCount":0,"image":{"@id":"https:\/\/pilt.com.ar\/parque-industrial\/en-breve-se-habilitara-el-area-de-coworking-y-cafeteria-en-el-parque\/#primaryimage"},"thumbnailUrl":"https:\/\/i0.wp.com\/pilt.com.ar\/parque-industrial\/wp-content\/uploads\/2022\/01\/WhatsApp-Image-2022-01-13-at-10.52.59-1.jpeg?fit=941%2C664&ssl=1","articleSection":["Noticias"],"inLanguage":"es","potentialAction":[{"@type":"CommentAction","name":"Comment","target":["https:\/\/pilt.com.ar\/parque-industrial\/en-breve-se-habilitara-el-area-de-coworking-y-cafeteria-en-el-parque\/#respond"]}]},{"@type":"WebPage","@id":"https:\/\/pilt.com.ar\/parque-industrial\/en-breve-se-habilitara-el-area-de-coworking-y-cafeteria-en-el-parque\/","url":"https:\/\/pilt.com.ar\/parque-industrial\/en-breve-se-habilitara-el-area-de-coworking-y-cafeteria-en-el-parque\/","name":"EN BREVE SE HABILITAR\u00c1 EL \u00c1REA DE COWORKING Y CAFETER\u00cdA EN EL PARQUE - PILT.com.ar","isPartOf":{"@id":"https:\/\/pilt.com.ar\/parque-industrial\/#website"},"primaryImageOfPage":{"@id":"https:\/\/pilt.com.ar\/parque-industrial\/en-breve-se-habilitara-el-area-de-coworking-y-cafeteria-en-el-parque\/#primaryimage"},"image":{"@id":"https:\/\/pilt.com.ar\/parque-industrial\/en-breve-se-habilitara-el-area-de-coworking-y-cafeteria-en-el-parque\/#primaryimage"},"thumbnailUrl":"https:\/\/i0.wp.com\/pilt.com.ar\/parque-industrial\/wp-content\/uploads\/2022\/01\/WhatsApp-Image-2022-01-13-at-10.52.59-1.jpeg?fit=941%2C664&ssl=1","datePublished":"2022-01-13T17:58:35+00:00","author":{"@id":"https:\/\/pilt.com.ar\/parque-industrial\/#\/schema\/person\/2dfb9e2464de1c3deef20c25c30a8306"},"inLanguage":"es","potentialAction":[{"@type":"ReadAction","target":["https:\/\/pilt.com.ar\/parque-industrial\/en-breve-se-habilitara-el-area-de-coworking-y-cafeteria-en-el-parque\/"]}]},{"@type":"ImageObject","inLanguage":"es","@id":"https:\/\/pilt.com.ar\/parque-industrial\/en-breve-se-habilitara-el-area-de-coworking-y-cafeteria-en-el-parque\/#primaryimage","url":"https:\/\/i0.wp.com\/pilt.com.ar\/parque-industrial\/wp-content\/uploads\/2022\/01\/WhatsApp-Image-2022-01-13-at-10.52.59-1.jpeg?fit=941%2C664&ssl=1","contentUrl":"https:\/\/i0.wp.com\/pilt.com.ar\/parque-industrial\/wp-content\/uploads\/2022\/01\/WhatsApp-Image-2022-01-13-at-10.52.59-1.jpeg?fit=941%2C664&ssl=1","width":941,"height":664},{"@type":"WebSite","@id":"https:\/\/pilt.com.ar\/parque-industrial\/#website","url":"https:\/\/pilt.com.ar\/parque-industrial\/","name":"PILT.com.ar","description":"Parque Industrial, Log\u00edstico y Tecnol\u00f3gico Villa Mar\u00eda","potentialAction":[{"@type":"SearchAction","target":{"@type":"EntryPoint","urlTemplate":"https:\/\/pilt.com.ar\/parque-industrial\/?s={search_term_string}"},"query-input":{"@type":"PropertyValueSpecification","valueRequired":true,"valueName":"search_term_string"}}],"inLanguage":"es"},{"@type":"Person","@id":"https:\/\/pilt.com.ar\/parque-industrial\/#\/schema\/person\/2dfb9e2464de1c3deef20c25c30a8306","name":"PILT","image":{"@type":"ImageObject","inLanguage":"es","@id":"https:\/\/secure.gravatar.com\/avatar\/5e3734c8d8c8e0b0d45f923c14a14d7b90521d573d02f0d91360a777095ee42b?s=96&d=mm&r=g","url":"https:\/\/secure.gravatar.com\/avatar\/5e3734c8d8c8e0b0d45f923c14a14d7b90521d573d02f0d91360a777095ee42b?s=96&d=mm&r=g","contentUrl":"https:\/\/secure.gravatar.com\/avatar\/5e3734c8d8c8e0b0d45f923c14a14d7b90521d573d02f0d91360a777095ee42b?s=96&d=mm&r=g","caption":"PILT"},"url":"https:\/\/pilt.com.ar\/parque-industrial\/author\/pilt\/"}]}},"jetpack_featured_media_url":"https:\/\/i0.wp.com\/pilt.com.ar\/parque-industrial\/wp-content\/uploads\/2022\/01\/WhatsApp-Image-2022-01-13-at-10.52.59-1.jpeg?fit=941%2C664&ssl=1","jetpack_sharing_enabled":true,"_links":{"self":[{"href":"https:\/\/pilt.com.ar\/parque-industrial\/wp-json\/wp\/v2\/posts\/2045","targetHints":{"allow":["GET"]}}],"collection":[{"href":"https:\/\/pilt.com.ar\/parque-industrial\/wp-json\/wp\/v2\/posts"}],"about":[{"href":"https:\/\/pilt.com.ar\/parque-industrial\/wp-json\/wp\/v2\/types\/post"}],"author":[{"embeddable":true,"href":"https:\/\/pilt.com.ar\/parque-industrial\/wp-json\/wp\/v2\/users\/3"}],"replies":[{"embeddable":true,"href":"https:\/\/pilt.com.ar\/parque-industrial\/wp-json\/wp\/v2\/comments?post=2045"}],"version-history":[{"count":1,"href":"https:\/\/pilt.com.ar\/parque-industrial\/wp-json\/wp\/v2\/posts\/2045\/revisions"}],"predecessor-version":[{"id":2047,"href":"https:\/\/pilt.com.ar\/parque-industrial\/wp-json\/wp\/v2\/posts\/2045\/revisions\/2047"}],"wp:featuredmedia":[{"embeddable":true,"href":"https:\/\/pilt.com.ar\/parque-industrial\/wp-json\/wp\/v2\/media\/2046"}],"wp:attachment":[{"href":"https:\/\/pilt.com.ar\/parque-industrial\/wp-json\/wp\/v2\/media?parent=2045"}],"wp:term":[{"taxonomy":"category","embeddable":true,"href":"https:\/\/pilt.com.ar\/parque-industrial\/wp-json\/wp\/v2\/categories?post=2045"},{"taxonomy":"post_tag","embeddable":true,"href":"https:\/\/pilt.com.ar\/parque-industrial\/wp-json\/wp\/v2\/tags?post=2045"}],"curies":[{"name":"wp","href":"https:\/\/api.w.org\/{rel}","templated":true}]}}