{"id":2041,"date":"2022-01-07T09:52:55","date_gmt":"2022-01-07T12:52:55","guid":{"rendered":"https:\/\/pilt.com.ar\/parque-industrial\/?p=2041"},"modified":"2022-01-07T09:52:55","modified_gmt":"2022-01-07T12:52:55","slug":"positivo-balance-en-incorporaciones-y-avances-de-empresas-en-el-pilt","status":"publish","type":"post","link":"https:\/\/pilt.com.ar\/parque-industrial\/positivo-balance-en-incorporaciones-y-avances-de-empresas-en-el-pilt\/","title":{"rendered":"POSITIVO BALANCE EN INCORPORACIONES Y AVANCES DE EMPRESAS EN EL PILT"},"content":{"rendered":"\n<p class=\"has-text-align-center\"><strong>En 2021 cuatro empresas se sumaron a la Nave para Emprendedores I; tres est\u00e1n a punto empezar a operar y varios proyectos m\u00e1s est\u00e1n en ejecuci\u00f3n.<\/strong><\/p>\n\n\n\n<p class=\"has-text-align-justify\">Finaliz\u00f3 un a\u00f1o con importantes novedades desde el punto de vista empresarial en el Parque Industrial, Log\u00edstico y Tecnol\u00f3gico Villa Mar\u00eda (PILT), en donde se sumaron nuevas organizaciones y otras que ya estaban presenten tuvieron significativos avances de obra.<\/p>\n\n\n\n<p class=\"has-text-align-justify\">Durante 2021 se habilit\u00f3 la Nave para Emprendedores I, que actualmente cobija varios desarrollos. El primero en ingresar fue Industrias Magno, que a poco de andar pas\u00f3 a ocupar dos salones de la nave. La firma cre\u00f3 un equipo, denominado E-milk, que sirve para distribuir y pasteurizar la leche con la que se alimenta a los terneros en los tambos.<\/p>\n\n\n\n<p class=\"has-text-align-justify\">Se incorpor\u00f3 al mencionado proyecto Difma, empresa que produce equipos para cosecha y poscosecha de frutos secos; MGA Ingenier\u00eda, que brinda distintos servicios para seleccionadoras de granos; comercializa y adem\u00e1s se encuentra desarrollado un equipo para seleccionar granos a trav\u00e9s de un sistema magn\u00e9tico; Escarlata Vidrios Laminados, emprendimiento innovador que fabricar\u00e1 productos disruptivos para el sector de la construcci\u00f3n, como por ejemplo la tecnolog\u00eda denominada PDLC, que posibilita que un vidrio pase de ser opaco a transparente mediante la aplicaci\u00f3n de corriente el\u00e9ctrica.<\/p>\n\n\n\n<p><strong>Avances<\/strong><\/p>\n\n\n\n<p class=\"has-text-align-justify\">Otras empresas tuvieron avances constructivos significativos durante el presente a\u00f1o, a tal punto que varias est\u00e1n pr\u00e1cticamente iniciando actividades. Entre ellas se destaca Caf\u00e9 Ruiz, que se dedica al tostado y comercializaci\u00f3n de caf\u00e9 desde hace m\u00e1s de 70 a\u00f1os. Se trata de una la planta de grandes dimensiones, con casi 1600 metros cuadrados, a lo que se a\u00f1adieron 270 metros de entrepiso y 480 metros de oficinas.<\/p>\n\n\n\n<p class=\"has-text-align-justify\">Alimentos y Servicios espera comenzar a operar en pocos d\u00edas m\u00e1s, una vez que disponga de todas las habilitaciones necesarias. En la planta &nbsp;elaborar\u00e1 crema pasteurizada, principal producto, y anexar\u00e1 flanes, yogurt bebible y en pote.<\/p>\n\n\n\n<p class=\"has-text-align-justify\">La obra que lleva adelante Arte Culinario, empresa que realiza el fraccionamiento y distribuci\u00f3n de esencias alimenticias concentradas, tuvo un gran desarrollo durante el a\u00f1o pasado. En poco tiempo m\u00e1s cortar\u00e1n la cinta para la inauguraci\u00f3n oficial. La planta cuenta con 1000 metros cuadrados.<\/p>\n\n\n\n<p class=\"has-text-align-justify\">A la vez, m\u00e1s firmas est\u00e1n en etapa constructiva pero abrir\u00e1n sus puertas en los pr\u00f3ximos meses. En ese listado se encuentra Moray SAS, dedicada a la comercializaci\u00f3n de semillas y de tecnolog\u00eda para agricultura de precisi\u00f3n; Gesta Agropecuaria, enfocada en venta de productos fitosanitarios, semillas y adem\u00e1s brinda asesoramiento t\u00e9cnico integral a productores agropecuarios en diferentes tem\u00e1ticas; General de Abastecimiento, firma que presta servicios de gastronom\u00eda en diferentes puntos de la provincia, como Villa Mar\u00eda, C\u00f3rdoba y Embalse.<\/p>\n\n\n\n<p class=\"has-text-align-justify\">Asimismo, hay que agregar al listado a Granado Productos Veterinarios, que si bien a\u00fan no entr\u00f3 en operaci\u00f3n la actual planta industrial, ya construye una nave m\u00e1s, que tendr\u00e1 450 metros cuadrados.<\/p>\n\n\n\n<p><strong>Inicios<\/strong><\/p>\n\n\n\n<p class=\"has-text-align-justify\">En la s\u00edntesis del a\u00f1o que pas\u00f3 tambi\u00e9n es necesario agendar las empresas que est\u00e1n iniciando el camino: Loma Revestimientos, que fabrica pisos y revestimientos en base a hormig\u00f3n; Insumos Ya, distribuidora de insumos para la industria panadera, reposter\u00eda y gastronom\u00eda; en el PILT adem\u00e1s elaborar\u00e1 aditivos para harinas. Finalmente, sobre el cierre del a\u00f1o, &nbsp;Cortech Industria se sum\u00f3 al Parque con la adquisici\u00f3n de un lote.<\/p>\n","protected":false},"excerpt":{"rendered":"<p>En 2021 cuatro empresas se sumaron a la Nave para Emprendedores I; tres est\u00e1n a punto empezar a operar y varios proyectos m\u00e1s est\u00e1n en ejecuci\u00f3n. Finaliz\u00f3 un a\u00f1o con importantes novedades desde el punto de vista empresarial en el Parque Industrial, Log\u00edstico y Tecnol\u00f3gico Villa Mar\u00eda (PILT), en donde se sumaron nuevas organizaciones y [&hellip;]<\/p>\n","protected":false},"author":3,"featured_media":2042,"comment_status":"open","ping_status":"open","sticky":false,"template":"","format":"standard","meta":{"_jetpack_memberships_contains_paid_content":false,"footnotes":""},"categories":[2],"tags":[],"class_list":["post-2041","post","type-post","status-publish","format-standard","has-post-thumbnail","hentry","category-noticias"],"yoast_head":"<!-- This site is optimized with the Yoast SEO plugin v27.5 - https:\/\/yoast.com\/product\/yoast-seo-wordpress\/ -->\n<title>POSITIVO BALANCE EN INCORPORACIONES Y AVANCES DE EMPRESAS EN EL PILT - PILT.com.ar<\/title>\n<meta name=\"robots\" content=\"index, follow, max-snippet:-1, max-image-preview:large, max-video-preview:-1\" \/>\n<link rel=\"canonical\" href=\"https:\/\/pilt.com.ar\/parque-industrial\/positivo-balance-en-incorporaciones-y-avances-de-empresas-en-el-pilt\/\" \/>\n<meta property=\"og:locale\" content=\"es_ES\" \/>\n<meta property=\"og:type\" content=\"article\" \/>\n<meta property=\"og:title\" content=\"POSITIVO BALANCE EN INCORPORACIONES Y AVANCES DE EMPRESAS EN EL PILT - PILT.com.ar\" \/>\n<meta property=\"og:description\" content=\"En 2021 cuatro empresas se sumaron a la Nave para Emprendedores I; tres est\u00e1n a punto empezar a operar y varios proyectos m\u00e1s est\u00e1n en ejecuci\u00f3n. Finaliz\u00f3 un a\u00f1o con importantes novedades desde el punto de vista empresarial en el Parque Industrial, Log\u00edstico y Tecnol\u00f3gico Villa Mar\u00eda (PILT), en donde se sumaron nuevas organizaciones y [&hellip;]\" \/>\n<meta property=\"og:url\" content=\"https:\/\/pilt.com.ar\/parque-industrial\/positivo-balance-en-incorporaciones-y-avances-de-empresas-en-el-pilt\/\" \/>\n<meta property=\"og:site_name\" content=\"PILT.com.ar\" \/>\n<meta property=\"article:published_time\" content=\"2022-01-07T12:52:55+00:00\" \/>\n<meta property=\"og:image\" content=\"https:\/\/i0.wp.com\/pilt.com.ar\/parque-industrial\/wp-content\/uploads\/2022\/01\/WhatsApp-Image-2022-01-07-at-09.51.05.jpeg?fit=1280%2C718&ssl=1\" \/>\n\t<meta property=\"og:image:width\" content=\"1280\" \/>\n\t<meta property=\"og:image:height\" content=\"718\" \/>\n\t<meta property=\"og:image:type\" content=\"image\/jpeg\" \/>\n<meta name=\"author\" content=\"PILT\" \/>\n<meta name=\"twitter:card\" content=\"summary_large_image\" \/>\n<meta name=\"twitter:label1\" content=\"Escrito por\" \/>\n\t<meta name=\"twitter:data1\" content=\"PILT\" \/>\n\t<meta name=\"twitter:label2\" content=\"Tiempo de lectura\" \/>\n\t<meta name=\"twitter:data2\" content=\"3 minutos\" \/>\n<script type=\"application\/ld+json\" class=\"yoast-schema-graph\">{\"@context\":\"https:\\\/\\\/schema.org\",\"@graph\":[{\"@type\":\"Article\",\"@id\":\"https:\\\/\\\/pilt.com.ar\\\/parque-industrial\\\/positivo-balance-en-incorporaciones-y-avances-de-empresas-en-el-pilt\\\/#article\",\"isPartOf\":{\"@id\":\"https:\\\/\\\/pilt.com.ar\\\/parque-industrial\\\/positivo-balance-en-incorporaciones-y-avances-de-empresas-en-el-pilt\\\/\"},\"author\":{\"name\":\"PILT\",\"@id\":\"https:\\\/\\\/pilt.com.ar\\\/parque-industrial\\\/#\\\/schema\\\/person\\\/2dfb9e2464de1c3deef20c25c30a8306\"},\"headline\":\"POSITIVO BALANCE EN INCORPORACIONES Y AVANCES DE EMPRESAS EN EL PILT\",\"datePublished\":\"2022-01-07T12:52:55+00:00\",\"mainEntityOfPage\":{\"@id\":\"https:\\\/\\\/pilt.com.ar\\\/parque-industrial\\\/positivo-balance-en-incorporaciones-y-avances-de-empresas-en-el-pilt\\\/\"},\"wordCount\":597,\"commentCount\":0,\"image\":{\"@id\":\"https:\\\/\\\/pilt.com.ar\\\/parque-industrial\\\/positivo-balance-en-incorporaciones-y-avances-de-empresas-en-el-pilt\\\/#primaryimage\"},\"thumbnailUrl\":\"https:\\\/\\\/i0.wp.com\\\/pilt.com.ar\\\/parque-industrial\\\/wp-content\\\/uploads\\\/2022\\\/01\\\/WhatsApp-Image-2022-01-07-at-09.51.05.jpeg?fit=1280%2C718&ssl=1\",\"articleSection\":[\"Noticias\"],\"inLanguage\":\"es\",\"potentialAction\":[{\"@type\":\"CommentAction\",\"name\":\"Comment\",\"target\":[\"https:\\\/\\\/pilt.com.ar\\\/parque-industrial\\\/positivo-balance-en-incorporaciones-y-avances-de-empresas-en-el-pilt\\\/#respond\"]}]},{\"@type\":\"WebPage\",\"@id\":\"https:\\\/\\\/pilt.com.ar\\\/parque-industrial\\\/positivo-balance-en-incorporaciones-y-avances-de-empresas-en-el-pilt\\\/\",\"url\":\"https:\\\/\\\/pilt.com.ar\\\/parque-industrial\\\/positivo-balance-en-incorporaciones-y-avances-de-empresas-en-el-pilt\\\/\",\"name\":\"POSITIVO BALANCE EN INCORPORACIONES Y AVANCES DE EMPRESAS EN EL PILT - PILT.com.ar\",\"isPartOf\":{\"@id\":\"https:\\\/\\\/pilt.com.ar\\\/parque-industrial\\\/#website\"},\"primaryImageOfPage\":{\"@id\":\"https:\\\/\\\/pilt.com.ar\\\/parque-industrial\\\/positivo-balance-en-incorporaciones-y-avances-de-empresas-en-el-pilt\\\/#primaryimage\"},\"image\":{\"@id\":\"https:\\\/\\\/pilt.com.ar\\\/parque-industrial\\\/positivo-balance-en-incorporaciones-y-avances-de-empresas-en-el-pilt\\\/#primaryimage\"},\"thumbnailUrl\":\"https:\\\/\\\/i0.wp.com\\\/pilt.com.ar\\\/parque-industrial\\\/wp-content\\\/uploads\\\/2022\\\/01\\\/WhatsApp-Image-2022-01-07-at-09.51.05.jpeg?fit=1280%2C718&ssl=1\",\"datePublished\":\"2022-01-07T12:52:55+00:00\",\"author\":{\"@id\":\"https:\\\/\\\/pilt.com.ar\\\/parque-industrial\\\/#\\\/schema\\\/person\\\/2dfb9e2464de1c3deef20c25c30a8306\"},\"inLanguage\":\"es\",\"potentialAction\":[{\"@type\":\"ReadAction\",\"target\":[\"https:\\\/\\\/pilt.com.ar\\\/parque-industrial\\\/positivo-balance-en-incorporaciones-y-avances-de-empresas-en-el-pilt\\\/\"]}]},{\"@type\":\"ImageObject\",\"inLanguage\":\"es\",\"@id\":\"https:\\\/\\\/pilt.com.ar\\\/parque-industrial\\\/positivo-balance-en-incorporaciones-y-avances-de-empresas-en-el-pilt\\\/#primaryimage\",\"url\":\"https:\\\/\\\/i0.wp.com\\\/pilt.com.ar\\\/parque-industrial\\\/wp-content\\\/uploads\\\/2022\\\/01\\\/WhatsApp-Image-2022-01-07-at-09.51.05.jpeg?fit=1280%2C718&ssl=1\",\"contentUrl\":\"https:\\\/\\\/i0.wp.com\\\/pilt.com.ar\\\/parque-industrial\\\/wp-content\\\/uploads\\\/2022\\\/01\\\/WhatsApp-Image-2022-01-07-at-09.51.05.jpeg?fit=1280%2C718&ssl=1\",\"width\":1280,\"height\":718},{\"@type\":\"WebSite\",\"@id\":\"https:\\\/\\\/pilt.com.ar\\\/parque-industrial\\\/#website\",\"url\":\"https:\\\/\\\/pilt.com.ar\\\/parque-industrial\\\/\",\"name\":\"PILT.com.ar\",\"description\":\"Parque Industrial, Log\u00edstico y Tecnol\u00f3gico Villa Mar\u00eda\",\"potentialAction\":[{\"@type\":\"SearchAction\",\"target\":{\"@type\":\"EntryPoint\",\"urlTemplate\":\"https:\\\/\\\/pilt.com.ar\\\/parque-industrial\\\/?s={search_term_string}\"},\"query-input\":{\"@type\":\"PropertyValueSpecification\",\"valueRequired\":true,\"valueName\":\"search_term_string\"}}],\"inLanguage\":\"es\"},{\"@type\":\"Person\",\"@id\":\"https:\\\/\\\/pilt.com.ar\\\/parque-industrial\\\/#\\\/schema\\\/person\\\/2dfb9e2464de1c3deef20c25c30a8306\",\"name\":\"PILT\",\"image\":{\"@type\":\"ImageObject\",\"inLanguage\":\"es\",\"@id\":\"https:\\\/\\\/secure.gravatar.com\\\/avatar\\\/5e3734c8d8c8e0b0d45f923c14a14d7b90521d573d02f0d91360a777095ee42b?s=96&d=mm&r=g\",\"url\":\"https:\\\/\\\/secure.gravatar.com\\\/avatar\\\/5e3734c8d8c8e0b0d45f923c14a14d7b90521d573d02f0d91360a777095ee42b?s=96&d=mm&r=g\",\"contentUrl\":\"https:\\\/\\\/secure.gravatar.com\\\/avatar\\\/5e3734c8d8c8e0b0d45f923c14a14d7b90521d573d02f0d91360a777095ee42b?s=96&d=mm&r=g\",\"caption\":\"PILT\"},\"url\":\"https:\\\/\\\/pilt.com.ar\\\/parque-industrial\\\/author\\\/pilt\\\/\"}]}<\/script>\n<!-- \/ Yoast SEO plugin. -->","yoast_head_json":{"title":"POSITIVO BALANCE EN INCORPORACIONES Y AVANCES DE EMPRESAS EN EL PILT - PILT.com.ar","robots":{"index":"index","follow":"follow","max-snippet":"max-snippet:-1","max-image-preview":"max-image-preview:large","max-video-preview":"max-video-preview:-1"},"canonical":"https:\/\/pilt.com.ar\/parque-industrial\/positivo-balance-en-incorporaciones-y-avances-de-empresas-en-el-pilt\/","og_locale":"es_ES","og_type":"article","og_title":"POSITIVO BALANCE EN INCORPORACIONES Y AVANCES DE EMPRESAS EN EL PILT - PILT.com.ar","og_description":"En 2021 cuatro empresas se sumaron a la Nave para Emprendedores I; tres est\u00e1n a punto empezar a operar y varios proyectos m\u00e1s est\u00e1n en ejecuci\u00f3n. Finaliz\u00f3 un a\u00f1o con importantes novedades desde el punto de vista empresarial en el Parque Industrial, Log\u00edstico y Tecnol\u00f3gico Villa Mar\u00eda (PILT), en donde se sumaron nuevas organizaciones y [&hellip;]","og_url":"https:\/\/pilt.com.ar\/parque-industrial\/positivo-balance-en-incorporaciones-y-avances-de-empresas-en-el-pilt\/","og_site_name":"PILT.com.ar","article_published_time":"2022-01-07T12:52:55+00:00","og_image":[{"width":1280,"height":718,"url":"https:\/\/i0.wp.com\/pilt.com.ar\/parque-industrial\/wp-content\/uploads\/2022\/01\/WhatsApp-Image-2022-01-07-at-09.51.05.jpeg?fit=1280%2C718&ssl=1","type":"image\/jpeg"}],"author":"PILT","twitter_card":"summary_large_image","twitter_misc":{"Escrito por":"PILT","Tiempo de lectura":"3 minutos"},"schema":{"@context":"https:\/\/schema.org","@graph":[{"@type":"Article","@id":"https:\/\/pilt.com.ar\/parque-industrial\/positivo-balance-en-incorporaciones-y-avances-de-empresas-en-el-pilt\/#article","isPartOf":{"@id":"https:\/\/pilt.com.ar\/parque-industrial\/positivo-balance-en-incorporaciones-y-avances-de-empresas-en-el-pilt\/"},"author":{"name":"PILT","@id":"https:\/\/pilt.com.ar\/parque-industrial\/#\/schema\/person\/2dfb9e2464de1c3deef20c25c30a8306"},"headline":"POSITIVO BALANCE EN INCORPORACIONES Y AVANCES DE EMPRESAS EN EL PILT","datePublished":"2022-01-07T12:52:55+00:00","mainEntityOfPage":{"@id":"https:\/\/pilt.com.ar\/parque-industrial\/positivo-balance-en-incorporaciones-y-avances-de-empresas-en-el-pilt\/"},"wordCount":597,"commentCount":0,"image":{"@id":"https:\/\/pilt.com.ar\/parque-industrial\/positivo-balance-en-incorporaciones-y-avances-de-empresas-en-el-pilt\/#primaryimage"},"thumbnailUrl":"https:\/\/i0.wp.com\/pilt.com.ar\/parque-industrial\/wp-content\/uploads\/2022\/01\/WhatsApp-Image-2022-01-07-at-09.51.05.jpeg?fit=1280%2C718&ssl=1","articleSection":["Noticias"],"inLanguage":"es","potentialAction":[{"@type":"CommentAction","name":"Comment","target":["https:\/\/pilt.com.ar\/parque-industrial\/positivo-balance-en-incorporaciones-y-avances-de-empresas-en-el-pilt\/#respond"]}]},{"@type":"WebPage","@id":"https:\/\/pilt.com.ar\/parque-industrial\/positivo-balance-en-incorporaciones-y-avances-de-empresas-en-el-pilt\/","url":"https:\/\/pilt.com.ar\/parque-industrial\/positivo-balance-en-incorporaciones-y-avances-de-empresas-en-el-pilt\/","name":"POSITIVO BALANCE EN INCORPORACIONES Y AVANCES DE EMPRESAS EN EL PILT - PILT.com.ar","isPartOf":{"@id":"https:\/\/pilt.com.ar\/parque-industrial\/#website"},"primaryImageOfPage":{"@id":"https:\/\/pilt.com.ar\/parque-industrial\/positivo-balance-en-incorporaciones-y-avances-de-empresas-en-el-pilt\/#primaryimage"},"image":{"@id":"https:\/\/pilt.com.ar\/parque-industrial\/positivo-balance-en-incorporaciones-y-avances-de-empresas-en-el-pilt\/#primaryimage"},"thumbnailUrl":"https:\/\/i0.wp.com\/pilt.com.ar\/parque-industrial\/wp-content\/uploads\/2022\/01\/WhatsApp-Image-2022-01-07-at-09.51.05.jpeg?fit=1280%2C718&ssl=1","datePublished":"2022-01-07T12:52:55+00:00","author":{"@id":"https:\/\/pilt.com.ar\/parque-industrial\/#\/schema\/person\/2dfb9e2464de1c3deef20c25c30a8306"},"inLanguage":"es","potentialAction":[{"@type":"ReadAction","target":["https:\/\/pilt.com.ar\/parque-industrial\/positivo-balance-en-incorporaciones-y-avances-de-empresas-en-el-pilt\/"]}]},{"@type":"ImageObject","inLanguage":"es","@id":"https:\/\/pilt.com.ar\/parque-industrial\/positivo-balance-en-incorporaciones-y-avances-de-empresas-en-el-pilt\/#primaryimage","url":"https:\/\/i0.wp.com\/pilt.com.ar\/parque-industrial\/wp-content\/uploads\/2022\/01\/WhatsApp-Image-2022-01-07-at-09.51.05.jpeg?fit=1280%2C718&ssl=1","contentUrl":"https:\/\/i0.wp.com\/pilt.com.ar\/parque-industrial\/wp-content\/uploads\/2022\/01\/WhatsApp-Image-2022-01-07-at-09.51.05.jpeg?fit=1280%2C718&ssl=1","width":1280,"height":718},{"@type":"WebSite","@id":"https:\/\/pilt.com.ar\/parque-industrial\/#website","url":"https:\/\/pilt.com.ar\/parque-industrial\/","name":"PILT.com.ar","description":"Parque Industrial, Log\u00edstico y Tecnol\u00f3gico Villa Mar\u00eda","potentialAction":[{"@type":"SearchAction","target":{"@type":"EntryPoint","urlTemplate":"https:\/\/pilt.com.ar\/parque-industrial\/?s={search_term_string}"},"query-input":{"@type":"PropertyValueSpecification","valueRequired":true,"valueName":"search_term_string"}}],"inLanguage":"es"},{"@type":"Person","@id":"https:\/\/pilt.com.ar\/parque-industrial\/#\/schema\/person\/2dfb9e2464de1c3deef20c25c30a8306","name":"PILT","image":{"@type":"ImageObject","inLanguage":"es","@id":"https:\/\/secure.gravatar.com\/avatar\/5e3734c8d8c8e0b0d45f923c14a14d7b90521d573d02f0d91360a777095ee42b?s=96&d=mm&r=g","url":"https:\/\/secure.gravatar.com\/avatar\/5e3734c8d8c8e0b0d45f923c14a14d7b90521d573d02f0d91360a777095ee42b?s=96&d=mm&r=g","contentUrl":"https:\/\/secure.gravatar.com\/avatar\/5e3734c8d8c8e0b0d45f923c14a14d7b90521d573d02f0d91360a777095ee42b?s=96&d=mm&r=g","caption":"PILT"},"url":"https:\/\/pilt.com.ar\/parque-industrial\/author\/pilt\/"}]}},"jetpack_featured_media_url":"https:\/\/i0.wp.com\/pilt.com.ar\/parque-industrial\/wp-content\/uploads\/2022\/01\/WhatsApp-Image-2022-01-07-at-09.51.05.jpeg?fit=1280%2C718&ssl=1","jetpack_sharing_enabled":true,"_links":{"self":[{"href":"https:\/\/pilt.com.ar\/parque-industrial\/wp-json\/wp\/v2\/posts\/2041","targetHints":{"allow":["GET"]}}],"collection":[{"href":"https:\/\/pilt.com.ar\/parque-industrial\/wp-json\/wp\/v2\/posts"}],"about":[{"href":"https:\/\/pilt.com.ar\/parque-industrial\/wp-json\/wp\/v2\/types\/post"}],"author":[{"embeddable":true,"href":"https:\/\/pilt.com.ar\/parque-industrial\/wp-json\/wp\/v2\/users\/3"}],"replies":[{"embeddable":true,"href":"https:\/\/pilt.com.ar\/parque-industrial\/wp-json\/wp\/v2\/comments?post=2041"}],"version-history":[{"count":1,"href":"https:\/\/pilt.com.ar\/parque-industrial\/wp-json\/wp\/v2\/posts\/2041\/revisions"}],"predecessor-version":[{"id":2043,"href":"https:\/\/pilt.com.ar\/parque-industrial\/wp-json\/wp\/v2\/posts\/2041\/revisions\/2043"}],"wp:featuredmedia":[{"embeddable":true,"href":"https:\/\/pilt.com.ar\/parque-industrial\/wp-json\/wp\/v2\/media\/2042"}],"wp:attachment":[{"href":"https:\/\/pilt.com.ar\/parque-industrial\/wp-json\/wp\/v2\/media?parent=2041"}],"wp:term":[{"taxonomy":"category","embeddable":true,"href":"https:\/\/pilt.com.ar\/parque-industrial\/wp-json\/wp\/v2\/categories?post=2041"},{"taxonomy":"post_tag","embeddable":true,"href":"https:\/\/pilt.com.ar\/parque-industrial\/wp-json\/wp\/v2\/tags?post=2041"}],"curies":[{"name":"wp","href":"https:\/\/api.w.org\/{rel}","templated":true}]}}