{"id":2031,"date":"2021-12-30T11:31:40","date_gmt":"2021-12-30T14:31:40","guid":{"rendered":"https:\/\/pilt.com.ar\/parque-industrial\/?p=2031"},"modified":"2021-12-30T11:31:41","modified_gmt":"2021-12-30T14:31:41","slug":"termina-el-ano-con-otra-empresa-que-se-suma-al-pilt","status":"publish","type":"post","link":"https:\/\/pilt.com.ar\/parque-industrial\/termina-el-ano-con-otra-empresa-que-se-suma-al-pilt\/","title":{"rendered":"TERMINA EL A\u00d1O CON OTRA EMPRESA QUE SE SUMA AL PILT"},"content":{"rendered":"\n<p class=\"has-text-align-center\"><strong><em>Se trata de Cortech Industria, firma que brinda servicios y fabrica equipamiento para el sector<\/em><\/strong><em>.<\/em><\/p>\n\n\n\n<p class=\"has-text-align-justify\">Sobre el cierre de 2021 un nuevo proyecto comienza a tomar forma en el Parque Industrial Log\u00edstico y Tecnol\u00f3gico Villa Mar\u00eda (PILT). Cortech Industrial, empresa con presencia en la ciudad y en San Francisco, acord\u00f3 su incorporaci\u00f3n al predio, en donde construir\u00e1 una nave de 600 metros cuadrados.<\/p>\n\n\n\n<p class=\"has-text-align-justify\">Vale se\u00f1alar que la firma realiza diversos servicios a industrias, entre ellos electricidad, iluminaci\u00f3n y montaje de plantas; y adem\u00e1s fabrica motores monof\u00e1sicos y trif\u00e1sicos, con ventiladores y extractores, desde 0,25 a 15 HP de potencia. Actualmente la producci\u00f3n se lleva a cabo totalmente en San Francisco, pero una vez que la planta est\u00e9 operando en el PILT parte del equipamiento se realizar\u00e1 all\u00ed.<\/p>\n\n\n\n<p class=\"has-text-align-justify\">\u201cLa intenci\u00f3n es comenzar con la obra a fines de enero. Proyectamos para la primera etapa una nave 600 metros, con la idea de poder ampliarla en un futuro a 1200 o 1400 metros. Vamos a producir algunos equipos que hacemos en San Francisco y tambi\u00e9n tendremos una base t\u00e9cnica para poder abastecer de servicios a Villa Mar\u00eda y la zona. Otro tema que agregaremos es el armado de equipamiento para la agroindustria, como silos o norias, ya que estamos teniendo demanda\u201d, explic\u00f3 Mat\u00edas Taborda, socio gerente de la empresa.<\/p>\n\n\n\n<p class=\"has-text-align-justify\">El directivo agreg\u00f3 que la firma desde hace tiempo ten\u00eda la intenci\u00f3n de trasladarse al predio. \u201cAhora se nos dio y para nosotros es un desaf\u00edo poder comenzar a trabajar all\u00ed el a\u00f1o que viene. Ese es el objetivo, pero depender\u00e1 tambi\u00e9n de la disponibilidad de materiales\u201d. El proyecto que iniciar\u00e1n el pr\u00f3ximo a\u00f1o le permitir\u00e1 a la firma concentrar toda su estructura en el PILT \u2013 actualmente cuentan con distintos espacios en la ciudad- y a\u00f1adir la faz productiva. Una vez finalizada la obra, Taborda indic\u00f3 que requerir\u00e1n m\u00e1s personal para las distintas tareas que llevar\u00e1 a cabo.<\/p>\n","protected":false},"excerpt":{"rendered":"<p>Se trata de Cortech Industria, firma que brinda servicios y fabrica equipamiento para el sector. Sobre el cierre de 2021 un nuevo proyecto comienza a tomar forma en el Parque Industrial Log\u00edstico y Tecnol\u00f3gico Villa Mar\u00eda (PILT). Cortech Industrial, empresa con presencia en la ciudad y en San Francisco, acord\u00f3 su incorporaci\u00f3n al predio, en [&hellip;]<\/p>\n","protected":false},"author":3,"featured_media":2032,"comment_status":"open","ping_status":"open","sticky":false,"template":"","format":"standard","meta":{"_jetpack_memberships_contains_paid_content":false,"footnotes":""},"categories":[2],"tags":[],"class_list":["post-2031","post","type-post","status-publish","format-standard","has-post-thumbnail","hentry","category-noticias"],"yoast_head":"<!-- This site is optimized with the Yoast SEO plugin v27.5 - https:\/\/yoast.com\/product\/yoast-seo-wordpress\/ -->\n<title>TERMINA EL A\u00d1O CON OTRA EMPRESA QUE SE SUMA AL PILT - PILT.com.ar<\/title>\n<meta name=\"robots\" content=\"index, follow, max-snippet:-1, max-image-preview:large, max-video-preview:-1\" \/>\n<link rel=\"canonical\" href=\"https:\/\/pilt.com.ar\/parque-industrial\/termina-el-ano-con-otra-empresa-que-se-suma-al-pilt\/\" \/>\n<meta property=\"og:locale\" content=\"es_ES\" \/>\n<meta property=\"og:type\" content=\"article\" \/>\n<meta property=\"og:title\" content=\"TERMINA EL A\u00d1O CON OTRA EMPRESA QUE SE SUMA AL PILT - PILT.com.ar\" \/>\n<meta property=\"og:description\" content=\"Se trata de Cortech Industria, firma que brinda servicios y fabrica equipamiento para el sector. Sobre el cierre de 2021 un nuevo proyecto comienza a tomar forma en el Parque Industrial Log\u00edstico y Tecnol\u00f3gico Villa Mar\u00eda (PILT). Cortech Industrial, empresa con presencia en la ciudad y en San Francisco, acord\u00f3 su incorporaci\u00f3n al predio, en [&hellip;]\" \/>\n<meta property=\"og:url\" content=\"https:\/\/pilt.com.ar\/parque-industrial\/termina-el-ano-con-otra-empresa-que-se-suma-al-pilt\/\" \/>\n<meta property=\"og:site_name\" content=\"PILT.com.ar\" \/>\n<meta property=\"article:published_time\" content=\"2021-12-30T14:31:40+00:00\" \/>\n<meta property=\"article:modified_time\" content=\"2021-12-30T14:31:41+00:00\" \/>\n<meta property=\"og:image\" content=\"https:\/\/i0.wp.com\/pilt.com.ar\/parque-industrial\/wp-content\/uploads\/2021\/12\/WhatsApp-Image-2021-12-29-at-18.48.16.jpeg?fit=1280%2C720&ssl=1\" \/>\n\t<meta property=\"og:image:width\" content=\"1280\" \/>\n\t<meta property=\"og:image:height\" content=\"720\" \/>\n\t<meta property=\"og:image:type\" content=\"image\/jpeg\" \/>\n<meta name=\"author\" content=\"PILT\" \/>\n<meta name=\"twitter:card\" content=\"summary_large_image\" \/>\n<meta name=\"twitter:label1\" content=\"Escrito por\" \/>\n\t<meta name=\"twitter:data1\" content=\"PILT\" \/>\n\t<meta name=\"twitter:label2\" content=\"Tiempo de lectura\" \/>\n\t<meta name=\"twitter:data2\" content=\"2 minutos\" \/>\n<script type=\"application\/ld+json\" class=\"yoast-schema-graph\">{\"@context\":\"https:\\\/\\\/schema.org\",\"@graph\":[{\"@type\":\"Article\",\"@id\":\"https:\\\/\\\/pilt.com.ar\\\/parque-industrial\\\/termina-el-ano-con-otra-empresa-que-se-suma-al-pilt\\\/#article\",\"isPartOf\":{\"@id\":\"https:\\\/\\\/pilt.com.ar\\\/parque-industrial\\\/termina-el-ano-con-otra-empresa-que-se-suma-al-pilt\\\/\"},\"author\":{\"name\":\"PILT\",\"@id\":\"https:\\\/\\\/pilt.com.ar\\\/parque-industrial\\\/#\\\/schema\\\/person\\\/2dfb9e2464de1c3deef20c25c30a8306\"},\"headline\":\"TERMINA EL A\u00d1O CON OTRA EMPRESA QUE SE SUMA AL PILT\",\"datePublished\":\"2021-12-30T14:31:40+00:00\",\"dateModified\":\"2021-12-30T14:31:41+00:00\",\"mainEntityOfPage\":{\"@id\":\"https:\\\/\\\/pilt.com.ar\\\/parque-industrial\\\/termina-el-ano-con-otra-empresa-que-se-suma-al-pilt\\\/\"},\"wordCount\":346,\"commentCount\":0,\"image\":{\"@id\":\"https:\\\/\\\/pilt.com.ar\\\/parque-industrial\\\/termina-el-ano-con-otra-empresa-que-se-suma-al-pilt\\\/#primaryimage\"},\"thumbnailUrl\":\"https:\\\/\\\/i0.wp.com\\\/pilt.com.ar\\\/parque-industrial\\\/wp-content\\\/uploads\\\/2021\\\/12\\\/WhatsApp-Image-2021-12-29-at-18.48.16.jpeg?fit=1280%2C720&ssl=1\",\"articleSection\":[\"Noticias\"],\"inLanguage\":\"es\",\"potentialAction\":[{\"@type\":\"CommentAction\",\"name\":\"Comment\",\"target\":[\"https:\\\/\\\/pilt.com.ar\\\/parque-industrial\\\/termina-el-ano-con-otra-empresa-que-se-suma-al-pilt\\\/#respond\"]}]},{\"@type\":\"WebPage\",\"@id\":\"https:\\\/\\\/pilt.com.ar\\\/parque-industrial\\\/termina-el-ano-con-otra-empresa-que-se-suma-al-pilt\\\/\",\"url\":\"https:\\\/\\\/pilt.com.ar\\\/parque-industrial\\\/termina-el-ano-con-otra-empresa-que-se-suma-al-pilt\\\/\",\"name\":\"TERMINA EL A\u00d1O CON OTRA EMPRESA QUE SE SUMA AL PILT - PILT.com.ar\",\"isPartOf\":{\"@id\":\"https:\\\/\\\/pilt.com.ar\\\/parque-industrial\\\/#website\"},\"primaryImageOfPage\":{\"@id\":\"https:\\\/\\\/pilt.com.ar\\\/parque-industrial\\\/termina-el-ano-con-otra-empresa-que-se-suma-al-pilt\\\/#primaryimage\"},\"image\":{\"@id\":\"https:\\\/\\\/pilt.com.ar\\\/parque-industrial\\\/termina-el-ano-con-otra-empresa-que-se-suma-al-pilt\\\/#primaryimage\"},\"thumbnailUrl\":\"https:\\\/\\\/i0.wp.com\\\/pilt.com.ar\\\/parque-industrial\\\/wp-content\\\/uploads\\\/2021\\\/12\\\/WhatsApp-Image-2021-12-29-at-18.48.16.jpeg?fit=1280%2C720&ssl=1\",\"datePublished\":\"2021-12-30T14:31:40+00:00\",\"dateModified\":\"2021-12-30T14:31:41+00:00\",\"author\":{\"@id\":\"https:\\\/\\\/pilt.com.ar\\\/parque-industrial\\\/#\\\/schema\\\/person\\\/2dfb9e2464de1c3deef20c25c30a8306\"},\"inLanguage\":\"es\",\"potentialAction\":[{\"@type\":\"ReadAction\",\"target\":[\"https:\\\/\\\/pilt.com.ar\\\/parque-industrial\\\/termina-el-ano-con-otra-empresa-que-se-suma-al-pilt\\\/\"]}]},{\"@type\":\"ImageObject\",\"inLanguage\":\"es\",\"@id\":\"https:\\\/\\\/pilt.com.ar\\\/parque-industrial\\\/termina-el-ano-con-otra-empresa-que-se-suma-al-pilt\\\/#primaryimage\",\"url\":\"https:\\\/\\\/i0.wp.com\\\/pilt.com.ar\\\/parque-industrial\\\/wp-content\\\/uploads\\\/2021\\\/12\\\/WhatsApp-Image-2021-12-29-at-18.48.16.jpeg?fit=1280%2C720&ssl=1\",\"contentUrl\":\"https:\\\/\\\/i0.wp.com\\\/pilt.com.ar\\\/parque-industrial\\\/wp-content\\\/uploads\\\/2021\\\/12\\\/WhatsApp-Image-2021-12-29-at-18.48.16.jpeg?fit=1280%2C720&ssl=1\",\"width\":1280,\"height\":720},{\"@type\":\"WebSite\",\"@id\":\"https:\\\/\\\/pilt.com.ar\\\/parque-industrial\\\/#website\",\"url\":\"https:\\\/\\\/pilt.com.ar\\\/parque-industrial\\\/\",\"name\":\"PILT.com.ar\",\"description\":\"Parque Industrial, Log\u00edstico y Tecnol\u00f3gico Villa Mar\u00eda\",\"potentialAction\":[{\"@type\":\"SearchAction\",\"target\":{\"@type\":\"EntryPoint\",\"urlTemplate\":\"https:\\\/\\\/pilt.com.ar\\\/parque-industrial\\\/?s={search_term_string}\"},\"query-input\":{\"@type\":\"PropertyValueSpecification\",\"valueRequired\":true,\"valueName\":\"search_term_string\"}}],\"inLanguage\":\"es\"},{\"@type\":\"Person\",\"@id\":\"https:\\\/\\\/pilt.com.ar\\\/parque-industrial\\\/#\\\/schema\\\/person\\\/2dfb9e2464de1c3deef20c25c30a8306\",\"name\":\"PILT\",\"image\":{\"@type\":\"ImageObject\",\"inLanguage\":\"es\",\"@id\":\"https:\\\/\\\/secure.gravatar.com\\\/avatar\\\/5e3734c8d8c8e0b0d45f923c14a14d7b90521d573d02f0d91360a777095ee42b?s=96&d=mm&r=g\",\"url\":\"https:\\\/\\\/secure.gravatar.com\\\/avatar\\\/5e3734c8d8c8e0b0d45f923c14a14d7b90521d573d02f0d91360a777095ee42b?s=96&d=mm&r=g\",\"contentUrl\":\"https:\\\/\\\/secure.gravatar.com\\\/avatar\\\/5e3734c8d8c8e0b0d45f923c14a14d7b90521d573d02f0d91360a777095ee42b?s=96&d=mm&r=g\",\"caption\":\"PILT\"},\"url\":\"https:\\\/\\\/pilt.com.ar\\\/parque-industrial\\\/author\\\/pilt\\\/\"}]}<\/script>\n<!-- \/ Yoast SEO plugin. -->","yoast_head_json":{"title":"TERMINA EL A\u00d1O CON OTRA EMPRESA QUE SE SUMA AL PILT - PILT.com.ar","robots":{"index":"index","follow":"follow","max-snippet":"max-snippet:-1","max-image-preview":"max-image-preview:large","max-video-preview":"max-video-preview:-1"},"canonical":"https:\/\/pilt.com.ar\/parque-industrial\/termina-el-ano-con-otra-empresa-que-se-suma-al-pilt\/","og_locale":"es_ES","og_type":"article","og_title":"TERMINA EL A\u00d1O CON OTRA EMPRESA QUE SE SUMA AL PILT - PILT.com.ar","og_description":"Se trata de Cortech Industria, firma que brinda servicios y fabrica equipamiento para el sector. Sobre el cierre de 2021 un nuevo proyecto comienza a tomar forma en el Parque Industrial Log\u00edstico y Tecnol\u00f3gico Villa Mar\u00eda (PILT). Cortech Industrial, empresa con presencia en la ciudad y en San Francisco, acord\u00f3 su incorporaci\u00f3n al predio, en [&hellip;]","og_url":"https:\/\/pilt.com.ar\/parque-industrial\/termina-el-ano-con-otra-empresa-que-se-suma-al-pilt\/","og_site_name":"PILT.com.ar","article_published_time":"2021-12-30T14:31:40+00:00","article_modified_time":"2021-12-30T14:31:41+00:00","og_image":[{"width":1280,"height":720,"url":"https:\/\/i0.wp.com\/pilt.com.ar\/parque-industrial\/wp-content\/uploads\/2021\/12\/WhatsApp-Image-2021-12-29-at-18.48.16.jpeg?fit=1280%2C720&ssl=1","type":"image\/jpeg"}],"author":"PILT","twitter_card":"summary_large_image","twitter_misc":{"Escrito por":"PILT","Tiempo de lectura":"2 minutos"},"schema":{"@context":"https:\/\/schema.org","@graph":[{"@type":"Article","@id":"https:\/\/pilt.com.ar\/parque-industrial\/termina-el-ano-con-otra-empresa-que-se-suma-al-pilt\/#article","isPartOf":{"@id":"https:\/\/pilt.com.ar\/parque-industrial\/termina-el-ano-con-otra-empresa-que-se-suma-al-pilt\/"},"author":{"name":"PILT","@id":"https:\/\/pilt.com.ar\/parque-industrial\/#\/schema\/person\/2dfb9e2464de1c3deef20c25c30a8306"},"headline":"TERMINA EL A\u00d1O CON OTRA EMPRESA QUE SE SUMA AL PILT","datePublished":"2021-12-30T14:31:40+00:00","dateModified":"2021-12-30T14:31:41+00:00","mainEntityOfPage":{"@id":"https:\/\/pilt.com.ar\/parque-industrial\/termina-el-ano-con-otra-empresa-que-se-suma-al-pilt\/"},"wordCount":346,"commentCount":0,"image":{"@id":"https:\/\/pilt.com.ar\/parque-industrial\/termina-el-ano-con-otra-empresa-que-se-suma-al-pilt\/#primaryimage"},"thumbnailUrl":"https:\/\/i0.wp.com\/pilt.com.ar\/parque-industrial\/wp-content\/uploads\/2021\/12\/WhatsApp-Image-2021-12-29-at-18.48.16.jpeg?fit=1280%2C720&ssl=1","articleSection":["Noticias"],"inLanguage":"es","potentialAction":[{"@type":"CommentAction","name":"Comment","target":["https:\/\/pilt.com.ar\/parque-industrial\/termina-el-ano-con-otra-empresa-que-se-suma-al-pilt\/#respond"]}]},{"@type":"WebPage","@id":"https:\/\/pilt.com.ar\/parque-industrial\/termina-el-ano-con-otra-empresa-que-se-suma-al-pilt\/","url":"https:\/\/pilt.com.ar\/parque-industrial\/termina-el-ano-con-otra-empresa-que-se-suma-al-pilt\/","name":"TERMINA EL A\u00d1O CON OTRA EMPRESA QUE SE SUMA AL PILT - PILT.com.ar","isPartOf":{"@id":"https:\/\/pilt.com.ar\/parque-industrial\/#website"},"primaryImageOfPage":{"@id":"https:\/\/pilt.com.ar\/parque-industrial\/termina-el-ano-con-otra-empresa-que-se-suma-al-pilt\/#primaryimage"},"image":{"@id":"https:\/\/pilt.com.ar\/parque-industrial\/termina-el-ano-con-otra-empresa-que-se-suma-al-pilt\/#primaryimage"},"thumbnailUrl":"https:\/\/i0.wp.com\/pilt.com.ar\/parque-industrial\/wp-content\/uploads\/2021\/12\/WhatsApp-Image-2021-12-29-at-18.48.16.jpeg?fit=1280%2C720&ssl=1","datePublished":"2021-12-30T14:31:40+00:00","dateModified":"2021-12-30T14:31:41+00:00","author":{"@id":"https:\/\/pilt.com.ar\/parque-industrial\/#\/schema\/person\/2dfb9e2464de1c3deef20c25c30a8306"},"inLanguage":"es","potentialAction":[{"@type":"ReadAction","target":["https:\/\/pilt.com.ar\/parque-industrial\/termina-el-ano-con-otra-empresa-que-se-suma-al-pilt\/"]}]},{"@type":"ImageObject","inLanguage":"es","@id":"https:\/\/pilt.com.ar\/parque-industrial\/termina-el-ano-con-otra-empresa-que-se-suma-al-pilt\/#primaryimage","url":"https:\/\/i0.wp.com\/pilt.com.ar\/parque-industrial\/wp-content\/uploads\/2021\/12\/WhatsApp-Image-2021-12-29-at-18.48.16.jpeg?fit=1280%2C720&ssl=1","contentUrl":"https:\/\/i0.wp.com\/pilt.com.ar\/parque-industrial\/wp-content\/uploads\/2021\/12\/WhatsApp-Image-2021-12-29-at-18.48.16.jpeg?fit=1280%2C720&ssl=1","width":1280,"height":720},{"@type":"WebSite","@id":"https:\/\/pilt.com.ar\/parque-industrial\/#website","url":"https:\/\/pilt.com.ar\/parque-industrial\/","name":"PILT.com.ar","description":"Parque Industrial, Log\u00edstico y Tecnol\u00f3gico Villa Mar\u00eda","potentialAction":[{"@type":"SearchAction","target":{"@type":"EntryPoint","urlTemplate":"https:\/\/pilt.com.ar\/parque-industrial\/?s={search_term_string}"},"query-input":{"@type":"PropertyValueSpecification","valueRequired":true,"valueName":"search_term_string"}}],"inLanguage":"es"},{"@type":"Person","@id":"https:\/\/pilt.com.ar\/parque-industrial\/#\/schema\/person\/2dfb9e2464de1c3deef20c25c30a8306","name":"PILT","image":{"@type":"ImageObject","inLanguage":"es","@id":"https:\/\/secure.gravatar.com\/avatar\/5e3734c8d8c8e0b0d45f923c14a14d7b90521d573d02f0d91360a777095ee42b?s=96&d=mm&r=g","url":"https:\/\/secure.gravatar.com\/avatar\/5e3734c8d8c8e0b0d45f923c14a14d7b90521d573d02f0d91360a777095ee42b?s=96&d=mm&r=g","contentUrl":"https:\/\/secure.gravatar.com\/avatar\/5e3734c8d8c8e0b0d45f923c14a14d7b90521d573d02f0d91360a777095ee42b?s=96&d=mm&r=g","caption":"PILT"},"url":"https:\/\/pilt.com.ar\/parque-industrial\/author\/pilt\/"}]}},"jetpack_featured_media_url":"https:\/\/i0.wp.com\/pilt.com.ar\/parque-industrial\/wp-content\/uploads\/2021\/12\/WhatsApp-Image-2021-12-29-at-18.48.16.jpeg?fit=1280%2C720&ssl=1","jetpack_sharing_enabled":true,"_links":{"self":[{"href":"https:\/\/pilt.com.ar\/parque-industrial\/wp-json\/wp\/v2\/posts\/2031","targetHints":{"allow":["GET"]}}],"collection":[{"href":"https:\/\/pilt.com.ar\/parque-industrial\/wp-json\/wp\/v2\/posts"}],"about":[{"href":"https:\/\/pilt.com.ar\/parque-industrial\/wp-json\/wp\/v2\/types\/post"}],"author":[{"embeddable":true,"href":"https:\/\/pilt.com.ar\/parque-industrial\/wp-json\/wp\/v2\/users\/3"}],"replies":[{"embeddable":true,"href":"https:\/\/pilt.com.ar\/parque-industrial\/wp-json\/wp\/v2\/comments?post=2031"}],"version-history":[{"count":1,"href":"https:\/\/pilt.com.ar\/parque-industrial\/wp-json\/wp\/v2\/posts\/2031\/revisions"}],"predecessor-version":[{"id":2033,"href":"https:\/\/pilt.com.ar\/parque-industrial\/wp-json\/wp\/v2\/posts\/2031\/revisions\/2033"}],"wp:featuredmedia":[{"embeddable":true,"href":"https:\/\/pilt.com.ar\/parque-industrial\/wp-json\/wp\/v2\/media\/2032"}],"wp:attachment":[{"href":"https:\/\/pilt.com.ar\/parque-industrial\/wp-json\/wp\/v2\/media?parent=2031"}],"wp:term":[{"taxonomy":"category","embeddable":true,"href":"https:\/\/pilt.com.ar\/parque-industrial\/wp-json\/wp\/v2\/categories?post=2031"},{"taxonomy":"post_tag","embeddable":true,"href":"https:\/\/pilt.com.ar\/parque-industrial\/wp-json\/wp\/v2\/tags?post=2031"}],"curies":[{"name":"wp","href":"https:\/\/api.w.org\/{rel}","templated":true}]}}