{"id":2025,"date":"2021-12-16T10:49:34","date_gmt":"2021-12-16T13:49:34","guid":{"rendered":"https:\/\/pilt.com.ar\/parque-industrial\/?p=2025"},"modified":"2021-12-16T10:49:34","modified_gmt":"2021-12-16T13:49:34","slug":"la-sala-de-capacitacion-del-pilt-recordara-al-exvicepresidente-osmar-carrera","status":"publish","type":"post","link":"https:\/\/pilt.com.ar\/parque-industrial\/la-sala-de-capacitacion-del-pilt-recordara-al-exvicepresidente-osmar-carrera\/","title":{"rendered":"LA SALA DE CAPACITACI\u00d3N DEL PILT RECORDAR\u00c1 AL EXVICEPRESIDENTE OSMAR CARRERA"},"content":{"rendered":"\n<p class=\"has-text-align-center\"><strong><em>Distintas personalidades vinculadas a la vida comunitaria y personal del exdirectivo participaron del encuentro.<\/em><\/strong><\/p>\n\n\n\n<p class=\"has-text-align-justify\">En un emotivo acto el Parque Industrial, Log\u00edstico y Tecnol\u00f3gico Villa Mar\u00eda (PILT) impuso el nombre \u201cOsmar Carrera\u201d a la Sala de Capacitaci\u00f3n que posee la entidad, ubicada en el Edificio de Administraci\u00f3n.<\/p>\n\n\n\n<p class=\"has-text-align-justify\">Vale mencionar que Carrera, fallecido el 9 de noviembre del a\u00f1o pasado, fue un hist\u00f3rico dirigente gremial \u2013 estuvo cuatro per\u00edodos al frente de la Uni\u00f3n Obrera Metal\u00fargica (UOM) Villa Mar\u00eda &#8211; que particip\u00f3 desde sus inicios activamente en el desarrollo del PILT. En 2008 fue nombrado Director de la entidad por el Sector P\u00fablico y en 2018 pas\u00f3 a desempe\u00f1arse como Vicepresidente, formando parte sin interrupci\u00f3n en todo ese per\u00edodo de tiempo de la Comisi\u00f3n Directiva.<\/p>\n\n\n\n<p class=\"has-text-align-justify\">Durante el encuentro hizo uso de la palabra el presidente del PILT, Ing. Carlos Pizzorno, quien resalt\u00f3 la hombr\u00eda de bien y el trabajo incansable que llev\u00f3 adelante Carrera en la instituci\u00f3n. En ese sentido, y parafraseando al poeta espa\u00f1ol Antonio Machado, sostuvo que el exdirectivo dej\u00f3 una profunda huella en la entidad, un legado que marca el camino a seguir. Por su parte, el secretario de Educaci\u00f3n, Cultura y Promoci\u00f3n de la Ciencia de la Municipalidad de Villa Mar\u00eda, Prof. Rafael Sachetto, resalt\u00f3 la imposici\u00f3n del nombre a la Sala de Capacitaci\u00f3n, valorando el trabajo de Carrera por la educaci\u00f3n vinculada a la producci\u00f3n. Justamente a ese aspecto de la personalidad del homenajeado la destac\u00f3 su hijo Walter, quien mencion\u00f3 el af\u00e1n que puso el extinto para inculcar tanto a \u00e9l como a su hermana el valor de la educaci\u00f3n. En la oportunidad tambi\u00e9n expresaron sus sentimientos el secretario de la UOM Villa Mar\u00eda, Leonardo Lualdi y un amigo \u00edntimo, Carlos Airaldi.<\/p>\n\n\n\n<p class=\"has-text-align-justify\">Finalmente, Carlos Pizzorno invit\u00f3 a la viuda del directivo, Ana, y al resto de los familiares, a descubrir la placa donde queda plasmado el nombre dado a la Sala de Capacitaci\u00f3n.<\/p>\n\n\n\n<p class=\"has-text-align-justify\">Participaron del acto, adem\u00e1s de los nombrados precedentemente, el presidente del Concejo Deliberante, Carlos De Falco; presidente del Ente de Desarrollo Productivo, Franco Monetti; presidente de Federaci\u00f3n Comercial de C\u00f3rdoba (FEDECOM) y Director del Parque Industrial, Ezequiel Cerezo; secretario General de la Confederaci\u00f3n General del Trabajo (CGT) Regional Villa Mar\u00eda, Edgardo Garmendia; gerente del PILT, Carlos Montoto, y directores de la entidad; gerente de la Asociaci\u00f3n de Empresarios Regi\u00f3n Centro Argentino (AERCA), Ignacio Tovo; representantes sindicales; funcionarios municipales, como as\u00ed tambi\u00e9n familiares y allegados del directivo fallecido.<\/p>\n","protected":false},"excerpt":{"rendered":"<p>Distintas personalidades vinculadas a la vida comunitaria y personal del exdirectivo participaron del encuentro. En un emotivo acto el Parque Industrial, Log\u00edstico y Tecnol\u00f3gico Villa Mar\u00eda (PILT) impuso el nombre \u201cOsmar Carrera\u201d a la Sala de Capacitaci\u00f3n que posee la entidad, ubicada en el Edificio de Administraci\u00f3n. Vale mencionar que Carrera, fallecido el 9 de [&hellip;]<\/p>\n","protected":false},"author":3,"featured_media":2026,"comment_status":"open","ping_status":"open","sticky":false,"template":"","format":"standard","meta":{"_jetpack_memberships_contains_paid_content":false,"footnotes":""},"categories":[2],"tags":[],"class_list":["post-2025","post","type-post","status-publish","format-standard","has-post-thumbnail","hentry","category-noticias"],"yoast_head":"<!-- This site is optimized with the Yoast SEO plugin v27.5 - https:\/\/yoast.com\/product\/yoast-seo-wordpress\/ -->\n<title>LA SALA DE CAPACITACI\u00d3N DEL PILT RECORDAR\u00c1 AL EXVICEPRESIDENTE OSMAR CARRERA - PILT.com.ar<\/title>\n<meta name=\"robots\" content=\"index, follow, max-snippet:-1, max-image-preview:large, max-video-preview:-1\" \/>\n<link rel=\"canonical\" href=\"https:\/\/pilt.com.ar\/parque-industrial\/la-sala-de-capacitacion-del-pilt-recordara-al-exvicepresidente-osmar-carrera\/\" \/>\n<meta property=\"og:locale\" content=\"es_ES\" \/>\n<meta property=\"og:type\" content=\"article\" \/>\n<meta property=\"og:title\" content=\"LA SALA DE CAPACITACI\u00d3N DEL PILT RECORDAR\u00c1 AL EXVICEPRESIDENTE OSMAR CARRERA - PILT.com.ar\" \/>\n<meta property=\"og:description\" content=\"Distintas personalidades vinculadas a la vida comunitaria y personal del exdirectivo participaron del encuentro. En un emotivo acto el Parque Industrial, Log\u00edstico y Tecnol\u00f3gico Villa Mar\u00eda (PILT) impuso el nombre \u201cOsmar Carrera\u201d a la Sala de Capacitaci\u00f3n que posee la entidad, ubicada en el Edificio de Administraci\u00f3n. Vale mencionar que Carrera, fallecido el 9 de [&hellip;]\" \/>\n<meta property=\"og:url\" content=\"https:\/\/pilt.com.ar\/parque-industrial\/la-sala-de-capacitacion-del-pilt-recordara-al-exvicepresidente-osmar-carrera\/\" \/>\n<meta property=\"og:site_name\" content=\"PILT.com.ar\" \/>\n<meta property=\"article:published_time\" content=\"2021-12-16T13:49:34+00:00\" \/>\n<meta property=\"og:image\" content=\"https:\/\/i0.wp.com\/pilt.com.ar\/parque-industrial\/wp-content\/uploads\/2021\/12\/WhatsApp-Image-2021-12-13-at-19.17.30.jpeg?fit=1280%2C960&ssl=1\" \/>\n\t<meta property=\"og:image:width\" content=\"1280\" \/>\n\t<meta property=\"og:image:height\" content=\"960\" \/>\n\t<meta property=\"og:image:type\" content=\"image\/jpeg\" \/>\n<meta name=\"author\" content=\"PILT\" \/>\n<meta name=\"twitter:card\" content=\"summary_large_image\" \/>\n<meta name=\"twitter:label1\" content=\"Escrito por\" \/>\n\t<meta name=\"twitter:data1\" content=\"PILT\" \/>\n\t<meta name=\"twitter:label2\" content=\"Tiempo de lectura\" \/>\n\t<meta name=\"twitter:data2\" content=\"2 minutos\" \/>\n<script type=\"application\/ld+json\" class=\"yoast-schema-graph\">{\"@context\":\"https:\\\/\\\/schema.org\",\"@graph\":[{\"@type\":\"Article\",\"@id\":\"https:\\\/\\\/pilt.com.ar\\\/parque-industrial\\\/la-sala-de-capacitacion-del-pilt-recordara-al-exvicepresidente-osmar-carrera\\\/#article\",\"isPartOf\":{\"@id\":\"https:\\\/\\\/pilt.com.ar\\\/parque-industrial\\\/la-sala-de-capacitacion-del-pilt-recordara-al-exvicepresidente-osmar-carrera\\\/\"},\"author\":{\"name\":\"PILT\",\"@id\":\"https:\\\/\\\/pilt.com.ar\\\/parque-industrial\\\/#\\\/schema\\\/person\\\/2dfb9e2464de1c3deef20c25c30a8306\"},\"headline\":\"LA SALA DE CAPACITACI\u00d3N DEL PILT RECORDAR\u00c1 AL EXVICEPRESIDENTE OSMAR CARRERA\",\"datePublished\":\"2021-12-16T13:49:34+00:00\",\"mainEntityOfPage\":{\"@id\":\"https:\\\/\\\/pilt.com.ar\\\/parque-industrial\\\/la-sala-de-capacitacion-del-pilt-recordara-al-exvicepresidente-osmar-carrera\\\/\"},\"wordCount\":452,\"commentCount\":0,\"image\":{\"@id\":\"https:\\\/\\\/pilt.com.ar\\\/parque-industrial\\\/la-sala-de-capacitacion-del-pilt-recordara-al-exvicepresidente-osmar-carrera\\\/#primaryimage\"},\"thumbnailUrl\":\"https:\\\/\\\/i0.wp.com\\\/pilt.com.ar\\\/parque-industrial\\\/wp-content\\\/uploads\\\/2021\\\/12\\\/WhatsApp-Image-2021-12-13-at-19.17.30.jpeg?fit=1280%2C960&ssl=1\",\"articleSection\":[\"Noticias\"],\"inLanguage\":\"es\",\"potentialAction\":[{\"@type\":\"CommentAction\",\"name\":\"Comment\",\"target\":[\"https:\\\/\\\/pilt.com.ar\\\/parque-industrial\\\/la-sala-de-capacitacion-del-pilt-recordara-al-exvicepresidente-osmar-carrera\\\/#respond\"]}]},{\"@type\":\"WebPage\",\"@id\":\"https:\\\/\\\/pilt.com.ar\\\/parque-industrial\\\/la-sala-de-capacitacion-del-pilt-recordara-al-exvicepresidente-osmar-carrera\\\/\",\"url\":\"https:\\\/\\\/pilt.com.ar\\\/parque-industrial\\\/la-sala-de-capacitacion-del-pilt-recordara-al-exvicepresidente-osmar-carrera\\\/\",\"name\":\"LA SALA DE CAPACITACI\u00d3N DEL PILT RECORDAR\u00c1 AL EXVICEPRESIDENTE OSMAR CARRERA - PILT.com.ar\",\"isPartOf\":{\"@id\":\"https:\\\/\\\/pilt.com.ar\\\/parque-industrial\\\/#website\"},\"primaryImageOfPage\":{\"@id\":\"https:\\\/\\\/pilt.com.ar\\\/parque-industrial\\\/la-sala-de-capacitacion-del-pilt-recordara-al-exvicepresidente-osmar-carrera\\\/#primaryimage\"},\"image\":{\"@id\":\"https:\\\/\\\/pilt.com.ar\\\/parque-industrial\\\/la-sala-de-capacitacion-del-pilt-recordara-al-exvicepresidente-osmar-carrera\\\/#primaryimage\"},\"thumbnailUrl\":\"https:\\\/\\\/i0.wp.com\\\/pilt.com.ar\\\/parque-industrial\\\/wp-content\\\/uploads\\\/2021\\\/12\\\/WhatsApp-Image-2021-12-13-at-19.17.30.jpeg?fit=1280%2C960&ssl=1\",\"datePublished\":\"2021-12-16T13:49:34+00:00\",\"author\":{\"@id\":\"https:\\\/\\\/pilt.com.ar\\\/parque-industrial\\\/#\\\/schema\\\/person\\\/2dfb9e2464de1c3deef20c25c30a8306\"},\"inLanguage\":\"es\",\"potentialAction\":[{\"@type\":\"ReadAction\",\"target\":[\"https:\\\/\\\/pilt.com.ar\\\/parque-industrial\\\/la-sala-de-capacitacion-del-pilt-recordara-al-exvicepresidente-osmar-carrera\\\/\"]}]},{\"@type\":\"ImageObject\",\"inLanguage\":\"es\",\"@id\":\"https:\\\/\\\/pilt.com.ar\\\/parque-industrial\\\/la-sala-de-capacitacion-del-pilt-recordara-al-exvicepresidente-osmar-carrera\\\/#primaryimage\",\"url\":\"https:\\\/\\\/i0.wp.com\\\/pilt.com.ar\\\/parque-industrial\\\/wp-content\\\/uploads\\\/2021\\\/12\\\/WhatsApp-Image-2021-12-13-at-19.17.30.jpeg?fit=1280%2C960&ssl=1\",\"contentUrl\":\"https:\\\/\\\/i0.wp.com\\\/pilt.com.ar\\\/parque-industrial\\\/wp-content\\\/uploads\\\/2021\\\/12\\\/WhatsApp-Image-2021-12-13-at-19.17.30.jpeg?fit=1280%2C960&ssl=1\",\"width\":1280,\"height\":960},{\"@type\":\"WebSite\",\"@id\":\"https:\\\/\\\/pilt.com.ar\\\/parque-industrial\\\/#website\",\"url\":\"https:\\\/\\\/pilt.com.ar\\\/parque-industrial\\\/\",\"name\":\"PILT.com.ar\",\"description\":\"Parque Industrial, Log\u00edstico y Tecnol\u00f3gico Villa Mar\u00eda\",\"potentialAction\":[{\"@type\":\"SearchAction\",\"target\":{\"@type\":\"EntryPoint\",\"urlTemplate\":\"https:\\\/\\\/pilt.com.ar\\\/parque-industrial\\\/?s={search_term_string}\"},\"query-input\":{\"@type\":\"PropertyValueSpecification\",\"valueRequired\":true,\"valueName\":\"search_term_string\"}}],\"inLanguage\":\"es\"},{\"@type\":\"Person\",\"@id\":\"https:\\\/\\\/pilt.com.ar\\\/parque-industrial\\\/#\\\/schema\\\/person\\\/2dfb9e2464de1c3deef20c25c30a8306\",\"name\":\"PILT\",\"image\":{\"@type\":\"ImageObject\",\"inLanguage\":\"es\",\"@id\":\"https:\\\/\\\/secure.gravatar.com\\\/avatar\\\/5e3734c8d8c8e0b0d45f923c14a14d7b90521d573d02f0d91360a777095ee42b?s=96&d=mm&r=g\",\"url\":\"https:\\\/\\\/secure.gravatar.com\\\/avatar\\\/5e3734c8d8c8e0b0d45f923c14a14d7b90521d573d02f0d91360a777095ee42b?s=96&d=mm&r=g\",\"contentUrl\":\"https:\\\/\\\/secure.gravatar.com\\\/avatar\\\/5e3734c8d8c8e0b0d45f923c14a14d7b90521d573d02f0d91360a777095ee42b?s=96&d=mm&r=g\",\"caption\":\"PILT\"},\"url\":\"https:\\\/\\\/pilt.com.ar\\\/parque-industrial\\\/author\\\/pilt\\\/\"}]}<\/script>\n<!-- \/ Yoast SEO plugin. -->","yoast_head_json":{"title":"LA SALA DE CAPACITACI\u00d3N DEL PILT RECORDAR\u00c1 AL EXVICEPRESIDENTE OSMAR CARRERA - PILT.com.ar","robots":{"index":"index","follow":"follow","max-snippet":"max-snippet:-1","max-image-preview":"max-image-preview:large","max-video-preview":"max-video-preview:-1"},"canonical":"https:\/\/pilt.com.ar\/parque-industrial\/la-sala-de-capacitacion-del-pilt-recordara-al-exvicepresidente-osmar-carrera\/","og_locale":"es_ES","og_type":"article","og_title":"LA SALA DE CAPACITACI\u00d3N DEL PILT RECORDAR\u00c1 AL EXVICEPRESIDENTE OSMAR CARRERA - PILT.com.ar","og_description":"Distintas personalidades vinculadas a la vida comunitaria y personal del exdirectivo participaron del encuentro. En un emotivo acto el Parque Industrial, Log\u00edstico y Tecnol\u00f3gico Villa Mar\u00eda (PILT) impuso el nombre \u201cOsmar Carrera\u201d a la Sala de Capacitaci\u00f3n que posee la entidad, ubicada en el Edificio de Administraci\u00f3n. Vale mencionar que Carrera, fallecido el 9 de [&hellip;]","og_url":"https:\/\/pilt.com.ar\/parque-industrial\/la-sala-de-capacitacion-del-pilt-recordara-al-exvicepresidente-osmar-carrera\/","og_site_name":"PILT.com.ar","article_published_time":"2021-12-16T13:49:34+00:00","og_image":[{"width":1280,"height":960,"url":"https:\/\/i0.wp.com\/pilt.com.ar\/parque-industrial\/wp-content\/uploads\/2021\/12\/WhatsApp-Image-2021-12-13-at-19.17.30.jpeg?fit=1280%2C960&ssl=1","type":"image\/jpeg"}],"author":"PILT","twitter_card":"summary_large_image","twitter_misc":{"Escrito por":"PILT","Tiempo de lectura":"2 minutos"},"schema":{"@context":"https:\/\/schema.org","@graph":[{"@type":"Article","@id":"https:\/\/pilt.com.ar\/parque-industrial\/la-sala-de-capacitacion-del-pilt-recordara-al-exvicepresidente-osmar-carrera\/#article","isPartOf":{"@id":"https:\/\/pilt.com.ar\/parque-industrial\/la-sala-de-capacitacion-del-pilt-recordara-al-exvicepresidente-osmar-carrera\/"},"author":{"name":"PILT","@id":"https:\/\/pilt.com.ar\/parque-industrial\/#\/schema\/person\/2dfb9e2464de1c3deef20c25c30a8306"},"headline":"LA SALA DE CAPACITACI\u00d3N DEL PILT RECORDAR\u00c1 AL EXVICEPRESIDENTE OSMAR CARRERA","datePublished":"2021-12-16T13:49:34+00:00","mainEntityOfPage":{"@id":"https:\/\/pilt.com.ar\/parque-industrial\/la-sala-de-capacitacion-del-pilt-recordara-al-exvicepresidente-osmar-carrera\/"},"wordCount":452,"commentCount":0,"image":{"@id":"https:\/\/pilt.com.ar\/parque-industrial\/la-sala-de-capacitacion-del-pilt-recordara-al-exvicepresidente-osmar-carrera\/#primaryimage"},"thumbnailUrl":"https:\/\/i0.wp.com\/pilt.com.ar\/parque-industrial\/wp-content\/uploads\/2021\/12\/WhatsApp-Image-2021-12-13-at-19.17.30.jpeg?fit=1280%2C960&ssl=1","articleSection":["Noticias"],"inLanguage":"es","potentialAction":[{"@type":"CommentAction","name":"Comment","target":["https:\/\/pilt.com.ar\/parque-industrial\/la-sala-de-capacitacion-del-pilt-recordara-al-exvicepresidente-osmar-carrera\/#respond"]}]},{"@type":"WebPage","@id":"https:\/\/pilt.com.ar\/parque-industrial\/la-sala-de-capacitacion-del-pilt-recordara-al-exvicepresidente-osmar-carrera\/","url":"https:\/\/pilt.com.ar\/parque-industrial\/la-sala-de-capacitacion-del-pilt-recordara-al-exvicepresidente-osmar-carrera\/","name":"LA SALA DE CAPACITACI\u00d3N DEL PILT RECORDAR\u00c1 AL EXVICEPRESIDENTE OSMAR CARRERA - PILT.com.ar","isPartOf":{"@id":"https:\/\/pilt.com.ar\/parque-industrial\/#website"},"primaryImageOfPage":{"@id":"https:\/\/pilt.com.ar\/parque-industrial\/la-sala-de-capacitacion-del-pilt-recordara-al-exvicepresidente-osmar-carrera\/#primaryimage"},"image":{"@id":"https:\/\/pilt.com.ar\/parque-industrial\/la-sala-de-capacitacion-del-pilt-recordara-al-exvicepresidente-osmar-carrera\/#primaryimage"},"thumbnailUrl":"https:\/\/i0.wp.com\/pilt.com.ar\/parque-industrial\/wp-content\/uploads\/2021\/12\/WhatsApp-Image-2021-12-13-at-19.17.30.jpeg?fit=1280%2C960&ssl=1","datePublished":"2021-12-16T13:49:34+00:00","author":{"@id":"https:\/\/pilt.com.ar\/parque-industrial\/#\/schema\/person\/2dfb9e2464de1c3deef20c25c30a8306"},"inLanguage":"es","potentialAction":[{"@type":"ReadAction","target":["https:\/\/pilt.com.ar\/parque-industrial\/la-sala-de-capacitacion-del-pilt-recordara-al-exvicepresidente-osmar-carrera\/"]}]},{"@type":"ImageObject","inLanguage":"es","@id":"https:\/\/pilt.com.ar\/parque-industrial\/la-sala-de-capacitacion-del-pilt-recordara-al-exvicepresidente-osmar-carrera\/#primaryimage","url":"https:\/\/i0.wp.com\/pilt.com.ar\/parque-industrial\/wp-content\/uploads\/2021\/12\/WhatsApp-Image-2021-12-13-at-19.17.30.jpeg?fit=1280%2C960&ssl=1","contentUrl":"https:\/\/i0.wp.com\/pilt.com.ar\/parque-industrial\/wp-content\/uploads\/2021\/12\/WhatsApp-Image-2021-12-13-at-19.17.30.jpeg?fit=1280%2C960&ssl=1","width":1280,"height":960},{"@type":"WebSite","@id":"https:\/\/pilt.com.ar\/parque-industrial\/#website","url":"https:\/\/pilt.com.ar\/parque-industrial\/","name":"PILT.com.ar","description":"Parque Industrial, Log\u00edstico y Tecnol\u00f3gico Villa Mar\u00eda","potentialAction":[{"@type":"SearchAction","target":{"@type":"EntryPoint","urlTemplate":"https:\/\/pilt.com.ar\/parque-industrial\/?s={search_term_string}"},"query-input":{"@type":"PropertyValueSpecification","valueRequired":true,"valueName":"search_term_string"}}],"inLanguage":"es"},{"@type":"Person","@id":"https:\/\/pilt.com.ar\/parque-industrial\/#\/schema\/person\/2dfb9e2464de1c3deef20c25c30a8306","name":"PILT","image":{"@type":"ImageObject","inLanguage":"es","@id":"https:\/\/secure.gravatar.com\/avatar\/5e3734c8d8c8e0b0d45f923c14a14d7b90521d573d02f0d91360a777095ee42b?s=96&d=mm&r=g","url":"https:\/\/secure.gravatar.com\/avatar\/5e3734c8d8c8e0b0d45f923c14a14d7b90521d573d02f0d91360a777095ee42b?s=96&d=mm&r=g","contentUrl":"https:\/\/secure.gravatar.com\/avatar\/5e3734c8d8c8e0b0d45f923c14a14d7b90521d573d02f0d91360a777095ee42b?s=96&d=mm&r=g","caption":"PILT"},"url":"https:\/\/pilt.com.ar\/parque-industrial\/author\/pilt\/"}]}},"jetpack_featured_media_url":"https:\/\/i0.wp.com\/pilt.com.ar\/parque-industrial\/wp-content\/uploads\/2021\/12\/WhatsApp-Image-2021-12-13-at-19.17.30.jpeg?fit=1280%2C960&ssl=1","jetpack_sharing_enabled":true,"_links":{"self":[{"href":"https:\/\/pilt.com.ar\/parque-industrial\/wp-json\/wp\/v2\/posts\/2025","targetHints":{"allow":["GET"]}}],"collection":[{"href":"https:\/\/pilt.com.ar\/parque-industrial\/wp-json\/wp\/v2\/posts"}],"about":[{"href":"https:\/\/pilt.com.ar\/parque-industrial\/wp-json\/wp\/v2\/types\/post"}],"author":[{"embeddable":true,"href":"https:\/\/pilt.com.ar\/parque-industrial\/wp-json\/wp\/v2\/users\/3"}],"replies":[{"embeddable":true,"href":"https:\/\/pilt.com.ar\/parque-industrial\/wp-json\/wp\/v2\/comments?post=2025"}],"version-history":[{"count":1,"href":"https:\/\/pilt.com.ar\/parque-industrial\/wp-json\/wp\/v2\/posts\/2025\/revisions"}],"predecessor-version":[{"id":2027,"href":"https:\/\/pilt.com.ar\/parque-industrial\/wp-json\/wp\/v2\/posts\/2025\/revisions\/2027"}],"wp:featuredmedia":[{"embeddable":true,"href":"https:\/\/pilt.com.ar\/parque-industrial\/wp-json\/wp\/v2\/media\/2026"}],"wp:attachment":[{"href":"https:\/\/pilt.com.ar\/parque-industrial\/wp-json\/wp\/v2\/media?parent=2025"}],"wp:term":[{"taxonomy":"category","embeddable":true,"href":"https:\/\/pilt.com.ar\/parque-industrial\/wp-json\/wp\/v2\/categories?post=2025"},{"taxonomy":"post_tag","embeddable":true,"href":"https:\/\/pilt.com.ar\/parque-industrial\/wp-json\/wp\/v2\/tags?post=2025"}],"curies":[{"name":"wp","href":"https:\/\/api.w.org\/{rel}","templated":true}]}}