{"id":2011,"date":"2021-11-19T09:31:46","date_gmt":"2021-11-19T12:31:46","guid":{"rendered":"https:\/\/pilt.com.ar\/parque-industrial\/?p=2011"},"modified":"2021-11-19T09:31:47","modified_gmt":"2021-11-19T12:31:47","slug":"se-termino-de-montar-la-estructura-de-la-nave-para-emprendedores-ii","status":"publish","type":"post","link":"https:\/\/pilt.com.ar\/parque-industrial\/se-termino-de-montar-la-estructura-de-la-nave-para-emprendedores-ii\/","title":{"rendered":"SE TERMIN\u00d3 DE MONTAR LA ESTRUCTURA DE LA NAVE PARA EMPRENDEDORES II"},"content":{"rendered":"\n<p class=\"has-text-align-center\"><strong><em>Contin\u00faa avanzando la obra en el espacio que cobijar\u00e1 a emprendedores del rubro de la alimentaci\u00f3n<\/em><\/strong><\/p>\n\n\n\n<p class=\"has-text-align-justify\">La Nave para Emprendedores II, proyecto que desarrolla el Parque Industrial, Log\u00edstico y Tecnol\u00f3gico Villa Mar\u00eda (PILT), va tomando cuerpo. D\u00edas pasados finaliz\u00f3 el montaje de la estructura portante de la futura nave industrial. La misma, conformada por columnas y vigas de alma llena, se encuentra completamente ensamblada permitiendo vislumbrar la magnitud de la construcci\u00f3n.<\/p>\n\n\n\n<p class=\"has-text-align-justify\">Tambi\u00e9n est\u00e1n disponibles los paneles termoaislantes, fabricados con tecnolog\u00eda italiana provista por una de las empresas m\u00e1s reconocidas en la tem\u00e1tica a nivel nacional e internacional.<\/p>\n\n\n\n<p class=\"has-text-align-justify\">Asimismo, en los pr\u00f3ximos d\u00edas se completar\u00e1n los preparativos para la colocaci\u00f3n de la cubierta de techo, ideado a dos aguas, que en su parte m\u00e1s elevada alcanzar\u00e1 los 8 metros de altura.<\/p>\n\n\n\n<p class=\"has-text-align-justify\">La obra tiene un presupuesto de $75 millones, 40 aportados por el Gobierno nacional y los 35 restantes por el PILT.<\/p>\n\n\n\n<p><strong>Caracter\u00edsticas<\/strong><\/p>\n\n\n\n<p class=\"has-text-align-justify\">El proyecto contempla la construcci\u00f3n de una nave industrial de 30 metros de frente por 50 de largo, completando una superficie \u00fatil de 1.500 metros cuadrados. All\u00ed se alojar\u00e1n ocho locales de iguales dimensiones, contando cada uno de ellos con todos los servicios necesarios para poder realizar las actividades productivas, incluido el tratamiento de efluentes. El desarrollo se completa con una calle perimetral iluminada y se\u00f1alizada, que facilitar\u00e1 el ingreso a los locales.&nbsp;<\/p>\n\n\n\n<p class=\"has-text-align-justify\">Una vez finalizada la obra se receptar\u00e1n las solicitudes de los interesados, las que ser\u00e1n analizadas por una comisi\u00f3n evaluadora constituida por representantes de distintas instituciones vinculadas al ecosistema emprendedor.<\/p>\n\n\n\n<p class=\"has-text-align-justify\">El Programa Nave para Emprendedores posibilita a n\u00f3veles empresas el acceso a un espacio con todas las comodidades y requisitos para llevar adelante actividades productivas, con un alquiler sensiblemente menor al de mercado, el que se va incrementando progresivamente a medida que los proyectos se fortalecen.&nbsp;<\/p>\n","protected":false},"excerpt":{"rendered":"<p>Contin\u00faa avanzando la obra en el espacio que cobijar\u00e1 a emprendedores del rubro de la alimentaci\u00f3n La Nave para Emprendedores II, proyecto que desarrolla el Parque Industrial, Log\u00edstico y Tecnol\u00f3gico Villa Mar\u00eda (PILT), va tomando cuerpo. D\u00edas pasados finaliz\u00f3 el montaje de la estructura portante de la futura nave industrial. La misma, conformada por columnas [&hellip;]<\/p>\n","protected":false},"author":3,"featured_media":2012,"comment_status":"open","ping_status":"open","sticky":false,"template":"","format":"standard","meta":{"_jetpack_memberships_contains_paid_content":false,"footnotes":""},"categories":[2],"tags":[],"class_list":["post-2011","post","type-post","status-publish","format-standard","has-post-thumbnail","hentry","category-noticias"],"yoast_head":"<!-- This site is optimized with the Yoast SEO plugin v27.5 - https:\/\/yoast.com\/product\/yoast-seo-wordpress\/ -->\n<title>SE TERMIN\u00d3 DE MONTAR LA ESTRUCTURA DE LA NAVE PARA EMPRENDEDORES II - PILT.com.ar<\/title>\n<meta name=\"robots\" content=\"index, follow, max-snippet:-1, max-image-preview:large, max-video-preview:-1\" \/>\n<link rel=\"canonical\" href=\"https:\/\/pilt.com.ar\/parque-industrial\/se-termino-de-montar-la-estructura-de-la-nave-para-emprendedores-ii\/\" \/>\n<meta property=\"og:locale\" content=\"es_ES\" \/>\n<meta property=\"og:type\" content=\"article\" \/>\n<meta property=\"og:title\" content=\"SE TERMIN\u00d3 DE MONTAR LA ESTRUCTURA DE LA NAVE PARA EMPRENDEDORES II - PILT.com.ar\" \/>\n<meta property=\"og:description\" content=\"Contin\u00faa avanzando la obra en el espacio que cobijar\u00e1 a emprendedores del rubro de la alimentaci\u00f3n La Nave para Emprendedores II, proyecto que desarrolla el Parque Industrial, Log\u00edstico y Tecnol\u00f3gico Villa Mar\u00eda (PILT), va tomando cuerpo. D\u00edas pasados finaliz\u00f3 el montaje de la estructura portante de la futura nave industrial. La misma, conformada por columnas [&hellip;]\" \/>\n<meta property=\"og:url\" content=\"https:\/\/pilt.com.ar\/parque-industrial\/se-termino-de-montar-la-estructura-de-la-nave-para-emprendedores-ii\/\" \/>\n<meta property=\"og:site_name\" content=\"PILT.com.ar\" \/>\n<meta property=\"article:published_time\" content=\"2021-11-19T12:31:46+00:00\" \/>\n<meta property=\"article:modified_time\" content=\"2021-11-19T12:31:47+00:00\" \/>\n<meta property=\"og:image\" content=\"https:\/\/i0.wp.com\/pilt.com.ar\/parque-industrial\/wp-content\/uploads\/2021\/11\/WhatsApp-Image-2021-11-18-at-18.30.41.jpeg?fit=562%2C423&ssl=1\" \/>\n\t<meta property=\"og:image:width\" content=\"562\" \/>\n\t<meta property=\"og:image:height\" content=\"423\" \/>\n\t<meta property=\"og:image:type\" content=\"image\/jpeg\" \/>\n<meta name=\"author\" content=\"PILT\" \/>\n<meta name=\"twitter:card\" content=\"summary_large_image\" \/>\n<meta name=\"twitter:label1\" content=\"Escrito por\" \/>\n\t<meta name=\"twitter:data1\" content=\"PILT\" \/>\n\t<meta name=\"twitter:label2\" content=\"Tiempo de lectura\" \/>\n\t<meta name=\"twitter:data2\" content=\"2 minutos\" \/>\n<script type=\"application\/ld+json\" class=\"yoast-schema-graph\">{\"@context\":\"https:\\\/\\\/schema.org\",\"@graph\":[{\"@type\":\"Article\",\"@id\":\"https:\\\/\\\/pilt.com.ar\\\/parque-industrial\\\/se-termino-de-montar-la-estructura-de-la-nave-para-emprendedores-ii\\\/#article\",\"isPartOf\":{\"@id\":\"https:\\\/\\\/pilt.com.ar\\\/parque-industrial\\\/se-termino-de-montar-la-estructura-de-la-nave-para-emprendedores-ii\\\/\"},\"author\":{\"name\":\"PILT\",\"@id\":\"https:\\\/\\\/pilt.com.ar\\\/parque-industrial\\\/#\\\/schema\\\/person\\\/2dfb9e2464de1c3deef20c25c30a8306\"},\"headline\":\"SE TERMIN\u00d3 DE MONTAR LA ESTRUCTURA DE LA NAVE PARA EMPRENDEDORES II\",\"datePublished\":\"2021-11-19T12:31:46+00:00\",\"dateModified\":\"2021-11-19T12:31:47+00:00\",\"mainEntityOfPage\":{\"@id\":\"https:\\\/\\\/pilt.com.ar\\\/parque-industrial\\\/se-termino-de-montar-la-estructura-de-la-nave-para-emprendedores-ii\\\/\"},\"wordCount\":333,\"commentCount\":0,\"image\":{\"@id\":\"https:\\\/\\\/pilt.com.ar\\\/parque-industrial\\\/se-termino-de-montar-la-estructura-de-la-nave-para-emprendedores-ii\\\/#primaryimage\"},\"thumbnailUrl\":\"https:\\\/\\\/i0.wp.com\\\/pilt.com.ar\\\/parque-industrial\\\/wp-content\\\/uploads\\\/2021\\\/11\\\/WhatsApp-Image-2021-11-18-at-18.30.41.jpeg?fit=562%2C423&ssl=1\",\"articleSection\":[\"Noticias\"],\"inLanguage\":\"es\",\"potentialAction\":[{\"@type\":\"CommentAction\",\"name\":\"Comment\",\"target\":[\"https:\\\/\\\/pilt.com.ar\\\/parque-industrial\\\/se-termino-de-montar-la-estructura-de-la-nave-para-emprendedores-ii\\\/#respond\"]}]},{\"@type\":\"WebPage\",\"@id\":\"https:\\\/\\\/pilt.com.ar\\\/parque-industrial\\\/se-termino-de-montar-la-estructura-de-la-nave-para-emprendedores-ii\\\/\",\"url\":\"https:\\\/\\\/pilt.com.ar\\\/parque-industrial\\\/se-termino-de-montar-la-estructura-de-la-nave-para-emprendedores-ii\\\/\",\"name\":\"SE TERMIN\u00d3 DE MONTAR LA ESTRUCTURA DE LA NAVE PARA EMPRENDEDORES II - PILT.com.ar\",\"isPartOf\":{\"@id\":\"https:\\\/\\\/pilt.com.ar\\\/parque-industrial\\\/#website\"},\"primaryImageOfPage\":{\"@id\":\"https:\\\/\\\/pilt.com.ar\\\/parque-industrial\\\/se-termino-de-montar-la-estructura-de-la-nave-para-emprendedores-ii\\\/#primaryimage\"},\"image\":{\"@id\":\"https:\\\/\\\/pilt.com.ar\\\/parque-industrial\\\/se-termino-de-montar-la-estructura-de-la-nave-para-emprendedores-ii\\\/#primaryimage\"},\"thumbnailUrl\":\"https:\\\/\\\/i0.wp.com\\\/pilt.com.ar\\\/parque-industrial\\\/wp-content\\\/uploads\\\/2021\\\/11\\\/WhatsApp-Image-2021-11-18-at-18.30.41.jpeg?fit=562%2C423&ssl=1\",\"datePublished\":\"2021-11-19T12:31:46+00:00\",\"dateModified\":\"2021-11-19T12:31:47+00:00\",\"author\":{\"@id\":\"https:\\\/\\\/pilt.com.ar\\\/parque-industrial\\\/#\\\/schema\\\/person\\\/2dfb9e2464de1c3deef20c25c30a8306\"},\"inLanguage\":\"es\",\"potentialAction\":[{\"@type\":\"ReadAction\",\"target\":[\"https:\\\/\\\/pilt.com.ar\\\/parque-industrial\\\/se-termino-de-montar-la-estructura-de-la-nave-para-emprendedores-ii\\\/\"]}]},{\"@type\":\"ImageObject\",\"inLanguage\":\"es\",\"@id\":\"https:\\\/\\\/pilt.com.ar\\\/parque-industrial\\\/se-termino-de-montar-la-estructura-de-la-nave-para-emprendedores-ii\\\/#primaryimage\",\"url\":\"https:\\\/\\\/i0.wp.com\\\/pilt.com.ar\\\/parque-industrial\\\/wp-content\\\/uploads\\\/2021\\\/11\\\/WhatsApp-Image-2021-11-18-at-18.30.41.jpeg?fit=562%2C423&ssl=1\",\"contentUrl\":\"https:\\\/\\\/i0.wp.com\\\/pilt.com.ar\\\/parque-industrial\\\/wp-content\\\/uploads\\\/2021\\\/11\\\/WhatsApp-Image-2021-11-18-at-18.30.41.jpeg?fit=562%2C423&ssl=1\",\"width\":562,\"height\":423},{\"@type\":\"WebSite\",\"@id\":\"https:\\\/\\\/pilt.com.ar\\\/parque-industrial\\\/#website\",\"url\":\"https:\\\/\\\/pilt.com.ar\\\/parque-industrial\\\/\",\"name\":\"PILT.com.ar\",\"description\":\"Parque Industrial, Log\u00edstico y Tecnol\u00f3gico Villa Mar\u00eda\",\"potentialAction\":[{\"@type\":\"SearchAction\",\"target\":{\"@type\":\"EntryPoint\",\"urlTemplate\":\"https:\\\/\\\/pilt.com.ar\\\/parque-industrial\\\/?s={search_term_string}\"},\"query-input\":{\"@type\":\"PropertyValueSpecification\",\"valueRequired\":true,\"valueName\":\"search_term_string\"}}],\"inLanguage\":\"es\"},{\"@type\":\"Person\",\"@id\":\"https:\\\/\\\/pilt.com.ar\\\/parque-industrial\\\/#\\\/schema\\\/person\\\/2dfb9e2464de1c3deef20c25c30a8306\",\"name\":\"PILT\",\"image\":{\"@type\":\"ImageObject\",\"inLanguage\":\"es\",\"@id\":\"https:\\\/\\\/secure.gravatar.com\\\/avatar\\\/5e3734c8d8c8e0b0d45f923c14a14d7b90521d573d02f0d91360a777095ee42b?s=96&d=mm&r=g\",\"url\":\"https:\\\/\\\/secure.gravatar.com\\\/avatar\\\/5e3734c8d8c8e0b0d45f923c14a14d7b90521d573d02f0d91360a777095ee42b?s=96&d=mm&r=g\",\"contentUrl\":\"https:\\\/\\\/secure.gravatar.com\\\/avatar\\\/5e3734c8d8c8e0b0d45f923c14a14d7b90521d573d02f0d91360a777095ee42b?s=96&d=mm&r=g\",\"caption\":\"PILT\"},\"url\":\"https:\\\/\\\/pilt.com.ar\\\/parque-industrial\\\/author\\\/pilt\\\/\"}]}<\/script>\n<!-- \/ Yoast SEO plugin. -->","yoast_head_json":{"title":"SE TERMIN\u00d3 DE MONTAR LA ESTRUCTURA DE LA NAVE PARA EMPRENDEDORES II - PILT.com.ar","robots":{"index":"index","follow":"follow","max-snippet":"max-snippet:-1","max-image-preview":"max-image-preview:large","max-video-preview":"max-video-preview:-1"},"canonical":"https:\/\/pilt.com.ar\/parque-industrial\/se-termino-de-montar-la-estructura-de-la-nave-para-emprendedores-ii\/","og_locale":"es_ES","og_type":"article","og_title":"SE TERMIN\u00d3 DE MONTAR LA ESTRUCTURA DE LA NAVE PARA EMPRENDEDORES II - PILT.com.ar","og_description":"Contin\u00faa avanzando la obra en el espacio que cobijar\u00e1 a emprendedores del rubro de la alimentaci\u00f3n La Nave para Emprendedores II, proyecto que desarrolla el Parque Industrial, Log\u00edstico y Tecnol\u00f3gico Villa Mar\u00eda (PILT), va tomando cuerpo. D\u00edas pasados finaliz\u00f3 el montaje de la estructura portante de la futura nave industrial. La misma, conformada por columnas [&hellip;]","og_url":"https:\/\/pilt.com.ar\/parque-industrial\/se-termino-de-montar-la-estructura-de-la-nave-para-emprendedores-ii\/","og_site_name":"PILT.com.ar","article_published_time":"2021-11-19T12:31:46+00:00","article_modified_time":"2021-11-19T12:31:47+00:00","og_image":[{"width":562,"height":423,"url":"https:\/\/i0.wp.com\/pilt.com.ar\/parque-industrial\/wp-content\/uploads\/2021\/11\/WhatsApp-Image-2021-11-18-at-18.30.41.jpeg?fit=562%2C423&ssl=1","type":"image\/jpeg"}],"author":"PILT","twitter_card":"summary_large_image","twitter_misc":{"Escrito por":"PILT","Tiempo de lectura":"2 minutos"},"schema":{"@context":"https:\/\/schema.org","@graph":[{"@type":"Article","@id":"https:\/\/pilt.com.ar\/parque-industrial\/se-termino-de-montar-la-estructura-de-la-nave-para-emprendedores-ii\/#article","isPartOf":{"@id":"https:\/\/pilt.com.ar\/parque-industrial\/se-termino-de-montar-la-estructura-de-la-nave-para-emprendedores-ii\/"},"author":{"name":"PILT","@id":"https:\/\/pilt.com.ar\/parque-industrial\/#\/schema\/person\/2dfb9e2464de1c3deef20c25c30a8306"},"headline":"SE TERMIN\u00d3 DE MONTAR LA ESTRUCTURA DE LA NAVE PARA EMPRENDEDORES II","datePublished":"2021-11-19T12:31:46+00:00","dateModified":"2021-11-19T12:31:47+00:00","mainEntityOfPage":{"@id":"https:\/\/pilt.com.ar\/parque-industrial\/se-termino-de-montar-la-estructura-de-la-nave-para-emprendedores-ii\/"},"wordCount":333,"commentCount":0,"image":{"@id":"https:\/\/pilt.com.ar\/parque-industrial\/se-termino-de-montar-la-estructura-de-la-nave-para-emprendedores-ii\/#primaryimage"},"thumbnailUrl":"https:\/\/i0.wp.com\/pilt.com.ar\/parque-industrial\/wp-content\/uploads\/2021\/11\/WhatsApp-Image-2021-11-18-at-18.30.41.jpeg?fit=562%2C423&ssl=1","articleSection":["Noticias"],"inLanguage":"es","potentialAction":[{"@type":"CommentAction","name":"Comment","target":["https:\/\/pilt.com.ar\/parque-industrial\/se-termino-de-montar-la-estructura-de-la-nave-para-emprendedores-ii\/#respond"]}]},{"@type":"WebPage","@id":"https:\/\/pilt.com.ar\/parque-industrial\/se-termino-de-montar-la-estructura-de-la-nave-para-emprendedores-ii\/","url":"https:\/\/pilt.com.ar\/parque-industrial\/se-termino-de-montar-la-estructura-de-la-nave-para-emprendedores-ii\/","name":"SE TERMIN\u00d3 DE MONTAR LA ESTRUCTURA DE LA NAVE PARA EMPRENDEDORES II - PILT.com.ar","isPartOf":{"@id":"https:\/\/pilt.com.ar\/parque-industrial\/#website"},"primaryImageOfPage":{"@id":"https:\/\/pilt.com.ar\/parque-industrial\/se-termino-de-montar-la-estructura-de-la-nave-para-emprendedores-ii\/#primaryimage"},"image":{"@id":"https:\/\/pilt.com.ar\/parque-industrial\/se-termino-de-montar-la-estructura-de-la-nave-para-emprendedores-ii\/#primaryimage"},"thumbnailUrl":"https:\/\/i0.wp.com\/pilt.com.ar\/parque-industrial\/wp-content\/uploads\/2021\/11\/WhatsApp-Image-2021-11-18-at-18.30.41.jpeg?fit=562%2C423&ssl=1","datePublished":"2021-11-19T12:31:46+00:00","dateModified":"2021-11-19T12:31:47+00:00","author":{"@id":"https:\/\/pilt.com.ar\/parque-industrial\/#\/schema\/person\/2dfb9e2464de1c3deef20c25c30a8306"},"inLanguage":"es","potentialAction":[{"@type":"ReadAction","target":["https:\/\/pilt.com.ar\/parque-industrial\/se-termino-de-montar-la-estructura-de-la-nave-para-emprendedores-ii\/"]}]},{"@type":"ImageObject","inLanguage":"es","@id":"https:\/\/pilt.com.ar\/parque-industrial\/se-termino-de-montar-la-estructura-de-la-nave-para-emprendedores-ii\/#primaryimage","url":"https:\/\/i0.wp.com\/pilt.com.ar\/parque-industrial\/wp-content\/uploads\/2021\/11\/WhatsApp-Image-2021-11-18-at-18.30.41.jpeg?fit=562%2C423&ssl=1","contentUrl":"https:\/\/i0.wp.com\/pilt.com.ar\/parque-industrial\/wp-content\/uploads\/2021\/11\/WhatsApp-Image-2021-11-18-at-18.30.41.jpeg?fit=562%2C423&ssl=1","width":562,"height":423},{"@type":"WebSite","@id":"https:\/\/pilt.com.ar\/parque-industrial\/#website","url":"https:\/\/pilt.com.ar\/parque-industrial\/","name":"PILT.com.ar","description":"Parque Industrial, Log\u00edstico y Tecnol\u00f3gico Villa Mar\u00eda","potentialAction":[{"@type":"SearchAction","target":{"@type":"EntryPoint","urlTemplate":"https:\/\/pilt.com.ar\/parque-industrial\/?s={search_term_string}"},"query-input":{"@type":"PropertyValueSpecification","valueRequired":true,"valueName":"search_term_string"}}],"inLanguage":"es"},{"@type":"Person","@id":"https:\/\/pilt.com.ar\/parque-industrial\/#\/schema\/person\/2dfb9e2464de1c3deef20c25c30a8306","name":"PILT","image":{"@type":"ImageObject","inLanguage":"es","@id":"https:\/\/secure.gravatar.com\/avatar\/5e3734c8d8c8e0b0d45f923c14a14d7b90521d573d02f0d91360a777095ee42b?s=96&d=mm&r=g","url":"https:\/\/secure.gravatar.com\/avatar\/5e3734c8d8c8e0b0d45f923c14a14d7b90521d573d02f0d91360a777095ee42b?s=96&d=mm&r=g","contentUrl":"https:\/\/secure.gravatar.com\/avatar\/5e3734c8d8c8e0b0d45f923c14a14d7b90521d573d02f0d91360a777095ee42b?s=96&d=mm&r=g","caption":"PILT"},"url":"https:\/\/pilt.com.ar\/parque-industrial\/author\/pilt\/"}]}},"jetpack_featured_media_url":"https:\/\/i0.wp.com\/pilt.com.ar\/parque-industrial\/wp-content\/uploads\/2021\/11\/WhatsApp-Image-2021-11-18-at-18.30.41.jpeg?fit=562%2C423&ssl=1","jetpack_sharing_enabled":true,"_links":{"self":[{"href":"https:\/\/pilt.com.ar\/parque-industrial\/wp-json\/wp\/v2\/posts\/2011","targetHints":{"allow":["GET"]}}],"collection":[{"href":"https:\/\/pilt.com.ar\/parque-industrial\/wp-json\/wp\/v2\/posts"}],"about":[{"href":"https:\/\/pilt.com.ar\/parque-industrial\/wp-json\/wp\/v2\/types\/post"}],"author":[{"embeddable":true,"href":"https:\/\/pilt.com.ar\/parque-industrial\/wp-json\/wp\/v2\/users\/3"}],"replies":[{"embeddable":true,"href":"https:\/\/pilt.com.ar\/parque-industrial\/wp-json\/wp\/v2\/comments?post=2011"}],"version-history":[{"count":1,"href":"https:\/\/pilt.com.ar\/parque-industrial\/wp-json\/wp\/v2\/posts\/2011\/revisions"}],"predecessor-version":[{"id":2013,"href":"https:\/\/pilt.com.ar\/parque-industrial\/wp-json\/wp\/v2\/posts\/2011\/revisions\/2013"}],"wp:featuredmedia":[{"embeddable":true,"href":"https:\/\/pilt.com.ar\/parque-industrial\/wp-json\/wp\/v2\/media\/2012"}],"wp:attachment":[{"href":"https:\/\/pilt.com.ar\/parque-industrial\/wp-json\/wp\/v2\/media?parent=2011"}],"wp:term":[{"taxonomy":"category","embeddable":true,"href":"https:\/\/pilt.com.ar\/parque-industrial\/wp-json\/wp\/v2\/categories?post=2011"},{"taxonomy":"post_tag","embeddable":true,"href":"https:\/\/pilt.com.ar\/parque-industrial\/wp-json\/wp\/v2\/tags?post=2011"}],"curies":[{"name":"wp","href":"https:\/\/api.w.org\/{rel}","templated":true}]}}