{"id":2007,"date":"2021-11-12T11:01:30","date_gmt":"2021-11-12T14:01:30","guid":{"rendered":"https:\/\/pilt.com.ar\/parque-industrial\/?p=2007"},"modified":"2021-11-12T11:01:31","modified_gmt":"2021-11-12T14:01:31","slug":"insumos-ya-otra-empresa-que-inicia-obras-en-el-pilt","status":"publish","type":"post","link":"https:\/\/pilt.com.ar\/parque-industrial\/insumos-ya-otra-empresa-que-inicia-obras-en-el-pilt\/","title":{"rendered":"INSUMOS YA: OTRA EMPRESA QUE INICIA OBRAS EN EL PILT"},"content":{"rendered":"\n<p class=\"has-text-align-center\"><strong><em>La firma ejecutar\u00e1 una nave industrial de 1200 metros, en donde alojar\u00e1 distintas unidades de negocios.<\/em><\/strong><\/p>\n\n\n\n<p class=\"has-text-align-justify\"><em>Insumos Ya<\/em> se dedica a la distribuci\u00f3n de insumos para la elaboraci\u00f3n de productos de panader\u00eda, reposter\u00eda y gastronom\u00eda, especialmente materias primas. En el Parque Industrial, Log\u00edstico y Tecnol\u00f3gico Villa Mar\u00eda (PILT), adem\u00e1s de actividades vinculadas a la log\u00edstica, sumar\u00e1 la fabricaci\u00f3n de aditivos para harinas y generar\u00e1 un espacio para que las empresas proveedoras puedan realizar muestras de productos a sus clientes.<\/p>\n\n\n\n<p class=\"has-text-align-justify\">El edificio contar\u00e1 con 1200 metros cubiertos, en donde albergar\u00e1 oficinas de administraci\u00f3n, &nbsp;el lugar destinado a demostraciones, c\u00e1maras de fr\u00edo y sector productivo. En la firma esperan finalizar los trabajos durante el primer semestre del a\u00f1o pr\u00f3ximo para de esa manera unificar en el PILT las tareas correspondientes a administraci\u00f3n, almacenamiento, producci\u00f3n, distribuci\u00f3n y log\u00edstica.<\/p>\n\n\n\n<p class=\"has-text-align-justify\">Aunque la empresa tiene dos a\u00f1os de existencia su titular, C\u00e9sar Piccinini, lleva mucho tiempo en el sector, por lo tanto cuenta con un gran conocimiento del mercado. \u201c<em>Tengo muchos a\u00f1os en el rubro de las harinas, incluso estoy gerenciando actualmente un molino. Estamos con un &nbsp;crecimiento sostenido e invertimos para acompa\u00f1ar esa tendencia. El pa\u00eds no es f\u00e1cil, pero siempre apostamos con optimismo\u201d, se\u00f1al\u00f3.<\/em><\/p>\n\n\n\n<p class=\"has-text-align-justify\">El empresario sostuvo que justamente a partir del crecimiento que registra Insumos Ya de a poco van incorporando personal en las distintas \u00e1reas. Y prev\u00e9n que las necesidades de recursos humanos se potenciar\u00e1n cuando comience a operar la nueva nave.<\/p>\n\n\n\n<p class=\"has-text-align-justify\">Piccinini valor\u00f3 positivamente la posibilidad de estar en el PILT: \u201cEl Parque Industrial nos gusta mucho; cuando lo vi proyect\u00e9 el negocio ah\u00ed. Creo que nos aporta prestigio y seguridad\u201d.<\/p>\n","protected":false},"excerpt":{"rendered":"<p>La firma ejecutar\u00e1 una nave industrial de 1200 metros, en donde alojar\u00e1 distintas unidades de negocios. Insumos Ya se dedica a la distribuci\u00f3n de insumos para la elaboraci\u00f3n de productos de panader\u00eda, reposter\u00eda y gastronom\u00eda, especialmente materias primas. En el Parque Industrial, Log\u00edstico y Tecnol\u00f3gico Villa Mar\u00eda (PILT), adem\u00e1s de actividades vinculadas a la log\u00edstica, [&hellip;]<\/p>\n","protected":false},"author":3,"featured_media":2008,"comment_status":"open","ping_status":"open","sticky":false,"template":"","format":"standard","meta":{"_jetpack_memberships_contains_paid_content":false,"footnotes":""},"categories":[2],"tags":[],"class_list":["post-2007","post","type-post","status-publish","format-standard","has-post-thumbnail","hentry","category-noticias"],"yoast_head":"<!-- This site is optimized with the Yoast SEO plugin v27.5 - https:\/\/yoast.com\/product\/yoast-seo-wordpress\/ -->\n<title>INSUMOS YA: OTRA EMPRESA QUE INICIA OBRAS EN EL PILT - PILT.com.ar<\/title>\n<meta name=\"robots\" content=\"index, follow, max-snippet:-1, max-image-preview:large, max-video-preview:-1\" \/>\n<link rel=\"canonical\" href=\"https:\/\/pilt.com.ar\/parque-industrial\/insumos-ya-otra-empresa-que-inicia-obras-en-el-pilt\/\" \/>\n<meta property=\"og:locale\" content=\"es_ES\" \/>\n<meta property=\"og:type\" content=\"article\" \/>\n<meta property=\"og:title\" content=\"INSUMOS YA: OTRA EMPRESA QUE INICIA OBRAS EN EL PILT - PILT.com.ar\" \/>\n<meta property=\"og:description\" content=\"La firma ejecutar\u00e1 una nave industrial de 1200 metros, en donde alojar\u00e1 distintas unidades de negocios. Insumos Ya se dedica a la distribuci\u00f3n de insumos para la elaboraci\u00f3n de productos de panader\u00eda, reposter\u00eda y gastronom\u00eda, especialmente materias primas. En el Parque Industrial, Log\u00edstico y Tecnol\u00f3gico Villa Mar\u00eda (PILT), adem\u00e1s de actividades vinculadas a la log\u00edstica, [&hellip;]\" \/>\n<meta property=\"og:url\" content=\"https:\/\/pilt.com.ar\/parque-industrial\/insumos-ya-otra-empresa-que-inicia-obras-en-el-pilt\/\" \/>\n<meta property=\"og:site_name\" content=\"PILT.com.ar\" \/>\n<meta property=\"article:published_time\" content=\"2021-11-12T14:01:30+00:00\" \/>\n<meta property=\"article:modified_time\" content=\"2021-11-12T14:01:31+00:00\" \/>\n<meta property=\"og:image\" content=\"https:\/\/i0.wp.com\/pilt.com.ar\/parque-industrial\/wp-content\/uploads\/2021\/11\/WhatsApp-Image-2021-11-12-at-10.47.43.jpeg?fit=1280%2C862&ssl=1\" \/>\n\t<meta property=\"og:image:width\" content=\"1280\" \/>\n\t<meta property=\"og:image:height\" content=\"862\" \/>\n\t<meta property=\"og:image:type\" content=\"image\/jpeg\" \/>\n<meta name=\"author\" content=\"PILT\" \/>\n<meta name=\"twitter:card\" content=\"summary_large_image\" \/>\n<meta name=\"twitter:label1\" content=\"Escrito por\" \/>\n\t<meta name=\"twitter:data1\" content=\"PILT\" \/>\n\t<meta name=\"twitter:label2\" content=\"Tiempo de lectura\" \/>\n\t<meta name=\"twitter:data2\" content=\"2 minutos\" \/>\n<script type=\"application\/ld+json\" class=\"yoast-schema-graph\">{\"@context\":\"https:\\\/\\\/schema.org\",\"@graph\":[{\"@type\":\"Article\",\"@id\":\"https:\\\/\\\/pilt.com.ar\\\/parque-industrial\\\/insumos-ya-otra-empresa-que-inicia-obras-en-el-pilt\\\/#article\",\"isPartOf\":{\"@id\":\"https:\\\/\\\/pilt.com.ar\\\/parque-industrial\\\/insumos-ya-otra-empresa-que-inicia-obras-en-el-pilt\\\/\"},\"author\":{\"name\":\"PILT\",\"@id\":\"https:\\\/\\\/pilt.com.ar\\\/parque-industrial\\\/#\\\/schema\\\/person\\\/2dfb9e2464de1c3deef20c25c30a8306\"},\"headline\":\"INSUMOS YA: OTRA EMPRESA QUE INICIA OBRAS EN EL PILT\",\"datePublished\":\"2021-11-12T14:01:30+00:00\",\"dateModified\":\"2021-11-12T14:01:31+00:00\",\"mainEntityOfPage\":{\"@id\":\"https:\\\/\\\/pilt.com.ar\\\/parque-industrial\\\/insumos-ya-otra-empresa-que-inicia-obras-en-el-pilt\\\/\"},\"wordCount\":309,\"commentCount\":0,\"image\":{\"@id\":\"https:\\\/\\\/pilt.com.ar\\\/parque-industrial\\\/insumos-ya-otra-empresa-que-inicia-obras-en-el-pilt\\\/#primaryimage\"},\"thumbnailUrl\":\"https:\\\/\\\/i0.wp.com\\\/pilt.com.ar\\\/parque-industrial\\\/wp-content\\\/uploads\\\/2021\\\/11\\\/WhatsApp-Image-2021-11-12-at-10.47.43.jpeg?fit=1280%2C862&ssl=1\",\"articleSection\":[\"Noticias\"],\"inLanguage\":\"es\",\"potentialAction\":[{\"@type\":\"CommentAction\",\"name\":\"Comment\",\"target\":[\"https:\\\/\\\/pilt.com.ar\\\/parque-industrial\\\/insumos-ya-otra-empresa-que-inicia-obras-en-el-pilt\\\/#respond\"]}]},{\"@type\":\"WebPage\",\"@id\":\"https:\\\/\\\/pilt.com.ar\\\/parque-industrial\\\/insumos-ya-otra-empresa-que-inicia-obras-en-el-pilt\\\/\",\"url\":\"https:\\\/\\\/pilt.com.ar\\\/parque-industrial\\\/insumos-ya-otra-empresa-que-inicia-obras-en-el-pilt\\\/\",\"name\":\"INSUMOS YA: OTRA EMPRESA QUE INICIA OBRAS EN EL PILT - PILT.com.ar\",\"isPartOf\":{\"@id\":\"https:\\\/\\\/pilt.com.ar\\\/parque-industrial\\\/#website\"},\"primaryImageOfPage\":{\"@id\":\"https:\\\/\\\/pilt.com.ar\\\/parque-industrial\\\/insumos-ya-otra-empresa-que-inicia-obras-en-el-pilt\\\/#primaryimage\"},\"image\":{\"@id\":\"https:\\\/\\\/pilt.com.ar\\\/parque-industrial\\\/insumos-ya-otra-empresa-que-inicia-obras-en-el-pilt\\\/#primaryimage\"},\"thumbnailUrl\":\"https:\\\/\\\/i0.wp.com\\\/pilt.com.ar\\\/parque-industrial\\\/wp-content\\\/uploads\\\/2021\\\/11\\\/WhatsApp-Image-2021-11-12-at-10.47.43.jpeg?fit=1280%2C862&ssl=1\",\"datePublished\":\"2021-11-12T14:01:30+00:00\",\"dateModified\":\"2021-11-12T14:01:31+00:00\",\"author\":{\"@id\":\"https:\\\/\\\/pilt.com.ar\\\/parque-industrial\\\/#\\\/schema\\\/person\\\/2dfb9e2464de1c3deef20c25c30a8306\"},\"inLanguage\":\"es\",\"potentialAction\":[{\"@type\":\"ReadAction\",\"target\":[\"https:\\\/\\\/pilt.com.ar\\\/parque-industrial\\\/insumos-ya-otra-empresa-que-inicia-obras-en-el-pilt\\\/\"]}]},{\"@type\":\"ImageObject\",\"inLanguage\":\"es\",\"@id\":\"https:\\\/\\\/pilt.com.ar\\\/parque-industrial\\\/insumos-ya-otra-empresa-que-inicia-obras-en-el-pilt\\\/#primaryimage\",\"url\":\"https:\\\/\\\/i0.wp.com\\\/pilt.com.ar\\\/parque-industrial\\\/wp-content\\\/uploads\\\/2021\\\/11\\\/WhatsApp-Image-2021-11-12-at-10.47.43.jpeg?fit=1280%2C862&ssl=1\",\"contentUrl\":\"https:\\\/\\\/i0.wp.com\\\/pilt.com.ar\\\/parque-industrial\\\/wp-content\\\/uploads\\\/2021\\\/11\\\/WhatsApp-Image-2021-11-12-at-10.47.43.jpeg?fit=1280%2C862&ssl=1\",\"width\":1280,\"height\":862},{\"@type\":\"WebSite\",\"@id\":\"https:\\\/\\\/pilt.com.ar\\\/parque-industrial\\\/#website\",\"url\":\"https:\\\/\\\/pilt.com.ar\\\/parque-industrial\\\/\",\"name\":\"PILT.com.ar\",\"description\":\"Parque Industrial, Log\u00edstico y Tecnol\u00f3gico Villa Mar\u00eda\",\"potentialAction\":[{\"@type\":\"SearchAction\",\"target\":{\"@type\":\"EntryPoint\",\"urlTemplate\":\"https:\\\/\\\/pilt.com.ar\\\/parque-industrial\\\/?s={search_term_string}\"},\"query-input\":{\"@type\":\"PropertyValueSpecification\",\"valueRequired\":true,\"valueName\":\"search_term_string\"}}],\"inLanguage\":\"es\"},{\"@type\":\"Person\",\"@id\":\"https:\\\/\\\/pilt.com.ar\\\/parque-industrial\\\/#\\\/schema\\\/person\\\/2dfb9e2464de1c3deef20c25c30a8306\",\"name\":\"PILT\",\"image\":{\"@type\":\"ImageObject\",\"inLanguage\":\"es\",\"@id\":\"https:\\\/\\\/secure.gravatar.com\\\/avatar\\\/5e3734c8d8c8e0b0d45f923c14a14d7b90521d573d02f0d91360a777095ee42b?s=96&d=mm&r=g\",\"url\":\"https:\\\/\\\/secure.gravatar.com\\\/avatar\\\/5e3734c8d8c8e0b0d45f923c14a14d7b90521d573d02f0d91360a777095ee42b?s=96&d=mm&r=g\",\"contentUrl\":\"https:\\\/\\\/secure.gravatar.com\\\/avatar\\\/5e3734c8d8c8e0b0d45f923c14a14d7b90521d573d02f0d91360a777095ee42b?s=96&d=mm&r=g\",\"caption\":\"PILT\"},\"url\":\"https:\\\/\\\/pilt.com.ar\\\/parque-industrial\\\/author\\\/pilt\\\/\"}]}<\/script>\n<!-- \/ Yoast SEO plugin. -->","yoast_head_json":{"title":"INSUMOS YA: OTRA EMPRESA QUE INICIA OBRAS EN EL PILT - PILT.com.ar","robots":{"index":"index","follow":"follow","max-snippet":"max-snippet:-1","max-image-preview":"max-image-preview:large","max-video-preview":"max-video-preview:-1"},"canonical":"https:\/\/pilt.com.ar\/parque-industrial\/insumos-ya-otra-empresa-que-inicia-obras-en-el-pilt\/","og_locale":"es_ES","og_type":"article","og_title":"INSUMOS YA: OTRA EMPRESA QUE INICIA OBRAS EN EL PILT - PILT.com.ar","og_description":"La firma ejecutar\u00e1 una nave industrial de 1200 metros, en donde alojar\u00e1 distintas unidades de negocios. Insumos Ya se dedica a la distribuci\u00f3n de insumos para la elaboraci\u00f3n de productos de panader\u00eda, reposter\u00eda y gastronom\u00eda, especialmente materias primas. En el Parque Industrial, Log\u00edstico y Tecnol\u00f3gico Villa Mar\u00eda (PILT), adem\u00e1s de actividades vinculadas a la log\u00edstica, [&hellip;]","og_url":"https:\/\/pilt.com.ar\/parque-industrial\/insumos-ya-otra-empresa-que-inicia-obras-en-el-pilt\/","og_site_name":"PILT.com.ar","article_published_time":"2021-11-12T14:01:30+00:00","article_modified_time":"2021-11-12T14:01:31+00:00","og_image":[{"width":1280,"height":862,"url":"https:\/\/i0.wp.com\/pilt.com.ar\/parque-industrial\/wp-content\/uploads\/2021\/11\/WhatsApp-Image-2021-11-12-at-10.47.43.jpeg?fit=1280%2C862&ssl=1","type":"image\/jpeg"}],"author":"PILT","twitter_card":"summary_large_image","twitter_misc":{"Escrito por":"PILT","Tiempo de lectura":"2 minutos"},"schema":{"@context":"https:\/\/schema.org","@graph":[{"@type":"Article","@id":"https:\/\/pilt.com.ar\/parque-industrial\/insumos-ya-otra-empresa-que-inicia-obras-en-el-pilt\/#article","isPartOf":{"@id":"https:\/\/pilt.com.ar\/parque-industrial\/insumos-ya-otra-empresa-que-inicia-obras-en-el-pilt\/"},"author":{"name":"PILT","@id":"https:\/\/pilt.com.ar\/parque-industrial\/#\/schema\/person\/2dfb9e2464de1c3deef20c25c30a8306"},"headline":"INSUMOS YA: OTRA EMPRESA QUE INICIA OBRAS EN EL PILT","datePublished":"2021-11-12T14:01:30+00:00","dateModified":"2021-11-12T14:01:31+00:00","mainEntityOfPage":{"@id":"https:\/\/pilt.com.ar\/parque-industrial\/insumos-ya-otra-empresa-que-inicia-obras-en-el-pilt\/"},"wordCount":309,"commentCount":0,"image":{"@id":"https:\/\/pilt.com.ar\/parque-industrial\/insumos-ya-otra-empresa-que-inicia-obras-en-el-pilt\/#primaryimage"},"thumbnailUrl":"https:\/\/i0.wp.com\/pilt.com.ar\/parque-industrial\/wp-content\/uploads\/2021\/11\/WhatsApp-Image-2021-11-12-at-10.47.43.jpeg?fit=1280%2C862&ssl=1","articleSection":["Noticias"],"inLanguage":"es","potentialAction":[{"@type":"CommentAction","name":"Comment","target":["https:\/\/pilt.com.ar\/parque-industrial\/insumos-ya-otra-empresa-que-inicia-obras-en-el-pilt\/#respond"]}]},{"@type":"WebPage","@id":"https:\/\/pilt.com.ar\/parque-industrial\/insumos-ya-otra-empresa-que-inicia-obras-en-el-pilt\/","url":"https:\/\/pilt.com.ar\/parque-industrial\/insumos-ya-otra-empresa-que-inicia-obras-en-el-pilt\/","name":"INSUMOS YA: OTRA EMPRESA QUE INICIA OBRAS EN EL PILT - PILT.com.ar","isPartOf":{"@id":"https:\/\/pilt.com.ar\/parque-industrial\/#website"},"primaryImageOfPage":{"@id":"https:\/\/pilt.com.ar\/parque-industrial\/insumos-ya-otra-empresa-que-inicia-obras-en-el-pilt\/#primaryimage"},"image":{"@id":"https:\/\/pilt.com.ar\/parque-industrial\/insumos-ya-otra-empresa-que-inicia-obras-en-el-pilt\/#primaryimage"},"thumbnailUrl":"https:\/\/i0.wp.com\/pilt.com.ar\/parque-industrial\/wp-content\/uploads\/2021\/11\/WhatsApp-Image-2021-11-12-at-10.47.43.jpeg?fit=1280%2C862&ssl=1","datePublished":"2021-11-12T14:01:30+00:00","dateModified":"2021-11-12T14:01:31+00:00","author":{"@id":"https:\/\/pilt.com.ar\/parque-industrial\/#\/schema\/person\/2dfb9e2464de1c3deef20c25c30a8306"},"inLanguage":"es","potentialAction":[{"@type":"ReadAction","target":["https:\/\/pilt.com.ar\/parque-industrial\/insumos-ya-otra-empresa-que-inicia-obras-en-el-pilt\/"]}]},{"@type":"ImageObject","inLanguage":"es","@id":"https:\/\/pilt.com.ar\/parque-industrial\/insumos-ya-otra-empresa-que-inicia-obras-en-el-pilt\/#primaryimage","url":"https:\/\/i0.wp.com\/pilt.com.ar\/parque-industrial\/wp-content\/uploads\/2021\/11\/WhatsApp-Image-2021-11-12-at-10.47.43.jpeg?fit=1280%2C862&ssl=1","contentUrl":"https:\/\/i0.wp.com\/pilt.com.ar\/parque-industrial\/wp-content\/uploads\/2021\/11\/WhatsApp-Image-2021-11-12-at-10.47.43.jpeg?fit=1280%2C862&ssl=1","width":1280,"height":862},{"@type":"WebSite","@id":"https:\/\/pilt.com.ar\/parque-industrial\/#website","url":"https:\/\/pilt.com.ar\/parque-industrial\/","name":"PILT.com.ar","description":"Parque Industrial, Log\u00edstico y Tecnol\u00f3gico Villa Mar\u00eda","potentialAction":[{"@type":"SearchAction","target":{"@type":"EntryPoint","urlTemplate":"https:\/\/pilt.com.ar\/parque-industrial\/?s={search_term_string}"},"query-input":{"@type":"PropertyValueSpecification","valueRequired":true,"valueName":"search_term_string"}}],"inLanguage":"es"},{"@type":"Person","@id":"https:\/\/pilt.com.ar\/parque-industrial\/#\/schema\/person\/2dfb9e2464de1c3deef20c25c30a8306","name":"PILT","image":{"@type":"ImageObject","inLanguage":"es","@id":"https:\/\/secure.gravatar.com\/avatar\/5e3734c8d8c8e0b0d45f923c14a14d7b90521d573d02f0d91360a777095ee42b?s=96&d=mm&r=g","url":"https:\/\/secure.gravatar.com\/avatar\/5e3734c8d8c8e0b0d45f923c14a14d7b90521d573d02f0d91360a777095ee42b?s=96&d=mm&r=g","contentUrl":"https:\/\/secure.gravatar.com\/avatar\/5e3734c8d8c8e0b0d45f923c14a14d7b90521d573d02f0d91360a777095ee42b?s=96&d=mm&r=g","caption":"PILT"},"url":"https:\/\/pilt.com.ar\/parque-industrial\/author\/pilt\/"}]}},"jetpack_featured_media_url":"https:\/\/i0.wp.com\/pilt.com.ar\/parque-industrial\/wp-content\/uploads\/2021\/11\/WhatsApp-Image-2021-11-12-at-10.47.43.jpeg?fit=1280%2C862&ssl=1","jetpack_sharing_enabled":true,"_links":{"self":[{"href":"https:\/\/pilt.com.ar\/parque-industrial\/wp-json\/wp\/v2\/posts\/2007","targetHints":{"allow":["GET"]}}],"collection":[{"href":"https:\/\/pilt.com.ar\/parque-industrial\/wp-json\/wp\/v2\/posts"}],"about":[{"href":"https:\/\/pilt.com.ar\/parque-industrial\/wp-json\/wp\/v2\/types\/post"}],"author":[{"embeddable":true,"href":"https:\/\/pilt.com.ar\/parque-industrial\/wp-json\/wp\/v2\/users\/3"}],"replies":[{"embeddable":true,"href":"https:\/\/pilt.com.ar\/parque-industrial\/wp-json\/wp\/v2\/comments?post=2007"}],"version-history":[{"count":1,"href":"https:\/\/pilt.com.ar\/parque-industrial\/wp-json\/wp\/v2\/posts\/2007\/revisions"}],"predecessor-version":[{"id":2009,"href":"https:\/\/pilt.com.ar\/parque-industrial\/wp-json\/wp\/v2\/posts\/2007\/revisions\/2009"}],"wp:featuredmedia":[{"embeddable":true,"href":"https:\/\/pilt.com.ar\/parque-industrial\/wp-json\/wp\/v2\/media\/2008"}],"wp:attachment":[{"href":"https:\/\/pilt.com.ar\/parque-industrial\/wp-json\/wp\/v2\/media?parent=2007"}],"wp:term":[{"taxonomy":"category","embeddable":true,"href":"https:\/\/pilt.com.ar\/parque-industrial\/wp-json\/wp\/v2\/categories?post=2007"},{"taxonomy":"post_tag","embeddable":true,"href":"https:\/\/pilt.com.ar\/parque-industrial\/wp-json\/wp\/v2\/tags?post=2007"}],"curies":[{"name":"wp","href":"https:\/\/api.w.org\/{rel}","templated":true}]}}