{"id":2004,"date":"2021-11-05T08:39:15","date_gmt":"2021-11-05T11:39:15","guid":{"rendered":"https:\/\/pilt.com.ar\/parque-industrial\/?p=2004"},"modified":"2021-11-05T08:39:15","modified_gmt":"2021-11-05T11:39:15","slug":"loma-revestimientos-comenzo-la-construccion-de-su-planta-industrial","status":"publish","type":"post","link":"https:\/\/pilt.com.ar\/parque-industrial\/loma-revestimientos-comenzo-la-construccion-de-su-planta-industrial\/","title":{"rendered":"LOMA REVESTIMIENTOS COMENZ\u00d3 LA CONSTRUCCI\u00d3N DE SU PLANTA INDUSTRIAL"},"content":{"rendered":"\n<p class=\"has-text-align-center\"><strong><em>Una vez finalizada, la empresa que fabrica pisos y revestimientos a base de hormig\u00f3n trasladar\u00e1 la totalidad de su producci\u00f3n al PILT.<\/em><\/strong><\/p>\n\n\n\n<p class=\"has-text-align-justify\">Si bien la pandemia demor\u00f3 los plazos para la ejecuci\u00f3n del proyecto, <em>Loma Revestimientos <\/em>inici\u00f3 la construcci\u00f3n de su nave en el Parque Industrial, Log\u00edstico y Tecnol\u00f3gico Villa Mar\u00eda (PILT). Con un horizonte m\u00e1s despejado, la firma comenz\u00f3 d\u00edas atr\u00e1s con las obras, que esperan concluir en unos cuatro o cinco meses. Vale decir que se trata de una planta de 400 metros cuadrados, emplazada en un predio que superan los 1200 metros. Justamente se utilizar\u00e1 el terreno excedente para realizar el acopio de materiales e insumos necesarios para el proceso productivo.<\/p>\n\n\n\n<p class=\"has-text-align-justify\">La empresa fabrica pisos y revestimientos tipo cementicio&nbsp;en piedra ecol\u00f3gica, tanto para interiores como exteriores. Cuenta con una l\u00ednea de&nbsp;pisos flotantes,&nbsp;s\u00edmil madera, y&nbsp;placas de yeso. Sus productos tienen m\u00faltiples aplicaciones en veredas, deck, pisos at\u00e9rmicos para piletas, galer\u00edas o quinchos. Actualmente producen 18 modelos distintos (que se elevan a 30 contando los diferentes colores) y pr\u00e1cticamente duplicar\u00e1n esa cantidad cuando est\u00e9n en el PILT.&nbsp;<\/p>\n\n\n\n<p class=\"has-text-align-justify\">\u201cLos materiales reemplazan a la madera, que se deteriora mucho por la acci\u00f3n del agua cuando est\u00e1 colocada a la intemperie, y tambi\u00e9n a las piedras naturales en los revestimientos, a partir de piedras ecol\u00f3gicas. En el Parque tambi\u00e9n empezaremos a fabricar&nbsp; placas de yeso, que actualmente compramos a proveedores y colocamos\u201d, explic\u00f3 Matias Rinaldi, socio de la firma.<\/p>\n\n\n\n<p class=\"has-text-align-justify\">El empresario indic\u00f3 que, de no sufrir alteraciones en el cronograma previsto, en marzo de 2022 podr\u00edan empezar a producir en el nuevo edificio.<\/p>\n","protected":false},"excerpt":{"rendered":"<p>Una vez finalizada, la empresa que fabrica pisos y revestimientos a base de hormig\u00f3n trasladar\u00e1 la totalidad de su producci\u00f3n al PILT. Si bien la pandemia demor\u00f3 los plazos para la ejecuci\u00f3n del proyecto, Loma Revestimientos inici\u00f3 la construcci\u00f3n de su nave en el Parque Industrial, Log\u00edstico y Tecnol\u00f3gico Villa Mar\u00eda (PILT). Con un horizonte [&hellip;]<\/p>\n","protected":false},"author":3,"featured_media":2005,"comment_status":"open","ping_status":"open","sticky":false,"template":"","format":"standard","meta":{"_jetpack_memberships_contains_paid_content":false,"footnotes":""},"categories":[2],"tags":[],"class_list":["post-2004","post","type-post","status-publish","format-standard","has-post-thumbnail","hentry","category-noticias"],"yoast_head":"<!-- This site is optimized with the Yoast SEO plugin v27.5 - https:\/\/yoast.com\/product\/yoast-seo-wordpress\/ -->\n<title>LOMA REVESTIMIENTOS COMENZ\u00d3 LA CONSTRUCCI\u00d3N DE SU PLANTA INDUSTRIAL - PILT.com.ar<\/title>\n<meta name=\"robots\" content=\"index, follow, max-snippet:-1, max-image-preview:large, max-video-preview:-1\" \/>\n<link rel=\"canonical\" href=\"https:\/\/pilt.com.ar\/parque-industrial\/loma-revestimientos-comenzo-la-construccion-de-su-planta-industrial\/\" \/>\n<meta property=\"og:locale\" content=\"es_ES\" \/>\n<meta property=\"og:type\" content=\"article\" \/>\n<meta property=\"og:title\" content=\"LOMA REVESTIMIENTOS COMENZ\u00d3 LA CONSTRUCCI\u00d3N DE SU PLANTA INDUSTRIAL - PILT.com.ar\" \/>\n<meta property=\"og:description\" content=\"Una vez finalizada, la empresa que fabrica pisos y revestimientos a base de hormig\u00f3n trasladar\u00e1 la totalidad de su producci\u00f3n al PILT. Si bien la pandemia demor\u00f3 los plazos para la ejecuci\u00f3n del proyecto, Loma Revestimientos inici\u00f3 la construcci\u00f3n de su nave en el Parque Industrial, Log\u00edstico y Tecnol\u00f3gico Villa Mar\u00eda (PILT). Con un horizonte [&hellip;]\" \/>\n<meta property=\"og:url\" content=\"https:\/\/pilt.com.ar\/parque-industrial\/loma-revestimientos-comenzo-la-construccion-de-su-planta-industrial\/\" \/>\n<meta property=\"og:site_name\" content=\"PILT.com.ar\" \/>\n<meta property=\"article:published_time\" content=\"2021-11-05T11:39:15+00:00\" \/>\n<meta property=\"og:image\" content=\"https:\/\/i0.wp.com\/pilt.com.ar\/parque-industrial\/wp-content\/uploads\/2021\/11\/WhatsApp-Image-2021-11-04-at-17.24.59.jpeg?fit=1200%2C1200&ssl=1\" \/>\n\t<meta property=\"og:image:width\" content=\"1200\" \/>\n\t<meta property=\"og:image:height\" content=\"1200\" \/>\n\t<meta property=\"og:image:type\" content=\"image\/jpeg\" \/>\n<meta name=\"author\" content=\"PILT\" \/>\n<meta name=\"twitter:card\" content=\"summary_large_image\" \/>\n<meta name=\"twitter:label1\" content=\"Escrito por\" \/>\n\t<meta name=\"twitter:data1\" content=\"PILT\" \/>\n\t<meta name=\"twitter:label2\" content=\"Tiempo de lectura\" \/>\n\t<meta name=\"twitter:data2\" content=\"2 minutos\" \/>\n<script type=\"application\/ld+json\" class=\"yoast-schema-graph\">{\"@context\":\"https:\\\/\\\/schema.org\",\"@graph\":[{\"@type\":\"Article\",\"@id\":\"https:\\\/\\\/pilt.com.ar\\\/parque-industrial\\\/loma-revestimientos-comenzo-la-construccion-de-su-planta-industrial\\\/#article\",\"isPartOf\":{\"@id\":\"https:\\\/\\\/pilt.com.ar\\\/parque-industrial\\\/loma-revestimientos-comenzo-la-construccion-de-su-planta-industrial\\\/\"},\"author\":{\"name\":\"PILT\",\"@id\":\"https:\\\/\\\/pilt.com.ar\\\/parque-industrial\\\/#\\\/schema\\\/person\\\/2dfb9e2464de1c3deef20c25c30a8306\"},\"headline\":\"LOMA REVESTIMIENTOS COMENZ\u00d3 LA CONSTRUCCI\u00d3N DE SU PLANTA INDUSTRIAL\",\"datePublished\":\"2021-11-05T11:39:15+00:00\",\"mainEntityOfPage\":{\"@id\":\"https:\\\/\\\/pilt.com.ar\\\/parque-industrial\\\/loma-revestimientos-comenzo-la-construccion-de-su-planta-industrial\\\/\"},\"wordCount\":300,\"commentCount\":0,\"image\":{\"@id\":\"https:\\\/\\\/pilt.com.ar\\\/parque-industrial\\\/loma-revestimientos-comenzo-la-construccion-de-su-planta-industrial\\\/#primaryimage\"},\"thumbnailUrl\":\"https:\\\/\\\/i0.wp.com\\\/pilt.com.ar\\\/parque-industrial\\\/wp-content\\\/uploads\\\/2021\\\/11\\\/WhatsApp-Image-2021-11-04-at-17.24.59.jpeg?fit=1200%2C1200&ssl=1\",\"articleSection\":[\"Noticias\"],\"inLanguage\":\"es\",\"potentialAction\":[{\"@type\":\"CommentAction\",\"name\":\"Comment\",\"target\":[\"https:\\\/\\\/pilt.com.ar\\\/parque-industrial\\\/loma-revestimientos-comenzo-la-construccion-de-su-planta-industrial\\\/#respond\"]}]},{\"@type\":\"WebPage\",\"@id\":\"https:\\\/\\\/pilt.com.ar\\\/parque-industrial\\\/loma-revestimientos-comenzo-la-construccion-de-su-planta-industrial\\\/\",\"url\":\"https:\\\/\\\/pilt.com.ar\\\/parque-industrial\\\/loma-revestimientos-comenzo-la-construccion-de-su-planta-industrial\\\/\",\"name\":\"LOMA REVESTIMIENTOS COMENZ\u00d3 LA CONSTRUCCI\u00d3N DE SU PLANTA INDUSTRIAL - PILT.com.ar\",\"isPartOf\":{\"@id\":\"https:\\\/\\\/pilt.com.ar\\\/parque-industrial\\\/#website\"},\"primaryImageOfPage\":{\"@id\":\"https:\\\/\\\/pilt.com.ar\\\/parque-industrial\\\/loma-revestimientos-comenzo-la-construccion-de-su-planta-industrial\\\/#primaryimage\"},\"image\":{\"@id\":\"https:\\\/\\\/pilt.com.ar\\\/parque-industrial\\\/loma-revestimientos-comenzo-la-construccion-de-su-planta-industrial\\\/#primaryimage\"},\"thumbnailUrl\":\"https:\\\/\\\/i0.wp.com\\\/pilt.com.ar\\\/parque-industrial\\\/wp-content\\\/uploads\\\/2021\\\/11\\\/WhatsApp-Image-2021-11-04-at-17.24.59.jpeg?fit=1200%2C1200&ssl=1\",\"datePublished\":\"2021-11-05T11:39:15+00:00\",\"author\":{\"@id\":\"https:\\\/\\\/pilt.com.ar\\\/parque-industrial\\\/#\\\/schema\\\/person\\\/2dfb9e2464de1c3deef20c25c30a8306\"},\"inLanguage\":\"es\",\"potentialAction\":[{\"@type\":\"ReadAction\",\"target\":[\"https:\\\/\\\/pilt.com.ar\\\/parque-industrial\\\/loma-revestimientos-comenzo-la-construccion-de-su-planta-industrial\\\/\"]}]},{\"@type\":\"ImageObject\",\"inLanguage\":\"es\",\"@id\":\"https:\\\/\\\/pilt.com.ar\\\/parque-industrial\\\/loma-revestimientos-comenzo-la-construccion-de-su-planta-industrial\\\/#primaryimage\",\"url\":\"https:\\\/\\\/i0.wp.com\\\/pilt.com.ar\\\/parque-industrial\\\/wp-content\\\/uploads\\\/2021\\\/11\\\/WhatsApp-Image-2021-11-04-at-17.24.59.jpeg?fit=1200%2C1200&ssl=1\",\"contentUrl\":\"https:\\\/\\\/i0.wp.com\\\/pilt.com.ar\\\/parque-industrial\\\/wp-content\\\/uploads\\\/2021\\\/11\\\/WhatsApp-Image-2021-11-04-at-17.24.59.jpeg?fit=1200%2C1200&ssl=1\",\"width\":1200,\"height\":1200},{\"@type\":\"WebSite\",\"@id\":\"https:\\\/\\\/pilt.com.ar\\\/parque-industrial\\\/#website\",\"url\":\"https:\\\/\\\/pilt.com.ar\\\/parque-industrial\\\/\",\"name\":\"PILT.com.ar\",\"description\":\"Parque Industrial, Log\u00edstico y Tecnol\u00f3gico Villa Mar\u00eda\",\"potentialAction\":[{\"@type\":\"SearchAction\",\"target\":{\"@type\":\"EntryPoint\",\"urlTemplate\":\"https:\\\/\\\/pilt.com.ar\\\/parque-industrial\\\/?s={search_term_string}\"},\"query-input\":{\"@type\":\"PropertyValueSpecification\",\"valueRequired\":true,\"valueName\":\"search_term_string\"}}],\"inLanguage\":\"es\"},{\"@type\":\"Person\",\"@id\":\"https:\\\/\\\/pilt.com.ar\\\/parque-industrial\\\/#\\\/schema\\\/person\\\/2dfb9e2464de1c3deef20c25c30a8306\",\"name\":\"PILT\",\"image\":{\"@type\":\"ImageObject\",\"inLanguage\":\"es\",\"@id\":\"https:\\\/\\\/secure.gravatar.com\\\/avatar\\\/5e3734c8d8c8e0b0d45f923c14a14d7b90521d573d02f0d91360a777095ee42b?s=96&d=mm&r=g\",\"url\":\"https:\\\/\\\/secure.gravatar.com\\\/avatar\\\/5e3734c8d8c8e0b0d45f923c14a14d7b90521d573d02f0d91360a777095ee42b?s=96&d=mm&r=g\",\"contentUrl\":\"https:\\\/\\\/secure.gravatar.com\\\/avatar\\\/5e3734c8d8c8e0b0d45f923c14a14d7b90521d573d02f0d91360a777095ee42b?s=96&d=mm&r=g\",\"caption\":\"PILT\"},\"url\":\"https:\\\/\\\/pilt.com.ar\\\/parque-industrial\\\/author\\\/pilt\\\/\"}]}<\/script>\n<!-- \/ Yoast SEO plugin. -->","yoast_head_json":{"title":"LOMA REVESTIMIENTOS COMENZ\u00d3 LA CONSTRUCCI\u00d3N DE SU PLANTA INDUSTRIAL - PILT.com.ar","robots":{"index":"index","follow":"follow","max-snippet":"max-snippet:-1","max-image-preview":"max-image-preview:large","max-video-preview":"max-video-preview:-1"},"canonical":"https:\/\/pilt.com.ar\/parque-industrial\/loma-revestimientos-comenzo-la-construccion-de-su-planta-industrial\/","og_locale":"es_ES","og_type":"article","og_title":"LOMA REVESTIMIENTOS COMENZ\u00d3 LA CONSTRUCCI\u00d3N DE SU PLANTA INDUSTRIAL - PILT.com.ar","og_description":"Una vez finalizada, la empresa que fabrica pisos y revestimientos a base de hormig\u00f3n trasladar\u00e1 la totalidad de su producci\u00f3n al PILT. Si bien la pandemia demor\u00f3 los plazos para la ejecuci\u00f3n del proyecto, Loma Revestimientos inici\u00f3 la construcci\u00f3n de su nave en el Parque Industrial, Log\u00edstico y Tecnol\u00f3gico Villa Mar\u00eda (PILT). Con un horizonte [&hellip;]","og_url":"https:\/\/pilt.com.ar\/parque-industrial\/loma-revestimientos-comenzo-la-construccion-de-su-planta-industrial\/","og_site_name":"PILT.com.ar","article_published_time":"2021-11-05T11:39:15+00:00","og_image":[{"width":1200,"height":1200,"url":"https:\/\/i0.wp.com\/pilt.com.ar\/parque-industrial\/wp-content\/uploads\/2021\/11\/WhatsApp-Image-2021-11-04-at-17.24.59.jpeg?fit=1200%2C1200&ssl=1","type":"image\/jpeg"}],"author":"PILT","twitter_card":"summary_large_image","twitter_misc":{"Escrito por":"PILT","Tiempo de lectura":"2 minutos"},"schema":{"@context":"https:\/\/schema.org","@graph":[{"@type":"Article","@id":"https:\/\/pilt.com.ar\/parque-industrial\/loma-revestimientos-comenzo-la-construccion-de-su-planta-industrial\/#article","isPartOf":{"@id":"https:\/\/pilt.com.ar\/parque-industrial\/loma-revestimientos-comenzo-la-construccion-de-su-planta-industrial\/"},"author":{"name":"PILT","@id":"https:\/\/pilt.com.ar\/parque-industrial\/#\/schema\/person\/2dfb9e2464de1c3deef20c25c30a8306"},"headline":"LOMA REVESTIMIENTOS COMENZ\u00d3 LA CONSTRUCCI\u00d3N DE SU PLANTA INDUSTRIAL","datePublished":"2021-11-05T11:39:15+00:00","mainEntityOfPage":{"@id":"https:\/\/pilt.com.ar\/parque-industrial\/loma-revestimientos-comenzo-la-construccion-de-su-planta-industrial\/"},"wordCount":300,"commentCount":0,"image":{"@id":"https:\/\/pilt.com.ar\/parque-industrial\/loma-revestimientos-comenzo-la-construccion-de-su-planta-industrial\/#primaryimage"},"thumbnailUrl":"https:\/\/i0.wp.com\/pilt.com.ar\/parque-industrial\/wp-content\/uploads\/2021\/11\/WhatsApp-Image-2021-11-04-at-17.24.59.jpeg?fit=1200%2C1200&ssl=1","articleSection":["Noticias"],"inLanguage":"es","potentialAction":[{"@type":"CommentAction","name":"Comment","target":["https:\/\/pilt.com.ar\/parque-industrial\/loma-revestimientos-comenzo-la-construccion-de-su-planta-industrial\/#respond"]}]},{"@type":"WebPage","@id":"https:\/\/pilt.com.ar\/parque-industrial\/loma-revestimientos-comenzo-la-construccion-de-su-planta-industrial\/","url":"https:\/\/pilt.com.ar\/parque-industrial\/loma-revestimientos-comenzo-la-construccion-de-su-planta-industrial\/","name":"LOMA REVESTIMIENTOS COMENZ\u00d3 LA CONSTRUCCI\u00d3N DE SU PLANTA INDUSTRIAL - PILT.com.ar","isPartOf":{"@id":"https:\/\/pilt.com.ar\/parque-industrial\/#website"},"primaryImageOfPage":{"@id":"https:\/\/pilt.com.ar\/parque-industrial\/loma-revestimientos-comenzo-la-construccion-de-su-planta-industrial\/#primaryimage"},"image":{"@id":"https:\/\/pilt.com.ar\/parque-industrial\/loma-revestimientos-comenzo-la-construccion-de-su-planta-industrial\/#primaryimage"},"thumbnailUrl":"https:\/\/i0.wp.com\/pilt.com.ar\/parque-industrial\/wp-content\/uploads\/2021\/11\/WhatsApp-Image-2021-11-04-at-17.24.59.jpeg?fit=1200%2C1200&ssl=1","datePublished":"2021-11-05T11:39:15+00:00","author":{"@id":"https:\/\/pilt.com.ar\/parque-industrial\/#\/schema\/person\/2dfb9e2464de1c3deef20c25c30a8306"},"inLanguage":"es","potentialAction":[{"@type":"ReadAction","target":["https:\/\/pilt.com.ar\/parque-industrial\/loma-revestimientos-comenzo-la-construccion-de-su-planta-industrial\/"]}]},{"@type":"ImageObject","inLanguage":"es","@id":"https:\/\/pilt.com.ar\/parque-industrial\/loma-revestimientos-comenzo-la-construccion-de-su-planta-industrial\/#primaryimage","url":"https:\/\/i0.wp.com\/pilt.com.ar\/parque-industrial\/wp-content\/uploads\/2021\/11\/WhatsApp-Image-2021-11-04-at-17.24.59.jpeg?fit=1200%2C1200&ssl=1","contentUrl":"https:\/\/i0.wp.com\/pilt.com.ar\/parque-industrial\/wp-content\/uploads\/2021\/11\/WhatsApp-Image-2021-11-04-at-17.24.59.jpeg?fit=1200%2C1200&ssl=1","width":1200,"height":1200},{"@type":"WebSite","@id":"https:\/\/pilt.com.ar\/parque-industrial\/#website","url":"https:\/\/pilt.com.ar\/parque-industrial\/","name":"PILT.com.ar","description":"Parque Industrial, Log\u00edstico y Tecnol\u00f3gico Villa Mar\u00eda","potentialAction":[{"@type":"SearchAction","target":{"@type":"EntryPoint","urlTemplate":"https:\/\/pilt.com.ar\/parque-industrial\/?s={search_term_string}"},"query-input":{"@type":"PropertyValueSpecification","valueRequired":true,"valueName":"search_term_string"}}],"inLanguage":"es"},{"@type":"Person","@id":"https:\/\/pilt.com.ar\/parque-industrial\/#\/schema\/person\/2dfb9e2464de1c3deef20c25c30a8306","name":"PILT","image":{"@type":"ImageObject","inLanguage":"es","@id":"https:\/\/secure.gravatar.com\/avatar\/5e3734c8d8c8e0b0d45f923c14a14d7b90521d573d02f0d91360a777095ee42b?s=96&d=mm&r=g","url":"https:\/\/secure.gravatar.com\/avatar\/5e3734c8d8c8e0b0d45f923c14a14d7b90521d573d02f0d91360a777095ee42b?s=96&d=mm&r=g","contentUrl":"https:\/\/secure.gravatar.com\/avatar\/5e3734c8d8c8e0b0d45f923c14a14d7b90521d573d02f0d91360a777095ee42b?s=96&d=mm&r=g","caption":"PILT"},"url":"https:\/\/pilt.com.ar\/parque-industrial\/author\/pilt\/"}]}},"jetpack_featured_media_url":"https:\/\/i0.wp.com\/pilt.com.ar\/parque-industrial\/wp-content\/uploads\/2021\/11\/WhatsApp-Image-2021-11-04-at-17.24.59.jpeg?fit=1200%2C1200&ssl=1","jetpack_sharing_enabled":true,"_links":{"self":[{"href":"https:\/\/pilt.com.ar\/parque-industrial\/wp-json\/wp\/v2\/posts\/2004","targetHints":{"allow":["GET"]}}],"collection":[{"href":"https:\/\/pilt.com.ar\/parque-industrial\/wp-json\/wp\/v2\/posts"}],"about":[{"href":"https:\/\/pilt.com.ar\/parque-industrial\/wp-json\/wp\/v2\/types\/post"}],"author":[{"embeddable":true,"href":"https:\/\/pilt.com.ar\/parque-industrial\/wp-json\/wp\/v2\/users\/3"}],"replies":[{"embeddable":true,"href":"https:\/\/pilt.com.ar\/parque-industrial\/wp-json\/wp\/v2\/comments?post=2004"}],"version-history":[{"count":1,"href":"https:\/\/pilt.com.ar\/parque-industrial\/wp-json\/wp\/v2\/posts\/2004\/revisions"}],"predecessor-version":[{"id":2006,"href":"https:\/\/pilt.com.ar\/parque-industrial\/wp-json\/wp\/v2\/posts\/2004\/revisions\/2006"}],"wp:featuredmedia":[{"embeddable":true,"href":"https:\/\/pilt.com.ar\/parque-industrial\/wp-json\/wp\/v2\/media\/2005"}],"wp:attachment":[{"href":"https:\/\/pilt.com.ar\/parque-industrial\/wp-json\/wp\/v2\/media?parent=2004"}],"wp:term":[{"taxonomy":"category","embeddable":true,"href":"https:\/\/pilt.com.ar\/parque-industrial\/wp-json\/wp\/v2\/categories?post=2004"},{"taxonomy":"post_tag","embeddable":true,"href":"https:\/\/pilt.com.ar\/parque-industrial\/wp-json\/wp\/v2\/tags?post=2004"}],"curies":[{"name":"wp","href":"https:\/\/api.w.org\/{rel}","templated":true}]}}