{"id":1994,"date":"2021-10-28T15:43:29","date_gmt":"2021-10-28T18:43:29","guid":{"rendered":"https:\/\/pilt.com.ar\/parque-industrial\/?p=1994"},"modified":"2021-10-28T15:44:27","modified_gmt":"2021-10-28T18:44:27","slug":"funcionarios-nacionales-presentan-programas-productivos-en-la-ciudad","status":"publish","type":"post","link":"https:\/\/pilt.com.ar\/parque-industrial\/funcionarios-nacionales-presentan-programas-productivos-en-la-ciudad\/","title":{"rendered":"FUNCIONARIOS NACIONALES PRESENTAN PROGRAMAS PRODUCTIVOS EN LA CIUDAD"},"content":{"rendered":"\n<p class=\"has-text-align-center\"><strong><em>El Ministerio de Desarrollo Productivo de la Naci\u00f3n convoca a empresas interesadas en conocer herramientas disponibles para promover el desarrollo<\/em><\/strong><\/p>\n\n\n\n<p class=\"has-text-align-justify\">Esta tarde, a partir de las 14:00 hs., en el Centro Cultural Comunitario Leonardo Fabio, se concretar\u00e1 la presentaci\u00f3n de la denominada Estrategia Productiva Federal, del Ministerio de Desarrollo Productivo de la Naci\u00f3n.<\/p>\n\n\n\n<p class=\"has-text-align-justify\">En el evento se brindar\u00e1 informaci\u00f3n sobre las distintas herramientas que la citada cartera dispone para potenciar entramados productivos locales y regionales, particularmente orientadas a pymes, cooperativas, emprendedores y productores.<\/p>\n\n\n\n<p class=\"has-text-align-justify\">La repartici\u00f3n nacional est\u00e1 llevando a cabo distintos encuentros en el interior del pa\u00eds para difundir sus iniciativas y Villa Mar\u00eda fue elegida para tal fin. Vale decir que existen varios programas que pueden servir a empresas y emprendedores para potenciar sus actividades, como el Programa Nacional de Parques Industriales, que dispone de cr\u00e9ditos con bonificaci\u00f3n de tasa para la ampliaci\u00f3n de terrenos de parques industriales y para la radicaci\u00f3n y desarrollo de empresas dentro de estos. Tambi\u00e9n las organizaciones se pueden beneficiar con el programa Reactivaci\u00f3n de la Econom\u00eda del Conocimiento, que prev\u00e9 financiamiento mediante aportes no reintegrables (ANR) de hasta $15 millones por proyecto para empresas de sectores tradicionales que presenten propuestas para incorporar nuevas tecnolog\u00edas.<\/p>\n\n\n\n<p class=\"has-text-align-justify\">Esos y otros programas ser\u00e1n explicitados por los funcionarios, que tomar\u00e1n contacto directo con los actores productivos. Los interesados pueden inscribirse en shorturl.at\/lEW05<\/p>\n","protected":false},"excerpt":{"rendered":"<p>El Ministerio de Desarrollo Productivo de la Naci\u00f3n convoca a empresas interesadas en conocer herramientas disponibles para promover el desarrollo Esta tarde, a partir de las 14:00 hs., en el Centro Cultural Comunitario Leonardo Fabio, se concretar\u00e1 la presentaci\u00f3n de la denominada Estrategia Productiva Federal, del Ministerio de Desarrollo Productivo de la Naci\u00f3n. En el [&hellip;]<\/p>\n","protected":false},"author":3,"featured_media":1997,"comment_status":"open","ping_status":"open","sticky":false,"template":"","format":"standard","meta":{"_jetpack_memberships_contains_paid_content":false,"footnotes":""},"categories":[2],"tags":[],"class_list":["post-1994","post","type-post","status-publish","format-standard","has-post-thumbnail","hentry","category-noticias"],"yoast_head":"<!-- This site is optimized with the Yoast SEO plugin v27.5 - https:\/\/yoast.com\/product\/yoast-seo-wordpress\/ -->\n<title>FUNCIONARIOS NACIONALES PRESENTAN PROGRAMAS PRODUCTIVOS EN LA CIUDAD - PILT.com.ar<\/title>\n<meta name=\"robots\" content=\"index, follow, max-snippet:-1, max-image-preview:large, max-video-preview:-1\" \/>\n<link rel=\"canonical\" href=\"https:\/\/pilt.com.ar\/parque-industrial\/funcionarios-nacionales-presentan-programas-productivos-en-la-ciudad\/\" \/>\n<meta property=\"og:locale\" content=\"es_ES\" \/>\n<meta property=\"og:type\" content=\"article\" \/>\n<meta property=\"og:title\" content=\"FUNCIONARIOS NACIONALES PRESENTAN PROGRAMAS PRODUCTIVOS EN LA CIUDAD - PILT.com.ar\" \/>\n<meta property=\"og:description\" content=\"El Ministerio de Desarrollo Productivo de la Naci\u00f3n convoca a empresas interesadas en conocer herramientas disponibles para promover el desarrollo Esta tarde, a partir de las 14:00 hs., en el Centro Cultural Comunitario Leonardo Fabio, se concretar\u00e1 la presentaci\u00f3n de la denominada Estrategia Productiva Federal, del Ministerio de Desarrollo Productivo de la Naci\u00f3n. En el [&hellip;]\" \/>\n<meta property=\"og:url\" content=\"https:\/\/pilt.com.ar\/parque-industrial\/funcionarios-nacionales-presentan-programas-productivos-en-la-ciudad\/\" \/>\n<meta property=\"og:site_name\" content=\"PILT.com.ar\" \/>\n<meta property=\"article:published_time\" content=\"2021-10-28T18:43:29+00:00\" \/>\n<meta property=\"article:modified_time\" content=\"2021-10-28T18:44:27+00:00\" \/>\n<meta property=\"og:image\" content=\"https:\/\/i0.wp.com\/pilt.com.ar\/parque-industrial\/wp-content\/uploads\/2021\/10\/WhatsApp-Image-2021-10-27-at-09.38.37.jpeg?fit=1080%2C1920&ssl=1\" \/>\n\t<meta property=\"og:image:width\" content=\"1080\" \/>\n\t<meta property=\"og:image:height\" content=\"1920\" \/>\n\t<meta property=\"og:image:type\" content=\"image\/jpeg\" \/>\n<meta name=\"author\" content=\"PILT\" \/>\n<meta name=\"twitter:card\" content=\"summary_large_image\" \/>\n<meta name=\"twitter:label1\" content=\"Escrito por\" \/>\n\t<meta name=\"twitter:data1\" content=\"PILT\" \/>\n\t<meta name=\"twitter:label2\" content=\"Tiempo de lectura\" \/>\n\t<meta name=\"twitter:data2\" content=\"1 minuto\" \/>\n<script type=\"application\/ld+json\" class=\"yoast-schema-graph\">{\"@context\":\"https:\\\/\\\/schema.org\",\"@graph\":[{\"@type\":\"Article\",\"@id\":\"https:\\\/\\\/pilt.com.ar\\\/parque-industrial\\\/funcionarios-nacionales-presentan-programas-productivos-en-la-ciudad\\\/#article\",\"isPartOf\":{\"@id\":\"https:\\\/\\\/pilt.com.ar\\\/parque-industrial\\\/funcionarios-nacionales-presentan-programas-productivos-en-la-ciudad\\\/\"},\"author\":{\"name\":\"PILT\",\"@id\":\"https:\\\/\\\/pilt.com.ar\\\/parque-industrial\\\/#\\\/schema\\\/person\\\/2dfb9e2464de1c3deef20c25c30a8306\"},\"headline\":\"FUNCIONARIOS NACIONALES PRESENTAN PROGRAMAS PRODUCTIVOS EN LA CIUDAD\",\"datePublished\":\"2021-10-28T18:43:29+00:00\",\"dateModified\":\"2021-10-28T18:44:27+00:00\",\"mainEntityOfPage\":{\"@id\":\"https:\\\/\\\/pilt.com.ar\\\/parque-industrial\\\/funcionarios-nacionales-presentan-programas-productivos-en-la-ciudad\\\/\"},\"wordCount\":249,\"commentCount\":0,\"image\":{\"@id\":\"https:\\\/\\\/pilt.com.ar\\\/parque-industrial\\\/funcionarios-nacionales-presentan-programas-productivos-en-la-ciudad\\\/#primaryimage\"},\"thumbnailUrl\":\"https:\\\/\\\/i0.wp.com\\\/pilt.com.ar\\\/parque-industrial\\\/wp-content\\\/uploads\\\/2021\\\/10\\\/WhatsApp-Image-2021-10-27-at-09.38.37.jpeg?fit=1080%2C1920&ssl=1\",\"articleSection\":[\"Noticias\"],\"inLanguage\":\"es\",\"potentialAction\":[{\"@type\":\"CommentAction\",\"name\":\"Comment\",\"target\":[\"https:\\\/\\\/pilt.com.ar\\\/parque-industrial\\\/funcionarios-nacionales-presentan-programas-productivos-en-la-ciudad\\\/#respond\"]}]},{\"@type\":\"WebPage\",\"@id\":\"https:\\\/\\\/pilt.com.ar\\\/parque-industrial\\\/funcionarios-nacionales-presentan-programas-productivos-en-la-ciudad\\\/\",\"url\":\"https:\\\/\\\/pilt.com.ar\\\/parque-industrial\\\/funcionarios-nacionales-presentan-programas-productivos-en-la-ciudad\\\/\",\"name\":\"FUNCIONARIOS NACIONALES PRESENTAN PROGRAMAS PRODUCTIVOS EN LA CIUDAD - PILT.com.ar\",\"isPartOf\":{\"@id\":\"https:\\\/\\\/pilt.com.ar\\\/parque-industrial\\\/#website\"},\"primaryImageOfPage\":{\"@id\":\"https:\\\/\\\/pilt.com.ar\\\/parque-industrial\\\/funcionarios-nacionales-presentan-programas-productivos-en-la-ciudad\\\/#primaryimage\"},\"image\":{\"@id\":\"https:\\\/\\\/pilt.com.ar\\\/parque-industrial\\\/funcionarios-nacionales-presentan-programas-productivos-en-la-ciudad\\\/#primaryimage\"},\"thumbnailUrl\":\"https:\\\/\\\/i0.wp.com\\\/pilt.com.ar\\\/parque-industrial\\\/wp-content\\\/uploads\\\/2021\\\/10\\\/WhatsApp-Image-2021-10-27-at-09.38.37.jpeg?fit=1080%2C1920&ssl=1\",\"datePublished\":\"2021-10-28T18:43:29+00:00\",\"dateModified\":\"2021-10-28T18:44:27+00:00\",\"author\":{\"@id\":\"https:\\\/\\\/pilt.com.ar\\\/parque-industrial\\\/#\\\/schema\\\/person\\\/2dfb9e2464de1c3deef20c25c30a8306\"},\"inLanguage\":\"es\",\"potentialAction\":[{\"@type\":\"ReadAction\",\"target\":[\"https:\\\/\\\/pilt.com.ar\\\/parque-industrial\\\/funcionarios-nacionales-presentan-programas-productivos-en-la-ciudad\\\/\"]}]},{\"@type\":\"ImageObject\",\"inLanguage\":\"es\",\"@id\":\"https:\\\/\\\/pilt.com.ar\\\/parque-industrial\\\/funcionarios-nacionales-presentan-programas-productivos-en-la-ciudad\\\/#primaryimage\",\"url\":\"https:\\\/\\\/i0.wp.com\\\/pilt.com.ar\\\/parque-industrial\\\/wp-content\\\/uploads\\\/2021\\\/10\\\/WhatsApp-Image-2021-10-27-at-09.38.37.jpeg?fit=1080%2C1920&ssl=1\",\"contentUrl\":\"https:\\\/\\\/i0.wp.com\\\/pilt.com.ar\\\/parque-industrial\\\/wp-content\\\/uploads\\\/2021\\\/10\\\/WhatsApp-Image-2021-10-27-at-09.38.37.jpeg?fit=1080%2C1920&ssl=1\",\"width\":1080,\"height\":1920},{\"@type\":\"WebSite\",\"@id\":\"https:\\\/\\\/pilt.com.ar\\\/parque-industrial\\\/#website\",\"url\":\"https:\\\/\\\/pilt.com.ar\\\/parque-industrial\\\/\",\"name\":\"PILT.com.ar\",\"description\":\"Parque Industrial, Log\u00edstico y Tecnol\u00f3gico Villa Mar\u00eda\",\"potentialAction\":[{\"@type\":\"SearchAction\",\"target\":{\"@type\":\"EntryPoint\",\"urlTemplate\":\"https:\\\/\\\/pilt.com.ar\\\/parque-industrial\\\/?s={search_term_string}\"},\"query-input\":{\"@type\":\"PropertyValueSpecification\",\"valueRequired\":true,\"valueName\":\"search_term_string\"}}],\"inLanguage\":\"es\"},{\"@type\":\"Person\",\"@id\":\"https:\\\/\\\/pilt.com.ar\\\/parque-industrial\\\/#\\\/schema\\\/person\\\/2dfb9e2464de1c3deef20c25c30a8306\",\"name\":\"PILT\",\"image\":{\"@type\":\"ImageObject\",\"inLanguage\":\"es\",\"@id\":\"https:\\\/\\\/secure.gravatar.com\\\/avatar\\\/5e3734c8d8c8e0b0d45f923c14a14d7b90521d573d02f0d91360a777095ee42b?s=96&d=mm&r=g\",\"url\":\"https:\\\/\\\/secure.gravatar.com\\\/avatar\\\/5e3734c8d8c8e0b0d45f923c14a14d7b90521d573d02f0d91360a777095ee42b?s=96&d=mm&r=g\",\"contentUrl\":\"https:\\\/\\\/secure.gravatar.com\\\/avatar\\\/5e3734c8d8c8e0b0d45f923c14a14d7b90521d573d02f0d91360a777095ee42b?s=96&d=mm&r=g\",\"caption\":\"PILT\"},\"url\":\"https:\\\/\\\/pilt.com.ar\\\/parque-industrial\\\/author\\\/pilt\\\/\"}]}<\/script>\n<!-- \/ Yoast SEO plugin. -->","yoast_head_json":{"title":"FUNCIONARIOS NACIONALES PRESENTAN PROGRAMAS PRODUCTIVOS EN LA CIUDAD - PILT.com.ar","robots":{"index":"index","follow":"follow","max-snippet":"max-snippet:-1","max-image-preview":"max-image-preview:large","max-video-preview":"max-video-preview:-1"},"canonical":"https:\/\/pilt.com.ar\/parque-industrial\/funcionarios-nacionales-presentan-programas-productivos-en-la-ciudad\/","og_locale":"es_ES","og_type":"article","og_title":"FUNCIONARIOS NACIONALES PRESENTAN PROGRAMAS PRODUCTIVOS EN LA CIUDAD - PILT.com.ar","og_description":"El Ministerio de Desarrollo Productivo de la Naci\u00f3n convoca a empresas interesadas en conocer herramientas disponibles para promover el desarrollo Esta tarde, a partir de las 14:00 hs., en el Centro Cultural Comunitario Leonardo Fabio, se concretar\u00e1 la presentaci\u00f3n de la denominada Estrategia Productiva Federal, del Ministerio de Desarrollo Productivo de la Naci\u00f3n. En el [&hellip;]","og_url":"https:\/\/pilt.com.ar\/parque-industrial\/funcionarios-nacionales-presentan-programas-productivos-en-la-ciudad\/","og_site_name":"PILT.com.ar","article_published_time":"2021-10-28T18:43:29+00:00","article_modified_time":"2021-10-28T18:44:27+00:00","og_image":[{"width":1080,"height":1920,"url":"https:\/\/i0.wp.com\/pilt.com.ar\/parque-industrial\/wp-content\/uploads\/2021\/10\/WhatsApp-Image-2021-10-27-at-09.38.37.jpeg?fit=1080%2C1920&ssl=1","type":"image\/jpeg"}],"author":"PILT","twitter_card":"summary_large_image","twitter_misc":{"Escrito por":"PILT","Tiempo de lectura":"1 minuto"},"schema":{"@context":"https:\/\/schema.org","@graph":[{"@type":"Article","@id":"https:\/\/pilt.com.ar\/parque-industrial\/funcionarios-nacionales-presentan-programas-productivos-en-la-ciudad\/#article","isPartOf":{"@id":"https:\/\/pilt.com.ar\/parque-industrial\/funcionarios-nacionales-presentan-programas-productivos-en-la-ciudad\/"},"author":{"name":"PILT","@id":"https:\/\/pilt.com.ar\/parque-industrial\/#\/schema\/person\/2dfb9e2464de1c3deef20c25c30a8306"},"headline":"FUNCIONARIOS NACIONALES PRESENTAN PROGRAMAS PRODUCTIVOS EN LA CIUDAD","datePublished":"2021-10-28T18:43:29+00:00","dateModified":"2021-10-28T18:44:27+00:00","mainEntityOfPage":{"@id":"https:\/\/pilt.com.ar\/parque-industrial\/funcionarios-nacionales-presentan-programas-productivos-en-la-ciudad\/"},"wordCount":249,"commentCount":0,"image":{"@id":"https:\/\/pilt.com.ar\/parque-industrial\/funcionarios-nacionales-presentan-programas-productivos-en-la-ciudad\/#primaryimage"},"thumbnailUrl":"https:\/\/i0.wp.com\/pilt.com.ar\/parque-industrial\/wp-content\/uploads\/2021\/10\/WhatsApp-Image-2021-10-27-at-09.38.37.jpeg?fit=1080%2C1920&ssl=1","articleSection":["Noticias"],"inLanguage":"es","potentialAction":[{"@type":"CommentAction","name":"Comment","target":["https:\/\/pilt.com.ar\/parque-industrial\/funcionarios-nacionales-presentan-programas-productivos-en-la-ciudad\/#respond"]}]},{"@type":"WebPage","@id":"https:\/\/pilt.com.ar\/parque-industrial\/funcionarios-nacionales-presentan-programas-productivos-en-la-ciudad\/","url":"https:\/\/pilt.com.ar\/parque-industrial\/funcionarios-nacionales-presentan-programas-productivos-en-la-ciudad\/","name":"FUNCIONARIOS NACIONALES PRESENTAN PROGRAMAS PRODUCTIVOS EN LA CIUDAD - PILT.com.ar","isPartOf":{"@id":"https:\/\/pilt.com.ar\/parque-industrial\/#website"},"primaryImageOfPage":{"@id":"https:\/\/pilt.com.ar\/parque-industrial\/funcionarios-nacionales-presentan-programas-productivos-en-la-ciudad\/#primaryimage"},"image":{"@id":"https:\/\/pilt.com.ar\/parque-industrial\/funcionarios-nacionales-presentan-programas-productivos-en-la-ciudad\/#primaryimage"},"thumbnailUrl":"https:\/\/i0.wp.com\/pilt.com.ar\/parque-industrial\/wp-content\/uploads\/2021\/10\/WhatsApp-Image-2021-10-27-at-09.38.37.jpeg?fit=1080%2C1920&ssl=1","datePublished":"2021-10-28T18:43:29+00:00","dateModified":"2021-10-28T18:44:27+00:00","author":{"@id":"https:\/\/pilt.com.ar\/parque-industrial\/#\/schema\/person\/2dfb9e2464de1c3deef20c25c30a8306"},"inLanguage":"es","potentialAction":[{"@type":"ReadAction","target":["https:\/\/pilt.com.ar\/parque-industrial\/funcionarios-nacionales-presentan-programas-productivos-en-la-ciudad\/"]}]},{"@type":"ImageObject","inLanguage":"es","@id":"https:\/\/pilt.com.ar\/parque-industrial\/funcionarios-nacionales-presentan-programas-productivos-en-la-ciudad\/#primaryimage","url":"https:\/\/i0.wp.com\/pilt.com.ar\/parque-industrial\/wp-content\/uploads\/2021\/10\/WhatsApp-Image-2021-10-27-at-09.38.37.jpeg?fit=1080%2C1920&ssl=1","contentUrl":"https:\/\/i0.wp.com\/pilt.com.ar\/parque-industrial\/wp-content\/uploads\/2021\/10\/WhatsApp-Image-2021-10-27-at-09.38.37.jpeg?fit=1080%2C1920&ssl=1","width":1080,"height":1920},{"@type":"WebSite","@id":"https:\/\/pilt.com.ar\/parque-industrial\/#website","url":"https:\/\/pilt.com.ar\/parque-industrial\/","name":"PILT.com.ar","description":"Parque Industrial, Log\u00edstico y Tecnol\u00f3gico Villa Mar\u00eda","potentialAction":[{"@type":"SearchAction","target":{"@type":"EntryPoint","urlTemplate":"https:\/\/pilt.com.ar\/parque-industrial\/?s={search_term_string}"},"query-input":{"@type":"PropertyValueSpecification","valueRequired":true,"valueName":"search_term_string"}}],"inLanguage":"es"},{"@type":"Person","@id":"https:\/\/pilt.com.ar\/parque-industrial\/#\/schema\/person\/2dfb9e2464de1c3deef20c25c30a8306","name":"PILT","image":{"@type":"ImageObject","inLanguage":"es","@id":"https:\/\/secure.gravatar.com\/avatar\/5e3734c8d8c8e0b0d45f923c14a14d7b90521d573d02f0d91360a777095ee42b?s=96&d=mm&r=g","url":"https:\/\/secure.gravatar.com\/avatar\/5e3734c8d8c8e0b0d45f923c14a14d7b90521d573d02f0d91360a777095ee42b?s=96&d=mm&r=g","contentUrl":"https:\/\/secure.gravatar.com\/avatar\/5e3734c8d8c8e0b0d45f923c14a14d7b90521d573d02f0d91360a777095ee42b?s=96&d=mm&r=g","caption":"PILT"},"url":"https:\/\/pilt.com.ar\/parque-industrial\/author\/pilt\/"}]}},"jetpack_featured_media_url":"https:\/\/i0.wp.com\/pilt.com.ar\/parque-industrial\/wp-content\/uploads\/2021\/10\/WhatsApp-Image-2021-10-27-at-09.38.37.jpeg?fit=1080%2C1920&ssl=1","jetpack_sharing_enabled":true,"_links":{"self":[{"href":"https:\/\/pilt.com.ar\/parque-industrial\/wp-json\/wp\/v2\/posts\/1994","targetHints":{"allow":["GET"]}}],"collection":[{"href":"https:\/\/pilt.com.ar\/parque-industrial\/wp-json\/wp\/v2\/posts"}],"about":[{"href":"https:\/\/pilt.com.ar\/parque-industrial\/wp-json\/wp\/v2\/types\/post"}],"author":[{"embeddable":true,"href":"https:\/\/pilt.com.ar\/parque-industrial\/wp-json\/wp\/v2\/users\/3"}],"replies":[{"embeddable":true,"href":"https:\/\/pilt.com.ar\/parque-industrial\/wp-json\/wp\/v2\/comments?post=1994"}],"version-history":[{"count":2,"href":"https:\/\/pilt.com.ar\/parque-industrial\/wp-json\/wp\/v2\/posts\/1994\/revisions"}],"predecessor-version":[{"id":1998,"href":"https:\/\/pilt.com.ar\/parque-industrial\/wp-json\/wp\/v2\/posts\/1994\/revisions\/1998"}],"wp:featuredmedia":[{"embeddable":true,"href":"https:\/\/pilt.com.ar\/parque-industrial\/wp-json\/wp\/v2\/media\/1997"}],"wp:attachment":[{"href":"https:\/\/pilt.com.ar\/parque-industrial\/wp-json\/wp\/v2\/media?parent=1994"}],"wp:term":[{"taxonomy":"category","embeddable":true,"href":"https:\/\/pilt.com.ar\/parque-industrial\/wp-json\/wp\/v2\/categories?post=1994"},{"taxonomy":"post_tag","embeddable":true,"href":"https:\/\/pilt.com.ar\/parque-industrial\/wp-json\/wp\/v2\/tags?post=1994"}],"curies":[{"name":"wp","href":"https:\/\/api.w.org\/{rel}","templated":true}]}}