{"id":1990,"date":"2021-10-22T10:07:55","date_gmt":"2021-10-22T13:07:55","guid":{"rendered":"https:\/\/pilt.com.ar\/parque-industrial\/?p=1990"},"modified":"2021-10-22T10:07:55","modified_gmt":"2021-10-22T13:07:55","slug":"granado-productos-veterinarios-amplia-su-presencia-en-el-pilt","status":"publish","type":"post","link":"https:\/\/pilt.com.ar\/parque-industrial\/granado-productos-veterinarios-amplia-su-presencia-en-el-pilt\/","title":{"rendered":"GRANADO PRODUCTOS VETERINARIOS AMPLIA SU PRESENCIA EN EL PILT"},"content":{"rendered":"\n<p class=\"has-text-align-center\"><strong><em>La firma est\u00e1 construyendo una segunda nave para almacenamiento de materias primas y productos terminados.<\/em><\/strong><\/p>\n\n\n\n<p class=\"has-text-align-justify\">Granado Productos Veterinarios SRL cuenta con varias unidades de negocios, destac\u00e1ndose el \u00e1rea de distribuci\u00f3n de alimentos para mascotas y productos de nutrici\u00f3n para grandes animales. La empresa, que tiene una nave en el Parque Industrial, Log\u00edstico y Tecnol\u00f3gico Villa Mar\u00eda (PILT), se encuentra ejecutando un nuevo espacio para unificar las tareas log\u00edsticas que lleva adelante.<\/p>\n\n\n\n<p class=\"has-text-align-justify\">\u201cLa idea de ampliar el galp\u00f3n que tenemos y hacer uno nuevo, es separar por un lado la parte de fabricaci\u00f3n y por otro el almacenamiento de materias primas y productos terminados de n\u00facleos vitam\u00ednicos para grandes animales. La reglamentaci\u00f3n del SENASA obliga a que la producci\u00f3n est\u00e9 apartada de todo lo dem\u00e1s. Y tambi\u00e9n servir\u00e1 para el almacenamiento de los productos que realizan otras empresas y nosotros distribuimos. Por una cuesti\u00f3n estrat\u00e9gica decidimos unificar todo en el PILT\u201d, explic\u00f3 Mar\u00eda Luz Granado, miembro de la empresa. En la actualidad, los productos se almacenan en una dependencia de la firma localizada en la ciudad que, cuando la nave est\u00e9 terminada y se traslade all\u00ed toda la log\u00edstica, quedar\u00e1 como punto comercial y showroom de productos.<\/p>\n\n\n\n<p class=\"has-text-align-justify\">Asimismo, en la planta emplazada en el PILT, en breve comenzar\u00e1 la elaboraci\u00f3n de n\u00facleos y premezclas para alimentaci\u00f3n animal. Seg\u00fan expres\u00f3 la empresaria, el equipamiento necesario para la producci\u00f3n ya est\u00e1 montado, restando solo la autorizaci\u00f3n de SENASA para iniciar la etapa de fabricaci\u00f3n, hecho que podr\u00eda ocurrir en aproximadamente 30 d\u00edas.<\/p>\n\n\n\n<p class=\"has-text-align-justify\">Vale mencionar que la nave que se est\u00e1 ejecutando contar\u00e1 con 450 metros cuadrados y, una vez concluida \u2013demandar\u00e1 unos 6 meses- sumar\u00e1 en una primera instancia a 3 o 4 personas para realizar las tareas. Pero, adem\u00e1s de la nueva construcci\u00f3n, se ampliar\u00e1 la actual estructura que posee la firma, a\u00f1adiendo oficinas en el primer piso.<\/p>\n","protected":false},"excerpt":{"rendered":"<p>La firma est\u00e1 construyendo una segunda nave para almacenamiento de materias primas y productos terminados. Granado Productos Veterinarios SRL cuenta con varias unidades de negocios, destac\u00e1ndose el \u00e1rea de distribuci\u00f3n de alimentos para mascotas y productos de nutrici\u00f3n para grandes animales. La empresa, que tiene una nave en el Parque Industrial, Log\u00edstico y Tecnol\u00f3gico Villa [&hellip;]<\/p>\n","protected":false},"author":3,"featured_media":1991,"comment_status":"open","ping_status":"open","sticky":false,"template":"","format":"standard","meta":{"_jetpack_memberships_contains_paid_content":false,"footnotes":""},"categories":[2],"tags":[],"class_list":["post-1990","post","type-post","status-publish","format-standard","has-post-thumbnail","hentry","category-noticias"],"yoast_head":"<!-- This site is optimized with the Yoast SEO plugin v27.5 - https:\/\/yoast.com\/product\/yoast-seo-wordpress\/ -->\n<title>GRANADO PRODUCTOS VETERINARIOS AMPLIA SU PRESENCIA EN EL PILT - PILT.com.ar<\/title>\n<meta name=\"robots\" content=\"index, follow, max-snippet:-1, max-image-preview:large, max-video-preview:-1\" \/>\n<link rel=\"canonical\" href=\"https:\/\/pilt.com.ar\/parque-industrial\/granado-productos-veterinarios-amplia-su-presencia-en-el-pilt\/\" \/>\n<meta property=\"og:locale\" content=\"es_ES\" \/>\n<meta property=\"og:type\" content=\"article\" \/>\n<meta property=\"og:title\" content=\"GRANADO PRODUCTOS VETERINARIOS AMPLIA SU PRESENCIA EN EL PILT - PILT.com.ar\" \/>\n<meta property=\"og:description\" content=\"La firma est\u00e1 construyendo una segunda nave para almacenamiento de materias primas y productos terminados. Granado Productos Veterinarios SRL cuenta con varias unidades de negocios, destac\u00e1ndose el \u00e1rea de distribuci\u00f3n de alimentos para mascotas y productos de nutrici\u00f3n para grandes animales. La empresa, que tiene una nave en el Parque Industrial, Log\u00edstico y Tecnol\u00f3gico Villa [&hellip;]\" \/>\n<meta property=\"og:url\" content=\"https:\/\/pilt.com.ar\/parque-industrial\/granado-productos-veterinarios-amplia-su-presencia-en-el-pilt\/\" \/>\n<meta property=\"og:site_name\" content=\"PILT.com.ar\" \/>\n<meta property=\"article:published_time\" content=\"2021-10-22T13:07:55+00:00\" \/>\n<meta property=\"og:image\" content=\"https:\/\/i0.wp.com\/pilt.com.ar\/parque-industrial\/wp-content\/uploads\/2021\/10\/WhatsApp-Image-2021-10-21-at-14.38.30.jpeg?fit=1200%2C1215&ssl=1\" \/>\n\t<meta property=\"og:image:width\" content=\"1200\" \/>\n\t<meta property=\"og:image:height\" content=\"1215\" \/>\n\t<meta property=\"og:image:type\" content=\"image\/jpeg\" \/>\n<meta name=\"author\" content=\"PILT\" \/>\n<meta name=\"twitter:card\" content=\"summary_large_image\" \/>\n<meta name=\"twitter:label1\" content=\"Escrito por\" \/>\n\t<meta name=\"twitter:data1\" content=\"PILT\" \/>\n\t<meta name=\"twitter:label2\" content=\"Tiempo de lectura\" \/>\n\t<meta name=\"twitter:data2\" content=\"2 minutos\" \/>\n<script type=\"application\/ld+json\" class=\"yoast-schema-graph\">{\"@context\":\"https:\\\/\\\/schema.org\",\"@graph\":[{\"@type\":\"Article\",\"@id\":\"https:\\\/\\\/pilt.com.ar\\\/parque-industrial\\\/granado-productos-veterinarios-amplia-su-presencia-en-el-pilt\\\/#article\",\"isPartOf\":{\"@id\":\"https:\\\/\\\/pilt.com.ar\\\/parque-industrial\\\/granado-productos-veterinarios-amplia-su-presencia-en-el-pilt\\\/\"},\"author\":{\"name\":\"PILT\",\"@id\":\"https:\\\/\\\/pilt.com.ar\\\/parque-industrial\\\/#\\\/schema\\\/person\\\/2dfb9e2464de1c3deef20c25c30a8306\"},\"headline\":\"GRANADO PRODUCTOS VETERINARIOS AMPLIA SU PRESENCIA EN EL PILT\",\"datePublished\":\"2021-10-22T13:07:55+00:00\",\"mainEntityOfPage\":{\"@id\":\"https:\\\/\\\/pilt.com.ar\\\/parque-industrial\\\/granado-productos-veterinarios-amplia-su-presencia-en-el-pilt\\\/\"},\"wordCount\":341,\"commentCount\":0,\"image\":{\"@id\":\"https:\\\/\\\/pilt.com.ar\\\/parque-industrial\\\/granado-productos-veterinarios-amplia-su-presencia-en-el-pilt\\\/#primaryimage\"},\"thumbnailUrl\":\"https:\\\/\\\/i0.wp.com\\\/pilt.com.ar\\\/parque-industrial\\\/wp-content\\\/uploads\\\/2021\\\/10\\\/WhatsApp-Image-2021-10-21-at-14.38.30.jpeg?fit=1200%2C1215&ssl=1\",\"articleSection\":[\"Noticias\"],\"inLanguage\":\"es\",\"potentialAction\":[{\"@type\":\"CommentAction\",\"name\":\"Comment\",\"target\":[\"https:\\\/\\\/pilt.com.ar\\\/parque-industrial\\\/granado-productos-veterinarios-amplia-su-presencia-en-el-pilt\\\/#respond\"]}]},{\"@type\":\"WebPage\",\"@id\":\"https:\\\/\\\/pilt.com.ar\\\/parque-industrial\\\/granado-productos-veterinarios-amplia-su-presencia-en-el-pilt\\\/\",\"url\":\"https:\\\/\\\/pilt.com.ar\\\/parque-industrial\\\/granado-productos-veterinarios-amplia-su-presencia-en-el-pilt\\\/\",\"name\":\"GRANADO PRODUCTOS VETERINARIOS AMPLIA SU PRESENCIA EN EL PILT - PILT.com.ar\",\"isPartOf\":{\"@id\":\"https:\\\/\\\/pilt.com.ar\\\/parque-industrial\\\/#website\"},\"primaryImageOfPage\":{\"@id\":\"https:\\\/\\\/pilt.com.ar\\\/parque-industrial\\\/granado-productos-veterinarios-amplia-su-presencia-en-el-pilt\\\/#primaryimage\"},\"image\":{\"@id\":\"https:\\\/\\\/pilt.com.ar\\\/parque-industrial\\\/granado-productos-veterinarios-amplia-su-presencia-en-el-pilt\\\/#primaryimage\"},\"thumbnailUrl\":\"https:\\\/\\\/i0.wp.com\\\/pilt.com.ar\\\/parque-industrial\\\/wp-content\\\/uploads\\\/2021\\\/10\\\/WhatsApp-Image-2021-10-21-at-14.38.30.jpeg?fit=1200%2C1215&ssl=1\",\"datePublished\":\"2021-10-22T13:07:55+00:00\",\"author\":{\"@id\":\"https:\\\/\\\/pilt.com.ar\\\/parque-industrial\\\/#\\\/schema\\\/person\\\/2dfb9e2464de1c3deef20c25c30a8306\"},\"inLanguage\":\"es\",\"potentialAction\":[{\"@type\":\"ReadAction\",\"target\":[\"https:\\\/\\\/pilt.com.ar\\\/parque-industrial\\\/granado-productos-veterinarios-amplia-su-presencia-en-el-pilt\\\/\"]}]},{\"@type\":\"ImageObject\",\"inLanguage\":\"es\",\"@id\":\"https:\\\/\\\/pilt.com.ar\\\/parque-industrial\\\/granado-productos-veterinarios-amplia-su-presencia-en-el-pilt\\\/#primaryimage\",\"url\":\"https:\\\/\\\/i0.wp.com\\\/pilt.com.ar\\\/parque-industrial\\\/wp-content\\\/uploads\\\/2021\\\/10\\\/WhatsApp-Image-2021-10-21-at-14.38.30.jpeg?fit=1200%2C1215&ssl=1\",\"contentUrl\":\"https:\\\/\\\/i0.wp.com\\\/pilt.com.ar\\\/parque-industrial\\\/wp-content\\\/uploads\\\/2021\\\/10\\\/WhatsApp-Image-2021-10-21-at-14.38.30.jpeg?fit=1200%2C1215&ssl=1\",\"width\":1200,\"height\":1215},{\"@type\":\"WebSite\",\"@id\":\"https:\\\/\\\/pilt.com.ar\\\/parque-industrial\\\/#website\",\"url\":\"https:\\\/\\\/pilt.com.ar\\\/parque-industrial\\\/\",\"name\":\"PILT.com.ar\",\"description\":\"Parque Industrial, Log\u00edstico y Tecnol\u00f3gico Villa Mar\u00eda\",\"potentialAction\":[{\"@type\":\"SearchAction\",\"target\":{\"@type\":\"EntryPoint\",\"urlTemplate\":\"https:\\\/\\\/pilt.com.ar\\\/parque-industrial\\\/?s={search_term_string}\"},\"query-input\":{\"@type\":\"PropertyValueSpecification\",\"valueRequired\":true,\"valueName\":\"search_term_string\"}}],\"inLanguage\":\"es\"},{\"@type\":\"Person\",\"@id\":\"https:\\\/\\\/pilt.com.ar\\\/parque-industrial\\\/#\\\/schema\\\/person\\\/2dfb9e2464de1c3deef20c25c30a8306\",\"name\":\"PILT\",\"image\":{\"@type\":\"ImageObject\",\"inLanguage\":\"es\",\"@id\":\"https:\\\/\\\/secure.gravatar.com\\\/avatar\\\/5e3734c8d8c8e0b0d45f923c14a14d7b90521d573d02f0d91360a777095ee42b?s=96&d=mm&r=g\",\"url\":\"https:\\\/\\\/secure.gravatar.com\\\/avatar\\\/5e3734c8d8c8e0b0d45f923c14a14d7b90521d573d02f0d91360a777095ee42b?s=96&d=mm&r=g\",\"contentUrl\":\"https:\\\/\\\/secure.gravatar.com\\\/avatar\\\/5e3734c8d8c8e0b0d45f923c14a14d7b90521d573d02f0d91360a777095ee42b?s=96&d=mm&r=g\",\"caption\":\"PILT\"},\"url\":\"https:\\\/\\\/pilt.com.ar\\\/parque-industrial\\\/author\\\/pilt\\\/\"}]}<\/script>\n<!-- \/ Yoast SEO plugin. -->","yoast_head_json":{"title":"GRANADO PRODUCTOS VETERINARIOS AMPLIA SU PRESENCIA EN EL PILT - PILT.com.ar","robots":{"index":"index","follow":"follow","max-snippet":"max-snippet:-1","max-image-preview":"max-image-preview:large","max-video-preview":"max-video-preview:-1"},"canonical":"https:\/\/pilt.com.ar\/parque-industrial\/granado-productos-veterinarios-amplia-su-presencia-en-el-pilt\/","og_locale":"es_ES","og_type":"article","og_title":"GRANADO PRODUCTOS VETERINARIOS AMPLIA SU PRESENCIA EN EL PILT - PILT.com.ar","og_description":"La firma est\u00e1 construyendo una segunda nave para almacenamiento de materias primas y productos terminados. Granado Productos Veterinarios SRL cuenta con varias unidades de negocios, destac\u00e1ndose el \u00e1rea de distribuci\u00f3n de alimentos para mascotas y productos de nutrici\u00f3n para grandes animales. La empresa, que tiene una nave en el Parque Industrial, Log\u00edstico y Tecnol\u00f3gico Villa [&hellip;]","og_url":"https:\/\/pilt.com.ar\/parque-industrial\/granado-productos-veterinarios-amplia-su-presencia-en-el-pilt\/","og_site_name":"PILT.com.ar","article_published_time":"2021-10-22T13:07:55+00:00","og_image":[{"width":1200,"height":1215,"url":"https:\/\/i0.wp.com\/pilt.com.ar\/parque-industrial\/wp-content\/uploads\/2021\/10\/WhatsApp-Image-2021-10-21-at-14.38.30.jpeg?fit=1200%2C1215&ssl=1","type":"image\/jpeg"}],"author":"PILT","twitter_card":"summary_large_image","twitter_misc":{"Escrito por":"PILT","Tiempo de lectura":"2 minutos"},"schema":{"@context":"https:\/\/schema.org","@graph":[{"@type":"Article","@id":"https:\/\/pilt.com.ar\/parque-industrial\/granado-productos-veterinarios-amplia-su-presencia-en-el-pilt\/#article","isPartOf":{"@id":"https:\/\/pilt.com.ar\/parque-industrial\/granado-productos-veterinarios-amplia-su-presencia-en-el-pilt\/"},"author":{"name":"PILT","@id":"https:\/\/pilt.com.ar\/parque-industrial\/#\/schema\/person\/2dfb9e2464de1c3deef20c25c30a8306"},"headline":"GRANADO PRODUCTOS VETERINARIOS AMPLIA SU PRESENCIA EN EL PILT","datePublished":"2021-10-22T13:07:55+00:00","mainEntityOfPage":{"@id":"https:\/\/pilt.com.ar\/parque-industrial\/granado-productos-veterinarios-amplia-su-presencia-en-el-pilt\/"},"wordCount":341,"commentCount":0,"image":{"@id":"https:\/\/pilt.com.ar\/parque-industrial\/granado-productos-veterinarios-amplia-su-presencia-en-el-pilt\/#primaryimage"},"thumbnailUrl":"https:\/\/i0.wp.com\/pilt.com.ar\/parque-industrial\/wp-content\/uploads\/2021\/10\/WhatsApp-Image-2021-10-21-at-14.38.30.jpeg?fit=1200%2C1215&ssl=1","articleSection":["Noticias"],"inLanguage":"es","potentialAction":[{"@type":"CommentAction","name":"Comment","target":["https:\/\/pilt.com.ar\/parque-industrial\/granado-productos-veterinarios-amplia-su-presencia-en-el-pilt\/#respond"]}]},{"@type":"WebPage","@id":"https:\/\/pilt.com.ar\/parque-industrial\/granado-productos-veterinarios-amplia-su-presencia-en-el-pilt\/","url":"https:\/\/pilt.com.ar\/parque-industrial\/granado-productos-veterinarios-amplia-su-presencia-en-el-pilt\/","name":"GRANADO PRODUCTOS VETERINARIOS AMPLIA SU PRESENCIA EN EL PILT - PILT.com.ar","isPartOf":{"@id":"https:\/\/pilt.com.ar\/parque-industrial\/#website"},"primaryImageOfPage":{"@id":"https:\/\/pilt.com.ar\/parque-industrial\/granado-productos-veterinarios-amplia-su-presencia-en-el-pilt\/#primaryimage"},"image":{"@id":"https:\/\/pilt.com.ar\/parque-industrial\/granado-productos-veterinarios-amplia-su-presencia-en-el-pilt\/#primaryimage"},"thumbnailUrl":"https:\/\/i0.wp.com\/pilt.com.ar\/parque-industrial\/wp-content\/uploads\/2021\/10\/WhatsApp-Image-2021-10-21-at-14.38.30.jpeg?fit=1200%2C1215&ssl=1","datePublished":"2021-10-22T13:07:55+00:00","author":{"@id":"https:\/\/pilt.com.ar\/parque-industrial\/#\/schema\/person\/2dfb9e2464de1c3deef20c25c30a8306"},"inLanguage":"es","potentialAction":[{"@type":"ReadAction","target":["https:\/\/pilt.com.ar\/parque-industrial\/granado-productos-veterinarios-amplia-su-presencia-en-el-pilt\/"]}]},{"@type":"ImageObject","inLanguage":"es","@id":"https:\/\/pilt.com.ar\/parque-industrial\/granado-productos-veterinarios-amplia-su-presencia-en-el-pilt\/#primaryimage","url":"https:\/\/i0.wp.com\/pilt.com.ar\/parque-industrial\/wp-content\/uploads\/2021\/10\/WhatsApp-Image-2021-10-21-at-14.38.30.jpeg?fit=1200%2C1215&ssl=1","contentUrl":"https:\/\/i0.wp.com\/pilt.com.ar\/parque-industrial\/wp-content\/uploads\/2021\/10\/WhatsApp-Image-2021-10-21-at-14.38.30.jpeg?fit=1200%2C1215&ssl=1","width":1200,"height":1215},{"@type":"WebSite","@id":"https:\/\/pilt.com.ar\/parque-industrial\/#website","url":"https:\/\/pilt.com.ar\/parque-industrial\/","name":"PILT.com.ar","description":"Parque Industrial, Log\u00edstico y Tecnol\u00f3gico Villa Mar\u00eda","potentialAction":[{"@type":"SearchAction","target":{"@type":"EntryPoint","urlTemplate":"https:\/\/pilt.com.ar\/parque-industrial\/?s={search_term_string}"},"query-input":{"@type":"PropertyValueSpecification","valueRequired":true,"valueName":"search_term_string"}}],"inLanguage":"es"},{"@type":"Person","@id":"https:\/\/pilt.com.ar\/parque-industrial\/#\/schema\/person\/2dfb9e2464de1c3deef20c25c30a8306","name":"PILT","image":{"@type":"ImageObject","inLanguage":"es","@id":"https:\/\/secure.gravatar.com\/avatar\/5e3734c8d8c8e0b0d45f923c14a14d7b90521d573d02f0d91360a777095ee42b?s=96&d=mm&r=g","url":"https:\/\/secure.gravatar.com\/avatar\/5e3734c8d8c8e0b0d45f923c14a14d7b90521d573d02f0d91360a777095ee42b?s=96&d=mm&r=g","contentUrl":"https:\/\/secure.gravatar.com\/avatar\/5e3734c8d8c8e0b0d45f923c14a14d7b90521d573d02f0d91360a777095ee42b?s=96&d=mm&r=g","caption":"PILT"},"url":"https:\/\/pilt.com.ar\/parque-industrial\/author\/pilt\/"}]}},"jetpack_featured_media_url":"https:\/\/i0.wp.com\/pilt.com.ar\/parque-industrial\/wp-content\/uploads\/2021\/10\/WhatsApp-Image-2021-10-21-at-14.38.30.jpeg?fit=1200%2C1215&ssl=1","jetpack_sharing_enabled":true,"_links":{"self":[{"href":"https:\/\/pilt.com.ar\/parque-industrial\/wp-json\/wp\/v2\/posts\/1990","targetHints":{"allow":["GET"]}}],"collection":[{"href":"https:\/\/pilt.com.ar\/parque-industrial\/wp-json\/wp\/v2\/posts"}],"about":[{"href":"https:\/\/pilt.com.ar\/parque-industrial\/wp-json\/wp\/v2\/types\/post"}],"author":[{"embeddable":true,"href":"https:\/\/pilt.com.ar\/parque-industrial\/wp-json\/wp\/v2\/users\/3"}],"replies":[{"embeddable":true,"href":"https:\/\/pilt.com.ar\/parque-industrial\/wp-json\/wp\/v2\/comments?post=1990"}],"version-history":[{"count":1,"href":"https:\/\/pilt.com.ar\/parque-industrial\/wp-json\/wp\/v2\/posts\/1990\/revisions"}],"predecessor-version":[{"id":1992,"href":"https:\/\/pilt.com.ar\/parque-industrial\/wp-json\/wp\/v2\/posts\/1990\/revisions\/1992"}],"wp:featuredmedia":[{"embeddable":true,"href":"https:\/\/pilt.com.ar\/parque-industrial\/wp-json\/wp\/v2\/media\/1991"}],"wp:attachment":[{"href":"https:\/\/pilt.com.ar\/parque-industrial\/wp-json\/wp\/v2\/media?parent=1990"}],"wp:term":[{"taxonomy":"category","embeddable":true,"href":"https:\/\/pilt.com.ar\/parque-industrial\/wp-json\/wp\/v2\/categories?post=1990"},{"taxonomy":"post_tag","embeddable":true,"href":"https:\/\/pilt.com.ar\/parque-industrial\/wp-json\/wp\/v2\/tags?post=1990"}],"curies":[{"name":"wp","href":"https:\/\/api.w.org\/{rel}","templated":true}]}}