{"id":1986,"date":"2021-10-15T10:39:08","date_gmt":"2021-10-15T13:39:08","guid":{"rendered":"https:\/\/pilt.com.ar\/parque-industrial\/?p=1986"},"modified":"2021-10-15T10:39:34","modified_gmt":"2021-10-15T13:39:34","slug":"dyfma-ya-se-instalo-en-la-nave-para-emprendedores-i","status":"publish","type":"post","link":"https:\/\/pilt.com.ar\/parque-industrial\/dyfma-ya-se-instalo-en-la-nave-para-emprendedores-i\/","title":{"rendered":"DYFMA YA SE INSTAL\u00d3 EN LA NAVE PARA EMPRENDEDORES I"},"content":{"rendered":"\n<p class=\"has-text-align-center\"><strong><em>Los titulares de la firma hab\u00edan definido su incorporaci\u00f3n tiempo atr\u00e1s, pero antes ten\u00edan que finalizar distintos trabajos que estaban desarrollando.<\/em><\/strong><\/p>\n\n\n\n<p class=\"has-text-align-justify\">La empresa <strong>DyFma<\/strong>, dedicada a la fabricaci\u00f3n de maquinaria para cosecha y poscosecha de frutos secos, termin\u00f3 de trasladarse a la Nave para Emprendedores I, tal como hab\u00eda acordado con la Administraci\u00f3n del Ente. Por las dimensiones del equipamiento que elaboran, la firma ocup\u00f3 dos salones de la Nave, los que quedaron unidos a partir de la modificaci\u00f3n de una de las paredes laterales.<\/p>\n\n\n\n<p class=\"has-text-align-justify\">La empresa desarrolla equipos vinculados a la producci\u00f3n de nueces (tradicional o de castilla y pec\u00e1n), almendras y casta\u00f1a; fabrican m\u00e1quinas en serie, que son las m\u00e1s demandadas, y otras de mayor porte que realizan a pedido de los clientes. En la actualidad se enfoca m\u00e1s en dispositivos que permiten partir la c\u00e1scara y separar la pulpa.<\/p>\n\n\n\n<p class=\"has-text-align-justify\">Cabe mencionar que la firma, conformada por los socios Marcelo Primo y Franco D\u00edaz, cuenta con un amplio mercado en distintas provincias argentinas. En ese sentido, en la zona norte del pa\u00eds, particularmente Catamarca y La Rioja, los productores demandan equipos para las labores con nuez de castilla; al sur (Neuqu\u00e9n y R\u00edo Negro), sobresalen las almendras y avellanas; mientras que la regi\u00f3n centro, constituida por Entre R\u00edos, Buenos Aires, Santa Fe y C\u00f3rdoba, la comercializaci\u00f3n se focaliza en maquinaria para la nuez pec\u00e1n.<\/p>\n\n\n\n<p class=\"has-text-align-justify\">Por otra parte, Industrias Magno \u2013la primera en instalarse en la Nave para Emprendedores I- tambi\u00e9n ampli\u00f3 su espacio de trabajo a otro sol\u00f3n contiguo, teniendo en cuenta la evoluci\u00f3n que muestra el proyecto. Vale decir que la empresa desarroll\u00f3 un producto innovador, denominado e-Milk, que se utiliza en tambos para distribuir y pasteurizar la leche que se le entrega a los terneros, facilitando de tal forma las tareas que llevan a cabo los operarios y evitando enfermedades en el rodeo.<\/p>\n\n\n\n<p class=\"has-text-align-justify\">Forman parte del emprendimiento tres ingenieros recibidos en la Facultad Regional Villa Mar\u00eda de la Universidad Tecnol\u00f3gica Nacional: Diego Audano y Gonzalo Moreno, ingenieros mec\u00e1nicos; y Marcelo Coppari, ingeniero electr\u00f3nico.<\/p>\n","protected":false},"excerpt":{"rendered":"<p>Los titulares de la firma hab\u00edan definido su incorporaci\u00f3n tiempo atr\u00e1s, pero antes ten\u00edan que finalizar distintos trabajos que estaban desarrollando. La empresa DyFma, dedicada a la fabricaci\u00f3n de maquinaria para cosecha y poscosecha de frutos secos, termin\u00f3 de trasladarse a la Nave para Emprendedores I, tal como hab\u00eda acordado con la Administraci\u00f3n del Ente. [&hellip;]<\/p>\n","protected":false},"author":3,"featured_media":1987,"comment_status":"open","ping_status":"open","sticky":false,"template":"","format":"standard","meta":{"_jetpack_memberships_contains_paid_content":false,"footnotes":""},"categories":[2],"tags":[],"class_list":["post-1986","post","type-post","status-publish","format-standard","has-post-thumbnail","hentry","category-noticias"],"yoast_head":"<!-- This site is optimized with the Yoast SEO plugin v27.5 - https:\/\/yoast.com\/product\/yoast-seo-wordpress\/ -->\n<title>DYFMA YA SE INSTAL\u00d3 EN LA NAVE PARA EMPRENDEDORES I - PILT.com.ar<\/title>\n<meta name=\"robots\" content=\"index, follow, max-snippet:-1, max-image-preview:large, max-video-preview:-1\" \/>\n<link rel=\"canonical\" href=\"https:\/\/pilt.com.ar\/parque-industrial\/dyfma-ya-se-instalo-en-la-nave-para-emprendedores-i\/\" \/>\n<meta property=\"og:locale\" content=\"es_ES\" \/>\n<meta property=\"og:type\" content=\"article\" \/>\n<meta property=\"og:title\" content=\"DYFMA YA SE INSTAL\u00d3 EN LA NAVE PARA EMPRENDEDORES I - PILT.com.ar\" \/>\n<meta property=\"og:description\" content=\"Los titulares de la firma hab\u00edan definido su incorporaci\u00f3n tiempo atr\u00e1s, pero antes ten\u00edan que finalizar distintos trabajos que estaban desarrollando. La empresa DyFma, dedicada a la fabricaci\u00f3n de maquinaria para cosecha y poscosecha de frutos secos, termin\u00f3 de trasladarse a la Nave para Emprendedores I, tal como hab\u00eda acordado con la Administraci\u00f3n del Ente. [&hellip;]\" \/>\n<meta property=\"og:url\" content=\"https:\/\/pilt.com.ar\/parque-industrial\/dyfma-ya-se-instalo-en-la-nave-para-emprendedores-i\/\" \/>\n<meta property=\"og:site_name\" content=\"PILT.com.ar\" \/>\n<meta property=\"article:published_time\" content=\"2021-10-15T13:39:08+00:00\" \/>\n<meta property=\"article:modified_time\" content=\"2021-10-15T13:39:34+00:00\" \/>\n<meta property=\"og:image\" content=\"https:\/\/i0.wp.com\/pilt.com.ar\/parque-industrial\/wp-content\/uploads\/2021\/10\/WhatsApp-Image-2021-10-15-at-10.34.13.jpeg?fit=1280%2C853&ssl=1\" \/>\n\t<meta property=\"og:image:width\" content=\"1280\" \/>\n\t<meta property=\"og:image:height\" content=\"853\" \/>\n\t<meta property=\"og:image:type\" content=\"image\/jpeg\" \/>\n<meta name=\"author\" content=\"PILT\" \/>\n<meta name=\"twitter:card\" content=\"summary_large_image\" \/>\n<meta name=\"twitter:label1\" content=\"Escrito por\" \/>\n\t<meta name=\"twitter:data1\" content=\"PILT\" \/>\n\t<meta name=\"twitter:label2\" content=\"Tiempo de lectura\" \/>\n\t<meta name=\"twitter:data2\" content=\"2 minutos\" \/>\n<script type=\"application\/ld+json\" class=\"yoast-schema-graph\">{\"@context\":\"https:\\\/\\\/schema.org\",\"@graph\":[{\"@type\":\"Article\",\"@id\":\"https:\\\/\\\/pilt.com.ar\\\/parque-industrial\\\/dyfma-ya-se-instalo-en-la-nave-para-emprendedores-i\\\/#article\",\"isPartOf\":{\"@id\":\"https:\\\/\\\/pilt.com.ar\\\/parque-industrial\\\/dyfma-ya-se-instalo-en-la-nave-para-emprendedores-i\\\/\"},\"author\":{\"name\":\"PILT\",\"@id\":\"https:\\\/\\\/pilt.com.ar\\\/parque-industrial\\\/#\\\/schema\\\/person\\\/2dfb9e2464de1c3deef20c25c30a8306\"},\"headline\":\"DYFMA YA SE INSTAL\u00d3 EN LA NAVE PARA EMPRENDEDORES I\",\"datePublished\":\"2021-10-15T13:39:08+00:00\",\"dateModified\":\"2021-10-15T13:39:34+00:00\",\"mainEntityOfPage\":{\"@id\":\"https:\\\/\\\/pilt.com.ar\\\/parque-industrial\\\/dyfma-ya-se-instalo-en-la-nave-para-emprendedores-i\\\/\"},\"wordCount\":378,\"commentCount\":0,\"image\":{\"@id\":\"https:\\\/\\\/pilt.com.ar\\\/parque-industrial\\\/dyfma-ya-se-instalo-en-la-nave-para-emprendedores-i\\\/#primaryimage\"},\"thumbnailUrl\":\"https:\\\/\\\/i0.wp.com\\\/pilt.com.ar\\\/parque-industrial\\\/wp-content\\\/uploads\\\/2021\\\/10\\\/WhatsApp-Image-2021-10-15-at-10.34.13.jpeg?fit=1280%2C853&ssl=1\",\"articleSection\":[\"Noticias\"],\"inLanguage\":\"es\",\"potentialAction\":[{\"@type\":\"CommentAction\",\"name\":\"Comment\",\"target\":[\"https:\\\/\\\/pilt.com.ar\\\/parque-industrial\\\/dyfma-ya-se-instalo-en-la-nave-para-emprendedores-i\\\/#respond\"]}]},{\"@type\":\"WebPage\",\"@id\":\"https:\\\/\\\/pilt.com.ar\\\/parque-industrial\\\/dyfma-ya-se-instalo-en-la-nave-para-emprendedores-i\\\/\",\"url\":\"https:\\\/\\\/pilt.com.ar\\\/parque-industrial\\\/dyfma-ya-se-instalo-en-la-nave-para-emprendedores-i\\\/\",\"name\":\"DYFMA YA SE INSTAL\u00d3 EN LA NAVE PARA EMPRENDEDORES I - PILT.com.ar\",\"isPartOf\":{\"@id\":\"https:\\\/\\\/pilt.com.ar\\\/parque-industrial\\\/#website\"},\"primaryImageOfPage\":{\"@id\":\"https:\\\/\\\/pilt.com.ar\\\/parque-industrial\\\/dyfma-ya-se-instalo-en-la-nave-para-emprendedores-i\\\/#primaryimage\"},\"image\":{\"@id\":\"https:\\\/\\\/pilt.com.ar\\\/parque-industrial\\\/dyfma-ya-se-instalo-en-la-nave-para-emprendedores-i\\\/#primaryimage\"},\"thumbnailUrl\":\"https:\\\/\\\/i0.wp.com\\\/pilt.com.ar\\\/parque-industrial\\\/wp-content\\\/uploads\\\/2021\\\/10\\\/WhatsApp-Image-2021-10-15-at-10.34.13.jpeg?fit=1280%2C853&ssl=1\",\"datePublished\":\"2021-10-15T13:39:08+00:00\",\"dateModified\":\"2021-10-15T13:39:34+00:00\",\"author\":{\"@id\":\"https:\\\/\\\/pilt.com.ar\\\/parque-industrial\\\/#\\\/schema\\\/person\\\/2dfb9e2464de1c3deef20c25c30a8306\"},\"inLanguage\":\"es\",\"potentialAction\":[{\"@type\":\"ReadAction\",\"target\":[\"https:\\\/\\\/pilt.com.ar\\\/parque-industrial\\\/dyfma-ya-se-instalo-en-la-nave-para-emprendedores-i\\\/\"]}]},{\"@type\":\"ImageObject\",\"inLanguage\":\"es\",\"@id\":\"https:\\\/\\\/pilt.com.ar\\\/parque-industrial\\\/dyfma-ya-se-instalo-en-la-nave-para-emprendedores-i\\\/#primaryimage\",\"url\":\"https:\\\/\\\/i0.wp.com\\\/pilt.com.ar\\\/parque-industrial\\\/wp-content\\\/uploads\\\/2021\\\/10\\\/WhatsApp-Image-2021-10-15-at-10.34.13.jpeg?fit=1280%2C853&ssl=1\",\"contentUrl\":\"https:\\\/\\\/i0.wp.com\\\/pilt.com.ar\\\/parque-industrial\\\/wp-content\\\/uploads\\\/2021\\\/10\\\/WhatsApp-Image-2021-10-15-at-10.34.13.jpeg?fit=1280%2C853&ssl=1\",\"width\":1280,\"height\":853},{\"@type\":\"WebSite\",\"@id\":\"https:\\\/\\\/pilt.com.ar\\\/parque-industrial\\\/#website\",\"url\":\"https:\\\/\\\/pilt.com.ar\\\/parque-industrial\\\/\",\"name\":\"PILT.com.ar\",\"description\":\"Parque Industrial, Log\u00edstico y Tecnol\u00f3gico Villa Mar\u00eda\",\"potentialAction\":[{\"@type\":\"SearchAction\",\"target\":{\"@type\":\"EntryPoint\",\"urlTemplate\":\"https:\\\/\\\/pilt.com.ar\\\/parque-industrial\\\/?s={search_term_string}\"},\"query-input\":{\"@type\":\"PropertyValueSpecification\",\"valueRequired\":true,\"valueName\":\"search_term_string\"}}],\"inLanguage\":\"es\"},{\"@type\":\"Person\",\"@id\":\"https:\\\/\\\/pilt.com.ar\\\/parque-industrial\\\/#\\\/schema\\\/person\\\/2dfb9e2464de1c3deef20c25c30a8306\",\"name\":\"PILT\",\"image\":{\"@type\":\"ImageObject\",\"inLanguage\":\"es\",\"@id\":\"https:\\\/\\\/secure.gravatar.com\\\/avatar\\\/5e3734c8d8c8e0b0d45f923c14a14d7b90521d573d02f0d91360a777095ee42b?s=96&d=mm&r=g\",\"url\":\"https:\\\/\\\/secure.gravatar.com\\\/avatar\\\/5e3734c8d8c8e0b0d45f923c14a14d7b90521d573d02f0d91360a777095ee42b?s=96&d=mm&r=g\",\"contentUrl\":\"https:\\\/\\\/secure.gravatar.com\\\/avatar\\\/5e3734c8d8c8e0b0d45f923c14a14d7b90521d573d02f0d91360a777095ee42b?s=96&d=mm&r=g\",\"caption\":\"PILT\"},\"url\":\"https:\\\/\\\/pilt.com.ar\\\/parque-industrial\\\/author\\\/pilt\\\/\"}]}<\/script>\n<!-- \/ Yoast SEO plugin. -->","yoast_head_json":{"title":"DYFMA YA SE INSTAL\u00d3 EN LA NAVE PARA EMPRENDEDORES I - PILT.com.ar","robots":{"index":"index","follow":"follow","max-snippet":"max-snippet:-1","max-image-preview":"max-image-preview:large","max-video-preview":"max-video-preview:-1"},"canonical":"https:\/\/pilt.com.ar\/parque-industrial\/dyfma-ya-se-instalo-en-la-nave-para-emprendedores-i\/","og_locale":"es_ES","og_type":"article","og_title":"DYFMA YA SE INSTAL\u00d3 EN LA NAVE PARA EMPRENDEDORES I - PILT.com.ar","og_description":"Los titulares de la firma hab\u00edan definido su incorporaci\u00f3n tiempo atr\u00e1s, pero antes ten\u00edan que finalizar distintos trabajos que estaban desarrollando. La empresa DyFma, dedicada a la fabricaci\u00f3n de maquinaria para cosecha y poscosecha de frutos secos, termin\u00f3 de trasladarse a la Nave para Emprendedores I, tal como hab\u00eda acordado con la Administraci\u00f3n del Ente. [&hellip;]","og_url":"https:\/\/pilt.com.ar\/parque-industrial\/dyfma-ya-se-instalo-en-la-nave-para-emprendedores-i\/","og_site_name":"PILT.com.ar","article_published_time":"2021-10-15T13:39:08+00:00","article_modified_time":"2021-10-15T13:39:34+00:00","og_image":[{"width":1280,"height":853,"url":"https:\/\/i0.wp.com\/pilt.com.ar\/parque-industrial\/wp-content\/uploads\/2021\/10\/WhatsApp-Image-2021-10-15-at-10.34.13.jpeg?fit=1280%2C853&ssl=1","type":"image\/jpeg"}],"author":"PILT","twitter_card":"summary_large_image","twitter_misc":{"Escrito por":"PILT","Tiempo de lectura":"2 minutos"},"schema":{"@context":"https:\/\/schema.org","@graph":[{"@type":"Article","@id":"https:\/\/pilt.com.ar\/parque-industrial\/dyfma-ya-se-instalo-en-la-nave-para-emprendedores-i\/#article","isPartOf":{"@id":"https:\/\/pilt.com.ar\/parque-industrial\/dyfma-ya-se-instalo-en-la-nave-para-emprendedores-i\/"},"author":{"name":"PILT","@id":"https:\/\/pilt.com.ar\/parque-industrial\/#\/schema\/person\/2dfb9e2464de1c3deef20c25c30a8306"},"headline":"DYFMA YA SE INSTAL\u00d3 EN LA NAVE PARA EMPRENDEDORES I","datePublished":"2021-10-15T13:39:08+00:00","dateModified":"2021-10-15T13:39:34+00:00","mainEntityOfPage":{"@id":"https:\/\/pilt.com.ar\/parque-industrial\/dyfma-ya-se-instalo-en-la-nave-para-emprendedores-i\/"},"wordCount":378,"commentCount":0,"image":{"@id":"https:\/\/pilt.com.ar\/parque-industrial\/dyfma-ya-se-instalo-en-la-nave-para-emprendedores-i\/#primaryimage"},"thumbnailUrl":"https:\/\/i0.wp.com\/pilt.com.ar\/parque-industrial\/wp-content\/uploads\/2021\/10\/WhatsApp-Image-2021-10-15-at-10.34.13.jpeg?fit=1280%2C853&ssl=1","articleSection":["Noticias"],"inLanguage":"es","potentialAction":[{"@type":"CommentAction","name":"Comment","target":["https:\/\/pilt.com.ar\/parque-industrial\/dyfma-ya-se-instalo-en-la-nave-para-emprendedores-i\/#respond"]}]},{"@type":"WebPage","@id":"https:\/\/pilt.com.ar\/parque-industrial\/dyfma-ya-se-instalo-en-la-nave-para-emprendedores-i\/","url":"https:\/\/pilt.com.ar\/parque-industrial\/dyfma-ya-se-instalo-en-la-nave-para-emprendedores-i\/","name":"DYFMA YA SE INSTAL\u00d3 EN LA NAVE PARA EMPRENDEDORES I - PILT.com.ar","isPartOf":{"@id":"https:\/\/pilt.com.ar\/parque-industrial\/#website"},"primaryImageOfPage":{"@id":"https:\/\/pilt.com.ar\/parque-industrial\/dyfma-ya-se-instalo-en-la-nave-para-emprendedores-i\/#primaryimage"},"image":{"@id":"https:\/\/pilt.com.ar\/parque-industrial\/dyfma-ya-se-instalo-en-la-nave-para-emprendedores-i\/#primaryimage"},"thumbnailUrl":"https:\/\/i0.wp.com\/pilt.com.ar\/parque-industrial\/wp-content\/uploads\/2021\/10\/WhatsApp-Image-2021-10-15-at-10.34.13.jpeg?fit=1280%2C853&ssl=1","datePublished":"2021-10-15T13:39:08+00:00","dateModified":"2021-10-15T13:39:34+00:00","author":{"@id":"https:\/\/pilt.com.ar\/parque-industrial\/#\/schema\/person\/2dfb9e2464de1c3deef20c25c30a8306"},"inLanguage":"es","potentialAction":[{"@type":"ReadAction","target":["https:\/\/pilt.com.ar\/parque-industrial\/dyfma-ya-se-instalo-en-la-nave-para-emprendedores-i\/"]}]},{"@type":"ImageObject","inLanguage":"es","@id":"https:\/\/pilt.com.ar\/parque-industrial\/dyfma-ya-se-instalo-en-la-nave-para-emprendedores-i\/#primaryimage","url":"https:\/\/i0.wp.com\/pilt.com.ar\/parque-industrial\/wp-content\/uploads\/2021\/10\/WhatsApp-Image-2021-10-15-at-10.34.13.jpeg?fit=1280%2C853&ssl=1","contentUrl":"https:\/\/i0.wp.com\/pilt.com.ar\/parque-industrial\/wp-content\/uploads\/2021\/10\/WhatsApp-Image-2021-10-15-at-10.34.13.jpeg?fit=1280%2C853&ssl=1","width":1280,"height":853},{"@type":"WebSite","@id":"https:\/\/pilt.com.ar\/parque-industrial\/#website","url":"https:\/\/pilt.com.ar\/parque-industrial\/","name":"PILT.com.ar","description":"Parque Industrial, Log\u00edstico y Tecnol\u00f3gico Villa Mar\u00eda","potentialAction":[{"@type":"SearchAction","target":{"@type":"EntryPoint","urlTemplate":"https:\/\/pilt.com.ar\/parque-industrial\/?s={search_term_string}"},"query-input":{"@type":"PropertyValueSpecification","valueRequired":true,"valueName":"search_term_string"}}],"inLanguage":"es"},{"@type":"Person","@id":"https:\/\/pilt.com.ar\/parque-industrial\/#\/schema\/person\/2dfb9e2464de1c3deef20c25c30a8306","name":"PILT","image":{"@type":"ImageObject","inLanguage":"es","@id":"https:\/\/secure.gravatar.com\/avatar\/5e3734c8d8c8e0b0d45f923c14a14d7b90521d573d02f0d91360a777095ee42b?s=96&d=mm&r=g","url":"https:\/\/secure.gravatar.com\/avatar\/5e3734c8d8c8e0b0d45f923c14a14d7b90521d573d02f0d91360a777095ee42b?s=96&d=mm&r=g","contentUrl":"https:\/\/secure.gravatar.com\/avatar\/5e3734c8d8c8e0b0d45f923c14a14d7b90521d573d02f0d91360a777095ee42b?s=96&d=mm&r=g","caption":"PILT"},"url":"https:\/\/pilt.com.ar\/parque-industrial\/author\/pilt\/"}]}},"jetpack_featured_media_url":"https:\/\/i0.wp.com\/pilt.com.ar\/parque-industrial\/wp-content\/uploads\/2021\/10\/WhatsApp-Image-2021-10-15-at-10.34.13.jpeg?fit=1280%2C853&ssl=1","jetpack_sharing_enabled":true,"_links":{"self":[{"href":"https:\/\/pilt.com.ar\/parque-industrial\/wp-json\/wp\/v2\/posts\/1986","targetHints":{"allow":["GET"]}}],"collection":[{"href":"https:\/\/pilt.com.ar\/parque-industrial\/wp-json\/wp\/v2\/posts"}],"about":[{"href":"https:\/\/pilt.com.ar\/parque-industrial\/wp-json\/wp\/v2\/types\/post"}],"author":[{"embeddable":true,"href":"https:\/\/pilt.com.ar\/parque-industrial\/wp-json\/wp\/v2\/users\/3"}],"replies":[{"embeddable":true,"href":"https:\/\/pilt.com.ar\/parque-industrial\/wp-json\/wp\/v2\/comments?post=1986"}],"version-history":[{"count":2,"href":"https:\/\/pilt.com.ar\/parque-industrial\/wp-json\/wp\/v2\/posts\/1986\/revisions"}],"predecessor-version":[{"id":1989,"href":"https:\/\/pilt.com.ar\/parque-industrial\/wp-json\/wp\/v2\/posts\/1986\/revisions\/1989"}],"wp:featuredmedia":[{"embeddable":true,"href":"https:\/\/pilt.com.ar\/parque-industrial\/wp-json\/wp\/v2\/media\/1987"}],"wp:attachment":[{"href":"https:\/\/pilt.com.ar\/parque-industrial\/wp-json\/wp\/v2\/media?parent=1986"}],"wp:term":[{"taxonomy":"category","embeddable":true,"href":"https:\/\/pilt.com.ar\/parque-industrial\/wp-json\/wp\/v2\/categories?post=1986"},{"taxonomy":"post_tag","embeddable":true,"href":"https:\/\/pilt.com.ar\/parque-industrial\/wp-json\/wp\/v2\/tags?post=1986"}],"curies":[{"name":"wp","href":"https:\/\/api.w.org\/{rel}","templated":true}]}}