{"id":1982,"date":"2021-10-07T14:40:42","date_gmt":"2021-10-07T17:40:42","guid":{"rendered":"https:\/\/pilt.com.ar\/parque-industrial\/?p=1982"},"modified":"2021-10-07T14:40:43","modified_gmt":"2021-10-07T17:40:43","slug":"pilt-recepta-documentacion-de-interesados-en-programas-de-empleo","status":"publish","type":"post","link":"https:\/\/pilt.com.ar\/parque-industrial\/pilt-recepta-documentacion-de-interesados-en-programas-de-empleo\/","title":{"rendered":"PILT RECEPTA DOCUMENTACI\u00d3N DE INTERESADOS EN PROGRAMAS DE EMPLEO"},"content":{"rendered":"\n<p class=\"has-text-align-center\"><strong><em>Se trata de tres iniciativas destinadas a adultos varones, j\u00f3venes profesionales egresados de instituciones de Educaci\u00f3n Superior y mujeres.<\/em><\/strong><\/p>\n\n\n\n<p class=\"has-text-align-justify\">El Parque Industrial, Log\u00edstico y Tecnol\u00f3gico Villa Mar\u00eda (PILT) informa que a partir de la pr\u00f3xima semana receptar\u00e1 en su Oficina Administrativa -sita en Ruta Nacional 9, km 555.5- la documentaci\u00f3n para acceder a pr\u00e1cticas laborales a trav\u00e9s de tres programas provinciales.<\/p>\n\n\n\n<p>Los mismos son:<\/p>\n\n\n\n<p class=\"has-text-align-justify\"><strong>Programa de Inclusi\u00f3n Laboral para Adultos Varones (PILA):<\/strong> destinado a varones cordobeses desempleados que tengan 25 a\u00f1os cumplidos, sin l\u00edmite de edad, o bien varones menores de 25 a\u00f1os con hijos.<\/p>\n\n\n\n<p class=\"has-text-align-justify\"><strong>Programa de Inserci\u00f3n Profesional (PIP):<\/strong> la iniciativa busca apoyar a los profesionales residentes en la provincia de C\u00f3rdoba, recientemente egresados de universidades e instituciones de Educaci\u00f3n Superior, p\u00fablicas y privadas, otorg\u00e1ndoles la oportunidad de realizar un per\u00edodo de pr\u00e1ctica laboral-profesional, para que puedan ganar en experiencia y aplicar los conocimientos acad\u00e9micos alcanzados.<\/p>\n\n\n\n<p class=\"has-text-align-justify\"><strong>Programa de Experiencia Laboral de Jornada Corta para Mujeres (XMI):<\/strong> est\u00e1 dirigido a mujeres cordobesas desempleadas que tengan 25 a\u00f1os cumplidos, sin l\u00edmite de edad, o menores de 25 a\u00f1os con hijos. La intenci\u00f3n es que puedan acceder a pr\u00e1cticas laborales que les permitan capacitarse y lograr experiencia para enfrentar al mercado laboral formal en el futuro.<\/p>\n\n\n\n<p class=\"has-text-align-justify\">Para conocer en detalle las propuestas, como as\u00ed tambi\u00e9n fechas de cierre y dem\u00e1s caracter\u00edsticas, los interesados pueden consultar las bases y condiciones en https:\/\/empleoyfamilia.cba.gov.ar. All\u00ed podr\u00e1n descargar el formulario de inscripci\u00f3n, que deber\u00e1n presentar ante el PILT, junto al CV.<\/p>\n","protected":false},"excerpt":{"rendered":"<p>Se trata de tres iniciativas destinadas a adultos varones, j\u00f3venes profesionales egresados de instituciones de Educaci\u00f3n Superior y mujeres. El Parque Industrial, Log\u00edstico y Tecnol\u00f3gico Villa Mar\u00eda (PILT) informa que a partir de la pr\u00f3xima semana receptar\u00e1 en su Oficina Administrativa -sita en Ruta Nacional 9, km 555.5- la documentaci\u00f3n para acceder a pr\u00e1cticas laborales [&hellip;]<\/p>\n","protected":false},"author":3,"featured_media":1983,"comment_status":"open","ping_status":"open","sticky":false,"template":"","format":"standard","meta":{"_jetpack_memberships_contains_paid_content":false,"footnotes":""},"categories":[2],"tags":[],"class_list":["post-1982","post","type-post","status-publish","format-standard","has-post-thumbnail","hentry","category-noticias"],"yoast_head":"<!-- This site is optimized with the Yoast SEO plugin v27.5 - https:\/\/yoast.com\/product\/yoast-seo-wordpress\/ -->\n<title>PILT RECEPTA DOCUMENTACI\u00d3N DE INTERESADOS EN PROGRAMAS DE EMPLEO - PILT.com.ar<\/title>\n<meta name=\"robots\" content=\"index, follow, max-snippet:-1, max-image-preview:large, max-video-preview:-1\" \/>\n<link rel=\"canonical\" href=\"https:\/\/pilt.com.ar\/parque-industrial\/pilt-recepta-documentacion-de-interesados-en-programas-de-empleo\/\" \/>\n<meta property=\"og:locale\" content=\"es_ES\" \/>\n<meta property=\"og:type\" content=\"article\" \/>\n<meta property=\"og:title\" content=\"PILT RECEPTA DOCUMENTACI\u00d3N DE INTERESADOS EN PROGRAMAS DE EMPLEO - PILT.com.ar\" \/>\n<meta property=\"og:description\" content=\"Se trata de tres iniciativas destinadas a adultos varones, j\u00f3venes profesionales egresados de instituciones de Educaci\u00f3n Superior y mujeres. El Parque Industrial, Log\u00edstico y Tecnol\u00f3gico Villa Mar\u00eda (PILT) informa que a partir de la pr\u00f3xima semana receptar\u00e1 en su Oficina Administrativa -sita en Ruta Nacional 9, km 555.5- la documentaci\u00f3n para acceder a pr\u00e1cticas laborales [&hellip;]\" \/>\n<meta property=\"og:url\" content=\"https:\/\/pilt.com.ar\/parque-industrial\/pilt-recepta-documentacion-de-interesados-en-programas-de-empleo\/\" \/>\n<meta property=\"og:site_name\" content=\"PILT.com.ar\" \/>\n<meta property=\"article:published_time\" content=\"2021-10-07T17:40:42+00:00\" \/>\n<meta property=\"article:modified_time\" content=\"2021-10-07T17:40:43+00:00\" \/>\n<meta property=\"og:image\" content=\"https:\/\/i0.wp.com\/pilt.com.ar\/parque-industrial\/wp-content\/uploads\/2021\/10\/WhatsApp-Image-2021-10-07-at-14.15.46.jpeg?fit=1280%2C718&ssl=1\" \/>\n\t<meta property=\"og:image:width\" content=\"1280\" \/>\n\t<meta property=\"og:image:height\" content=\"718\" \/>\n\t<meta property=\"og:image:type\" content=\"image\/jpeg\" \/>\n<meta name=\"author\" content=\"PILT\" \/>\n<meta name=\"twitter:card\" content=\"summary_large_image\" \/>\n<meta name=\"twitter:label1\" content=\"Escrito por\" \/>\n\t<meta name=\"twitter:data1\" content=\"PILT\" \/>\n\t<meta name=\"twitter:label2\" content=\"Tiempo de lectura\" \/>\n\t<meta name=\"twitter:data2\" content=\"2 minutos\" \/>\n<script type=\"application\/ld+json\" class=\"yoast-schema-graph\">{\"@context\":\"https:\\\/\\\/schema.org\",\"@graph\":[{\"@type\":\"Article\",\"@id\":\"https:\\\/\\\/pilt.com.ar\\\/parque-industrial\\\/pilt-recepta-documentacion-de-interesados-en-programas-de-empleo\\\/#article\",\"isPartOf\":{\"@id\":\"https:\\\/\\\/pilt.com.ar\\\/parque-industrial\\\/pilt-recepta-documentacion-de-interesados-en-programas-de-empleo\\\/\"},\"author\":{\"name\":\"PILT\",\"@id\":\"https:\\\/\\\/pilt.com.ar\\\/parque-industrial\\\/#\\\/schema\\\/person\\\/2dfb9e2464de1c3deef20c25c30a8306\"},\"headline\":\"PILT RECEPTA DOCUMENTACI\u00d3N DE INTERESADOS EN PROGRAMAS DE EMPLEO\",\"datePublished\":\"2021-10-07T17:40:42+00:00\",\"dateModified\":\"2021-10-07T17:40:43+00:00\",\"mainEntityOfPage\":{\"@id\":\"https:\\\/\\\/pilt.com.ar\\\/parque-industrial\\\/pilt-recepta-documentacion-de-interesados-en-programas-de-empleo\\\/\"},\"wordCount\":286,\"commentCount\":0,\"image\":{\"@id\":\"https:\\\/\\\/pilt.com.ar\\\/parque-industrial\\\/pilt-recepta-documentacion-de-interesados-en-programas-de-empleo\\\/#primaryimage\"},\"thumbnailUrl\":\"https:\\\/\\\/i0.wp.com\\\/pilt.com.ar\\\/parque-industrial\\\/wp-content\\\/uploads\\\/2021\\\/10\\\/WhatsApp-Image-2021-10-07-at-14.15.46.jpeg?fit=1280%2C718&ssl=1\",\"articleSection\":[\"Noticias\"],\"inLanguage\":\"es\",\"potentialAction\":[{\"@type\":\"CommentAction\",\"name\":\"Comment\",\"target\":[\"https:\\\/\\\/pilt.com.ar\\\/parque-industrial\\\/pilt-recepta-documentacion-de-interesados-en-programas-de-empleo\\\/#respond\"]}]},{\"@type\":\"WebPage\",\"@id\":\"https:\\\/\\\/pilt.com.ar\\\/parque-industrial\\\/pilt-recepta-documentacion-de-interesados-en-programas-de-empleo\\\/\",\"url\":\"https:\\\/\\\/pilt.com.ar\\\/parque-industrial\\\/pilt-recepta-documentacion-de-interesados-en-programas-de-empleo\\\/\",\"name\":\"PILT RECEPTA DOCUMENTACI\u00d3N DE INTERESADOS EN PROGRAMAS DE EMPLEO - PILT.com.ar\",\"isPartOf\":{\"@id\":\"https:\\\/\\\/pilt.com.ar\\\/parque-industrial\\\/#website\"},\"primaryImageOfPage\":{\"@id\":\"https:\\\/\\\/pilt.com.ar\\\/parque-industrial\\\/pilt-recepta-documentacion-de-interesados-en-programas-de-empleo\\\/#primaryimage\"},\"image\":{\"@id\":\"https:\\\/\\\/pilt.com.ar\\\/parque-industrial\\\/pilt-recepta-documentacion-de-interesados-en-programas-de-empleo\\\/#primaryimage\"},\"thumbnailUrl\":\"https:\\\/\\\/i0.wp.com\\\/pilt.com.ar\\\/parque-industrial\\\/wp-content\\\/uploads\\\/2021\\\/10\\\/WhatsApp-Image-2021-10-07-at-14.15.46.jpeg?fit=1280%2C718&ssl=1\",\"datePublished\":\"2021-10-07T17:40:42+00:00\",\"dateModified\":\"2021-10-07T17:40:43+00:00\",\"author\":{\"@id\":\"https:\\\/\\\/pilt.com.ar\\\/parque-industrial\\\/#\\\/schema\\\/person\\\/2dfb9e2464de1c3deef20c25c30a8306\"},\"inLanguage\":\"es\",\"potentialAction\":[{\"@type\":\"ReadAction\",\"target\":[\"https:\\\/\\\/pilt.com.ar\\\/parque-industrial\\\/pilt-recepta-documentacion-de-interesados-en-programas-de-empleo\\\/\"]}]},{\"@type\":\"ImageObject\",\"inLanguage\":\"es\",\"@id\":\"https:\\\/\\\/pilt.com.ar\\\/parque-industrial\\\/pilt-recepta-documentacion-de-interesados-en-programas-de-empleo\\\/#primaryimage\",\"url\":\"https:\\\/\\\/i0.wp.com\\\/pilt.com.ar\\\/parque-industrial\\\/wp-content\\\/uploads\\\/2021\\\/10\\\/WhatsApp-Image-2021-10-07-at-14.15.46.jpeg?fit=1280%2C718&ssl=1\",\"contentUrl\":\"https:\\\/\\\/i0.wp.com\\\/pilt.com.ar\\\/parque-industrial\\\/wp-content\\\/uploads\\\/2021\\\/10\\\/WhatsApp-Image-2021-10-07-at-14.15.46.jpeg?fit=1280%2C718&ssl=1\",\"width\":1280,\"height\":718},{\"@type\":\"WebSite\",\"@id\":\"https:\\\/\\\/pilt.com.ar\\\/parque-industrial\\\/#website\",\"url\":\"https:\\\/\\\/pilt.com.ar\\\/parque-industrial\\\/\",\"name\":\"PILT.com.ar\",\"description\":\"Parque Industrial, Log\u00edstico y Tecnol\u00f3gico Villa Mar\u00eda\",\"potentialAction\":[{\"@type\":\"SearchAction\",\"target\":{\"@type\":\"EntryPoint\",\"urlTemplate\":\"https:\\\/\\\/pilt.com.ar\\\/parque-industrial\\\/?s={search_term_string}\"},\"query-input\":{\"@type\":\"PropertyValueSpecification\",\"valueRequired\":true,\"valueName\":\"search_term_string\"}}],\"inLanguage\":\"es\"},{\"@type\":\"Person\",\"@id\":\"https:\\\/\\\/pilt.com.ar\\\/parque-industrial\\\/#\\\/schema\\\/person\\\/2dfb9e2464de1c3deef20c25c30a8306\",\"name\":\"PILT\",\"image\":{\"@type\":\"ImageObject\",\"inLanguage\":\"es\",\"@id\":\"https:\\\/\\\/secure.gravatar.com\\\/avatar\\\/5e3734c8d8c8e0b0d45f923c14a14d7b90521d573d02f0d91360a777095ee42b?s=96&d=mm&r=g\",\"url\":\"https:\\\/\\\/secure.gravatar.com\\\/avatar\\\/5e3734c8d8c8e0b0d45f923c14a14d7b90521d573d02f0d91360a777095ee42b?s=96&d=mm&r=g\",\"contentUrl\":\"https:\\\/\\\/secure.gravatar.com\\\/avatar\\\/5e3734c8d8c8e0b0d45f923c14a14d7b90521d573d02f0d91360a777095ee42b?s=96&d=mm&r=g\",\"caption\":\"PILT\"},\"url\":\"https:\\\/\\\/pilt.com.ar\\\/parque-industrial\\\/author\\\/pilt\\\/\"}]}<\/script>\n<!-- \/ Yoast SEO plugin. -->","yoast_head_json":{"title":"PILT RECEPTA DOCUMENTACI\u00d3N DE INTERESADOS EN PROGRAMAS DE EMPLEO - PILT.com.ar","robots":{"index":"index","follow":"follow","max-snippet":"max-snippet:-1","max-image-preview":"max-image-preview:large","max-video-preview":"max-video-preview:-1"},"canonical":"https:\/\/pilt.com.ar\/parque-industrial\/pilt-recepta-documentacion-de-interesados-en-programas-de-empleo\/","og_locale":"es_ES","og_type":"article","og_title":"PILT RECEPTA DOCUMENTACI\u00d3N DE INTERESADOS EN PROGRAMAS DE EMPLEO - PILT.com.ar","og_description":"Se trata de tres iniciativas destinadas a adultos varones, j\u00f3venes profesionales egresados de instituciones de Educaci\u00f3n Superior y mujeres. El Parque Industrial, Log\u00edstico y Tecnol\u00f3gico Villa Mar\u00eda (PILT) informa que a partir de la pr\u00f3xima semana receptar\u00e1 en su Oficina Administrativa -sita en Ruta Nacional 9, km 555.5- la documentaci\u00f3n para acceder a pr\u00e1cticas laborales [&hellip;]","og_url":"https:\/\/pilt.com.ar\/parque-industrial\/pilt-recepta-documentacion-de-interesados-en-programas-de-empleo\/","og_site_name":"PILT.com.ar","article_published_time":"2021-10-07T17:40:42+00:00","article_modified_time":"2021-10-07T17:40:43+00:00","og_image":[{"width":1280,"height":718,"url":"https:\/\/i0.wp.com\/pilt.com.ar\/parque-industrial\/wp-content\/uploads\/2021\/10\/WhatsApp-Image-2021-10-07-at-14.15.46.jpeg?fit=1280%2C718&ssl=1","type":"image\/jpeg"}],"author":"PILT","twitter_card":"summary_large_image","twitter_misc":{"Escrito por":"PILT","Tiempo de lectura":"2 minutos"},"schema":{"@context":"https:\/\/schema.org","@graph":[{"@type":"Article","@id":"https:\/\/pilt.com.ar\/parque-industrial\/pilt-recepta-documentacion-de-interesados-en-programas-de-empleo\/#article","isPartOf":{"@id":"https:\/\/pilt.com.ar\/parque-industrial\/pilt-recepta-documentacion-de-interesados-en-programas-de-empleo\/"},"author":{"name":"PILT","@id":"https:\/\/pilt.com.ar\/parque-industrial\/#\/schema\/person\/2dfb9e2464de1c3deef20c25c30a8306"},"headline":"PILT RECEPTA DOCUMENTACI\u00d3N DE INTERESADOS EN PROGRAMAS DE EMPLEO","datePublished":"2021-10-07T17:40:42+00:00","dateModified":"2021-10-07T17:40:43+00:00","mainEntityOfPage":{"@id":"https:\/\/pilt.com.ar\/parque-industrial\/pilt-recepta-documentacion-de-interesados-en-programas-de-empleo\/"},"wordCount":286,"commentCount":0,"image":{"@id":"https:\/\/pilt.com.ar\/parque-industrial\/pilt-recepta-documentacion-de-interesados-en-programas-de-empleo\/#primaryimage"},"thumbnailUrl":"https:\/\/i0.wp.com\/pilt.com.ar\/parque-industrial\/wp-content\/uploads\/2021\/10\/WhatsApp-Image-2021-10-07-at-14.15.46.jpeg?fit=1280%2C718&ssl=1","articleSection":["Noticias"],"inLanguage":"es","potentialAction":[{"@type":"CommentAction","name":"Comment","target":["https:\/\/pilt.com.ar\/parque-industrial\/pilt-recepta-documentacion-de-interesados-en-programas-de-empleo\/#respond"]}]},{"@type":"WebPage","@id":"https:\/\/pilt.com.ar\/parque-industrial\/pilt-recepta-documentacion-de-interesados-en-programas-de-empleo\/","url":"https:\/\/pilt.com.ar\/parque-industrial\/pilt-recepta-documentacion-de-interesados-en-programas-de-empleo\/","name":"PILT RECEPTA DOCUMENTACI\u00d3N DE INTERESADOS EN PROGRAMAS DE EMPLEO - PILT.com.ar","isPartOf":{"@id":"https:\/\/pilt.com.ar\/parque-industrial\/#website"},"primaryImageOfPage":{"@id":"https:\/\/pilt.com.ar\/parque-industrial\/pilt-recepta-documentacion-de-interesados-en-programas-de-empleo\/#primaryimage"},"image":{"@id":"https:\/\/pilt.com.ar\/parque-industrial\/pilt-recepta-documentacion-de-interesados-en-programas-de-empleo\/#primaryimage"},"thumbnailUrl":"https:\/\/i0.wp.com\/pilt.com.ar\/parque-industrial\/wp-content\/uploads\/2021\/10\/WhatsApp-Image-2021-10-07-at-14.15.46.jpeg?fit=1280%2C718&ssl=1","datePublished":"2021-10-07T17:40:42+00:00","dateModified":"2021-10-07T17:40:43+00:00","author":{"@id":"https:\/\/pilt.com.ar\/parque-industrial\/#\/schema\/person\/2dfb9e2464de1c3deef20c25c30a8306"},"inLanguage":"es","potentialAction":[{"@type":"ReadAction","target":["https:\/\/pilt.com.ar\/parque-industrial\/pilt-recepta-documentacion-de-interesados-en-programas-de-empleo\/"]}]},{"@type":"ImageObject","inLanguage":"es","@id":"https:\/\/pilt.com.ar\/parque-industrial\/pilt-recepta-documentacion-de-interesados-en-programas-de-empleo\/#primaryimage","url":"https:\/\/i0.wp.com\/pilt.com.ar\/parque-industrial\/wp-content\/uploads\/2021\/10\/WhatsApp-Image-2021-10-07-at-14.15.46.jpeg?fit=1280%2C718&ssl=1","contentUrl":"https:\/\/i0.wp.com\/pilt.com.ar\/parque-industrial\/wp-content\/uploads\/2021\/10\/WhatsApp-Image-2021-10-07-at-14.15.46.jpeg?fit=1280%2C718&ssl=1","width":1280,"height":718},{"@type":"WebSite","@id":"https:\/\/pilt.com.ar\/parque-industrial\/#website","url":"https:\/\/pilt.com.ar\/parque-industrial\/","name":"PILT.com.ar","description":"Parque Industrial, Log\u00edstico y Tecnol\u00f3gico Villa Mar\u00eda","potentialAction":[{"@type":"SearchAction","target":{"@type":"EntryPoint","urlTemplate":"https:\/\/pilt.com.ar\/parque-industrial\/?s={search_term_string}"},"query-input":{"@type":"PropertyValueSpecification","valueRequired":true,"valueName":"search_term_string"}}],"inLanguage":"es"},{"@type":"Person","@id":"https:\/\/pilt.com.ar\/parque-industrial\/#\/schema\/person\/2dfb9e2464de1c3deef20c25c30a8306","name":"PILT","image":{"@type":"ImageObject","inLanguage":"es","@id":"https:\/\/secure.gravatar.com\/avatar\/5e3734c8d8c8e0b0d45f923c14a14d7b90521d573d02f0d91360a777095ee42b?s=96&d=mm&r=g","url":"https:\/\/secure.gravatar.com\/avatar\/5e3734c8d8c8e0b0d45f923c14a14d7b90521d573d02f0d91360a777095ee42b?s=96&d=mm&r=g","contentUrl":"https:\/\/secure.gravatar.com\/avatar\/5e3734c8d8c8e0b0d45f923c14a14d7b90521d573d02f0d91360a777095ee42b?s=96&d=mm&r=g","caption":"PILT"},"url":"https:\/\/pilt.com.ar\/parque-industrial\/author\/pilt\/"}]}},"jetpack_featured_media_url":"https:\/\/i0.wp.com\/pilt.com.ar\/parque-industrial\/wp-content\/uploads\/2021\/10\/WhatsApp-Image-2021-10-07-at-14.15.46.jpeg?fit=1280%2C718&ssl=1","jetpack_sharing_enabled":true,"_links":{"self":[{"href":"https:\/\/pilt.com.ar\/parque-industrial\/wp-json\/wp\/v2\/posts\/1982","targetHints":{"allow":["GET"]}}],"collection":[{"href":"https:\/\/pilt.com.ar\/parque-industrial\/wp-json\/wp\/v2\/posts"}],"about":[{"href":"https:\/\/pilt.com.ar\/parque-industrial\/wp-json\/wp\/v2\/types\/post"}],"author":[{"embeddable":true,"href":"https:\/\/pilt.com.ar\/parque-industrial\/wp-json\/wp\/v2\/users\/3"}],"replies":[{"embeddable":true,"href":"https:\/\/pilt.com.ar\/parque-industrial\/wp-json\/wp\/v2\/comments?post=1982"}],"version-history":[{"count":1,"href":"https:\/\/pilt.com.ar\/parque-industrial\/wp-json\/wp\/v2\/posts\/1982\/revisions"}],"predecessor-version":[{"id":1984,"href":"https:\/\/pilt.com.ar\/parque-industrial\/wp-json\/wp\/v2\/posts\/1982\/revisions\/1984"}],"wp:featuredmedia":[{"embeddable":true,"href":"https:\/\/pilt.com.ar\/parque-industrial\/wp-json\/wp\/v2\/media\/1983"}],"wp:attachment":[{"href":"https:\/\/pilt.com.ar\/parque-industrial\/wp-json\/wp\/v2\/media?parent=1982"}],"wp:term":[{"taxonomy":"category","embeddable":true,"href":"https:\/\/pilt.com.ar\/parque-industrial\/wp-json\/wp\/v2\/categories?post=1982"},{"taxonomy":"post_tag","embeddable":true,"href":"https:\/\/pilt.com.ar\/parque-industrial\/wp-json\/wp\/v2\/tags?post=1982"}],"curies":[{"name":"wp","href":"https:\/\/api.w.org\/{rel}","templated":true}]}}