{"id":1978,"date":"2021-09-30T17:08:45","date_gmt":"2021-09-30T20:08:45","guid":{"rendered":"https:\/\/pilt.com.ar\/parque-industrial\/?p=1978"},"modified":"2021-09-30T17:08:46","modified_gmt":"2021-09-30T20:08:46","slug":"trabajos-de-mantenimiento-en-el-pilt","status":"publish","type":"post","link":"https:\/\/pilt.com.ar\/parque-industrial\/trabajos-de-mantenimiento-en-el-pilt\/","title":{"rendered":"TRABAJOS DE MANTENIMIENTO EN EL PILT"},"content":{"rendered":"\n<p class=\"has-text-align-center\"><strong><em>Se limpiaron y tomaron juntas del pavimento en sectores del predio. Adem\u00e1s, operarios pintan cordones.<\/em><\/strong><\/p>\n\n\n\n<p>En el Parque Industrial, Log\u00edstico y Tecnol\u00f3gico Villa Mar\u00eda (PILT) se est\u00e1n desarrollando distintas tareas de mantenimiento, merced a un convenio rubricado con la Municipalidad de Villa Mar\u00eda.<\/p>\n\n\n\n<p>En ese sentido, d\u00edas pasados se procedi\u00f3 a realizar trabajos de limpieza y tomado de juntas de hormig\u00f3n, como as\u00ed tambi\u00e9n mantenimiento general del pavimento. En la calle Chiantore se llevaron a cabo actividades en una superficie de 450 metros lineales, mientras que en otros espacios del predio se ejecutaron labores en alrededor de 400 metros m\u00e1s.<\/p>\n\n\n\n<p class=\"has-text-align-justify\">As\u00ed mismo, contin\u00faan los trabajos pintura sobre calles y avenidas, con la participaci\u00f3n de agentes municipales.<\/p>\n\n\n\n<p class=\"has-text-align-justify\">Es importante recordar que la semana pasada se intervino la d\u00e1rsena de entrada al Ente, y para ma\u00f1ana est\u00e1 prevista la pintura de cordones de calles, para as\u00ed, terminar unos 200 metros. &nbsp;Adem\u00e1s, se avanza en la se\u00f1alizaci\u00f3n para dotar de mayor seguridad vial a todo el predio, y se realizaron tareas de mayor envergadura, que comprendieron la colocaci\u00f3n de se\u00f1al\u00e9tica vial horizontal y vertical de distintas dimensiones, siguiendo los par\u00e1metros establecidos en el Sistema de Se\u00f1alizaci\u00f3n Uniforme, dispuesto por la Ley Nacional de Tr\u00e1nsito N\u00ba 24.449, en el Anexo L, del Decreto Reglamentario 779\/95, Cap\u00edtulo II (Se\u00f1alamiento Vial).<\/p>\n","protected":false},"excerpt":{"rendered":"<p>Se limpiaron y tomaron juntas del pavimento en sectores del predio. Adem\u00e1s, operarios pintan cordones. En el Parque Industrial, Log\u00edstico y Tecnol\u00f3gico Villa Mar\u00eda (PILT) se est\u00e1n desarrollando distintas tareas de mantenimiento, merced a un convenio rubricado con la Municipalidad de Villa Mar\u00eda. En ese sentido, d\u00edas pasados se procedi\u00f3 a realizar trabajos de limpieza [&hellip;]<\/p>\n","protected":false},"author":3,"featured_media":1979,"comment_status":"open","ping_status":"open","sticky":false,"template":"","format":"standard","meta":{"_jetpack_memberships_contains_paid_content":false,"footnotes":""},"categories":[2],"tags":[],"class_list":["post-1978","post","type-post","status-publish","format-standard","has-post-thumbnail","hentry","category-noticias"],"yoast_head":"<!-- This site is optimized with the Yoast SEO plugin v27.5 - https:\/\/yoast.com\/product\/yoast-seo-wordpress\/ -->\n<title>TRABAJOS DE MANTENIMIENTO EN EL PILT - PILT.com.ar<\/title>\n<meta name=\"robots\" content=\"index, follow, max-snippet:-1, max-image-preview:large, max-video-preview:-1\" \/>\n<link rel=\"canonical\" href=\"https:\/\/pilt.com.ar\/parque-industrial\/trabajos-de-mantenimiento-en-el-pilt\/\" \/>\n<meta property=\"og:locale\" content=\"es_ES\" \/>\n<meta property=\"og:type\" content=\"article\" \/>\n<meta property=\"og:title\" content=\"TRABAJOS DE MANTENIMIENTO EN EL PILT - PILT.com.ar\" \/>\n<meta property=\"og:description\" content=\"Se limpiaron y tomaron juntas del pavimento en sectores del predio. Adem\u00e1s, operarios pintan cordones. En el Parque Industrial, Log\u00edstico y Tecnol\u00f3gico Villa Mar\u00eda (PILT) se est\u00e1n desarrollando distintas tareas de mantenimiento, merced a un convenio rubricado con la Municipalidad de Villa Mar\u00eda. En ese sentido, d\u00edas pasados se procedi\u00f3 a realizar trabajos de limpieza [&hellip;]\" \/>\n<meta property=\"og:url\" content=\"https:\/\/pilt.com.ar\/parque-industrial\/trabajos-de-mantenimiento-en-el-pilt\/\" \/>\n<meta property=\"og:site_name\" content=\"PILT.com.ar\" \/>\n<meta property=\"article:published_time\" content=\"2021-09-30T20:08:45+00:00\" \/>\n<meta property=\"article:modified_time\" content=\"2021-09-30T20:08:46+00:00\" \/>\n<meta property=\"og:image\" content=\"https:\/\/i0.wp.com\/pilt.com.ar\/parque-industrial\/wp-content\/uploads\/2021\/09\/WhatsApp-Image-2021-09-30-at-15.09.13.jpeg?fit=1600%2C1200&ssl=1\" \/>\n\t<meta property=\"og:image:width\" content=\"1600\" \/>\n\t<meta property=\"og:image:height\" content=\"1200\" \/>\n\t<meta property=\"og:image:type\" content=\"image\/jpeg\" \/>\n<meta name=\"author\" content=\"PILT\" \/>\n<meta name=\"twitter:card\" content=\"summary_large_image\" \/>\n<meta name=\"twitter:label1\" content=\"Escrito por\" \/>\n\t<meta name=\"twitter:data1\" content=\"PILT\" \/>\n\t<meta name=\"twitter:label2\" content=\"Tiempo de lectura\" \/>\n\t<meta name=\"twitter:data2\" content=\"1 minuto\" \/>\n<script type=\"application\/ld+json\" class=\"yoast-schema-graph\">{\"@context\":\"https:\\\/\\\/schema.org\",\"@graph\":[{\"@type\":\"Article\",\"@id\":\"https:\\\/\\\/pilt.com.ar\\\/parque-industrial\\\/trabajos-de-mantenimiento-en-el-pilt\\\/#article\",\"isPartOf\":{\"@id\":\"https:\\\/\\\/pilt.com.ar\\\/parque-industrial\\\/trabajos-de-mantenimiento-en-el-pilt\\\/\"},\"author\":{\"name\":\"PILT\",\"@id\":\"https:\\\/\\\/pilt.com.ar\\\/parque-industrial\\\/#\\\/schema\\\/person\\\/2dfb9e2464de1c3deef20c25c30a8306\"},\"headline\":\"TRABAJOS DE MANTENIMIENTO EN EL PILT\",\"datePublished\":\"2021-09-30T20:08:45+00:00\",\"dateModified\":\"2021-09-30T20:08:46+00:00\",\"mainEntityOfPage\":{\"@id\":\"https:\\\/\\\/pilt.com.ar\\\/parque-industrial\\\/trabajos-de-mantenimiento-en-el-pilt\\\/\"},\"wordCount\":243,\"commentCount\":0,\"image\":{\"@id\":\"https:\\\/\\\/pilt.com.ar\\\/parque-industrial\\\/trabajos-de-mantenimiento-en-el-pilt\\\/#primaryimage\"},\"thumbnailUrl\":\"https:\\\/\\\/i0.wp.com\\\/pilt.com.ar\\\/parque-industrial\\\/wp-content\\\/uploads\\\/2021\\\/09\\\/WhatsApp-Image-2021-09-30-at-15.09.13.jpeg?fit=1600%2C1200&ssl=1\",\"articleSection\":[\"Noticias\"],\"inLanguage\":\"es\",\"potentialAction\":[{\"@type\":\"CommentAction\",\"name\":\"Comment\",\"target\":[\"https:\\\/\\\/pilt.com.ar\\\/parque-industrial\\\/trabajos-de-mantenimiento-en-el-pilt\\\/#respond\"]}]},{\"@type\":\"WebPage\",\"@id\":\"https:\\\/\\\/pilt.com.ar\\\/parque-industrial\\\/trabajos-de-mantenimiento-en-el-pilt\\\/\",\"url\":\"https:\\\/\\\/pilt.com.ar\\\/parque-industrial\\\/trabajos-de-mantenimiento-en-el-pilt\\\/\",\"name\":\"TRABAJOS DE MANTENIMIENTO EN EL PILT - PILT.com.ar\",\"isPartOf\":{\"@id\":\"https:\\\/\\\/pilt.com.ar\\\/parque-industrial\\\/#website\"},\"primaryImageOfPage\":{\"@id\":\"https:\\\/\\\/pilt.com.ar\\\/parque-industrial\\\/trabajos-de-mantenimiento-en-el-pilt\\\/#primaryimage\"},\"image\":{\"@id\":\"https:\\\/\\\/pilt.com.ar\\\/parque-industrial\\\/trabajos-de-mantenimiento-en-el-pilt\\\/#primaryimage\"},\"thumbnailUrl\":\"https:\\\/\\\/i0.wp.com\\\/pilt.com.ar\\\/parque-industrial\\\/wp-content\\\/uploads\\\/2021\\\/09\\\/WhatsApp-Image-2021-09-30-at-15.09.13.jpeg?fit=1600%2C1200&ssl=1\",\"datePublished\":\"2021-09-30T20:08:45+00:00\",\"dateModified\":\"2021-09-30T20:08:46+00:00\",\"author\":{\"@id\":\"https:\\\/\\\/pilt.com.ar\\\/parque-industrial\\\/#\\\/schema\\\/person\\\/2dfb9e2464de1c3deef20c25c30a8306\"},\"inLanguage\":\"es\",\"potentialAction\":[{\"@type\":\"ReadAction\",\"target\":[\"https:\\\/\\\/pilt.com.ar\\\/parque-industrial\\\/trabajos-de-mantenimiento-en-el-pilt\\\/\"]}]},{\"@type\":\"ImageObject\",\"inLanguage\":\"es\",\"@id\":\"https:\\\/\\\/pilt.com.ar\\\/parque-industrial\\\/trabajos-de-mantenimiento-en-el-pilt\\\/#primaryimage\",\"url\":\"https:\\\/\\\/i0.wp.com\\\/pilt.com.ar\\\/parque-industrial\\\/wp-content\\\/uploads\\\/2021\\\/09\\\/WhatsApp-Image-2021-09-30-at-15.09.13.jpeg?fit=1600%2C1200&ssl=1\",\"contentUrl\":\"https:\\\/\\\/i0.wp.com\\\/pilt.com.ar\\\/parque-industrial\\\/wp-content\\\/uploads\\\/2021\\\/09\\\/WhatsApp-Image-2021-09-30-at-15.09.13.jpeg?fit=1600%2C1200&ssl=1\",\"width\":1600,\"height\":1200},{\"@type\":\"WebSite\",\"@id\":\"https:\\\/\\\/pilt.com.ar\\\/parque-industrial\\\/#website\",\"url\":\"https:\\\/\\\/pilt.com.ar\\\/parque-industrial\\\/\",\"name\":\"PILT.com.ar\",\"description\":\"Parque Industrial, Log\u00edstico y Tecnol\u00f3gico Villa Mar\u00eda\",\"potentialAction\":[{\"@type\":\"SearchAction\",\"target\":{\"@type\":\"EntryPoint\",\"urlTemplate\":\"https:\\\/\\\/pilt.com.ar\\\/parque-industrial\\\/?s={search_term_string}\"},\"query-input\":{\"@type\":\"PropertyValueSpecification\",\"valueRequired\":true,\"valueName\":\"search_term_string\"}}],\"inLanguage\":\"es\"},{\"@type\":\"Person\",\"@id\":\"https:\\\/\\\/pilt.com.ar\\\/parque-industrial\\\/#\\\/schema\\\/person\\\/2dfb9e2464de1c3deef20c25c30a8306\",\"name\":\"PILT\",\"image\":{\"@type\":\"ImageObject\",\"inLanguage\":\"es\",\"@id\":\"https:\\\/\\\/secure.gravatar.com\\\/avatar\\\/5e3734c8d8c8e0b0d45f923c14a14d7b90521d573d02f0d91360a777095ee42b?s=96&d=mm&r=g\",\"url\":\"https:\\\/\\\/secure.gravatar.com\\\/avatar\\\/5e3734c8d8c8e0b0d45f923c14a14d7b90521d573d02f0d91360a777095ee42b?s=96&d=mm&r=g\",\"contentUrl\":\"https:\\\/\\\/secure.gravatar.com\\\/avatar\\\/5e3734c8d8c8e0b0d45f923c14a14d7b90521d573d02f0d91360a777095ee42b?s=96&d=mm&r=g\",\"caption\":\"PILT\"},\"url\":\"https:\\\/\\\/pilt.com.ar\\\/parque-industrial\\\/author\\\/pilt\\\/\"}]}<\/script>\n<!-- \/ Yoast SEO plugin. -->","yoast_head_json":{"title":"TRABAJOS DE MANTENIMIENTO EN EL PILT - PILT.com.ar","robots":{"index":"index","follow":"follow","max-snippet":"max-snippet:-1","max-image-preview":"max-image-preview:large","max-video-preview":"max-video-preview:-1"},"canonical":"https:\/\/pilt.com.ar\/parque-industrial\/trabajos-de-mantenimiento-en-el-pilt\/","og_locale":"es_ES","og_type":"article","og_title":"TRABAJOS DE MANTENIMIENTO EN EL PILT - PILT.com.ar","og_description":"Se limpiaron y tomaron juntas del pavimento en sectores del predio. Adem\u00e1s, operarios pintan cordones. En el Parque Industrial, Log\u00edstico y Tecnol\u00f3gico Villa Mar\u00eda (PILT) se est\u00e1n desarrollando distintas tareas de mantenimiento, merced a un convenio rubricado con la Municipalidad de Villa Mar\u00eda. En ese sentido, d\u00edas pasados se procedi\u00f3 a realizar trabajos de limpieza [&hellip;]","og_url":"https:\/\/pilt.com.ar\/parque-industrial\/trabajos-de-mantenimiento-en-el-pilt\/","og_site_name":"PILT.com.ar","article_published_time":"2021-09-30T20:08:45+00:00","article_modified_time":"2021-09-30T20:08:46+00:00","og_image":[{"width":1600,"height":1200,"url":"https:\/\/i0.wp.com\/pilt.com.ar\/parque-industrial\/wp-content\/uploads\/2021\/09\/WhatsApp-Image-2021-09-30-at-15.09.13.jpeg?fit=1600%2C1200&ssl=1","type":"image\/jpeg"}],"author":"PILT","twitter_card":"summary_large_image","twitter_misc":{"Escrito por":"PILT","Tiempo de lectura":"1 minuto"},"schema":{"@context":"https:\/\/schema.org","@graph":[{"@type":"Article","@id":"https:\/\/pilt.com.ar\/parque-industrial\/trabajos-de-mantenimiento-en-el-pilt\/#article","isPartOf":{"@id":"https:\/\/pilt.com.ar\/parque-industrial\/trabajos-de-mantenimiento-en-el-pilt\/"},"author":{"name":"PILT","@id":"https:\/\/pilt.com.ar\/parque-industrial\/#\/schema\/person\/2dfb9e2464de1c3deef20c25c30a8306"},"headline":"TRABAJOS DE MANTENIMIENTO EN EL PILT","datePublished":"2021-09-30T20:08:45+00:00","dateModified":"2021-09-30T20:08:46+00:00","mainEntityOfPage":{"@id":"https:\/\/pilt.com.ar\/parque-industrial\/trabajos-de-mantenimiento-en-el-pilt\/"},"wordCount":243,"commentCount":0,"image":{"@id":"https:\/\/pilt.com.ar\/parque-industrial\/trabajos-de-mantenimiento-en-el-pilt\/#primaryimage"},"thumbnailUrl":"https:\/\/i0.wp.com\/pilt.com.ar\/parque-industrial\/wp-content\/uploads\/2021\/09\/WhatsApp-Image-2021-09-30-at-15.09.13.jpeg?fit=1600%2C1200&ssl=1","articleSection":["Noticias"],"inLanguage":"es","potentialAction":[{"@type":"CommentAction","name":"Comment","target":["https:\/\/pilt.com.ar\/parque-industrial\/trabajos-de-mantenimiento-en-el-pilt\/#respond"]}]},{"@type":"WebPage","@id":"https:\/\/pilt.com.ar\/parque-industrial\/trabajos-de-mantenimiento-en-el-pilt\/","url":"https:\/\/pilt.com.ar\/parque-industrial\/trabajos-de-mantenimiento-en-el-pilt\/","name":"TRABAJOS DE MANTENIMIENTO EN EL PILT - PILT.com.ar","isPartOf":{"@id":"https:\/\/pilt.com.ar\/parque-industrial\/#website"},"primaryImageOfPage":{"@id":"https:\/\/pilt.com.ar\/parque-industrial\/trabajos-de-mantenimiento-en-el-pilt\/#primaryimage"},"image":{"@id":"https:\/\/pilt.com.ar\/parque-industrial\/trabajos-de-mantenimiento-en-el-pilt\/#primaryimage"},"thumbnailUrl":"https:\/\/i0.wp.com\/pilt.com.ar\/parque-industrial\/wp-content\/uploads\/2021\/09\/WhatsApp-Image-2021-09-30-at-15.09.13.jpeg?fit=1600%2C1200&ssl=1","datePublished":"2021-09-30T20:08:45+00:00","dateModified":"2021-09-30T20:08:46+00:00","author":{"@id":"https:\/\/pilt.com.ar\/parque-industrial\/#\/schema\/person\/2dfb9e2464de1c3deef20c25c30a8306"},"inLanguage":"es","potentialAction":[{"@type":"ReadAction","target":["https:\/\/pilt.com.ar\/parque-industrial\/trabajos-de-mantenimiento-en-el-pilt\/"]}]},{"@type":"ImageObject","inLanguage":"es","@id":"https:\/\/pilt.com.ar\/parque-industrial\/trabajos-de-mantenimiento-en-el-pilt\/#primaryimage","url":"https:\/\/i0.wp.com\/pilt.com.ar\/parque-industrial\/wp-content\/uploads\/2021\/09\/WhatsApp-Image-2021-09-30-at-15.09.13.jpeg?fit=1600%2C1200&ssl=1","contentUrl":"https:\/\/i0.wp.com\/pilt.com.ar\/parque-industrial\/wp-content\/uploads\/2021\/09\/WhatsApp-Image-2021-09-30-at-15.09.13.jpeg?fit=1600%2C1200&ssl=1","width":1600,"height":1200},{"@type":"WebSite","@id":"https:\/\/pilt.com.ar\/parque-industrial\/#website","url":"https:\/\/pilt.com.ar\/parque-industrial\/","name":"PILT.com.ar","description":"Parque Industrial, Log\u00edstico y Tecnol\u00f3gico Villa Mar\u00eda","potentialAction":[{"@type":"SearchAction","target":{"@type":"EntryPoint","urlTemplate":"https:\/\/pilt.com.ar\/parque-industrial\/?s={search_term_string}"},"query-input":{"@type":"PropertyValueSpecification","valueRequired":true,"valueName":"search_term_string"}}],"inLanguage":"es"},{"@type":"Person","@id":"https:\/\/pilt.com.ar\/parque-industrial\/#\/schema\/person\/2dfb9e2464de1c3deef20c25c30a8306","name":"PILT","image":{"@type":"ImageObject","inLanguage":"es","@id":"https:\/\/secure.gravatar.com\/avatar\/5e3734c8d8c8e0b0d45f923c14a14d7b90521d573d02f0d91360a777095ee42b?s=96&d=mm&r=g","url":"https:\/\/secure.gravatar.com\/avatar\/5e3734c8d8c8e0b0d45f923c14a14d7b90521d573d02f0d91360a777095ee42b?s=96&d=mm&r=g","contentUrl":"https:\/\/secure.gravatar.com\/avatar\/5e3734c8d8c8e0b0d45f923c14a14d7b90521d573d02f0d91360a777095ee42b?s=96&d=mm&r=g","caption":"PILT"},"url":"https:\/\/pilt.com.ar\/parque-industrial\/author\/pilt\/"}]}},"jetpack_featured_media_url":"https:\/\/i0.wp.com\/pilt.com.ar\/parque-industrial\/wp-content\/uploads\/2021\/09\/WhatsApp-Image-2021-09-30-at-15.09.13.jpeg?fit=1600%2C1200&ssl=1","jetpack_sharing_enabled":true,"_links":{"self":[{"href":"https:\/\/pilt.com.ar\/parque-industrial\/wp-json\/wp\/v2\/posts\/1978","targetHints":{"allow":["GET"]}}],"collection":[{"href":"https:\/\/pilt.com.ar\/parque-industrial\/wp-json\/wp\/v2\/posts"}],"about":[{"href":"https:\/\/pilt.com.ar\/parque-industrial\/wp-json\/wp\/v2\/types\/post"}],"author":[{"embeddable":true,"href":"https:\/\/pilt.com.ar\/parque-industrial\/wp-json\/wp\/v2\/users\/3"}],"replies":[{"embeddable":true,"href":"https:\/\/pilt.com.ar\/parque-industrial\/wp-json\/wp\/v2\/comments?post=1978"}],"version-history":[{"count":1,"href":"https:\/\/pilt.com.ar\/parque-industrial\/wp-json\/wp\/v2\/posts\/1978\/revisions"}],"predecessor-version":[{"id":1980,"href":"https:\/\/pilt.com.ar\/parque-industrial\/wp-json\/wp\/v2\/posts\/1978\/revisions\/1980"}],"wp:featuredmedia":[{"embeddable":true,"href":"https:\/\/pilt.com.ar\/parque-industrial\/wp-json\/wp\/v2\/media\/1979"}],"wp:attachment":[{"href":"https:\/\/pilt.com.ar\/parque-industrial\/wp-json\/wp\/v2\/media?parent=1978"}],"wp:term":[{"taxonomy":"category","embeddable":true,"href":"https:\/\/pilt.com.ar\/parque-industrial\/wp-json\/wp\/v2\/categories?post=1978"},{"taxonomy":"post_tag","embeddable":true,"href":"https:\/\/pilt.com.ar\/parque-industrial\/wp-json\/wp\/v2\/tags?post=1978"}],"curies":[{"name":"wp","href":"https:\/\/api.w.org\/{rel}","templated":true}]}}