{"id":1975,"date":"2021-09-23T20:13:39","date_gmt":"2021-09-23T23:13:39","guid":{"rendered":"https:\/\/pilt.com.ar\/parque-industrial\/?p=1975"},"modified":"2021-09-23T20:13:40","modified_gmt":"2021-09-23T23:13:40","slug":"avanza-la-construccion-de-la-nave-para-emprendedores-ii-en-el-pilt","status":"publish","type":"post","link":"https:\/\/pilt.com.ar\/parque-industrial\/avanza-la-construccion-de-la-nave-para-emprendedores-ii-en-el-pilt\/","title":{"rendered":"AVANZA LA CONSTRUCCI\u00d3N DE LA NAVE PARA EMPRENDEDORES II EN EL PILT"},"content":{"rendered":"\n<p class=\"has-text-align-center\"><strong><em>Con un presupuesto de $75 millones, albergar\u00e1 proyectos vinculados al rubro de la alimentaci\u00f3n. Contar\u00e1 con 8 salones para llevar a cabo las actividades productivas<\/em><\/strong><\/p>\n\n\n\n<p class=\"has-text-align-justify\">Luego de la ejecuci\u00f3n del exitoso proyecto \u201c<strong><em>Nave para Emprendedores\u201d<\/em><\/strong>, que brinda un espacio f\u00edsico para emprendimientos de alto potencial, en el Parque Industrial, Log\u00edstico y Tecnol\u00f3gico Villa Mar\u00eda (PILT) se lleva adelante otra obra de similares caracter\u00edsticas: la<strong><em> Nave II<\/em><\/strong>, que incubar\u00e1 desarrollos espec\u00edficos del rubro alimentaci\u00f3n.<\/p>\n\n\n\n<p class=\"has-text-align-justify\">El proyecto consiste en una nave industrial de 30 metros de frente por 50 de largo, completando una superficie \u00fatil de 1500 metros cuadrados. All\u00ed se alojar\u00e1n ocho locales iguales, cada uno de ellos con todos los servicios necesarios para poder realizar las actividades productivas. Un aspecto destacado tiene que ver con la instalaci\u00f3n adicional destinada a recibir, canalizar y tratar los efluentes que eventualmente pudieran surgir del proceso industrial de cada sal\u00f3n. El proyecto se completa con una calle perimetral iluminada y se\u00f1alizada, que facilitara el ingreso a los locales.&nbsp;<\/p>\n\n\n\n<p class=\"has-text-align-justify\">La obra est\u00e1 en plena ejecuci\u00f3n y, hasta el momento, se concretaron las siguientes etapas: proyecto; estudio de suelo donde se emplazar\u00e1 la construcci\u00f3n; extracci\u00f3n de suelo vegetal y posterior construcci\u00f3n de terrapl\u00e9n, que requiri\u00f3 el movimiento de m\u00e1s de 900 metros c\u00fabicos de suelo al que se acondicion\u00f3 y compact\u00f3 para asegurar la mejor estabilidad a la superficie a utilizar. Tambi\u00e9n se encuentra finalizado el sistema de fundaciones que involucr\u00f3 la realizaci\u00f3n de pilotes \u201cin situ\u201d y de un completo sistema de arriostramiento.<\/p>\n\n\n\n<p class=\"has-text-align-justify\">Asimismo, se encuentra avanzada la construcci\u00f3n de la estructura met\u00e1lica portante que si no surgen inconvenientes ser\u00e1 montada durante el pr\u00f3ximo mes. En proceso constructivo est\u00e1n, adem\u00e1s, los paneles termoaislantes destinados a la cubierta de techo y laterales, completando aproximadamente 2.500 metros cuadrados de superficie.<\/p>\n\n\n\n<p class=\"has-text-align-justify\">Para los meses de noviembre y diciembre est\u00e1 proyectado la ejecuci\u00f3n del piso de la nave y la instalaci\u00f3n de todos los s<a><\/a>ervicios necesarios para el desarrollo de actividades en cada uno de los ocho espacios del proyecto.<\/p>\n\n\n\n<p class=\"has-text-align-justify\">La <strong><em>Nave para Emprendedores II<\/em><\/strong> cuenta con un presupuesto de $75 millones, 40 aportados por el Gobierno nacional y los 35 restantes por el PILT.<\/p>\n","protected":false},"excerpt":{"rendered":"<p>Con un presupuesto de $75 millones, albergar\u00e1 proyectos vinculados al rubro de la alimentaci\u00f3n. Contar\u00e1 con 8 salones para llevar a cabo las actividades productivas Luego de la ejecuci\u00f3n del exitoso proyecto \u201cNave para Emprendedores\u201d, que brinda un espacio f\u00edsico para emprendimientos de alto potencial, en el Parque Industrial, Log\u00edstico y Tecnol\u00f3gico Villa Mar\u00eda (PILT) [&hellip;]<\/p>\n","protected":false},"author":3,"featured_media":1976,"comment_status":"open","ping_status":"open","sticky":false,"template":"","format":"standard","meta":{"_jetpack_memberships_contains_paid_content":false,"footnotes":""},"categories":[2],"tags":[],"class_list":["post-1975","post","type-post","status-publish","format-standard","has-post-thumbnail","hentry","category-noticias"],"yoast_head":"<!-- This site is optimized with the Yoast SEO plugin v27.5 - https:\/\/yoast.com\/product\/yoast-seo-wordpress\/ -->\n<title>AVANZA LA CONSTRUCCI\u00d3N DE LA NAVE PARA EMPRENDEDORES II EN EL PILT - PILT.com.ar<\/title>\n<meta name=\"robots\" content=\"index, follow, max-snippet:-1, max-image-preview:large, max-video-preview:-1\" \/>\n<link rel=\"canonical\" href=\"https:\/\/pilt.com.ar\/parque-industrial\/avanza-la-construccion-de-la-nave-para-emprendedores-ii-en-el-pilt\/\" \/>\n<meta property=\"og:locale\" content=\"es_ES\" \/>\n<meta property=\"og:type\" content=\"article\" \/>\n<meta property=\"og:title\" content=\"AVANZA LA CONSTRUCCI\u00d3N DE LA NAVE PARA EMPRENDEDORES II EN EL PILT - PILT.com.ar\" \/>\n<meta property=\"og:description\" content=\"Con un presupuesto de $75 millones, albergar\u00e1 proyectos vinculados al rubro de la alimentaci\u00f3n. Contar\u00e1 con 8 salones para llevar a cabo las actividades productivas Luego de la ejecuci\u00f3n del exitoso proyecto \u201cNave para Emprendedores\u201d, que brinda un espacio f\u00edsico para emprendimientos de alto potencial, en el Parque Industrial, Log\u00edstico y Tecnol\u00f3gico Villa Mar\u00eda (PILT) [&hellip;]\" \/>\n<meta property=\"og:url\" content=\"https:\/\/pilt.com.ar\/parque-industrial\/avanza-la-construccion-de-la-nave-para-emprendedores-ii-en-el-pilt\/\" \/>\n<meta property=\"og:site_name\" content=\"PILT.com.ar\" \/>\n<meta property=\"article:published_time\" content=\"2021-09-23T23:13:39+00:00\" \/>\n<meta property=\"article:modified_time\" content=\"2021-09-23T23:13:40+00:00\" \/>\n<meta property=\"og:image\" content=\"https:\/\/i0.wp.com\/pilt.com.ar\/parque-industrial\/wp-content\/uploads\/2021\/09\/WhatsApp-Image-2021-09-23-at-13.18.14.jpeg?fit=960%2C1280&ssl=1\" \/>\n\t<meta property=\"og:image:width\" content=\"960\" \/>\n\t<meta property=\"og:image:height\" content=\"1280\" \/>\n\t<meta property=\"og:image:type\" content=\"image\/jpeg\" \/>\n<meta name=\"author\" content=\"PILT\" \/>\n<meta name=\"twitter:card\" content=\"summary_large_image\" \/>\n<meta name=\"twitter:label1\" content=\"Escrito por\" \/>\n\t<meta name=\"twitter:data1\" content=\"PILT\" \/>\n\t<meta name=\"twitter:label2\" content=\"Tiempo de lectura\" \/>\n\t<meta name=\"twitter:data2\" content=\"2 minutos\" \/>\n<script type=\"application\/ld+json\" class=\"yoast-schema-graph\">{\"@context\":\"https:\\\/\\\/schema.org\",\"@graph\":[{\"@type\":\"Article\",\"@id\":\"https:\\\/\\\/pilt.com.ar\\\/parque-industrial\\\/avanza-la-construccion-de-la-nave-para-emprendedores-ii-en-el-pilt\\\/#article\",\"isPartOf\":{\"@id\":\"https:\\\/\\\/pilt.com.ar\\\/parque-industrial\\\/avanza-la-construccion-de-la-nave-para-emprendedores-ii-en-el-pilt\\\/\"},\"author\":{\"name\":\"PILT\",\"@id\":\"https:\\\/\\\/pilt.com.ar\\\/parque-industrial\\\/#\\\/schema\\\/person\\\/2dfb9e2464de1c3deef20c25c30a8306\"},\"headline\":\"AVANZA LA CONSTRUCCI\u00d3N DE LA NAVE PARA EMPRENDEDORES II EN EL PILT\",\"datePublished\":\"2021-09-23T23:13:39+00:00\",\"dateModified\":\"2021-09-23T23:13:40+00:00\",\"mainEntityOfPage\":{\"@id\":\"https:\\\/\\\/pilt.com.ar\\\/parque-industrial\\\/avanza-la-construccion-de-la-nave-para-emprendedores-ii-en-el-pilt\\\/\"},\"wordCount\":390,\"commentCount\":0,\"image\":{\"@id\":\"https:\\\/\\\/pilt.com.ar\\\/parque-industrial\\\/avanza-la-construccion-de-la-nave-para-emprendedores-ii-en-el-pilt\\\/#primaryimage\"},\"thumbnailUrl\":\"https:\\\/\\\/i0.wp.com\\\/pilt.com.ar\\\/parque-industrial\\\/wp-content\\\/uploads\\\/2021\\\/09\\\/WhatsApp-Image-2021-09-23-at-13.18.14.jpeg?fit=960%2C1280&ssl=1\",\"articleSection\":[\"Noticias\"],\"inLanguage\":\"es\",\"potentialAction\":[{\"@type\":\"CommentAction\",\"name\":\"Comment\",\"target\":[\"https:\\\/\\\/pilt.com.ar\\\/parque-industrial\\\/avanza-la-construccion-de-la-nave-para-emprendedores-ii-en-el-pilt\\\/#respond\"]}]},{\"@type\":\"WebPage\",\"@id\":\"https:\\\/\\\/pilt.com.ar\\\/parque-industrial\\\/avanza-la-construccion-de-la-nave-para-emprendedores-ii-en-el-pilt\\\/\",\"url\":\"https:\\\/\\\/pilt.com.ar\\\/parque-industrial\\\/avanza-la-construccion-de-la-nave-para-emprendedores-ii-en-el-pilt\\\/\",\"name\":\"AVANZA LA CONSTRUCCI\u00d3N DE LA NAVE PARA EMPRENDEDORES II EN EL PILT - PILT.com.ar\",\"isPartOf\":{\"@id\":\"https:\\\/\\\/pilt.com.ar\\\/parque-industrial\\\/#website\"},\"primaryImageOfPage\":{\"@id\":\"https:\\\/\\\/pilt.com.ar\\\/parque-industrial\\\/avanza-la-construccion-de-la-nave-para-emprendedores-ii-en-el-pilt\\\/#primaryimage\"},\"image\":{\"@id\":\"https:\\\/\\\/pilt.com.ar\\\/parque-industrial\\\/avanza-la-construccion-de-la-nave-para-emprendedores-ii-en-el-pilt\\\/#primaryimage\"},\"thumbnailUrl\":\"https:\\\/\\\/i0.wp.com\\\/pilt.com.ar\\\/parque-industrial\\\/wp-content\\\/uploads\\\/2021\\\/09\\\/WhatsApp-Image-2021-09-23-at-13.18.14.jpeg?fit=960%2C1280&ssl=1\",\"datePublished\":\"2021-09-23T23:13:39+00:00\",\"dateModified\":\"2021-09-23T23:13:40+00:00\",\"author\":{\"@id\":\"https:\\\/\\\/pilt.com.ar\\\/parque-industrial\\\/#\\\/schema\\\/person\\\/2dfb9e2464de1c3deef20c25c30a8306\"},\"inLanguage\":\"es\",\"potentialAction\":[{\"@type\":\"ReadAction\",\"target\":[\"https:\\\/\\\/pilt.com.ar\\\/parque-industrial\\\/avanza-la-construccion-de-la-nave-para-emprendedores-ii-en-el-pilt\\\/\"]}]},{\"@type\":\"ImageObject\",\"inLanguage\":\"es\",\"@id\":\"https:\\\/\\\/pilt.com.ar\\\/parque-industrial\\\/avanza-la-construccion-de-la-nave-para-emprendedores-ii-en-el-pilt\\\/#primaryimage\",\"url\":\"https:\\\/\\\/i0.wp.com\\\/pilt.com.ar\\\/parque-industrial\\\/wp-content\\\/uploads\\\/2021\\\/09\\\/WhatsApp-Image-2021-09-23-at-13.18.14.jpeg?fit=960%2C1280&ssl=1\",\"contentUrl\":\"https:\\\/\\\/i0.wp.com\\\/pilt.com.ar\\\/parque-industrial\\\/wp-content\\\/uploads\\\/2021\\\/09\\\/WhatsApp-Image-2021-09-23-at-13.18.14.jpeg?fit=960%2C1280&ssl=1\",\"width\":960,\"height\":1280},{\"@type\":\"WebSite\",\"@id\":\"https:\\\/\\\/pilt.com.ar\\\/parque-industrial\\\/#website\",\"url\":\"https:\\\/\\\/pilt.com.ar\\\/parque-industrial\\\/\",\"name\":\"PILT.com.ar\",\"description\":\"Parque Industrial, Log\u00edstico y Tecnol\u00f3gico Villa Mar\u00eda\",\"potentialAction\":[{\"@type\":\"SearchAction\",\"target\":{\"@type\":\"EntryPoint\",\"urlTemplate\":\"https:\\\/\\\/pilt.com.ar\\\/parque-industrial\\\/?s={search_term_string}\"},\"query-input\":{\"@type\":\"PropertyValueSpecification\",\"valueRequired\":true,\"valueName\":\"search_term_string\"}}],\"inLanguage\":\"es\"},{\"@type\":\"Person\",\"@id\":\"https:\\\/\\\/pilt.com.ar\\\/parque-industrial\\\/#\\\/schema\\\/person\\\/2dfb9e2464de1c3deef20c25c30a8306\",\"name\":\"PILT\",\"image\":{\"@type\":\"ImageObject\",\"inLanguage\":\"es\",\"@id\":\"https:\\\/\\\/secure.gravatar.com\\\/avatar\\\/5e3734c8d8c8e0b0d45f923c14a14d7b90521d573d02f0d91360a777095ee42b?s=96&d=mm&r=g\",\"url\":\"https:\\\/\\\/secure.gravatar.com\\\/avatar\\\/5e3734c8d8c8e0b0d45f923c14a14d7b90521d573d02f0d91360a777095ee42b?s=96&d=mm&r=g\",\"contentUrl\":\"https:\\\/\\\/secure.gravatar.com\\\/avatar\\\/5e3734c8d8c8e0b0d45f923c14a14d7b90521d573d02f0d91360a777095ee42b?s=96&d=mm&r=g\",\"caption\":\"PILT\"},\"url\":\"https:\\\/\\\/pilt.com.ar\\\/parque-industrial\\\/author\\\/pilt\\\/\"}]}<\/script>\n<!-- \/ Yoast SEO plugin. -->","yoast_head_json":{"title":"AVANZA LA CONSTRUCCI\u00d3N DE LA NAVE PARA EMPRENDEDORES II EN EL PILT - PILT.com.ar","robots":{"index":"index","follow":"follow","max-snippet":"max-snippet:-1","max-image-preview":"max-image-preview:large","max-video-preview":"max-video-preview:-1"},"canonical":"https:\/\/pilt.com.ar\/parque-industrial\/avanza-la-construccion-de-la-nave-para-emprendedores-ii-en-el-pilt\/","og_locale":"es_ES","og_type":"article","og_title":"AVANZA LA CONSTRUCCI\u00d3N DE LA NAVE PARA EMPRENDEDORES II EN EL PILT - PILT.com.ar","og_description":"Con un presupuesto de $75 millones, albergar\u00e1 proyectos vinculados al rubro de la alimentaci\u00f3n. Contar\u00e1 con 8 salones para llevar a cabo las actividades productivas Luego de la ejecuci\u00f3n del exitoso proyecto \u201cNave para Emprendedores\u201d, que brinda un espacio f\u00edsico para emprendimientos de alto potencial, en el Parque Industrial, Log\u00edstico y Tecnol\u00f3gico Villa Mar\u00eda (PILT) [&hellip;]","og_url":"https:\/\/pilt.com.ar\/parque-industrial\/avanza-la-construccion-de-la-nave-para-emprendedores-ii-en-el-pilt\/","og_site_name":"PILT.com.ar","article_published_time":"2021-09-23T23:13:39+00:00","article_modified_time":"2021-09-23T23:13:40+00:00","og_image":[{"width":960,"height":1280,"url":"https:\/\/i0.wp.com\/pilt.com.ar\/parque-industrial\/wp-content\/uploads\/2021\/09\/WhatsApp-Image-2021-09-23-at-13.18.14.jpeg?fit=960%2C1280&ssl=1","type":"image\/jpeg"}],"author":"PILT","twitter_card":"summary_large_image","twitter_misc":{"Escrito por":"PILT","Tiempo de lectura":"2 minutos"},"schema":{"@context":"https:\/\/schema.org","@graph":[{"@type":"Article","@id":"https:\/\/pilt.com.ar\/parque-industrial\/avanza-la-construccion-de-la-nave-para-emprendedores-ii-en-el-pilt\/#article","isPartOf":{"@id":"https:\/\/pilt.com.ar\/parque-industrial\/avanza-la-construccion-de-la-nave-para-emprendedores-ii-en-el-pilt\/"},"author":{"name":"PILT","@id":"https:\/\/pilt.com.ar\/parque-industrial\/#\/schema\/person\/2dfb9e2464de1c3deef20c25c30a8306"},"headline":"AVANZA LA CONSTRUCCI\u00d3N DE LA NAVE PARA EMPRENDEDORES II EN EL PILT","datePublished":"2021-09-23T23:13:39+00:00","dateModified":"2021-09-23T23:13:40+00:00","mainEntityOfPage":{"@id":"https:\/\/pilt.com.ar\/parque-industrial\/avanza-la-construccion-de-la-nave-para-emprendedores-ii-en-el-pilt\/"},"wordCount":390,"commentCount":0,"image":{"@id":"https:\/\/pilt.com.ar\/parque-industrial\/avanza-la-construccion-de-la-nave-para-emprendedores-ii-en-el-pilt\/#primaryimage"},"thumbnailUrl":"https:\/\/i0.wp.com\/pilt.com.ar\/parque-industrial\/wp-content\/uploads\/2021\/09\/WhatsApp-Image-2021-09-23-at-13.18.14.jpeg?fit=960%2C1280&ssl=1","articleSection":["Noticias"],"inLanguage":"es","potentialAction":[{"@type":"CommentAction","name":"Comment","target":["https:\/\/pilt.com.ar\/parque-industrial\/avanza-la-construccion-de-la-nave-para-emprendedores-ii-en-el-pilt\/#respond"]}]},{"@type":"WebPage","@id":"https:\/\/pilt.com.ar\/parque-industrial\/avanza-la-construccion-de-la-nave-para-emprendedores-ii-en-el-pilt\/","url":"https:\/\/pilt.com.ar\/parque-industrial\/avanza-la-construccion-de-la-nave-para-emprendedores-ii-en-el-pilt\/","name":"AVANZA LA CONSTRUCCI\u00d3N DE LA NAVE PARA EMPRENDEDORES II EN EL PILT - PILT.com.ar","isPartOf":{"@id":"https:\/\/pilt.com.ar\/parque-industrial\/#website"},"primaryImageOfPage":{"@id":"https:\/\/pilt.com.ar\/parque-industrial\/avanza-la-construccion-de-la-nave-para-emprendedores-ii-en-el-pilt\/#primaryimage"},"image":{"@id":"https:\/\/pilt.com.ar\/parque-industrial\/avanza-la-construccion-de-la-nave-para-emprendedores-ii-en-el-pilt\/#primaryimage"},"thumbnailUrl":"https:\/\/i0.wp.com\/pilt.com.ar\/parque-industrial\/wp-content\/uploads\/2021\/09\/WhatsApp-Image-2021-09-23-at-13.18.14.jpeg?fit=960%2C1280&ssl=1","datePublished":"2021-09-23T23:13:39+00:00","dateModified":"2021-09-23T23:13:40+00:00","author":{"@id":"https:\/\/pilt.com.ar\/parque-industrial\/#\/schema\/person\/2dfb9e2464de1c3deef20c25c30a8306"},"inLanguage":"es","potentialAction":[{"@type":"ReadAction","target":["https:\/\/pilt.com.ar\/parque-industrial\/avanza-la-construccion-de-la-nave-para-emprendedores-ii-en-el-pilt\/"]}]},{"@type":"ImageObject","inLanguage":"es","@id":"https:\/\/pilt.com.ar\/parque-industrial\/avanza-la-construccion-de-la-nave-para-emprendedores-ii-en-el-pilt\/#primaryimage","url":"https:\/\/i0.wp.com\/pilt.com.ar\/parque-industrial\/wp-content\/uploads\/2021\/09\/WhatsApp-Image-2021-09-23-at-13.18.14.jpeg?fit=960%2C1280&ssl=1","contentUrl":"https:\/\/i0.wp.com\/pilt.com.ar\/parque-industrial\/wp-content\/uploads\/2021\/09\/WhatsApp-Image-2021-09-23-at-13.18.14.jpeg?fit=960%2C1280&ssl=1","width":960,"height":1280},{"@type":"WebSite","@id":"https:\/\/pilt.com.ar\/parque-industrial\/#website","url":"https:\/\/pilt.com.ar\/parque-industrial\/","name":"PILT.com.ar","description":"Parque Industrial, Log\u00edstico y Tecnol\u00f3gico Villa Mar\u00eda","potentialAction":[{"@type":"SearchAction","target":{"@type":"EntryPoint","urlTemplate":"https:\/\/pilt.com.ar\/parque-industrial\/?s={search_term_string}"},"query-input":{"@type":"PropertyValueSpecification","valueRequired":true,"valueName":"search_term_string"}}],"inLanguage":"es"},{"@type":"Person","@id":"https:\/\/pilt.com.ar\/parque-industrial\/#\/schema\/person\/2dfb9e2464de1c3deef20c25c30a8306","name":"PILT","image":{"@type":"ImageObject","inLanguage":"es","@id":"https:\/\/secure.gravatar.com\/avatar\/5e3734c8d8c8e0b0d45f923c14a14d7b90521d573d02f0d91360a777095ee42b?s=96&d=mm&r=g","url":"https:\/\/secure.gravatar.com\/avatar\/5e3734c8d8c8e0b0d45f923c14a14d7b90521d573d02f0d91360a777095ee42b?s=96&d=mm&r=g","contentUrl":"https:\/\/secure.gravatar.com\/avatar\/5e3734c8d8c8e0b0d45f923c14a14d7b90521d573d02f0d91360a777095ee42b?s=96&d=mm&r=g","caption":"PILT"},"url":"https:\/\/pilt.com.ar\/parque-industrial\/author\/pilt\/"}]}},"jetpack_featured_media_url":"https:\/\/i0.wp.com\/pilt.com.ar\/parque-industrial\/wp-content\/uploads\/2021\/09\/WhatsApp-Image-2021-09-23-at-13.18.14.jpeg?fit=960%2C1280&ssl=1","jetpack_sharing_enabled":true,"_links":{"self":[{"href":"https:\/\/pilt.com.ar\/parque-industrial\/wp-json\/wp\/v2\/posts\/1975","targetHints":{"allow":["GET"]}}],"collection":[{"href":"https:\/\/pilt.com.ar\/parque-industrial\/wp-json\/wp\/v2\/posts"}],"about":[{"href":"https:\/\/pilt.com.ar\/parque-industrial\/wp-json\/wp\/v2\/types\/post"}],"author":[{"embeddable":true,"href":"https:\/\/pilt.com.ar\/parque-industrial\/wp-json\/wp\/v2\/users\/3"}],"replies":[{"embeddable":true,"href":"https:\/\/pilt.com.ar\/parque-industrial\/wp-json\/wp\/v2\/comments?post=1975"}],"version-history":[{"count":1,"href":"https:\/\/pilt.com.ar\/parque-industrial\/wp-json\/wp\/v2\/posts\/1975\/revisions"}],"predecessor-version":[{"id":1977,"href":"https:\/\/pilt.com.ar\/parque-industrial\/wp-json\/wp\/v2\/posts\/1975\/revisions\/1977"}],"wp:featuredmedia":[{"embeddable":true,"href":"https:\/\/pilt.com.ar\/parque-industrial\/wp-json\/wp\/v2\/media\/1976"}],"wp:attachment":[{"href":"https:\/\/pilt.com.ar\/parque-industrial\/wp-json\/wp\/v2\/media?parent=1975"}],"wp:term":[{"taxonomy":"category","embeddable":true,"href":"https:\/\/pilt.com.ar\/parque-industrial\/wp-json\/wp\/v2\/categories?post=1975"},{"taxonomy":"post_tag","embeddable":true,"href":"https:\/\/pilt.com.ar\/parque-industrial\/wp-json\/wp\/v2\/tags?post=1975"}],"curies":[{"name":"wp","href":"https:\/\/api.w.org\/{rel}","templated":true}]}}