{"id":1964,"date":"2021-09-16T17:40:00","date_gmt":"2021-09-16T20:40:00","guid":{"rendered":"https:\/\/pilt.com.ar\/parque-industrial\/?p=1964"},"modified":"2021-09-16T17:40:01","modified_gmt":"2021-09-16T20:40:01","slug":"restan-pocos-dias-para-que-una-nueva-planta-comience-a-operar-en-el-pilt","status":"publish","type":"post","link":"https:\/\/pilt.com.ar\/parque-industrial\/restan-pocos-dias-para-que-una-nueva-planta-comience-a-operar-en-el-pilt\/","title":{"rendered":"RESTAN POCOS D\u00cdAS PARA QUE UNA NUEVA PLANTA COMIENCE A OPERAR EN EL PILT"},"content":{"rendered":"\n<p class=\"has-text-align-center\"><strong><em>Pertenece a la empresa Alimentos y Servicios, que elabora productos l\u00e1cteos. Falta la conexi\u00f3n a servicios y habilitaciones para que inicie acti<\/em><\/strong><em>vidades.<\/em><\/p>\n\n\n\n<p class=\"has-text-align-justify\">Con la obra civil pr\u00e1cticamente terminada, en breve la empresa Alimentos y Servicios inaugurar\u00e1 sus instalaciones en el Parque Industrial, Log\u00edstico y Tecnol\u00f3gico Villa Mar\u00eda (PILT). Desde la firma detallaron que por estos d\u00edas se realizar\u00e1n las conexiones a los servicios de gas y cloacas, para luego solicitar las habilitaciones municipales y provinciales. De esa manera, probablemente hacia fines del pr\u00f3ximo mes, abrir\u00e1 sus puertas.<\/p>\n\n\n\n<p class=\"has-text-align-justify\">Cabe se\u00f1alar que en la planta elaborar\u00e1n crema pasteurizada -principal producto- flanes y yogurt bebible. Posteriormenteanexar\u00e1nyogurt en pote.La empresa concentrar\u00e1 en el predio todas sus actividades productivas, que actualmente lleva adelante en otras localidades, sumando adem\u00e1s equipamiento para a\u00f1adir opciones a lacartera de productos.<\/p>\n\n\n\n<p class=\"has-text-align-justify\">N\u00e9stor Panzani, titular de la firma, se\u00f1al\u00f3 que si bien no incorporar\u00e1n personal en una primera instancia, cuentan con un plan de crecimiento que requerir\u00e1 recursos humanos a medida que incrementen volumen de producci\u00f3n. \u201cCuando estemos a full podr\u00edamos necesitar unas 10 personas, pero todo va a depender de las ventas. En este espacio, con nuevas inversiones en equipamiento, tenemos mucho para crecer\u201d, indic\u00f3.<\/p>\n\n\n\n<p class=\"has-text-align-justify\">Actualmente la firma comercializa casi la totalidad de su producci\u00f3n a distribuidoras de la capital provincial, pero una vez en el predio empezar\u00e1n a trabajar con supermercados.\u201cCreemos que eso, junto al lanzamiento de nuevos productos, nos dar\u00e1 un salto importante en volumen. Esa es nuestra expectativa\u201d, sostuvo Panzani.<\/p>\n","protected":false},"excerpt":{"rendered":"<p>Pertenece a la empresa Alimentos y Servicios, que elabora productos l\u00e1cteos. Falta la conexi\u00f3n a servicios y habilitaciones para que inicie actividades. Con la obra civil pr\u00e1cticamente terminada, en breve la empresa Alimentos y Servicios inaugurar\u00e1 sus instalaciones en el Parque Industrial, Log\u00edstico y Tecnol\u00f3gico Villa Mar\u00eda (PILT). Desde la firma detallaron que por estos [&hellip;]<\/p>\n","protected":false},"author":3,"featured_media":1965,"comment_status":"open","ping_status":"open","sticky":false,"template":"","format":"standard","meta":{"_jetpack_memberships_contains_paid_content":false,"footnotes":""},"categories":[2],"tags":[],"class_list":["post-1964","post","type-post","status-publish","format-standard","has-post-thumbnail","hentry","category-noticias"],"yoast_head":"<!-- This site is optimized with the Yoast SEO plugin v27.5 - https:\/\/yoast.com\/product\/yoast-seo-wordpress\/ -->\n<title>RESTAN POCOS D\u00cdAS PARA QUE UNA NUEVA PLANTA COMIENCE A OPERAR EN EL PILT - PILT.com.ar<\/title>\n<meta name=\"robots\" content=\"index, follow, max-snippet:-1, max-image-preview:large, max-video-preview:-1\" \/>\n<link rel=\"canonical\" href=\"https:\/\/pilt.com.ar\/parque-industrial\/restan-pocos-dias-para-que-una-nueva-planta-comience-a-operar-en-el-pilt\/\" \/>\n<meta property=\"og:locale\" content=\"es_ES\" \/>\n<meta property=\"og:type\" content=\"article\" \/>\n<meta property=\"og:title\" content=\"RESTAN POCOS D\u00cdAS PARA QUE UNA NUEVA PLANTA COMIENCE A OPERAR EN EL PILT - PILT.com.ar\" \/>\n<meta property=\"og:description\" content=\"Pertenece a la empresa Alimentos y Servicios, que elabora productos l\u00e1cteos. Falta la conexi\u00f3n a servicios y habilitaciones para que inicie actividades. Con la obra civil pr\u00e1cticamente terminada, en breve la empresa Alimentos y Servicios inaugurar\u00e1 sus instalaciones en el Parque Industrial, Log\u00edstico y Tecnol\u00f3gico Villa Mar\u00eda (PILT). Desde la firma detallaron que por estos [&hellip;]\" \/>\n<meta property=\"og:url\" content=\"https:\/\/pilt.com.ar\/parque-industrial\/restan-pocos-dias-para-que-una-nueva-planta-comience-a-operar-en-el-pilt\/\" \/>\n<meta property=\"og:site_name\" content=\"PILT.com.ar\" \/>\n<meta property=\"article:published_time\" content=\"2021-09-16T20:40:00+00:00\" \/>\n<meta property=\"article:modified_time\" content=\"2021-09-16T20:40:01+00:00\" \/>\n<meta property=\"og:image\" content=\"https:\/\/i0.wp.com\/pilt.com.ar\/parque-industrial\/wp-content\/uploads\/2021\/09\/Alimentos-y-servicios.jpeg?fit=1280%2C893&ssl=1\" \/>\n\t<meta property=\"og:image:width\" content=\"1280\" \/>\n\t<meta property=\"og:image:height\" content=\"893\" \/>\n\t<meta property=\"og:image:type\" content=\"image\/jpeg\" \/>\n<meta name=\"author\" content=\"PILT\" \/>\n<meta name=\"twitter:card\" content=\"summary_large_image\" \/>\n<meta name=\"twitter:label1\" content=\"Escrito por\" \/>\n\t<meta name=\"twitter:data1\" content=\"PILT\" \/>\n\t<meta name=\"twitter:label2\" content=\"Tiempo de lectura\" \/>\n\t<meta name=\"twitter:data2\" content=\"2 minutos\" \/>\n<script type=\"application\/ld+json\" class=\"yoast-schema-graph\">{\"@context\":\"https:\\\/\\\/schema.org\",\"@graph\":[{\"@type\":\"Article\",\"@id\":\"https:\\\/\\\/pilt.com.ar\\\/parque-industrial\\\/restan-pocos-dias-para-que-una-nueva-planta-comience-a-operar-en-el-pilt\\\/#article\",\"isPartOf\":{\"@id\":\"https:\\\/\\\/pilt.com.ar\\\/parque-industrial\\\/restan-pocos-dias-para-que-una-nueva-planta-comience-a-operar-en-el-pilt\\\/\"},\"author\":{\"name\":\"PILT\",\"@id\":\"https:\\\/\\\/pilt.com.ar\\\/parque-industrial\\\/#\\\/schema\\\/person\\\/2dfb9e2464de1c3deef20c25c30a8306\"},\"headline\":\"RESTAN POCOS D\u00cdAS PARA QUE UNA NUEVA PLANTA COMIENCE A OPERAR EN EL PILT\",\"datePublished\":\"2021-09-16T20:40:00+00:00\",\"dateModified\":\"2021-09-16T20:40:01+00:00\",\"mainEntityOfPage\":{\"@id\":\"https:\\\/\\\/pilt.com.ar\\\/parque-industrial\\\/restan-pocos-dias-para-que-una-nueva-planta-comience-a-operar-en-el-pilt\\\/\"},\"wordCount\":281,\"commentCount\":0,\"image\":{\"@id\":\"https:\\\/\\\/pilt.com.ar\\\/parque-industrial\\\/restan-pocos-dias-para-que-una-nueva-planta-comience-a-operar-en-el-pilt\\\/#primaryimage\"},\"thumbnailUrl\":\"https:\\\/\\\/i0.wp.com\\\/pilt.com.ar\\\/parque-industrial\\\/wp-content\\\/uploads\\\/2021\\\/09\\\/Alimentos-y-servicios.jpeg?fit=1280%2C893&ssl=1\",\"articleSection\":[\"Noticias\"],\"inLanguage\":\"es\",\"potentialAction\":[{\"@type\":\"CommentAction\",\"name\":\"Comment\",\"target\":[\"https:\\\/\\\/pilt.com.ar\\\/parque-industrial\\\/restan-pocos-dias-para-que-una-nueva-planta-comience-a-operar-en-el-pilt\\\/#respond\"]}]},{\"@type\":\"WebPage\",\"@id\":\"https:\\\/\\\/pilt.com.ar\\\/parque-industrial\\\/restan-pocos-dias-para-que-una-nueva-planta-comience-a-operar-en-el-pilt\\\/\",\"url\":\"https:\\\/\\\/pilt.com.ar\\\/parque-industrial\\\/restan-pocos-dias-para-que-una-nueva-planta-comience-a-operar-en-el-pilt\\\/\",\"name\":\"RESTAN POCOS D\u00cdAS PARA QUE UNA NUEVA PLANTA COMIENCE A OPERAR EN EL PILT - PILT.com.ar\",\"isPartOf\":{\"@id\":\"https:\\\/\\\/pilt.com.ar\\\/parque-industrial\\\/#website\"},\"primaryImageOfPage\":{\"@id\":\"https:\\\/\\\/pilt.com.ar\\\/parque-industrial\\\/restan-pocos-dias-para-que-una-nueva-planta-comience-a-operar-en-el-pilt\\\/#primaryimage\"},\"image\":{\"@id\":\"https:\\\/\\\/pilt.com.ar\\\/parque-industrial\\\/restan-pocos-dias-para-que-una-nueva-planta-comience-a-operar-en-el-pilt\\\/#primaryimage\"},\"thumbnailUrl\":\"https:\\\/\\\/i0.wp.com\\\/pilt.com.ar\\\/parque-industrial\\\/wp-content\\\/uploads\\\/2021\\\/09\\\/Alimentos-y-servicios.jpeg?fit=1280%2C893&ssl=1\",\"datePublished\":\"2021-09-16T20:40:00+00:00\",\"dateModified\":\"2021-09-16T20:40:01+00:00\",\"author\":{\"@id\":\"https:\\\/\\\/pilt.com.ar\\\/parque-industrial\\\/#\\\/schema\\\/person\\\/2dfb9e2464de1c3deef20c25c30a8306\"},\"inLanguage\":\"es\",\"potentialAction\":[{\"@type\":\"ReadAction\",\"target\":[\"https:\\\/\\\/pilt.com.ar\\\/parque-industrial\\\/restan-pocos-dias-para-que-una-nueva-planta-comience-a-operar-en-el-pilt\\\/\"]}]},{\"@type\":\"ImageObject\",\"inLanguage\":\"es\",\"@id\":\"https:\\\/\\\/pilt.com.ar\\\/parque-industrial\\\/restan-pocos-dias-para-que-una-nueva-planta-comience-a-operar-en-el-pilt\\\/#primaryimage\",\"url\":\"https:\\\/\\\/i0.wp.com\\\/pilt.com.ar\\\/parque-industrial\\\/wp-content\\\/uploads\\\/2021\\\/09\\\/Alimentos-y-servicios.jpeg?fit=1280%2C893&ssl=1\",\"contentUrl\":\"https:\\\/\\\/i0.wp.com\\\/pilt.com.ar\\\/parque-industrial\\\/wp-content\\\/uploads\\\/2021\\\/09\\\/Alimentos-y-servicios.jpeg?fit=1280%2C893&ssl=1\",\"width\":1280,\"height\":893},{\"@type\":\"WebSite\",\"@id\":\"https:\\\/\\\/pilt.com.ar\\\/parque-industrial\\\/#website\",\"url\":\"https:\\\/\\\/pilt.com.ar\\\/parque-industrial\\\/\",\"name\":\"PILT.com.ar\",\"description\":\"Parque Industrial, Log\u00edstico y Tecnol\u00f3gico Villa Mar\u00eda\",\"potentialAction\":[{\"@type\":\"SearchAction\",\"target\":{\"@type\":\"EntryPoint\",\"urlTemplate\":\"https:\\\/\\\/pilt.com.ar\\\/parque-industrial\\\/?s={search_term_string}\"},\"query-input\":{\"@type\":\"PropertyValueSpecification\",\"valueRequired\":true,\"valueName\":\"search_term_string\"}}],\"inLanguage\":\"es\"},{\"@type\":\"Person\",\"@id\":\"https:\\\/\\\/pilt.com.ar\\\/parque-industrial\\\/#\\\/schema\\\/person\\\/2dfb9e2464de1c3deef20c25c30a8306\",\"name\":\"PILT\",\"image\":{\"@type\":\"ImageObject\",\"inLanguage\":\"es\",\"@id\":\"https:\\\/\\\/secure.gravatar.com\\\/avatar\\\/5e3734c8d8c8e0b0d45f923c14a14d7b90521d573d02f0d91360a777095ee42b?s=96&d=mm&r=g\",\"url\":\"https:\\\/\\\/secure.gravatar.com\\\/avatar\\\/5e3734c8d8c8e0b0d45f923c14a14d7b90521d573d02f0d91360a777095ee42b?s=96&d=mm&r=g\",\"contentUrl\":\"https:\\\/\\\/secure.gravatar.com\\\/avatar\\\/5e3734c8d8c8e0b0d45f923c14a14d7b90521d573d02f0d91360a777095ee42b?s=96&d=mm&r=g\",\"caption\":\"PILT\"},\"url\":\"https:\\\/\\\/pilt.com.ar\\\/parque-industrial\\\/author\\\/pilt\\\/\"}]}<\/script>\n<!-- \/ Yoast SEO plugin. -->","yoast_head_json":{"title":"RESTAN POCOS D\u00cdAS PARA QUE UNA NUEVA PLANTA COMIENCE A OPERAR EN EL PILT - PILT.com.ar","robots":{"index":"index","follow":"follow","max-snippet":"max-snippet:-1","max-image-preview":"max-image-preview:large","max-video-preview":"max-video-preview:-1"},"canonical":"https:\/\/pilt.com.ar\/parque-industrial\/restan-pocos-dias-para-que-una-nueva-planta-comience-a-operar-en-el-pilt\/","og_locale":"es_ES","og_type":"article","og_title":"RESTAN POCOS D\u00cdAS PARA QUE UNA NUEVA PLANTA COMIENCE A OPERAR EN EL PILT - PILT.com.ar","og_description":"Pertenece a la empresa Alimentos y Servicios, que elabora productos l\u00e1cteos. Falta la conexi\u00f3n a servicios y habilitaciones para que inicie actividades. Con la obra civil pr\u00e1cticamente terminada, en breve la empresa Alimentos y Servicios inaugurar\u00e1 sus instalaciones en el Parque Industrial, Log\u00edstico y Tecnol\u00f3gico Villa Mar\u00eda (PILT). Desde la firma detallaron que por estos [&hellip;]","og_url":"https:\/\/pilt.com.ar\/parque-industrial\/restan-pocos-dias-para-que-una-nueva-planta-comience-a-operar-en-el-pilt\/","og_site_name":"PILT.com.ar","article_published_time":"2021-09-16T20:40:00+00:00","article_modified_time":"2021-09-16T20:40:01+00:00","og_image":[{"width":1280,"height":893,"url":"https:\/\/i0.wp.com\/pilt.com.ar\/parque-industrial\/wp-content\/uploads\/2021\/09\/Alimentos-y-servicios.jpeg?fit=1280%2C893&ssl=1","type":"image\/jpeg"}],"author":"PILT","twitter_card":"summary_large_image","twitter_misc":{"Escrito por":"PILT","Tiempo de lectura":"2 minutos"},"schema":{"@context":"https:\/\/schema.org","@graph":[{"@type":"Article","@id":"https:\/\/pilt.com.ar\/parque-industrial\/restan-pocos-dias-para-que-una-nueva-planta-comience-a-operar-en-el-pilt\/#article","isPartOf":{"@id":"https:\/\/pilt.com.ar\/parque-industrial\/restan-pocos-dias-para-que-una-nueva-planta-comience-a-operar-en-el-pilt\/"},"author":{"name":"PILT","@id":"https:\/\/pilt.com.ar\/parque-industrial\/#\/schema\/person\/2dfb9e2464de1c3deef20c25c30a8306"},"headline":"RESTAN POCOS D\u00cdAS PARA QUE UNA NUEVA PLANTA COMIENCE A OPERAR EN EL PILT","datePublished":"2021-09-16T20:40:00+00:00","dateModified":"2021-09-16T20:40:01+00:00","mainEntityOfPage":{"@id":"https:\/\/pilt.com.ar\/parque-industrial\/restan-pocos-dias-para-que-una-nueva-planta-comience-a-operar-en-el-pilt\/"},"wordCount":281,"commentCount":0,"image":{"@id":"https:\/\/pilt.com.ar\/parque-industrial\/restan-pocos-dias-para-que-una-nueva-planta-comience-a-operar-en-el-pilt\/#primaryimage"},"thumbnailUrl":"https:\/\/i0.wp.com\/pilt.com.ar\/parque-industrial\/wp-content\/uploads\/2021\/09\/Alimentos-y-servicios.jpeg?fit=1280%2C893&ssl=1","articleSection":["Noticias"],"inLanguage":"es","potentialAction":[{"@type":"CommentAction","name":"Comment","target":["https:\/\/pilt.com.ar\/parque-industrial\/restan-pocos-dias-para-que-una-nueva-planta-comience-a-operar-en-el-pilt\/#respond"]}]},{"@type":"WebPage","@id":"https:\/\/pilt.com.ar\/parque-industrial\/restan-pocos-dias-para-que-una-nueva-planta-comience-a-operar-en-el-pilt\/","url":"https:\/\/pilt.com.ar\/parque-industrial\/restan-pocos-dias-para-que-una-nueva-planta-comience-a-operar-en-el-pilt\/","name":"RESTAN POCOS D\u00cdAS PARA QUE UNA NUEVA PLANTA COMIENCE A OPERAR EN EL PILT - PILT.com.ar","isPartOf":{"@id":"https:\/\/pilt.com.ar\/parque-industrial\/#website"},"primaryImageOfPage":{"@id":"https:\/\/pilt.com.ar\/parque-industrial\/restan-pocos-dias-para-que-una-nueva-planta-comience-a-operar-en-el-pilt\/#primaryimage"},"image":{"@id":"https:\/\/pilt.com.ar\/parque-industrial\/restan-pocos-dias-para-que-una-nueva-planta-comience-a-operar-en-el-pilt\/#primaryimage"},"thumbnailUrl":"https:\/\/i0.wp.com\/pilt.com.ar\/parque-industrial\/wp-content\/uploads\/2021\/09\/Alimentos-y-servicios.jpeg?fit=1280%2C893&ssl=1","datePublished":"2021-09-16T20:40:00+00:00","dateModified":"2021-09-16T20:40:01+00:00","author":{"@id":"https:\/\/pilt.com.ar\/parque-industrial\/#\/schema\/person\/2dfb9e2464de1c3deef20c25c30a8306"},"inLanguage":"es","potentialAction":[{"@type":"ReadAction","target":["https:\/\/pilt.com.ar\/parque-industrial\/restan-pocos-dias-para-que-una-nueva-planta-comience-a-operar-en-el-pilt\/"]}]},{"@type":"ImageObject","inLanguage":"es","@id":"https:\/\/pilt.com.ar\/parque-industrial\/restan-pocos-dias-para-que-una-nueva-planta-comience-a-operar-en-el-pilt\/#primaryimage","url":"https:\/\/i0.wp.com\/pilt.com.ar\/parque-industrial\/wp-content\/uploads\/2021\/09\/Alimentos-y-servicios.jpeg?fit=1280%2C893&ssl=1","contentUrl":"https:\/\/i0.wp.com\/pilt.com.ar\/parque-industrial\/wp-content\/uploads\/2021\/09\/Alimentos-y-servicios.jpeg?fit=1280%2C893&ssl=1","width":1280,"height":893},{"@type":"WebSite","@id":"https:\/\/pilt.com.ar\/parque-industrial\/#website","url":"https:\/\/pilt.com.ar\/parque-industrial\/","name":"PILT.com.ar","description":"Parque Industrial, Log\u00edstico y Tecnol\u00f3gico Villa Mar\u00eda","potentialAction":[{"@type":"SearchAction","target":{"@type":"EntryPoint","urlTemplate":"https:\/\/pilt.com.ar\/parque-industrial\/?s={search_term_string}"},"query-input":{"@type":"PropertyValueSpecification","valueRequired":true,"valueName":"search_term_string"}}],"inLanguage":"es"},{"@type":"Person","@id":"https:\/\/pilt.com.ar\/parque-industrial\/#\/schema\/person\/2dfb9e2464de1c3deef20c25c30a8306","name":"PILT","image":{"@type":"ImageObject","inLanguage":"es","@id":"https:\/\/secure.gravatar.com\/avatar\/5e3734c8d8c8e0b0d45f923c14a14d7b90521d573d02f0d91360a777095ee42b?s=96&d=mm&r=g","url":"https:\/\/secure.gravatar.com\/avatar\/5e3734c8d8c8e0b0d45f923c14a14d7b90521d573d02f0d91360a777095ee42b?s=96&d=mm&r=g","contentUrl":"https:\/\/secure.gravatar.com\/avatar\/5e3734c8d8c8e0b0d45f923c14a14d7b90521d573d02f0d91360a777095ee42b?s=96&d=mm&r=g","caption":"PILT"},"url":"https:\/\/pilt.com.ar\/parque-industrial\/author\/pilt\/"}]}},"jetpack_featured_media_url":"https:\/\/i0.wp.com\/pilt.com.ar\/parque-industrial\/wp-content\/uploads\/2021\/09\/Alimentos-y-servicios.jpeg?fit=1280%2C893&ssl=1","jetpack_sharing_enabled":true,"_links":{"self":[{"href":"https:\/\/pilt.com.ar\/parque-industrial\/wp-json\/wp\/v2\/posts\/1964","targetHints":{"allow":["GET"]}}],"collection":[{"href":"https:\/\/pilt.com.ar\/parque-industrial\/wp-json\/wp\/v2\/posts"}],"about":[{"href":"https:\/\/pilt.com.ar\/parque-industrial\/wp-json\/wp\/v2\/types\/post"}],"author":[{"embeddable":true,"href":"https:\/\/pilt.com.ar\/parque-industrial\/wp-json\/wp\/v2\/users\/3"}],"replies":[{"embeddable":true,"href":"https:\/\/pilt.com.ar\/parque-industrial\/wp-json\/wp\/v2\/comments?post=1964"}],"version-history":[{"count":1,"href":"https:\/\/pilt.com.ar\/parque-industrial\/wp-json\/wp\/v2\/posts\/1964\/revisions"}],"predecessor-version":[{"id":1966,"href":"https:\/\/pilt.com.ar\/parque-industrial\/wp-json\/wp\/v2\/posts\/1964\/revisions\/1966"}],"wp:featuredmedia":[{"embeddable":true,"href":"https:\/\/pilt.com.ar\/parque-industrial\/wp-json\/wp\/v2\/media\/1965"}],"wp:attachment":[{"href":"https:\/\/pilt.com.ar\/parque-industrial\/wp-json\/wp\/v2\/media?parent=1964"}],"wp:term":[{"taxonomy":"category","embeddable":true,"href":"https:\/\/pilt.com.ar\/parque-industrial\/wp-json\/wp\/v2\/categories?post=1964"},{"taxonomy":"post_tag","embeddable":true,"href":"https:\/\/pilt.com.ar\/parque-industrial\/wp-json\/wp\/v2\/tags?post=1964"}],"curies":[{"name":"wp","href":"https:\/\/api.w.org\/{rel}","templated":true}]}}