{"id":1948,"date":"2021-09-02T19:01:21","date_gmt":"2021-09-02T22:01:21","guid":{"rendered":"https:\/\/pilt.com.ar\/parque-industrial\/?p=1948"},"modified":"2021-09-02T19:01:21","modified_gmt":"2021-09-02T22:01:21","slug":"carlos-pizzorno-analizo-el-presente-y-futuro-del-pilt","status":"publish","type":"post","link":"https:\/\/pilt.com.ar\/parque-industrial\/carlos-pizzorno-analizo-el-presente-y-futuro-del-pilt\/","title":{"rendered":"CARLOS PIZZORNO ANALIZ\u00d3 EL PRESENTE Y FUTURO DEL PILT"},"content":{"rendered":"\n<p class=\"has-text-align-center\"><strong><em>El titular de la entidad se refiri\u00f3 al impacto que tendr\u00e1n dos firmas, una privada y otra asociativa, en el desarrollo regional. Hacia adelante visualiza mayor vinculaci\u00f3n con universidades<\/em><\/strong><\/p>\n\n\n\n<p class=\"has-text-align-justify\">En el marco de la conmemoraci\u00f3n del D\u00eda de la Industria, el presidente del Parque Industrial, Log\u00edstico y Tecnol\u00f3gico Villa Mar\u00eda (PILT), Carlos Pizzorno, analiz\u00f3 el presente y el futuro de la entidad, que se convirti\u00f3 en un emblema del sector en la ciudad.<\/p>\n\n\n\n<p class=\"has-text-align-justify\">Sobre la actualidad, destac\u00f3 dos desarrollos empresariales que significar\u00e1n cambios cualitativos para la producci\u00f3n regional: el dep\u00f3sito fiscal aduanero, recientemente habilitado, y la planta del Cl\u00faster Quesero Villa Mar\u00eda, que est\u00e1 en ejecuci\u00f3n. Uno servir\u00e1 para potenciar el comercio exterior, facilitando la internacionalizaci\u00f3n de las empresas y la b\u00fasqueda de nuevos mercados;mientras que el otro, conformado por diversas organizaciones del sector p\u00fablico y privado,permitir\u00e1 agregar valor a las empresasl\u00e1cteas y ofrecer nuevos productos.<\/p>\n\n\n\n<p class=\"has-text-align-justify\">\u201cSon dos proyectos estrat\u00e9gicos que generar\u00e1n un cambio rotundo y que seguramente impulsar\u00e1n nuevos desarrollos. Creo que ser\u00e1n un punto de inflexi\u00f3n, un cambio en la pendiente de la curva\u201d, grafic\u00f3.<\/p>\n\n\n\n<p class=\"has-text-align-justify\">En el mediano plazo, el directivo avizora una creciente vinculaci\u00f3n entre las industrias y las universidades locales, para que el conocimiento cient\u00edfico y tecnol\u00f3gico de las casas de altos estudios logre su aplicaci\u00f3n concreta en las organizaciones, promoviendo la innovaci\u00f3n en procesos y productos.<\/p>\n\n\n\n<p><strong>Iniciativas<\/strong><\/p>\n\n\n\n<p class=\"has-text-align-justify\">El directivo tambi\u00e9n se refiri\u00f3 a las iniciativas que est\u00e1 llevando adelante la entidad, como las naves industriales para que emprendedores realicen sus actividades productivas. Sobre la Nave 1, que ya est\u00e1 operativa, expres\u00f3 que la intenci\u00f3n fue lograr la radicaci\u00f3n de empresas \u201cde much\u00edsimo valor agregado; por eso pusimos la vara muy alta y hasta ahora los espacios que hemos adjudicados responden a esos lineamientos\u201d.<\/p>\n\n\n\n<p class=\"has-text-align-justify\">A su vez, explic\u00f3 que a medida que avanzaban en ese programael Directorio advirti\u00f3 que los interesados se relacionaban mayormente con el sector de la alimentaci\u00f3n.&nbsp; \u201cEntonces nos pusimos a trabajar con el nuevo galp\u00f3n de emprendedores, que es m\u00e1s caro que el anterior porque tiene otros requerimientos por el tipo de producto, con respecto a aislaci\u00f3n t\u00e9rmica, asepsia, instalaciones sanitarias y dem\u00e1s. Y se sum\u00f3 tambi\u00e9n la Naci\u00f3n, que mand\u00f3 una buena parte del dinero para la nave y otras obras, como el cambio de iluminaci\u00f3n del parque con luces led inteligentes, que posibilita una gran eficiencia en el consumo de energ\u00eda\u201d.<\/p>\n\n\n\n<p class=\"has-text-align-justify\">De igual manera que en la Nave I, la b\u00fasqueda de ocupantes se orientar\u00e1 hacia emprendimientos de alto potencial, para lo cual se conformar\u00e1 una comisi\u00f3n interinstitucional que eval\u00fae proyectos, de la que tambi\u00e9n formar\u00e1n parte las universidades locales, AERCA y la Municipalidad. &nbsp;\u201cSe desmenuzar\u00e1cada proyecto para analizar su factibilidad y perspectiva a futuro. A nivel comunitario me parece que estas acciones son las que m\u00e1s llaman la atenci\u00f3n de la gente, tal vez porque no hay muchas opciones de este tipo\u201d, sostuvo.<\/p>\n\n\n\n<p><strong>Hacia adelante<\/strong><\/p>\n\n\n\n<p class=\"has-text-align-justify\">\u201cCreo que las universidades van a tener una participaci\u00f3n creciente en el parque, fundamentalmente a partir de la vinculaci\u00f3n tecnol\u00f3gica con las empresas que est\u00e1n en el predio. Muchos empresarios todav\u00eda no hemos podido vislumbrar -y me incluyo entre ellos- el enorme apoyo que puede ser la ciencia a trav\u00e9s de las universidades, que poseen laboratorios y personal de elevada capacitaci\u00f3n que las pymes no tenemos\u201d, subray\u00f3 el empresario. Seg\u00fan su visi\u00f3n, con esa interacci\u00f3n las pymes podr\u00e1n contar con espacios de investigaci\u00f3n y desarrollo para innovar, algo que en la actualidad no pueden alcanzar por falta de recursos.<\/p>\n\n\n\n<p class=\"has-text-align-justify\">Finalmente, Carlos Pizzorno valor\u00f3 el acompa\u00f1amiento de las autoridades municipales, facilitando la gesti\u00f3n de la entidad.<\/p>\n\n\n\n<p class=\"has-text-align-justify\">\u201cEstoy enormemente agradecido a Mart\u00edn Gill y Pablo Rosso por la libertad que nos han dado en la administraci\u00f3n, porque nos permite trabajar con mucha rapidez y celeridad. El PILT es una sociedad de econom\u00eda mixta que se maneja con los tiempos de una sociedad an\u00f3nima y eso brinda mucha din\u00e1mica\u201d, afirm\u00f3.<\/p>\n","protected":false},"excerpt":{"rendered":"<p>El titular de la entidad se refiri\u00f3 al impacto que tendr\u00e1n dos firmas, una privada y otra asociativa, en el desarrollo regional. Hacia adelante visualiza mayor vinculaci\u00f3n con universidades En el marco de la conmemoraci\u00f3n del D\u00eda de la Industria, el presidente del Parque Industrial, Log\u00edstico y Tecnol\u00f3gico Villa Mar\u00eda (PILT), Carlos Pizzorno, analiz\u00f3 el [&hellip;]<\/p>\n","protected":false},"author":3,"featured_media":1949,"comment_status":"open","ping_status":"open","sticky":false,"template":"","format":"standard","meta":{"_jetpack_memberships_contains_paid_content":false,"footnotes":""},"categories":[2],"tags":[],"class_list":["post-1948","post","type-post","status-publish","format-standard","has-post-thumbnail","hentry","category-noticias"],"yoast_head":"<!-- This site is optimized with the Yoast SEO plugin v27.5 - https:\/\/yoast.com\/product\/yoast-seo-wordpress\/ -->\n<title>CARLOS PIZZORNO ANALIZ\u00d3 EL PRESENTE Y FUTURO DEL PILT - PILT.com.ar<\/title>\n<meta name=\"robots\" content=\"index, follow, max-snippet:-1, max-image-preview:large, max-video-preview:-1\" \/>\n<link rel=\"canonical\" href=\"https:\/\/pilt.com.ar\/parque-industrial\/carlos-pizzorno-analizo-el-presente-y-futuro-del-pilt\/\" \/>\n<meta property=\"og:locale\" content=\"es_ES\" \/>\n<meta property=\"og:type\" content=\"article\" \/>\n<meta property=\"og:title\" content=\"CARLOS PIZZORNO ANALIZ\u00d3 EL PRESENTE Y FUTURO DEL PILT - PILT.com.ar\" \/>\n<meta property=\"og:description\" content=\"El titular de la entidad se refiri\u00f3 al impacto que tendr\u00e1n dos firmas, una privada y otra asociativa, en el desarrollo regional. Hacia adelante visualiza mayor vinculaci\u00f3n con universidades En el marco de la conmemoraci\u00f3n del D\u00eda de la Industria, el presidente del Parque Industrial, Log\u00edstico y Tecnol\u00f3gico Villa Mar\u00eda (PILT), Carlos Pizzorno, analiz\u00f3 el [&hellip;]\" \/>\n<meta property=\"og:url\" content=\"https:\/\/pilt.com.ar\/parque-industrial\/carlos-pizzorno-analizo-el-presente-y-futuro-del-pilt\/\" \/>\n<meta property=\"og:site_name\" content=\"PILT.com.ar\" \/>\n<meta property=\"article:published_time\" content=\"2021-09-02T22:01:21+00:00\" \/>\n<meta property=\"og:image\" content=\"https:\/\/i0.wp.com\/pilt.com.ar\/parque-industrial\/wp-content\/uploads\/2021\/09\/WhatsApp-Image-2021-09-02-at-17.24.00.jpeg?fit=1280%2C1091&ssl=1\" \/>\n\t<meta property=\"og:image:width\" content=\"1280\" \/>\n\t<meta property=\"og:image:height\" content=\"1091\" \/>\n\t<meta property=\"og:image:type\" content=\"image\/jpeg\" \/>\n<meta name=\"author\" content=\"PILT\" \/>\n<meta name=\"twitter:card\" content=\"summary_large_image\" \/>\n<meta name=\"twitter:label1\" content=\"Escrito por\" \/>\n\t<meta name=\"twitter:data1\" content=\"PILT\" \/>\n\t<meta name=\"twitter:label2\" content=\"Tiempo de lectura\" \/>\n\t<meta name=\"twitter:data2\" content=\"3 minutos\" \/>\n<script type=\"application\/ld+json\" class=\"yoast-schema-graph\">{\"@context\":\"https:\\\/\\\/schema.org\",\"@graph\":[{\"@type\":\"Article\",\"@id\":\"https:\\\/\\\/pilt.com.ar\\\/parque-industrial\\\/carlos-pizzorno-analizo-el-presente-y-futuro-del-pilt\\\/#article\",\"isPartOf\":{\"@id\":\"https:\\\/\\\/pilt.com.ar\\\/parque-industrial\\\/carlos-pizzorno-analizo-el-presente-y-futuro-del-pilt\\\/\"},\"author\":{\"name\":\"PILT\",\"@id\":\"https:\\\/\\\/pilt.com.ar\\\/parque-industrial\\\/#\\\/schema\\\/person\\\/2dfb9e2464de1c3deef20c25c30a8306\"},\"headline\":\"CARLOS PIZZORNO ANALIZ\u00d3 EL PRESENTE Y FUTURO DEL PILT\",\"datePublished\":\"2021-09-02T22:01:21+00:00\",\"mainEntityOfPage\":{\"@id\":\"https:\\\/\\\/pilt.com.ar\\\/parque-industrial\\\/carlos-pizzorno-analizo-el-presente-y-futuro-del-pilt\\\/\"},\"wordCount\":723,\"commentCount\":0,\"image\":{\"@id\":\"https:\\\/\\\/pilt.com.ar\\\/parque-industrial\\\/carlos-pizzorno-analizo-el-presente-y-futuro-del-pilt\\\/#primaryimage\"},\"thumbnailUrl\":\"https:\\\/\\\/i0.wp.com\\\/pilt.com.ar\\\/parque-industrial\\\/wp-content\\\/uploads\\\/2021\\\/09\\\/WhatsApp-Image-2021-09-02-at-17.24.00.jpeg?fit=1280%2C1091&ssl=1\",\"articleSection\":[\"Noticias\"],\"inLanguage\":\"es\",\"potentialAction\":[{\"@type\":\"CommentAction\",\"name\":\"Comment\",\"target\":[\"https:\\\/\\\/pilt.com.ar\\\/parque-industrial\\\/carlos-pizzorno-analizo-el-presente-y-futuro-del-pilt\\\/#respond\"]}]},{\"@type\":\"WebPage\",\"@id\":\"https:\\\/\\\/pilt.com.ar\\\/parque-industrial\\\/carlos-pizzorno-analizo-el-presente-y-futuro-del-pilt\\\/\",\"url\":\"https:\\\/\\\/pilt.com.ar\\\/parque-industrial\\\/carlos-pizzorno-analizo-el-presente-y-futuro-del-pilt\\\/\",\"name\":\"CARLOS PIZZORNO ANALIZ\u00d3 EL PRESENTE Y FUTURO DEL PILT - PILT.com.ar\",\"isPartOf\":{\"@id\":\"https:\\\/\\\/pilt.com.ar\\\/parque-industrial\\\/#website\"},\"primaryImageOfPage\":{\"@id\":\"https:\\\/\\\/pilt.com.ar\\\/parque-industrial\\\/carlos-pizzorno-analizo-el-presente-y-futuro-del-pilt\\\/#primaryimage\"},\"image\":{\"@id\":\"https:\\\/\\\/pilt.com.ar\\\/parque-industrial\\\/carlos-pizzorno-analizo-el-presente-y-futuro-del-pilt\\\/#primaryimage\"},\"thumbnailUrl\":\"https:\\\/\\\/i0.wp.com\\\/pilt.com.ar\\\/parque-industrial\\\/wp-content\\\/uploads\\\/2021\\\/09\\\/WhatsApp-Image-2021-09-02-at-17.24.00.jpeg?fit=1280%2C1091&ssl=1\",\"datePublished\":\"2021-09-02T22:01:21+00:00\",\"author\":{\"@id\":\"https:\\\/\\\/pilt.com.ar\\\/parque-industrial\\\/#\\\/schema\\\/person\\\/2dfb9e2464de1c3deef20c25c30a8306\"},\"inLanguage\":\"es\",\"potentialAction\":[{\"@type\":\"ReadAction\",\"target\":[\"https:\\\/\\\/pilt.com.ar\\\/parque-industrial\\\/carlos-pizzorno-analizo-el-presente-y-futuro-del-pilt\\\/\"]}]},{\"@type\":\"ImageObject\",\"inLanguage\":\"es\",\"@id\":\"https:\\\/\\\/pilt.com.ar\\\/parque-industrial\\\/carlos-pizzorno-analizo-el-presente-y-futuro-del-pilt\\\/#primaryimage\",\"url\":\"https:\\\/\\\/i0.wp.com\\\/pilt.com.ar\\\/parque-industrial\\\/wp-content\\\/uploads\\\/2021\\\/09\\\/WhatsApp-Image-2021-09-02-at-17.24.00.jpeg?fit=1280%2C1091&ssl=1\",\"contentUrl\":\"https:\\\/\\\/i0.wp.com\\\/pilt.com.ar\\\/parque-industrial\\\/wp-content\\\/uploads\\\/2021\\\/09\\\/WhatsApp-Image-2021-09-02-at-17.24.00.jpeg?fit=1280%2C1091&ssl=1\",\"width\":1280,\"height\":1091},{\"@type\":\"WebSite\",\"@id\":\"https:\\\/\\\/pilt.com.ar\\\/parque-industrial\\\/#website\",\"url\":\"https:\\\/\\\/pilt.com.ar\\\/parque-industrial\\\/\",\"name\":\"PILT.com.ar\",\"description\":\"Parque Industrial, Log\u00edstico y Tecnol\u00f3gico Villa Mar\u00eda\",\"potentialAction\":[{\"@type\":\"SearchAction\",\"target\":{\"@type\":\"EntryPoint\",\"urlTemplate\":\"https:\\\/\\\/pilt.com.ar\\\/parque-industrial\\\/?s={search_term_string}\"},\"query-input\":{\"@type\":\"PropertyValueSpecification\",\"valueRequired\":true,\"valueName\":\"search_term_string\"}}],\"inLanguage\":\"es\"},{\"@type\":\"Person\",\"@id\":\"https:\\\/\\\/pilt.com.ar\\\/parque-industrial\\\/#\\\/schema\\\/person\\\/2dfb9e2464de1c3deef20c25c30a8306\",\"name\":\"PILT\",\"image\":{\"@type\":\"ImageObject\",\"inLanguage\":\"es\",\"@id\":\"https:\\\/\\\/secure.gravatar.com\\\/avatar\\\/5e3734c8d8c8e0b0d45f923c14a14d7b90521d573d02f0d91360a777095ee42b?s=96&d=mm&r=g\",\"url\":\"https:\\\/\\\/secure.gravatar.com\\\/avatar\\\/5e3734c8d8c8e0b0d45f923c14a14d7b90521d573d02f0d91360a777095ee42b?s=96&d=mm&r=g\",\"contentUrl\":\"https:\\\/\\\/secure.gravatar.com\\\/avatar\\\/5e3734c8d8c8e0b0d45f923c14a14d7b90521d573d02f0d91360a777095ee42b?s=96&d=mm&r=g\",\"caption\":\"PILT\"},\"url\":\"https:\\\/\\\/pilt.com.ar\\\/parque-industrial\\\/author\\\/pilt\\\/\"}]}<\/script>\n<!-- \/ Yoast SEO plugin. -->","yoast_head_json":{"title":"CARLOS PIZZORNO ANALIZ\u00d3 EL PRESENTE Y FUTURO DEL PILT - PILT.com.ar","robots":{"index":"index","follow":"follow","max-snippet":"max-snippet:-1","max-image-preview":"max-image-preview:large","max-video-preview":"max-video-preview:-1"},"canonical":"https:\/\/pilt.com.ar\/parque-industrial\/carlos-pizzorno-analizo-el-presente-y-futuro-del-pilt\/","og_locale":"es_ES","og_type":"article","og_title":"CARLOS PIZZORNO ANALIZ\u00d3 EL PRESENTE Y FUTURO DEL PILT - PILT.com.ar","og_description":"El titular de la entidad se refiri\u00f3 al impacto que tendr\u00e1n dos firmas, una privada y otra asociativa, en el desarrollo regional. Hacia adelante visualiza mayor vinculaci\u00f3n con universidades En el marco de la conmemoraci\u00f3n del D\u00eda de la Industria, el presidente del Parque Industrial, Log\u00edstico y Tecnol\u00f3gico Villa Mar\u00eda (PILT), Carlos Pizzorno, analiz\u00f3 el [&hellip;]","og_url":"https:\/\/pilt.com.ar\/parque-industrial\/carlos-pizzorno-analizo-el-presente-y-futuro-del-pilt\/","og_site_name":"PILT.com.ar","article_published_time":"2021-09-02T22:01:21+00:00","og_image":[{"width":1280,"height":1091,"url":"https:\/\/i0.wp.com\/pilt.com.ar\/parque-industrial\/wp-content\/uploads\/2021\/09\/WhatsApp-Image-2021-09-02-at-17.24.00.jpeg?fit=1280%2C1091&ssl=1","type":"image\/jpeg"}],"author":"PILT","twitter_card":"summary_large_image","twitter_misc":{"Escrito por":"PILT","Tiempo de lectura":"3 minutos"},"schema":{"@context":"https:\/\/schema.org","@graph":[{"@type":"Article","@id":"https:\/\/pilt.com.ar\/parque-industrial\/carlos-pizzorno-analizo-el-presente-y-futuro-del-pilt\/#article","isPartOf":{"@id":"https:\/\/pilt.com.ar\/parque-industrial\/carlos-pizzorno-analizo-el-presente-y-futuro-del-pilt\/"},"author":{"name":"PILT","@id":"https:\/\/pilt.com.ar\/parque-industrial\/#\/schema\/person\/2dfb9e2464de1c3deef20c25c30a8306"},"headline":"CARLOS PIZZORNO ANALIZ\u00d3 EL PRESENTE Y FUTURO DEL PILT","datePublished":"2021-09-02T22:01:21+00:00","mainEntityOfPage":{"@id":"https:\/\/pilt.com.ar\/parque-industrial\/carlos-pizzorno-analizo-el-presente-y-futuro-del-pilt\/"},"wordCount":723,"commentCount":0,"image":{"@id":"https:\/\/pilt.com.ar\/parque-industrial\/carlos-pizzorno-analizo-el-presente-y-futuro-del-pilt\/#primaryimage"},"thumbnailUrl":"https:\/\/i0.wp.com\/pilt.com.ar\/parque-industrial\/wp-content\/uploads\/2021\/09\/WhatsApp-Image-2021-09-02-at-17.24.00.jpeg?fit=1280%2C1091&ssl=1","articleSection":["Noticias"],"inLanguage":"es","potentialAction":[{"@type":"CommentAction","name":"Comment","target":["https:\/\/pilt.com.ar\/parque-industrial\/carlos-pizzorno-analizo-el-presente-y-futuro-del-pilt\/#respond"]}]},{"@type":"WebPage","@id":"https:\/\/pilt.com.ar\/parque-industrial\/carlos-pizzorno-analizo-el-presente-y-futuro-del-pilt\/","url":"https:\/\/pilt.com.ar\/parque-industrial\/carlos-pizzorno-analizo-el-presente-y-futuro-del-pilt\/","name":"CARLOS PIZZORNO ANALIZ\u00d3 EL PRESENTE Y FUTURO DEL PILT - PILT.com.ar","isPartOf":{"@id":"https:\/\/pilt.com.ar\/parque-industrial\/#website"},"primaryImageOfPage":{"@id":"https:\/\/pilt.com.ar\/parque-industrial\/carlos-pizzorno-analizo-el-presente-y-futuro-del-pilt\/#primaryimage"},"image":{"@id":"https:\/\/pilt.com.ar\/parque-industrial\/carlos-pizzorno-analizo-el-presente-y-futuro-del-pilt\/#primaryimage"},"thumbnailUrl":"https:\/\/i0.wp.com\/pilt.com.ar\/parque-industrial\/wp-content\/uploads\/2021\/09\/WhatsApp-Image-2021-09-02-at-17.24.00.jpeg?fit=1280%2C1091&ssl=1","datePublished":"2021-09-02T22:01:21+00:00","author":{"@id":"https:\/\/pilt.com.ar\/parque-industrial\/#\/schema\/person\/2dfb9e2464de1c3deef20c25c30a8306"},"inLanguage":"es","potentialAction":[{"@type":"ReadAction","target":["https:\/\/pilt.com.ar\/parque-industrial\/carlos-pizzorno-analizo-el-presente-y-futuro-del-pilt\/"]}]},{"@type":"ImageObject","inLanguage":"es","@id":"https:\/\/pilt.com.ar\/parque-industrial\/carlos-pizzorno-analizo-el-presente-y-futuro-del-pilt\/#primaryimage","url":"https:\/\/i0.wp.com\/pilt.com.ar\/parque-industrial\/wp-content\/uploads\/2021\/09\/WhatsApp-Image-2021-09-02-at-17.24.00.jpeg?fit=1280%2C1091&ssl=1","contentUrl":"https:\/\/i0.wp.com\/pilt.com.ar\/parque-industrial\/wp-content\/uploads\/2021\/09\/WhatsApp-Image-2021-09-02-at-17.24.00.jpeg?fit=1280%2C1091&ssl=1","width":1280,"height":1091},{"@type":"WebSite","@id":"https:\/\/pilt.com.ar\/parque-industrial\/#website","url":"https:\/\/pilt.com.ar\/parque-industrial\/","name":"PILT.com.ar","description":"Parque Industrial, Log\u00edstico y Tecnol\u00f3gico Villa Mar\u00eda","potentialAction":[{"@type":"SearchAction","target":{"@type":"EntryPoint","urlTemplate":"https:\/\/pilt.com.ar\/parque-industrial\/?s={search_term_string}"},"query-input":{"@type":"PropertyValueSpecification","valueRequired":true,"valueName":"search_term_string"}}],"inLanguage":"es"},{"@type":"Person","@id":"https:\/\/pilt.com.ar\/parque-industrial\/#\/schema\/person\/2dfb9e2464de1c3deef20c25c30a8306","name":"PILT","image":{"@type":"ImageObject","inLanguage":"es","@id":"https:\/\/secure.gravatar.com\/avatar\/5e3734c8d8c8e0b0d45f923c14a14d7b90521d573d02f0d91360a777095ee42b?s=96&d=mm&r=g","url":"https:\/\/secure.gravatar.com\/avatar\/5e3734c8d8c8e0b0d45f923c14a14d7b90521d573d02f0d91360a777095ee42b?s=96&d=mm&r=g","contentUrl":"https:\/\/secure.gravatar.com\/avatar\/5e3734c8d8c8e0b0d45f923c14a14d7b90521d573d02f0d91360a777095ee42b?s=96&d=mm&r=g","caption":"PILT"},"url":"https:\/\/pilt.com.ar\/parque-industrial\/author\/pilt\/"}]}},"jetpack_featured_media_url":"https:\/\/i0.wp.com\/pilt.com.ar\/parque-industrial\/wp-content\/uploads\/2021\/09\/WhatsApp-Image-2021-09-02-at-17.24.00.jpeg?fit=1280%2C1091&ssl=1","jetpack_sharing_enabled":true,"_links":{"self":[{"href":"https:\/\/pilt.com.ar\/parque-industrial\/wp-json\/wp\/v2\/posts\/1948","targetHints":{"allow":["GET"]}}],"collection":[{"href":"https:\/\/pilt.com.ar\/parque-industrial\/wp-json\/wp\/v2\/posts"}],"about":[{"href":"https:\/\/pilt.com.ar\/parque-industrial\/wp-json\/wp\/v2\/types\/post"}],"author":[{"embeddable":true,"href":"https:\/\/pilt.com.ar\/parque-industrial\/wp-json\/wp\/v2\/users\/3"}],"replies":[{"embeddable":true,"href":"https:\/\/pilt.com.ar\/parque-industrial\/wp-json\/wp\/v2\/comments?post=1948"}],"version-history":[{"count":1,"href":"https:\/\/pilt.com.ar\/parque-industrial\/wp-json\/wp\/v2\/posts\/1948\/revisions"}],"predecessor-version":[{"id":1950,"href":"https:\/\/pilt.com.ar\/parque-industrial\/wp-json\/wp\/v2\/posts\/1948\/revisions\/1950"}],"wp:featuredmedia":[{"embeddable":true,"href":"https:\/\/pilt.com.ar\/parque-industrial\/wp-json\/wp\/v2\/media\/1949"}],"wp:attachment":[{"href":"https:\/\/pilt.com.ar\/parque-industrial\/wp-json\/wp\/v2\/media?parent=1948"}],"wp:term":[{"taxonomy":"category","embeddable":true,"href":"https:\/\/pilt.com.ar\/parque-industrial\/wp-json\/wp\/v2\/categories?post=1948"},{"taxonomy":"post_tag","embeddable":true,"href":"https:\/\/pilt.com.ar\/parque-industrial\/wp-json\/wp\/v2\/tags?post=1948"}],"curies":[{"name":"wp","href":"https:\/\/api.w.org\/{rel}","templated":true}]}}